{"id":1022,"date":"2019-07-06T08:26:45","date_gmt":"2019-07-06T06:26:45","guid":{"rendered":"\/cms\/?p=1022"},"modified":"2022-10-08T13:27:33","modified_gmt":"2022-10-08T11:27:33","slug":"frauenabend-cheers","status":"publish","type":"post","link":"https:\/\/www.martel.ch\/cms\/weinwissen\/weinmagazin\/martel-schenkt-ein\/frauenabend-cheers\/","title":{"rendered":"Frauenabend. Cheers."},"content":{"rendered":"\n<p>Ach, wie ich sie liebe, die Frauenabende. Man nehme vier Freundinnen, gutes Essen, einen sch\u00f6nen Wein und das Feuerwerk beginnt. Entgegen der Meinung vieler M\u00e4nner, unterhalten wir Frauen uns aber nicht nur \u00fcber Mode, Kinder und \u00abBachelorette\u00bb. <strong>Die Themen sind vielf\u00e4ltig und inspirieren immer wieder von neuem.<\/strong> Sich zu sehen, sich einmal fest zu dr\u00fccken und zu diskutieren, st\u00e4rkt die Freundschaft und entschleunigt den Alltag.<\/p>\n\n\n\n<p>Nebst dem gedanklichen Austausch und dem Lachen steht der Genuss im Vordergrund. Immer mehr. <strong>Wir lieben Essen und wir lieben Wein.&nbsp;<\/strong><\/p>\n\n\n\n<h2 class=\"wp-block-heading\">Wein f\u00fcr Frauen<\/h2>\n\n\n\n<p>Zum Thema \u00abWein f\u00fcr Frauen\u00bb hat man schon unz\u00e4hlige Geschichten geh\u00f6rt. Gem\u00e4ss diesen Klischees bevorzugen Frauen leichte und s\u00fcsse Weine. Klar, ich mag Moscato, Prosecco und Rosato. <strong>So richtig Spass machen mir aber kr\u00e4ftige Sonnenweine aus heissen Regionen, was eigentlich klassische M\u00e4nner-Weine sind.<\/strong> Gender-Klischees schwingen auch im Weinglas mit. Umso besser, diese einmal zu hinterfragen. Oder an einem Frauenabend zu diskutieren.<\/p>\n\n\n\n<h2 class=\"wp-block-heading\">Ap\u00e9ro<\/h2>\n\n\n\n<p><strong>Paradebeispiele sind meine Freundinnen Cinzia und Mara.<\/strong> Sie \u2013 als geb\u00fcrtige S\u00fcditalienerinnen \u2013 k\u00f6nnen dem perlenden Prosecco so rein gar nichts abgewinnen. Sie schw\u00e4rmen daf\u00fcr f\u00fcr Grappa und verf\u00fcgen \u00fcber ein immenses Wissen rund um den Tresterbrand. Aber halt! Wir sind ja noch beim Ap\u00e9ro. So entscheiden wir uns f\u00fcr einen<strong> St.Galler Weisswein f\u00fcr die vier St.Gallerinnen.<\/strong> Der Kerner Buchberg von Roman Rutishauser ist ein kr\u00e4ftiger Weisswein mit sanfter, saftig filigraner S\u00e4ure. Ein Wein voller Leben, also passend f\u00fcr unseren M\u00e4delsabend. <strong>Ein heiterer Genuss, nat\u00fcrlich auch f\u00fcr Nicht-St.Galler.<\/strong><\/p>\n\n\n\n<div class=\"wp-block-buttons is-layout-flex wp-block-buttons-is-layout-flex\">\n<div class=\"wp-block-button\"><a class=\"wp-block-button__link\" href=\"https:\/\/www.martel.ch\/shop\/schweiz\/st.-gallen\/roman-rutishauser\/\">Der Ap\u00e9rowein<\/a><\/div>\n<\/div>\n\n\n\n<h2 class=\"wp-block-heading\">Wer probiert?<\/h2>\n\n\n\n<p>Wein war fr\u00fcher ganz klar eine M\u00e4nnerdom\u00e4ne. Dies \u00e4ndert sich aber fortlaufend. <strong>Viele Frauen entdecken schon fr\u00fch ihre Leidenschaft f\u00fcr das Kulturgut Wein und wissen ganz genau, was ihnen schmeckt und wozu der ausgew\u00e4hlte Wein passt.<\/strong> Gegenw\u00e4rtig werden rund 60% aller Weink\u00e4ufe von Frauen get\u00e4tigt! Witzig, dass dies bei einigen Gastronomen noch nicht angekommen ist. Als reine Frauengruppe h\u00f6rt man da Erstaunliches: \u00abM\u00f6chten Sie in die Weinkarte schauen oder soll ich lieber etwas empfehlen?\u00bb. Oder dann der \u00fcberaus besorgte Blick beim \u00d6ffnen der Flasche: \u00abWelche der Damen m\u00f6chte denn probieren?\u00bb <strong>Den Probeschluck bekommt \u00fcbrigens immer diejenige Person, die den Wein bestellt hat.<\/strong><\/p>\n\n\n\n<h2 class=\"wp-block-heading\">Rotwein zum Essen<\/h2>\n\n\n\n<p>Zum Hauptgang begeben wir uns meist auf Muschelsuche, denn wir lieben die mediterrane K\u00fcche. Ein Teller Spaghetti alle vongole macht uns gl\u00fccklich. Ausser Brigitte. <strong>Unsere Sportlerin braucht gerne einmal ein St\u00fcck Fleisch und w\u00e4hlt den passenden Rotwein<\/strong> <strong>dazu.<\/strong> Diesen lieben wir aber alle. Einer unserer Favoriten ist immer wieder der Castello La Leccia Chianti Classico. <strong>Aromatisch. Pur. Souver\u00e4n.<\/strong><\/p>\n\n\n\n<div class=\"wp-block-buttons is-layout-flex wp-block-buttons-is-layout-flex\">\n<div class=\"wp-block-button\"><a class=\"wp-block-button__link\" href=\"https:\/\/www.martel.ch\/shop\/italien\/toskana\/chianti-classico\/castello-la-leccia\/\">Der Rotwein<\/a><\/div>\n<\/div>\n\n\n\n<p><\/p>\n\n\n\n<p>Da wir enorm viel zu besprechen haben, bestellen wir eine weitere Flasche Rotwein, und hier komme ich zum Zug. Wie zuvor erw\u00e4hnt, mag ich es gehaltvoll. Darum f\u00e4llt meine Wahl auf den Guayquil. Der Name des argentinischen Rotweins bedeutet in der Sprache der Huarpe-Indianer \u00abEl Elegido\u00bb, der Auserw\u00e4hlte. D<strong>ie Edelselektion, bei der jede der Rebsorten ihre besten Eigenschaften hinzuf\u00fcgt, ist vielschichtig und intensiv, dennoch aber frisch und charmant. Man schmeckt die wahre Kraft der Natur.<\/strong><\/p>\n\n\n\n<div class=\"wp-block-buttons is-layout-flex wp-block-buttons-is-layout-flex\">\n<div class=\"wp-block-button\"><a class=\"wp-block-button__link\" href=\"https:\/\/www.martel.ch\/shop\/wein\/winzer\/huarpe.html\">Noch mehr Rotwein<\/a><\/div>\n<\/div>\n\n\n\n<p><\/p>\n\n\n\n<p>Ebenso sonnig und entspannt wie der Genuss dieses Glases, geht der Frauenabend weiter. Langsam sind wir wieder \u00abup to date\u00bb und die Stimmung ist bestens. <strong>Das Sch\u00f6ne an unseren Gespr\u00e4chen und das Sch\u00f6ne an der Weinwelt sind ihre Vielfalt. F\u00fcr jeden Geschmack ist etwas dabei. Cheers!<\/strong><\/p>\n\n\n\n<figure class=\"wp-block-image alignnone size-full wp-image-1042\"><img loading=\"lazy\" decoding=\"async\" width=\"728\" height=\"485\" src=\"\/cms\/wp-content\/uploads\/2019\/07\/martel-unterwegs-blog-frauenabend-barbara-martel-1.jpg\" alt=\"Martel Frauenabend Selfie\" class=\"wp-image-1042\" srcset=\"https:\/\/www.martel.ch\/cms\/wp-content\/uploads\/2019\/07\/martel-unterwegs-blog-frauenabend-barbara-martel-1.jpg 728w, https:\/\/www.martel.ch\/cms\/wp-content\/uploads\/2019\/07\/martel-unterwegs-blog-frauenabend-barbara-martel-1-300x200.jpg 300w, https:\/\/www.martel.ch\/cms\/wp-content\/uploads\/2019\/07\/martel-unterwegs-blog-frauenabend-barbara-martel-1-332x221.jpg 332w, https:\/\/www.martel.ch\/cms\/wp-content\/uploads\/2019\/07\/martel-unterwegs-blog-frauenabend-barbara-martel-1-290x193.jpg 290w, https:\/\/www.martel.ch\/cms\/wp-content\/uploads\/2019\/07\/martel-unterwegs-blog-frauenabend-barbara-martel-1-446x297.jpg 446w, https:\/\/www.martel.ch\/cms\/wp-content\/uploads\/2019\/07\/martel-unterwegs-blog-frauenabend-barbara-martel-1-679x452.jpg 679w, https:\/\/www.martel.ch\/cms\/wp-content\/uploads\/2019\/07\/martel-unterwegs-blog-frauenabend-barbara-martel-1-554x369.jpg 554w, https:\/\/www.martel.ch\/cms\/wp-content\/uploads\/2019\/07\/martel-unterwegs-blog-frauenabend-barbara-martel-1-330x220.jpg 330w, https:\/\/www.martel.ch\/cms\/wp-content\/uploads\/2019\/07\/martel-unterwegs-blog-frauenabend-barbara-martel-1-400x266.jpg 400w, https:\/\/www.martel.ch\/cms\/wp-content\/uploads\/2019\/07\/martel-unterwegs-blog-frauenabend-barbara-martel-1-500x333.jpg 500w, https:\/\/www.martel.ch\/cms\/wp-content\/uploads\/2019\/07\/martel-unterwegs-blog-frauenabend-barbara-martel-1-359x239.jpg 359w, https:\/\/www.martel.ch\/cms\/wp-content\/uploads\/2019\/07\/martel-unterwegs-blog-frauenabend-barbara-martel-1-230x153.jpg 230w, https:\/\/www.martel.ch\/cms\/wp-content\/uploads\/2019\/07\/martel-unterwegs-blog-frauenabend-barbara-martel-1-680x453.jpg 680w, https:\/\/www.martel.ch\/cms\/wp-content\/uploads\/2019\/07\/martel-unterwegs-blog-frauenabend-barbara-martel-1-490x326.jpg 490w\" sizes=\"auto, (max-width: 728px) 100vw, 728px\" \/><figcaption>Ja, wir machen auch Selfies. Eine Tradition. Fast nichts bringt uns mehr zum Lachen.<\/figcaption><\/figure>\n","protected":false},"excerpt":{"rendered":"","protected":false},"author":45,"featured_media":1038,"comment_status":"closed","ping_status":"closed","sticky":false,"template":"","format":"standard","meta":{"_acf_changed":false,"inline_featured_image":false,"footnotes":""},"categories":[449,57],"tags":[],"coauthors":[517],"class_list":["post-1022","post","type-post","status-publish","format-standard","has-post-thumbnail","hentry","category-alle","category-martel-schenkt-ein"],"acf":{"inhaltselemente":null},"yoast_head":"<!-- This site is optimized with the Yoast SEO plugin v27.5 - https:\/\/yoast.com\/product\/yoast-seo-wordpress\/ -->\n<title>Frauenabend. Cheers. | Martel Weine St.Gallen und Z\u00fcrich<\/title>\n<meta name=\"description\" content=\"Zum Thema \u00abWein f\u00fcr Frauen\u00bb gibt es unz\u00e4hlige Geschichten. Gender-Klischees schwingen auch im Weinglas mit. Wir hinterfragen diese an einem Frauenabend.\" \/>\n<meta name=\"robots\" content=\"index, follow, max-snippet:-1, max-image-preview:large, max-video-preview:-1\" \/>\n<link rel=\"canonical\" href=\"https:\/\/www.martel.ch\/cms\/weinwissen\/weinmagazin\/martel-schenkt-ein\/frauenabend-cheers\/\" \/>\n<meta property=\"og:locale\" content=\"de_DE\" \/>\n<meta property=\"og:type\" content=\"article\" \/>\n<meta property=\"og:title\" content=\"Frauenabend. Cheers. | Martel Weine St.Gallen und Z\u00fcrich\" \/>\n<meta property=\"og:description\" content=\"Zum Thema \u00abWein f\u00fcr Frauen\u00bb gibt es unz\u00e4hlige Geschichten. Gender-Klischees schwingen auch im Weinglas mit. Wir hinterfragen diese an einem Frauenabend.\" \/>\n<meta property=\"og:url\" content=\"https:\/\/www.martel.ch\/cms\/weinwissen\/weinmagazin\/martel-schenkt-ein\/frauenabend-cheers\/\" \/>\n<meta property=\"og:site_name\" content=\"Martel\" \/>\n<meta property=\"article:publisher\" content=\"https:\/\/www.facebook.com\/pages\/Martel-AG-St-Gallen\/233396026691876\" \/>\n<meta property=\"article:published_time\" content=\"2019-07-06T06:26:45+00:00\" \/>\n<meta property=\"article:modified_time\" content=\"2022-10-08T11:27:33+00:00\" \/>\n<meta property=\"og:image\" content=\"https:\/\/www.martel.ch\/cms\/wp-content\/uploads\/2019\/07\/martel-unterwegs-frauenabend-champagner-glaeser.jpg\" \/>\n\t<meta property=\"og:image:width\" content=\"728\" \/>\n\t<meta property=\"og:image:height\" content=\"485\" \/>\n\t<meta property=\"og:image:type\" content=\"image\/jpeg\" \/>\n<meta name=\"author\" content=\"Barbara Martel\" \/>\n<meta name=\"twitter:card\" content=\"summary_large_image\" \/>\n<meta name=\"twitter:creator\" content=\"@martel_weinwelt\" \/>\n<meta name=\"twitter:site\" content=\"@martel_weinwelt\" \/>\n<meta name=\"twitter:label1\" content=\"Geschrieben von\" \/>\n\t<meta name=\"twitter:data1\" content=\"Barbara Martel\" \/>\n\t<meta name=\"twitter:label2\" content=\"Gesch\u00e4tzte Lesezeit\" \/>\n\t<meta name=\"twitter:data2\" content=\"4\u00a0Minuten\" \/>\n\t<meta name=\"twitter:label3\" content=\"Written by\" \/>\n\t<meta name=\"twitter:data3\" content=\"Barbara Martel\" \/>\n<script type=\"application\/ld+json\" class=\"yoast-schema-graph\">{\"@context\":\"https:\\\/\\\/schema.org\",\"@graph\":[{\"@type\":\"Article\",\"@id\":\"https:\\\/\\\/www.martel.ch\\\/cms\\\/weinwissen\\\/weinmagazin\\\/martel-schenkt-ein\\\/frauenabend-cheers\\\/#article\",\"isPartOf\":{\"@id\":\"https:\\\/\\\/www.martel.ch\\\/cms\\\/weinwissen\\\/weinmagazin\\\/martel-schenkt-ein\\\/frauenabend-cheers\\\/\"},\"author\":{\"name\":\"Barbara Martel\",\"@id\":\"https:\\\/\\\/www.martel.ch\\\/cms\\\/#\\\/schema\\\/person\\\/e685510ba79bcd3ea149da35a2207d12\"},\"headline\":\"Frauenabend. Cheers.\",\"datePublished\":\"2019-07-06T06:26:45+00:00\",\"dateModified\":\"2022-10-08T11:27:33+00:00\",\"mainEntityOfPage\":{\"@id\":\"https:\\\/\\\/www.martel.ch\\\/cms\\\/weinwissen\\\/weinmagazin\\\/martel-schenkt-ein\\\/frauenabend-cheers\\\/\"},\"wordCount\":605,\"publisher\":{\"@id\":\"https:\\\/\\\/www.martel.ch\\\/cms\\\/#organization\"},\"image\":{\"@id\":\"https:\\\/\\\/www.martel.ch\\\/cms\\\/weinwissen\\\/weinmagazin\\\/martel-schenkt-ein\\\/frauenabend-cheers\\\/#primaryimage\"},\"thumbnailUrl\":\"https:\\\/\\\/www.martel.ch\\\/cms\\\/wp-content\\\/uploads\\\/2019\\\/07\\\/martel-unterwegs-frauenabend-champagner-glaeser.jpg\",\"articleSection\":[\"Alle\",\"Martel schenkt ein\"],\"inLanguage\":\"de-CH\"},{\"@type\":\"WebPage\",\"@id\":\"https:\\\/\\\/www.martel.ch\\\/cms\\\/weinwissen\\\/weinmagazin\\\/martel-schenkt-ein\\\/frauenabend-cheers\\\/\",\"url\":\"https:\\\/\\\/www.martel.ch\\\/cms\\\/weinwissen\\\/weinmagazin\\\/martel-schenkt-ein\\\/frauenabend-cheers\\\/\",\"name\":\"Frauenabend. Cheers. | Martel Weine St.Gallen und Z\u00fcrich\",\"isPartOf\":{\"@id\":\"https:\\\/\\\/www.martel.ch\\\/cms\\\/#website\"},\"primaryImageOfPage\":{\"@id\":\"https:\\\/\\\/www.martel.ch\\\/cms\\\/weinwissen\\\/weinmagazin\\\/martel-schenkt-ein\\\/frauenabend-cheers\\\/#primaryimage\"},\"image\":{\"@id\":\"https:\\\/\\\/www.martel.ch\\\/cms\\\/weinwissen\\\/weinmagazin\\\/martel-schenkt-ein\\\/frauenabend-cheers\\\/#primaryimage\"},\"thumbnailUrl\":\"https:\\\/\\\/www.martel.ch\\\/cms\\\/wp-content\\\/uploads\\\/2019\\\/07\\\/martel-unterwegs-frauenabend-champagner-glaeser.jpg\",\"datePublished\":\"2019-07-06T06:26:45+00:00\",\"dateModified\":\"2022-10-08T11:27:33+00:00\",\"description\":\"Zum Thema \u00abWein f\u00fcr Frauen\u00bb gibt es unz\u00e4hlige Geschichten. Gender-Klischees schwingen auch im Weinglas mit. Wir hinterfragen diese an einem Frauenabend.\",\"breadcrumb\":{\"@id\":\"https:\\\/\\\/www.martel.ch\\\/cms\\\/weinwissen\\\/weinmagazin\\\/martel-schenkt-ein\\\/frauenabend-cheers\\\/#breadcrumb\"},\"inLanguage\":\"de-CH\",\"potentialAction\":[{\"@type\":\"ReadAction\",\"target\":[\"https:\\\/\\\/www.martel.ch\\\/cms\\\/weinwissen\\\/weinmagazin\\\/martel-schenkt-ein\\\/frauenabend-cheers\\\/\"]}]},{\"@type\":\"ImageObject\",\"inLanguage\":\"de-CH\",\"@id\":\"https:\\\/\\\/www.martel.ch\\\/cms\\\/weinwissen\\\/weinmagazin\\\/martel-schenkt-ein\\\/frauenabend-cheers\\\/#primaryimage\",\"url\":\"https:\\\/\\\/www.martel.ch\\\/cms\\\/wp-content\\\/uploads\\\/2019\\\/07\\\/martel-unterwegs-frauenabend-champagner-glaeser.jpg\",\"contentUrl\":\"https:\\\/\\\/www.martel.ch\\\/cms\\\/wp-content\\\/uploads\\\/2019\\\/07\\\/martel-unterwegs-frauenabend-champagner-glaeser.jpg\",\"width\":728,\"height\":485,\"caption\":\"Martel Frauenabend Cheers\"},{\"@type\":\"BreadcrumbList\",\"@id\":\"https:\\\/\\\/www.martel.ch\\\/cms\\\/weinwissen\\\/weinmagazin\\\/martel-schenkt-ein\\\/frauenabend-cheers\\\/#breadcrumb\",\"itemListElement\":[{\"@type\":\"ListItem\",\"position\":1,\"name\":\"Startseite\",\"item\":\"https:\\\/\\\/www.martel.ch\\\/cms\\\/\"},{\"@type\":\"ListItem\",\"position\":2,\"name\":\"Frauenabend. Cheers.\"}]},{\"@type\":\"WebSite\",\"@id\":\"https:\\\/\\\/www.martel.ch\\\/cms\\\/#website\",\"url\":\"https:\\\/\\\/www.martel.ch\\\/cms\\\/\",\"name\":\"Martel\",\"description\":\"F\u00fcr Weinbegeisterte und die, die es werden m\u00f6chten.\",\"publisher\":{\"@id\":\"https:\\\/\\\/www.martel.ch\\\/cms\\\/#organization\"},\"potentialAction\":[{\"@type\":\"SearchAction\",\"target\":{\"@type\":\"EntryPoint\",\"urlTemplate\":\"https:\\\/\\\/www.martel.ch\\\/cms\\\/?s={search_term_string}\"},\"query-input\":{\"@type\":\"PropertyValueSpecification\",\"valueRequired\":true,\"valueName\":\"search_term_string\"}}],\"inLanguage\":\"de-CH\"},{\"@type\":\"Organization\",\"@id\":\"https:\\\/\\\/www.martel.ch\\\/cms\\\/#organization\",\"name\":\"Martel AG St.Gallen\",\"url\":\"https:\\\/\\\/www.martel.ch\\\/cms\\\/\",\"logo\":{\"@type\":\"ImageObject\",\"inLanguage\":\"de-CH\",\"@id\":\"https:\\\/\\\/www.martel.ch\\\/cms\\\/#\\\/schema\\\/logo\\\/image\\\/\",\"url\":\"https:\\\/\\\/www.martel.ch\\\/cms\\\/wp-content\\\/uploads\\\/2019\\\/02\\\/martel-logo.png\",\"contentUrl\":\"https:\\\/\\\/www.martel.ch\\\/cms\\\/wp-content\\\/uploads\\\/2019\\\/02\\\/martel-logo.png\",\"width\":600,\"height\":600,\"caption\":\"Martel AG St.Gallen\"},\"image\":{\"@id\":\"https:\\\/\\\/www.martel.ch\\\/cms\\\/#\\\/schema\\\/logo\\\/image\\\/\"},\"sameAs\":[\"https:\\\/\\\/www.facebook.com\\\/pages\\\/Martel-AG-St-Gallen\\\/233396026691876\",\"https:\\\/\\\/x.com\\\/martel_weinwelt\",\"https:\\\/\\\/www.instagram.com\\\/martel_weinwelt\\\/\",\"https:\\\/\\\/www.linkedin.com\\\/company\\\/martel-ag-st-gallen\",\"https:\\\/\\\/www.pinterest.ch\\\/martel_weinwelt\"]},{\"@type\":\"Person\",\"@id\":\"https:\\\/\\\/www.martel.ch\\\/cms\\\/#\\\/schema\\\/person\\\/e685510ba79bcd3ea149da35a2207d12\",\"name\":\"Barbara Martel\",\"image\":{\"@type\":\"ImageObject\",\"inLanguage\":\"de-CH\",\"@id\":\"https:\\\/\\\/secure.gravatar.com\\\/avatar\\\/b111d13d2e39b738c2e0013f794ef66f170268ef7f736460e3166b7e9dc73676?s=96&d=mm&r=g952020f2a077e8f467b816270519169d\",\"url\":\"https:\\\/\\\/secure.gravatar.com\\\/avatar\\\/b111d13d2e39b738c2e0013f794ef66f170268ef7f736460e3166b7e9dc73676?s=96&d=mm&r=g\",\"contentUrl\":\"https:\\\/\\\/secure.gravatar.com\\\/avatar\\\/b111d13d2e39b738c2e0013f794ef66f170268ef7f736460e3166b7e9dc73676?s=96&d=mm&r=g\",\"caption\":\"Barbara Martel\"}}]}<\/script>\n<!-- \/ Yoast SEO plugin. -->","yoast_head_json":{"title":"Frauenabend. Cheers. | Martel Weine St.Gallen und Z\u00fcrich","description":"Zum Thema \u00abWein f\u00fcr Frauen\u00bb gibt es unz\u00e4hlige Geschichten. Gender-Klischees schwingen auch im Weinglas mit. Wir hinterfragen diese an einem Frauenabend.","robots":{"index":"index","follow":"follow","max-snippet":"max-snippet:-1","max-image-preview":"max-image-preview:large","max-video-preview":"max-video-preview:-1"},"canonical":"https:\/\/www.martel.ch\/cms\/weinwissen\/weinmagazin\/martel-schenkt-ein\/frauenabend-cheers\/","og_locale":"de_DE","og_type":"article","og_title":"Frauenabend. Cheers. | Martel Weine St.Gallen und Z\u00fcrich","og_description":"Zum Thema \u00abWein f\u00fcr Frauen\u00bb gibt es unz\u00e4hlige Geschichten. Gender-Klischees schwingen auch im Weinglas mit. Wir hinterfragen diese an einem Frauenabend.","og_url":"https:\/\/www.martel.ch\/cms\/weinwissen\/weinmagazin\/martel-schenkt-ein\/frauenabend-cheers\/","og_site_name":"Martel","article_publisher":"https:\/\/www.facebook.com\/pages\/Martel-AG-St-Gallen\/233396026691876","article_published_time":"2019-07-06T06:26:45+00:00","article_modified_time":"2022-10-08T11:27:33+00:00","og_image":[{"width":728,"height":485,"url":"https:\/\/www.martel.ch\/cms\/wp-content\/uploads\/2019\/07\/martel-unterwegs-frauenabend-champagner-glaeser.jpg","type":"image\/jpeg"}],"author":"Barbara Martel","twitter_card":"summary_large_image","twitter_creator":"@martel_weinwelt","twitter_site":"@martel_weinwelt","twitter_misc":{"Geschrieben von":"Barbara Martel","Gesch\u00e4tzte Lesezeit":"4\u00a0Minuten","Written by":"Barbara Martel"},"schema":{"@context":"https:\/\/schema.org","@graph":[{"@type":"Article","@id":"https:\/\/www.martel.ch\/cms\/weinwissen\/weinmagazin\/martel-schenkt-ein\/frauenabend-cheers\/#article","isPartOf":{"@id":"https:\/\/www.martel.ch\/cms\/weinwissen\/weinmagazin\/martel-schenkt-ein\/frauenabend-cheers\/"},"author":{"name":"Barbara Martel","@id":"https:\/\/www.martel.ch\/cms\/#\/schema\/person\/e685510ba79bcd3ea149da35a2207d12"},"headline":"Frauenabend. Cheers.","datePublished":"2019-07-06T06:26:45+00:00","dateModified":"2022-10-08T11:27:33+00:00","mainEntityOfPage":{"@id":"https:\/\/www.martel.ch\/cms\/weinwissen\/weinmagazin\/martel-schenkt-ein\/frauenabend-cheers\/"},"wordCount":605,"publisher":{"@id":"https:\/\/www.martel.ch\/cms\/#organization"},"image":{"@id":"https:\/\/www.martel.ch\/cms\/weinwissen\/weinmagazin\/martel-schenkt-ein\/frauenabend-cheers\/#primaryimage"},"thumbnailUrl":"https:\/\/www.martel.ch\/cms\/wp-content\/uploads\/2019\/07\/martel-unterwegs-frauenabend-champagner-glaeser.jpg","articleSection":["Alle","Martel schenkt ein"],"inLanguage":"de-CH"},{"@type":"WebPage","@id":"https:\/\/www.martel.ch\/cms\/weinwissen\/weinmagazin\/martel-schenkt-ein\/frauenabend-cheers\/","url":"https:\/\/www.martel.ch\/cms\/weinwissen\/weinmagazin\/martel-schenkt-ein\/frauenabend-cheers\/","name":"Frauenabend. Cheers. | Martel Weine St.Gallen und Z\u00fcrich","isPartOf":{"@id":"https:\/\/www.martel.ch\/cms\/#website"},"primaryImageOfPage":{"@id":"https:\/\/www.martel.ch\/cms\/weinwissen\/weinmagazin\/martel-schenkt-ein\/frauenabend-cheers\/#primaryimage"},"image":{"@id":"https:\/\/www.martel.ch\/cms\/weinwissen\/weinmagazin\/martel-schenkt-ein\/frauenabend-cheers\/#primaryimage"},"thumbnailUrl":"https:\/\/www.martel.ch\/cms\/wp-content\/uploads\/2019\/07\/martel-unterwegs-frauenabend-champagner-glaeser.jpg","datePublished":"2019-07-06T06:26:45+00:00","dateModified":"2022-10-08T11:27:33+00:00","description":"Zum Thema \u00abWein f\u00fcr Frauen\u00bb gibt es unz\u00e4hlige Geschichten. Gender-Klischees schwingen auch im Weinglas mit. Wir hinterfragen diese an einem Frauenabend.","breadcrumb":{"@id":"https:\/\/www.martel.ch\/cms\/weinwissen\/weinmagazin\/martel-schenkt-ein\/frauenabend-cheers\/#breadcrumb"},"inLanguage":"de-CH","potentialAction":[{"@type":"ReadAction","target":["https:\/\/www.martel.ch\/cms\/weinwissen\/weinmagazin\/martel-schenkt-ein\/frauenabend-cheers\/"]}]},{"@type":"ImageObject","inLanguage":"de-CH","@id":"https:\/\/www.martel.ch\/cms\/weinwissen\/weinmagazin\/martel-schenkt-ein\/frauenabend-cheers\/#primaryimage","url":"https:\/\/www.martel.ch\/cms\/wp-content\/uploads\/2019\/07\/martel-unterwegs-frauenabend-champagner-glaeser.jpg","contentUrl":"https:\/\/www.martel.ch\/cms\/wp-content\/uploads\/2019\/07\/martel-unterwegs-frauenabend-champagner-glaeser.jpg","width":728,"height":485,"caption":"Martel Frauenabend Cheers"},{"@type":"BreadcrumbList","@id":"https:\/\/www.martel.ch\/cms\/weinwissen\/weinmagazin\/martel-schenkt-ein\/frauenabend-cheers\/#breadcrumb","itemListElement":[{"@type":"ListItem","position":1,"name":"Startseite","item":"https:\/\/www.martel.ch\/cms\/"},{"@type":"ListItem","position":2,"name":"Frauenabend. Cheers."}]},{"@type":"WebSite","@id":"https:\/\/www.martel.ch\/cms\/#website","url":"https:\/\/www.martel.ch\/cms\/","name":"Martel","description":"F\u00fcr Weinbegeisterte und die, die es werden m\u00f6chten.","publisher":{"@id":"https:\/\/www.martel.ch\/cms\/#organization"},"potentialAction":[{"@type":"SearchAction","target":{"@type":"EntryPoint","urlTemplate":"https:\/\/www.martel.ch\/cms\/?s={search_term_string}"},"query-input":{"@type":"PropertyValueSpecification","valueRequired":true,"valueName":"search_term_string"}}],"inLanguage":"de-CH"},{"@type":"Organization","@id":"https:\/\/www.martel.ch\/cms\/#organization","name":"Martel AG St.Gallen","url":"https:\/\/www.martel.ch\/cms\/","logo":{"@type":"ImageObject","inLanguage":"de-CH","@id":"https:\/\/www.martel.ch\/cms\/#\/schema\/logo\/image\/","url":"https:\/\/www.martel.ch\/cms\/wp-content\/uploads\/2019\/02\/martel-logo.png","contentUrl":"https:\/\/www.martel.ch\/cms\/wp-content\/uploads\/2019\/02\/martel-logo.png","width":600,"height":600,"caption":"Martel AG St.Gallen"},"image":{"@id":"https:\/\/www.martel.ch\/cms\/#\/schema\/logo\/image\/"},"sameAs":["https:\/\/www.facebook.com\/pages\/Martel-AG-St-Gallen\/233396026691876","https:\/\/x.com\/martel_weinwelt","https:\/\/www.instagram.com\/martel_weinwelt\/","https:\/\/www.linkedin.com\/company\/martel-ag-st-gallen","https:\/\/www.pinterest.ch\/martel_weinwelt"]},{"@type":"Person","@id":"https:\/\/www.martel.ch\/cms\/#\/schema\/person\/e685510ba79bcd3ea149da35a2207d12","name":"Barbara Martel","image":{"@type":"ImageObject","inLanguage":"de-CH","@id":"https:\/\/secure.gravatar.com\/avatar\/b111d13d2e39b738c2e0013f794ef66f170268ef7f736460e3166b7e9dc73676?s=96&d=mm&r=g952020f2a077e8f467b816270519169d","url":"https:\/\/secure.gravatar.com\/avatar\/b111d13d2e39b738c2e0013f794ef66f170268ef7f736460e3166b7e9dc73676?s=96&d=mm&r=g","contentUrl":"https:\/\/secure.gravatar.com\/avatar\/b111d13d2e39b738c2e0013f794ef66f170268ef7f736460e3166b7e9dc73676?s=96&d=mm&r=g","caption":"Barbara Martel"}}]}},"_links":{"self":[{"href":"https:\/\/www.martel.ch\/cms\/wp-json\/wp\/v2\/posts\/1022","targetHints":{"allow":["GET"]}}],"collection":[{"href":"https:\/\/www.martel.ch\/cms\/wp-json\/wp\/v2\/posts"}],"about":[{"href":"https:\/\/www.martel.ch\/cms\/wp-json\/wp\/v2\/types\/post"}],"author":[{"embeddable":true,"href":"https:\/\/www.martel.ch\/cms\/wp-json\/wp\/v2\/users\/45"}],"replies":[{"embeddable":true,"href":"https:\/\/www.martel.ch\/cms\/wp-json\/wp\/v2\/comments?post=1022"}],"version-history":[{"count":5,"href":"https:\/\/www.martel.ch\/cms\/wp-json\/wp\/v2\/posts\/1022\/revisions"}],"predecessor-version":[{"id":15128,"href":"https:\/\/www.martel.ch\/cms\/wp-json\/wp\/v2\/posts\/1022\/revisions\/15128"}],"wp:featuredmedia":[{"embeddable":true,"href":"https:\/\/www.martel.ch\/cms\/wp-json\/wp\/v2\/media\/1038"}],"wp:attachment":[{"href":"https:\/\/www.martel.ch\/cms\/wp-json\/wp\/v2\/media?parent=1022"}],"wp:term":[{"taxonomy":"category","embeddable":true,"href":"https:\/\/www.martel.ch\/cms\/wp-json\/wp\/v2\/categories?post=1022"},{"taxonomy":"post_tag","embeddable":true,"href":"https:\/\/www.martel.ch\/cms\/wp-json\/wp\/v2\/tags?post=1022"},{"taxonomy":"author","embeddable":true,"href":"https:\/\/www.martel.ch\/cms\/wp-json\/wp\/v2\/coauthors?post=1022"}],"curies":[{"name":"wp","href":"https:\/\/api.w.org\/{rel}","templated":true}]}}