{"id":10283,"date":"2019-11-04T00:00:00","date_gmt":"2019-11-03T23:00:00","guid":{"rendered":"https:\/\/www.martel.ch\/cms\/2019\/11\/04\/martel-erneut-ausgezeichnet-schweizer-sieger\/"},"modified":"2022-05-13T11:52:30","modified_gmt":"2022-05-13T09:52:30","slug":"martel-erneut-ausgezeichnet-schweizer-sieger","status":"publish","type":"post","link":"https:\/\/www.martel.ch\/cms\/weinwissen\/weinmagazin\/rueckblick\/martel-erneut-ausgezeichnet-schweizer-sieger\/","title":{"rendered":"Martel erneut ausgezeichnet! Schweizer Sieger!"},"content":{"rendered":"<p>Die Falstaff Community hat die besten 1&#8217;050 Bars aus Deutschland, \u00d6sterreich und der Schweiz bewertet. Martel am Bellevue wurde zum <b>Schweizer Sieger <\/b>in der <b>Kategorie Weinbar in einer Vinothek <\/b>gew\u00e4hlt!<\/p>\n<p>Wir sind richtig stolz!<\/p>\n<p>Falstaff schreibt: &#171;Es dauerte Jahre, bis Jan Martel, Besitzer des gleichnamigen Weinhandelsunternehmens aus St.Gallen den perfekten Ort f\u00fcr eine Weinhandlung in Z\u00fcrich gefunden hatte. Eine Wartezeit die sich lohnte, denn er fand etwas unmittelbar am Z\u00fcrcher Bellevue, in bester Lage. Nicht nur f\u00fcr Martel, sondern auch f\u00fcr die Stadt Z\u00fcrich wurde eine neue \u00c4ra eingel\u00e4utet. Die Weinauswahl begeistert, im Offenausschank gibt es eine Vielzahl an hervorragenden Tropfen, dazu kleine H\u00e4ppchen und kompetente Beratung.&#187;<\/p>\n<p><a class=\"btn btn-primary\" href=\"https:\/\/www.falstaff.ch\/nd\/barguide-2020-die-top-weinbars-der-schweiz\/?utm_source=copy&amp;utm_medium=paste&amp;utm_campaign=copypaste\" target=\"_blank\" rel=\"noopener\">Zum Artikel<\/a><\/p>\n\n\n<figure class=\"wp-block-image size-large\"><img loading=\"lazy\" decoding=\"async\" width=\"1024\" height=\"682\" src=\"https:\/\/www.martel.ch\/cms\/wp-content\/uploads\/2019\/11\/Urkunde_Falstaff_Martel-1024x682.jpg\" alt=\"\" class=\"wp-image-13072\" srcset=\"https:\/\/www.martel.ch\/cms\/wp-content\/uploads\/2019\/11\/Urkunde_Falstaff_Martel-1024x682.jpg 1024w, https:\/\/www.martel.ch\/cms\/wp-content\/uploads\/2019\/11\/Urkunde_Falstaff_Martel-300x200.jpg 300w, https:\/\/www.martel.ch\/cms\/wp-content\/uploads\/2019\/11\/Urkunde_Falstaff_Martel-768x512.jpg 768w, https:\/\/www.martel.ch\/cms\/wp-content\/uploads\/2019\/11\/Urkunde_Falstaff_Martel-910x606.jpg 910w, https:\/\/www.martel.ch\/cms\/wp-content\/uploads\/2019\/11\/Urkunde_Falstaff_Martel-332x221.jpg 332w, https:\/\/www.martel.ch\/cms\/wp-content\/uploads\/2019\/11\/Urkunde_Falstaff_Martel-290x193.jpg 290w, https:\/\/www.martel.ch\/cms\/wp-content\/uploads\/2019\/11\/Urkunde_Falstaff_Martel-446x297.jpg 446w, https:\/\/www.martel.ch\/cms\/wp-content\/uploads\/2019\/11\/Urkunde_Falstaff_Martel-679x452.jpg 679w, https:\/\/www.martel.ch\/cms\/wp-content\/uploads\/2019\/11\/Urkunde_Falstaff_Martel-554x369.jpg 554w, https:\/\/www.martel.ch\/cms\/wp-content\/uploads\/2019\/11\/Urkunde_Falstaff_Martel-330x220.jpg 330w, https:\/\/www.martel.ch\/cms\/wp-content\/uploads\/2019\/11\/Urkunde_Falstaff_Martel-400x267.jpg 400w, https:\/\/www.martel.ch\/cms\/wp-content\/uploads\/2019\/11\/Urkunde_Falstaff_Martel-500x333.jpg 500w, https:\/\/www.martel.ch\/cms\/wp-content\/uploads\/2019\/11\/Urkunde_Falstaff_Martel-944x629.jpg 944w, https:\/\/www.martel.ch\/cms\/wp-content\/uploads\/2019\/11\/Urkunde_Falstaff_Martel-359x239.jpg 359w, https:\/\/www.martel.ch\/cms\/wp-content\/uploads\/2019\/11\/Urkunde_Falstaff_Martel-230x153.jpg 230w, https:\/\/www.martel.ch\/cms\/wp-content\/uploads\/2019\/11\/Urkunde_Falstaff_Martel-680x453.jpg 680w, https:\/\/www.martel.ch\/cms\/wp-content\/uploads\/2019\/11\/Urkunde_Falstaff_Martel-490x327.jpg 490w, https:\/\/www.martel.ch\/cms\/wp-content\/uploads\/2019\/11\/Urkunde_Falstaff_Martel.jpg 1148w\" sizes=\"auto, (max-width: 1024px) 100vw, 1024px\" \/><\/figure>\n\n\n\n<p><a class=\"btn btn-primary\" href=\"\/cms\/martel\/ladengeschaefte\/\">\u00d6ffnungszeiten<\/a><\/p>\n","protected":false},"excerpt":{"rendered":"","protected":false},"author":1,"featured_media":9492,"comment_status":"closed","ping_status":"closed","sticky":false,"template":"","format":"standard","meta":{"_acf_changed":false,"inline_featured_image":false,"footnotes":""},"categories":[449,431],"tags":[],"coauthors":[],"class_list":["post-10283","post","type-post","status-publish","format-standard","has-post-thumbnail","hentry","category-alle","category-rueckblick"],"acf":{"inhaltselemente":null},"yoast_head":"<!-- This site is optimized with the Yoast SEO plugin v27.5 - https:\/\/yoast.com\/product\/yoast-seo-wordpress\/ -->\n<title>Martel erneut ausgezeichnet! Schweizer Sieger! | Martel Weine St.Gallen und Z\u00fcrich<\/title>\n<meta name=\"description\" content=\"Martel erneut ausgezeichnet! Schweizer Sieger! - Von Spitzenweinen fasziniert zu sein, heisst immer auch etwas verliebt zu sein. So betrachten auch wir unsere Weine nicht als Ware, sondern als Gesamtkunstwerke, denen wir uns von der Auswahl bis zum Transport in Ihren Keller mit Engagement und Sorgfalt widmen.\" \/>\n<meta name=\"robots\" content=\"index, follow, max-snippet:-1, max-image-preview:large, max-video-preview:-1\" \/>\n<link rel=\"canonical\" href=\"https:\/\/www.martel.ch\/cms\/weinwissen\/weinmagazin\/rueckblick\/martel-erneut-ausgezeichnet-schweizer-sieger\/\" \/>\n<meta property=\"og:locale\" content=\"de_DE\" \/>\n<meta property=\"og:type\" content=\"article\" \/>\n<meta property=\"og:title\" content=\"Martel erneut ausgezeichnet! Schweizer Sieger! | Martel Weine St.Gallen und Z\u00fcrich\" \/>\n<meta property=\"og:description\" content=\"Martel erneut ausgezeichnet! Schweizer Sieger! - Von Spitzenweinen fasziniert zu sein, heisst immer auch etwas verliebt zu sein. So betrachten auch wir unsere Weine nicht als Ware, sondern als Gesamtkunstwerke, denen wir uns von der Auswahl bis zum Transport in Ihren Keller mit Engagement und Sorgfalt widmen.\" \/>\n<meta property=\"og:url\" content=\"https:\/\/www.martel.ch\/cms\/weinwissen\/weinmagazin\/rueckblick\/martel-erneut-ausgezeichnet-schweizer-sieger\/\" \/>\n<meta property=\"og:site_name\" content=\"Martel\" \/>\n<meta property=\"article:publisher\" content=\"https:\/\/www.facebook.com\/pages\/Martel-AG-St-Gallen\/233396026691876\" \/>\n<meta property=\"article:published_time\" content=\"2019-11-03T23:00:00+00:00\" \/>\n<meta property=\"article:modified_time\" content=\"2022-05-13T09:52:30+00:00\" \/>\n<meta property=\"og:image\" content=\"https:\/\/www.martel.ch\/cms\/wp-content\/uploads\/2022\/04\/martel-news-martel-am-bellevue-falstaff.jpg\" \/>\n\t<meta property=\"og:image:width\" content=\"1728\" \/>\n\t<meta property=\"og:image:height\" content=\"1152\" \/>\n\t<meta property=\"og:image:type\" content=\"image\/jpeg\" \/>\n<meta name=\"author\" content=\"Martel Weinwelt\" \/>\n<meta name=\"twitter:card\" content=\"summary_large_image\" \/>\n<meta name=\"twitter:creator\" content=\"@martel_weinwelt\" \/>\n<meta name=\"twitter:site\" content=\"@martel_weinwelt\" \/>\n<meta name=\"twitter:label1\" content=\"Geschrieben von\" \/>\n\t<meta name=\"twitter:data1\" content=\"Martel Weinwelt\" \/>\n\t<meta name=\"twitter:label2\" content=\"Gesch\u00e4tzte Lesezeit\" \/>\n\t<meta name=\"twitter:data2\" content=\"1\u00a0Minute\" \/>\n\t<meta name=\"twitter:label3\" content=\"Written by\" \/>\n\t<meta name=\"twitter:data3\" content=\"Martel Weinwelt\" \/>\n<script type=\"application\/ld+json\" class=\"yoast-schema-graph\">{\"@context\":\"https:\\\/\\\/schema.org\",\"@graph\":[{\"@type\":\"Article\",\"@id\":\"https:\\\/\\\/www.martel.ch\\\/cms\\\/weinwissen\\\/weinmagazin\\\/rueckblick\\\/martel-erneut-ausgezeichnet-schweizer-sieger\\\/#article\",\"isPartOf\":{\"@id\":\"https:\\\/\\\/www.martel.ch\\\/cms\\\/weinwissen\\\/weinmagazin\\\/rueckblick\\\/martel-erneut-ausgezeichnet-schweizer-sieger\\\/\"},\"author\":{\"name\":\"Martel Weinwelt\",\"@id\":\"https:\\\/\\\/www.martel.ch\\\/cms\\\/#\\\/schema\\\/person\\\/8918b49964e6a129335821fc5e472555\"},\"headline\":\"Martel erneut ausgezeichnet! Schweizer Sieger!\",\"datePublished\":\"2019-11-03T23:00:00+00:00\",\"dateModified\":\"2022-05-13T09:52:30+00:00\",\"mainEntityOfPage\":{\"@id\":\"https:\\\/\\\/www.martel.ch\\\/cms\\\/weinwissen\\\/weinmagazin\\\/rueckblick\\\/martel-erneut-ausgezeichnet-schweizer-sieger\\\/\"},\"wordCount\":124,\"publisher\":{\"@id\":\"https:\\\/\\\/www.martel.ch\\\/cms\\\/#organization\"},\"image\":{\"@id\":\"https:\\\/\\\/www.martel.ch\\\/cms\\\/weinwissen\\\/weinmagazin\\\/rueckblick\\\/martel-erneut-ausgezeichnet-schweizer-sieger\\\/#primaryimage\"},\"thumbnailUrl\":\"https:\\\/\\\/www.martel.ch\\\/cms\\\/wp-content\\\/uploads\\\/2022\\\/04\\\/martel-news-martel-am-bellevue-falstaff.jpg\",\"articleSection\":[\"Alle\",\"R\u00fcckblick\"],\"inLanguage\":\"de-CH\"},{\"@type\":\"WebPage\",\"@id\":\"https:\\\/\\\/www.martel.ch\\\/cms\\\/weinwissen\\\/weinmagazin\\\/rueckblick\\\/martel-erneut-ausgezeichnet-schweizer-sieger\\\/\",\"url\":\"https:\\\/\\\/www.martel.ch\\\/cms\\\/weinwissen\\\/weinmagazin\\\/rueckblick\\\/martel-erneut-ausgezeichnet-schweizer-sieger\\\/\",\"name\":\"Martel erneut ausgezeichnet! Schweizer Sieger! | Martel Weine St.Gallen und Z\u00fcrich\",\"isPartOf\":{\"@id\":\"https:\\\/\\\/www.martel.ch\\\/cms\\\/#website\"},\"primaryImageOfPage\":{\"@id\":\"https:\\\/\\\/www.martel.ch\\\/cms\\\/weinwissen\\\/weinmagazin\\\/rueckblick\\\/martel-erneut-ausgezeichnet-schweizer-sieger\\\/#primaryimage\"},\"image\":{\"@id\":\"https:\\\/\\\/www.martel.ch\\\/cms\\\/weinwissen\\\/weinmagazin\\\/rueckblick\\\/martel-erneut-ausgezeichnet-schweizer-sieger\\\/#primaryimage\"},\"thumbnailUrl\":\"https:\\\/\\\/www.martel.ch\\\/cms\\\/wp-content\\\/uploads\\\/2022\\\/04\\\/martel-news-martel-am-bellevue-falstaff.jpg\",\"datePublished\":\"2019-11-03T23:00:00+00:00\",\"dateModified\":\"2022-05-13T09:52:30+00:00\",\"description\":\"Martel erneut ausgezeichnet! Schweizer Sieger! - Von Spitzenweinen fasziniert zu sein, heisst immer auch etwas verliebt zu sein. So betrachten auch wir unsere Weine nicht als Ware, sondern als Gesamtkunstwerke, denen wir uns von der Auswahl bis zum Transport in Ihren Keller mit Engagement und Sorgfalt widmen.\",\"breadcrumb\":{\"@id\":\"https:\\\/\\\/www.martel.ch\\\/cms\\\/weinwissen\\\/weinmagazin\\\/rueckblick\\\/martel-erneut-ausgezeichnet-schweizer-sieger\\\/#breadcrumb\"},\"inLanguage\":\"de-CH\",\"potentialAction\":[{\"@type\":\"ReadAction\",\"target\":[\"https:\\\/\\\/www.martel.ch\\\/cms\\\/weinwissen\\\/weinmagazin\\\/rueckblick\\\/martel-erneut-ausgezeichnet-schweizer-sieger\\\/\"]}]},{\"@type\":\"ImageObject\",\"inLanguage\":\"de-CH\",\"@id\":\"https:\\\/\\\/www.martel.ch\\\/cms\\\/weinwissen\\\/weinmagazin\\\/rueckblick\\\/martel-erneut-ausgezeichnet-schweizer-sieger\\\/#primaryimage\",\"url\":\"https:\\\/\\\/www.martel.ch\\\/cms\\\/wp-content\\\/uploads\\\/2022\\\/04\\\/martel-news-martel-am-bellevue-falstaff.jpg\",\"contentUrl\":\"https:\\\/\\\/www.martel.ch\\\/cms\\\/wp-content\\\/uploads\\\/2022\\\/04\\\/martel-news-martel-am-bellevue-falstaff.jpg\",\"width\":1728,\"height\":1152},{\"@type\":\"BreadcrumbList\",\"@id\":\"https:\\\/\\\/www.martel.ch\\\/cms\\\/weinwissen\\\/weinmagazin\\\/rueckblick\\\/martel-erneut-ausgezeichnet-schweizer-sieger\\\/#breadcrumb\",\"itemListElement\":[{\"@type\":\"ListItem\",\"position\":1,\"name\":\"Startseite\",\"item\":\"https:\\\/\\\/www.martel.ch\\\/cms\\\/\"},{\"@type\":\"ListItem\",\"position\":2,\"name\":\"Martel erneut ausgezeichnet! Schweizer Sieger!\"}]},{\"@type\":\"WebSite\",\"@id\":\"https:\\\/\\\/www.martel.ch\\\/cms\\\/#website\",\"url\":\"https:\\\/\\\/www.martel.ch\\\/cms\\\/\",\"name\":\"Martel\",\"description\":\"F\u00fcr Weinbegeisterte und die, die es werden m\u00f6chten.\",\"publisher\":{\"@id\":\"https:\\\/\\\/www.martel.ch\\\/cms\\\/#organization\"},\"potentialAction\":[{\"@type\":\"SearchAction\",\"target\":{\"@type\":\"EntryPoint\",\"urlTemplate\":\"https:\\\/\\\/www.martel.ch\\\/cms\\\/?s={search_term_string}\"},\"query-input\":{\"@type\":\"PropertyValueSpecification\",\"valueRequired\":true,\"valueName\":\"search_term_string\"}}],\"inLanguage\":\"de-CH\"},{\"@type\":\"Organization\",\"@id\":\"https:\\\/\\\/www.martel.ch\\\/cms\\\/#organization\",\"name\":\"Martel AG St.Gallen\",\"url\":\"https:\\\/\\\/www.martel.ch\\\/cms\\\/\",\"logo\":{\"@type\":\"ImageObject\",\"inLanguage\":\"de-CH\",\"@id\":\"https:\\\/\\\/www.martel.ch\\\/cms\\\/#\\\/schema\\\/logo\\\/image\\\/\",\"url\":\"https:\\\/\\\/www.martel.ch\\\/cms\\\/wp-content\\\/uploads\\\/2019\\\/02\\\/martel-logo.png\",\"contentUrl\":\"https:\\\/\\\/www.martel.ch\\\/cms\\\/wp-content\\\/uploads\\\/2019\\\/02\\\/martel-logo.png\",\"width\":600,\"height\":600,\"caption\":\"Martel AG St.Gallen\"},\"image\":{\"@id\":\"https:\\\/\\\/www.martel.ch\\\/cms\\\/#\\\/schema\\\/logo\\\/image\\\/\"},\"sameAs\":[\"https:\\\/\\\/www.facebook.com\\\/pages\\\/Martel-AG-St-Gallen\\\/233396026691876\",\"https:\\\/\\\/x.com\\\/martel_weinwelt\",\"https:\\\/\\\/www.instagram.com\\\/martel_weinwelt\\\/\",\"https:\\\/\\\/www.linkedin.com\\\/company\\\/martel-ag-st-gallen\",\"https:\\\/\\\/www.pinterest.ch\\\/martel_weinwelt\"]},{\"@type\":\"Person\",\"@id\":\"https:\\\/\\\/www.martel.ch\\\/cms\\\/#\\\/schema\\\/person\\\/8918b49964e6a129335821fc5e472555\",\"name\":\"Martel Weinwelt\",\"image\":{\"@type\":\"ImageObject\",\"inLanguage\":\"de-CH\",\"@id\":\"https:\\\/\\\/secure.gravatar.com\\\/avatar\\\/c5272ba67d1f9fe27e2b2ea66e1fe875e30448590290fd60075897b7c28688a9?s=96&d=mm&r=gbf0f5addc3a1a33d0f1f792f20503ecc\",\"url\":\"https:\\\/\\\/secure.gravatar.com\\\/avatar\\\/c5272ba67d1f9fe27e2b2ea66e1fe875e30448590290fd60075897b7c28688a9?s=96&d=mm&r=g\",\"contentUrl\":\"https:\\\/\\\/secure.gravatar.com\\\/avatar\\\/c5272ba67d1f9fe27e2b2ea66e1fe875e30448590290fd60075897b7c28688a9?s=96&d=mm&r=g\",\"caption\":\"Martel Weinwelt\"},\"sameAs\":[\"https:\\\/\\\/www.martel.ch\\\/cms\"]}]}<\/script>\n<!-- \/ Yoast SEO plugin. -->","yoast_head_json":{"title":"Martel erneut ausgezeichnet! Schweizer Sieger! | Martel Weine St.Gallen und Z\u00fcrich","description":"Martel erneut ausgezeichnet! Schweizer Sieger! - Von Spitzenweinen fasziniert zu sein, heisst immer auch etwas verliebt zu sein. So betrachten auch wir unsere Weine nicht als Ware, sondern als Gesamtkunstwerke, denen wir uns von der Auswahl bis zum Transport in Ihren Keller mit Engagement und Sorgfalt widmen.","robots":{"index":"index","follow":"follow","max-snippet":"max-snippet:-1","max-image-preview":"max-image-preview:large","max-video-preview":"max-video-preview:-1"},"canonical":"https:\/\/www.martel.ch\/cms\/weinwissen\/weinmagazin\/rueckblick\/martel-erneut-ausgezeichnet-schweizer-sieger\/","og_locale":"de_DE","og_type":"article","og_title":"Martel erneut ausgezeichnet! Schweizer Sieger! | Martel Weine St.Gallen und Z\u00fcrich","og_description":"Martel erneut ausgezeichnet! Schweizer Sieger! - Von Spitzenweinen fasziniert zu sein, heisst immer auch etwas verliebt zu sein. So betrachten auch wir unsere Weine nicht als Ware, sondern als Gesamtkunstwerke, denen wir uns von der Auswahl bis zum Transport in Ihren Keller mit Engagement und Sorgfalt widmen.","og_url":"https:\/\/www.martel.ch\/cms\/weinwissen\/weinmagazin\/rueckblick\/martel-erneut-ausgezeichnet-schweizer-sieger\/","og_site_name":"Martel","article_publisher":"https:\/\/www.facebook.com\/pages\/Martel-AG-St-Gallen\/233396026691876","article_published_time":"2019-11-03T23:00:00+00:00","article_modified_time":"2022-05-13T09:52:30+00:00","og_image":[{"width":1728,"height":1152,"url":"https:\/\/www.martel.ch\/cms\/wp-content\/uploads\/2022\/04\/martel-news-martel-am-bellevue-falstaff.jpg","type":"image\/jpeg"}],"author":"Martel Weinwelt","twitter_card":"summary_large_image","twitter_creator":"@martel_weinwelt","twitter_site":"@martel_weinwelt","twitter_misc":{"Geschrieben von":"Martel Weinwelt","Gesch\u00e4tzte Lesezeit":"1\u00a0Minute","Written by":"Martel Weinwelt"},"schema":{"@context":"https:\/\/schema.org","@graph":[{"@type":"Article","@id":"https:\/\/www.martel.ch\/cms\/weinwissen\/weinmagazin\/rueckblick\/martel-erneut-ausgezeichnet-schweizer-sieger\/#article","isPartOf":{"@id":"https:\/\/www.martel.ch\/cms\/weinwissen\/weinmagazin\/rueckblick\/martel-erneut-ausgezeichnet-schweizer-sieger\/"},"author":{"name":"Martel Weinwelt","@id":"https:\/\/www.martel.ch\/cms\/#\/schema\/person\/8918b49964e6a129335821fc5e472555"},"headline":"Martel erneut ausgezeichnet! Schweizer Sieger!","datePublished":"2019-11-03T23:00:00+00:00","dateModified":"2022-05-13T09:52:30+00:00","mainEntityOfPage":{"@id":"https:\/\/www.martel.ch\/cms\/weinwissen\/weinmagazin\/rueckblick\/martel-erneut-ausgezeichnet-schweizer-sieger\/"},"wordCount":124,"publisher":{"@id":"https:\/\/www.martel.ch\/cms\/#organization"},"image":{"@id":"https:\/\/www.martel.ch\/cms\/weinwissen\/weinmagazin\/rueckblick\/martel-erneut-ausgezeichnet-schweizer-sieger\/#primaryimage"},"thumbnailUrl":"https:\/\/www.martel.ch\/cms\/wp-content\/uploads\/2022\/04\/martel-news-martel-am-bellevue-falstaff.jpg","articleSection":["Alle","R\u00fcckblick"],"inLanguage":"de-CH"},{"@type":"WebPage","@id":"https:\/\/www.martel.ch\/cms\/weinwissen\/weinmagazin\/rueckblick\/martel-erneut-ausgezeichnet-schweizer-sieger\/","url":"https:\/\/www.martel.ch\/cms\/weinwissen\/weinmagazin\/rueckblick\/martel-erneut-ausgezeichnet-schweizer-sieger\/","name":"Martel erneut ausgezeichnet! Schweizer Sieger! | Martel Weine St.Gallen und Z\u00fcrich","isPartOf":{"@id":"https:\/\/www.martel.ch\/cms\/#website"},"primaryImageOfPage":{"@id":"https:\/\/www.martel.ch\/cms\/weinwissen\/weinmagazin\/rueckblick\/martel-erneut-ausgezeichnet-schweizer-sieger\/#primaryimage"},"image":{"@id":"https:\/\/www.martel.ch\/cms\/weinwissen\/weinmagazin\/rueckblick\/martel-erneut-ausgezeichnet-schweizer-sieger\/#primaryimage"},"thumbnailUrl":"https:\/\/www.martel.ch\/cms\/wp-content\/uploads\/2022\/04\/martel-news-martel-am-bellevue-falstaff.jpg","datePublished":"2019-11-03T23:00:00+00:00","dateModified":"2022-05-13T09:52:30+00:00","description":"Martel erneut ausgezeichnet! Schweizer Sieger! - Von Spitzenweinen fasziniert zu sein, heisst immer auch etwas verliebt zu sein. So betrachten auch wir unsere Weine nicht als Ware, sondern als Gesamtkunstwerke, denen wir uns von der Auswahl bis zum Transport in Ihren Keller mit Engagement und Sorgfalt widmen.","breadcrumb":{"@id":"https:\/\/www.martel.ch\/cms\/weinwissen\/weinmagazin\/rueckblick\/martel-erneut-ausgezeichnet-schweizer-sieger\/#breadcrumb"},"inLanguage":"de-CH","potentialAction":[{"@type":"ReadAction","target":["https:\/\/www.martel.ch\/cms\/weinwissen\/weinmagazin\/rueckblick\/martel-erneut-ausgezeichnet-schweizer-sieger\/"]}]},{"@type":"ImageObject","inLanguage":"de-CH","@id":"https:\/\/www.martel.ch\/cms\/weinwissen\/weinmagazin\/rueckblick\/martel-erneut-ausgezeichnet-schweizer-sieger\/#primaryimage","url":"https:\/\/www.martel.ch\/cms\/wp-content\/uploads\/2022\/04\/martel-news-martel-am-bellevue-falstaff.jpg","contentUrl":"https:\/\/www.martel.ch\/cms\/wp-content\/uploads\/2022\/04\/martel-news-martel-am-bellevue-falstaff.jpg","width":1728,"height":1152},{"@type":"BreadcrumbList","@id":"https:\/\/www.martel.ch\/cms\/weinwissen\/weinmagazin\/rueckblick\/martel-erneut-ausgezeichnet-schweizer-sieger\/#breadcrumb","itemListElement":[{"@type":"ListItem","position":1,"name":"Startseite","item":"https:\/\/www.martel.ch\/cms\/"},{"@type":"ListItem","position":2,"name":"Martel erneut ausgezeichnet! Schweizer Sieger!"}]},{"@type":"WebSite","@id":"https:\/\/www.martel.ch\/cms\/#website","url":"https:\/\/www.martel.ch\/cms\/","name":"Martel","description":"F\u00fcr Weinbegeisterte und die, die es werden m\u00f6chten.","publisher":{"@id":"https:\/\/www.martel.ch\/cms\/#organization"},"potentialAction":[{"@type":"SearchAction","target":{"@type":"EntryPoint","urlTemplate":"https:\/\/www.martel.ch\/cms\/?s={search_term_string}"},"query-input":{"@type":"PropertyValueSpecification","valueRequired":true,"valueName":"search_term_string"}}],"inLanguage":"de-CH"},{"@type":"Organization","@id":"https:\/\/www.martel.ch\/cms\/#organization","name":"Martel AG St.Gallen","url":"https:\/\/www.martel.ch\/cms\/","logo":{"@type":"ImageObject","inLanguage":"de-CH","@id":"https:\/\/www.martel.ch\/cms\/#\/schema\/logo\/image\/","url":"https:\/\/www.martel.ch\/cms\/wp-content\/uploads\/2019\/02\/martel-logo.png","contentUrl":"https:\/\/www.martel.ch\/cms\/wp-content\/uploads\/2019\/02\/martel-logo.png","width":600,"height":600,"caption":"Martel AG St.Gallen"},"image":{"@id":"https:\/\/www.martel.ch\/cms\/#\/schema\/logo\/image\/"},"sameAs":["https:\/\/www.facebook.com\/pages\/Martel-AG-St-Gallen\/233396026691876","https:\/\/x.com\/martel_weinwelt","https:\/\/www.instagram.com\/martel_weinwelt\/","https:\/\/www.linkedin.com\/company\/martel-ag-st-gallen","https:\/\/www.pinterest.ch\/martel_weinwelt"]},{"@type":"Person","@id":"https:\/\/www.martel.ch\/cms\/#\/schema\/person\/8918b49964e6a129335821fc5e472555","name":"Martel Weinwelt","image":{"@type":"ImageObject","inLanguage":"de-CH","@id":"https:\/\/secure.gravatar.com\/avatar\/c5272ba67d1f9fe27e2b2ea66e1fe875e30448590290fd60075897b7c28688a9?s=96&d=mm&r=gbf0f5addc3a1a33d0f1f792f20503ecc","url":"https:\/\/secure.gravatar.com\/avatar\/c5272ba67d1f9fe27e2b2ea66e1fe875e30448590290fd60075897b7c28688a9?s=96&d=mm&r=g","contentUrl":"https:\/\/secure.gravatar.com\/avatar\/c5272ba67d1f9fe27e2b2ea66e1fe875e30448590290fd60075897b7c28688a9?s=96&d=mm&r=g","caption":"Martel Weinwelt"},"sameAs":["https:\/\/www.martel.ch\/cms"]}]}},"_links":{"self":[{"href":"https:\/\/www.martel.ch\/cms\/wp-json\/wp\/v2\/posts\/10283","targetHints":{"allow":["GET"]}}],"collection":[{"href":"https:\/\/www.martel.ch\/cms\/wp-json\/wp\/v2\/posts"}],"about":[{"href":"https:\/\/www.martel.ch\/cms\/wp-json\/wp\/v2\/types\/post"}],"author":[{"embeddable":true,"href":"https:\/\/www.martel.ch\/cms\/wp-json\/wp\/v2\/users\/1"}],"replies":[{"embeddable":true,"href":"https:\/\/www.martel.ch\/cms\/wp-json\/wp\/v2\/comments?post=10283"}],"version-history":[{"count":4,"href":"https:\/\/www.martel.ch\/cms\/wp-json\/wp\/v2\/posts\/10283\/revisions"}],"predecessor-version":[{"id":13077,"href":"https:\/\/www.martel.ch\/cms\/wp-json\/wp\/v2\/posts\/10283\/revisions\/13077"}],"wp:featuredmedia":[{"embeddable":true,"href":"https:\/\/www.martel.ch\/cms\/wp-json\/wp\/v2\/media\/9492"}],"wp:attachment":[{"href":"https:\/\/www.martel.ch\/cms\/wp-json\/wp\/v2\/media?parent=10283"}],"wp:term":[{"taxonomy":"category","embeddable":true,"href":"https:\/\/www.martel.ch\/cms\/wp-json\/wp\/v2\/categories?post=10283"},{"taxonomy":"post_tag","embeddable":true,"href":"https:\/\/www.martel.ch\/cms\/wp-json\/wp\/v2\/tags?post=10283"},{"taxonomy":"author","embeddable":true,"href":"https:\/\/www.martel.ch\/cms\/wp-json\/wp\/v2\/coauthors?post=10283"}],"curies":[{"name":"wp","href":"https:\/\/api.w.org\/{rel}","templated":true}]}}