{"id":10322,"date":"2021-10-19T00:00:00","date_gmt":"2021-10-18T22:00:00","guid":{"rendered":"https:\/\/www.martel.ch\/cms\/2021\/10\/19\/fondue-jahrgangsmischung-helvti-chaeschtli\/"},"modified":"2022-08-24T10:34:40","modified_gmt":"2022-08-24T08:34:40","slug":"fondue-jahrgangsmischung-helvti-chaeschtli","status":"publish","type":"post","link":"https:\/\/www.martel.ch\/cms\/weinwissen\/weinmagazin\/rueckblick\/fondue-jahrgangsmischung-helvti-chaeschtli\/","title":{"rendered":"Fondue Jahrgangsmischung \u00abHelvti-Ch\u00e4schtli\u00bb"},"content":{"rendered":"\n<p>Freuen Sie sich auf das wohl bekannteste helvetische Gericht mit einer grossen Portion Detail-Liebe: Karim Schumann vom Hotel Restaurant Helvetia in Z\u00fcrich hat mit dem bekannten&nbsp;Ma\u00eetre Fromager Rolf Beeler&nbsp;und Jan Martel ein raffiniertes Fondue kreiert. Das i-T\u00fcpfelchen der Jahrgangsmischung ist der&nbsp;F\u00e9chy La Colombe&nbsp;von Paccot aus der Region La C\u00f4te, ein herrlicher Wein aus des Schweizers liebster Rebsorte Chasselas.<\/p>\n\n\n\n<!--more-->\n\n\n\n<p>Ab Mitte November wird das Fondue im exklusiven und kunstvoll gestalteten Fondue-Chalet namens \u00abHelvti Ch\u00e4schtli\u00bb serviert. &nbsp;Ein Pop up-Fondue-Chalet mit Kultpotential. Speziell \u00fcberraschen die eigens erdachten Beilagen zum Eintauchen in den K\u00e4se (\u201eT\u00fcnklimen\u00fc\u201c).<\/p>\n\n\n\n<p>Die jetzt schon legend\u00e4re Fonduemischung kann bei uns erworben werden.<\/p>\n\n\n\n<p><b>Diese Aktion ist abgelaufen.<\/b><\/p>\n\n\n\n<p><\/p>\n\n\n\n<div class=\"wp-block-buttons is-layout-flex wp-block-buttons-is-layout-flex\">\n<div class=\"wp-block-button\"><a class=\"wp-block-button__link\" href=\"https:\/\/www.martel.ch\/wein\/?filter=passt_zu,kaese-kaesegerichten-raclette-fondue\">Passende Weine zum Fondue<\/a><\/div>\n<\/div>\n","protected":false},"excerpt":{"rendered":"","protected":false},"author":1,"featured_media":9324,"comment_status":"closed","ping_status":"closed","sticky":false,"template":"","format":"standard","meta":{"_acf_changed":false,"inline_featured_image":false,"footnotes":""},"categories":[449,431],"tags":[],"coauthors":[],"class_list":["post-10322","post","type-post","status-publish","format-standard","has-post-thumbnail","hentry","category-alle","category-rueckblick"],"acf":{"inhaltselemente":null},"yoast_head":"<!-- This site is optimized with the Yoast SEO plugin v27.5 - https:\/\/yoast.com\/product\/yoast-seo-wordpress\/ -->\n<title>Fondue Jahrgangsmischung \u00abHelvti-Ch\u00e4schtli\u00bb | Martel Weine St.Gallen und Z\u00fcrich<\/title>\n<meta name=\"description\" content=\"Fondue Jahrgangsmischung \u00abHelvti-Ch\u00e4schtli\u00bb - Von Spitzenweinen fasziniert zu sein, heisst immer auch etwas verliebt zu sein. So betrachten auch wir unsere Weine nicht als Ware, sondern als Gesamtkunstwerke, denen wir uns von der Auswahl bis zum Transport in Ihren Keller mit Engagement und Sorgfalt widmen.\" \/>\n<meta name=\"robots\" content=\"index, follow, max-snippet:-1, max-image-preview:large, max-video-preview:-1\" \/>\n<link rel=\"canonical\" href=\"https:\/\/www.martel.ch\/cms\/weinwissen\/weinmagazin\/rueckblick\/fondue-jahrgangsmischung-helvti-chaeschtli\/\" \/>\n<meta property=\"og:locale\" content=\"de_DE\" \/>\n<meta property=\"og:type\" content=\"article\" \/>\n<meta property=\"og:title\" content=\"Fondue Jahrgangsmischung \u00abHelvti-Ch\u00e4schtli\u00bb | Martel Weine St.Gallen und Z\u00fcrich\" \/>\n<meta property=\"og:description\" content=\"Fondue Jahrgangsmischung \u00abHelvti-Ch\u00e4schtli\u00bb - Von Spitzenweinen fasziniert zu sein, heisst immer auch etwas verliebt zu sein. So betrachten auch wir unsere Weine nicht als Ware, sondern als Gesamtkunstwerke, denen wir uns von der Auswahl bis zum Transport in Ihren Keller mit Engagement und Sorgfalt widmen.\" \/>\n<meta property=\"og:url\" content=\"https:\/\/www.martel.ch\/cms\/weinwissen\/weinmagazin\/rueckblick\/fondue-jahrgangsmischung-helvti-chaeschtli\/\" \/>\n<meta property=\"og:site_name\" content=\"Martel\" \/>\n<meta property=\"article:publisher\" content=\"https:\/\/www.facebook.com\/pages\/Martel-AG-St-Gallen\/233396026691876\" \/>\n<meta property=\"article:published_time\" content=\"2021-10-18T22:00:00+00:00\" \/>\n<meta property=\"article:modified_time\" content=\"2022-08-24T08:34:40+00:00\" \/>\n<meta property=\"og:image\" content=\"https:\/\/www.martel.ch\/cms\/wp-content\/uploads\/2022\/04\/2021_10_News_Fondue_WAC-1024x682.jpg\" \/>\n\t<meta property=\"og:image:width\" content=\"1024\" \/>\n\t<meta property=\"og:image:height\" content=\"682\" \/>\n\t<meta property=\"og:image:type\" content=\"image\/jpeg\" \/>\n<meta name=\"author\" content=\"Martel Weinwelt\" \/>\n<meta name=\"twitter:card\" content=\"summary_large_image\" \/>\n<meta name=\"twitter:creator\" content=\"@martel_weinwelt\" \/>\n<meta name=\"twitter:site\" content=\"@martel_weinwelt\" \/>\n<meta name=\"twitter:label1\" content=\"Geschrieben von\" \/>\n\t<meta name=\"twitter:data1\" content=\"Martel Weinwelt\" \/>\n\t<meta name=\"twitter:label2\" content=\"Gesch\u00e4tzte Lesezeit\" \/>\n\t<meta name=\"twitter:data2\" content=\"1\u00a0Minute\" \/>\n\t<meta name=\"twitter:label3\" content=\"Written by\" \/>\n\t<meta name=\"twitter:data3\" content=\"Martel Weinwelt\" \/>\n<script type=\"application\/ld+json\" class=\"yoast-schema-graph\">{\"@context\":\"https:\\\/\\\/schema.org\",\"@graph\":[{\"@type\":\"Article\",\"@id\":\"https:\\\/\\\/www.martel.ch\\\/cms\\\/weinwissen\\\/weinmagazin\\\/rueckblick\\\/fondue-jahrgangsmischung-helvti-chaeschtli\\\/#article\",\"isPartOf\":{\"@id\":\"https:\\\/\\\/www.martel.ch\\\/cms\\\/weinwissen\\\/weinmagazin\\\/rueckblick\\\/fondue-jahrgangsmischung-helvti-chaeschtli\\\/\"},\"author\":{\"name\":\"Martel Weinwelt\",\"@id\":\"https:\\\/\\\/www.martel.ch\\\/cms\\\/#\\\/schema\\\/person\\\/8918b49964e6a129335821fc5e472555\"},\"headline\":\"Fondue Jahrgangsmischung \u00abHelvti-Ch\u00e4schtli\u00bb\",\"datePublished\":\"2021-10-18T22:00:00+00:00\",\"dateModified\":\"2022-08-24T08:34:40+00:00\",\"mainEntityOfPage\":{\"@id\":\"https:\\\/\\\/www.martel.ch\\\/cms\\\/weinwissen\\\/weinmagazin\\\/rueckblick\\\/fondue-jahrgangsmischung-helvti-chaeschtli\\\/\"},\"wordCount\":131,\"publisher\":{\"@id\":\"https:\\\/\\\/www.martel.ch\\\/cms\\\/#organization\"},\"image\":{\"@id\":\"https:\\\/\\\/www.martel.ch\\\/cms\\\/weinwissen\\\/weinmagazin\\\/rueckblick\\\/fondue-jahrgangsmischung-helvti-chaeschtli\\\/#primaryimage\"},\"thumbnailUrl\":\"https:\\\/\\\/www.martel.ch\\\/cms\\\/wp-content\\\/uploads\\\/2022\\\/04\\\/2021_10_News_Fondue_WAC.jpg\",\"articleSection\":[\"Alle\",\"R\u00fcckblick\"],\"inLanguage\":\"de-CH\"},{\"@type\":\"WebPage\",\"@id\":\"https:\\\/\\\/www.martel.ch\\\/cms\\\/weinwissen\\\/weinmagazin\\\/rueckblick\\\/fondue-jahrgangsmischung-helvti-chaeschtli\\\/\",\"url\":\"https:\\\/\\\/www.martel.ch\\\/cms\\\/weinwissen\\\/weinmagazin\\\/rueckblick\\\/fondue-jahrgangsmischung-helvti-chaeschtli\\\/\",\"name\":\"Fondue Jahrgangsmischung \u00abHelvti-Ch\u00e4schtli\u00bb | Martel Weine St.Gallen und Z\u00fcrich\",\"isPartOf\":{\"@id\":\"https:\\\/\\\/www.martel.ch\\\/cms\\\/#website\"},\"primaryImageOfPage\":{\"@id\":\"https:\\\/\\\/www.martel.ch\\\/cms\\\/weinwissen\\\/weinmagazin\\\/rueckblick\\\/fondue-jahrgangsmischung-helvti-chaeschtli\\\/#primaryimage\"},\"image\":{\"@id\":\"https:\\\/\\\/www.martel.ch\\\/cms\\\/weinwissen\\\/weinmagazin\\\/rueckblick\\\/fondue-jahrgangsmischung-helvti-chaeschtli\\\/#primaryimage\"},\"thumbnailUrl\":\"https:\\\/\\\/www.martel.ch\\\/cms\\\/wp-content\\\/uploads\\\/2022\\\/04\\\/2021_10_News_Fondue_WAC.jpg\",\"datePublished\":\"2021-10-18T22:00:00+00:00\",\"dateModified\":\"2022-08-24T08:34:40+00:00\",\"description\":\"Fondue Jahrgangsmischung \u00abHelvti-Ch\u00e4schtli\u00bb - Von Spitzenweinen fasziniert zu sein, heisst immer auch etwas verliebt zu sein. So betrachten auch wir unsere Weine nicht als Ware, sondern als Gesamtkunstwerke, denen wir uns von der Auswahl bis zum Transport in Ihren Keller mit Engagement und Sorgfalt widmen.\",\"breadcrumb\":{\"@id\":\"https:\\\/\\\/www.martel.ch\\\/cms\\\/weinwissen\\\/weinmagazin\\\/rueckblick\\\/fondue-jahrgangsmischung-helvti-chaeschtli\\\/#breadcrumb\"},\"inLanguage\":\"de-CH\",\"potentialAction\":[{\"@type\":\"ReadAction\",\"target\":[\"https:\\\/\\\/www.martel.ch\\\/cms\\\/weinwissen\\\/weinmagazin\\\/rueckblick\\\/fondue-jahrgangsmischung-helvti-chaeschtli\\\/\"]}]},{\"@type\":\"ImageObject\",\"inLanguage\":\"de-CH\",\"@id\":\"https:\\\/\\\/www.martel.ch\\\/cms\\\/weinwissen\\\/weinmagazin\\\/rueckblick\\\/fondue-jahrgangsmischung-helvti-chaeschtli\\\/#primaryimage\",\"url\":\"https:\\\/\\\/www.martel.ch\\\/cms\\\/wp-content\\\/uploads\\\/2022\\\/04\\\/2021_10_News_Fondue_WAC.jpg\",\"contentUrl\":\"https:\\\/\\\/www.martel.ch\\\/cms\\\/wp-content\\\/uploads\\\/2022\\\/04\\\/2021_10_News_Fondue_WAC.jpg\",\"width\":1688,\"height\":1125},{\"@type\":\"BreadcrumbList\",\"@id\":\"https:\\\/\\\/www.martel.ch\\\/cms\\\/weinwissen\\\/weinmagazin\\\/rueckblick\\\/fondue-jahrgangsmischung-helvti-chaeschtli\\\/#breadcrumb\",\"itemListElement\":[{\"@type\":\"ListItem\",\"position\":1,\"name\":\"Startseite\",\"item\":\"https:\\\/\\\/www.martel.ch\\\/cms\\\/\"},{\"@type\":\"ListItem\",\"position\":2,\"name\":\"Fondue Jahrgangsmischung \u00abHelvti-Ch\u00e4schtli\u00bb\"}]},{\"@type\":\"WebSite\",\"@id\":\"https:\\\/\\\/www.martel.ch\\\/cms\\\/#website\",\"url\":\"https:\\\/\\\/www.martel.ch\\\/cms\\\/\",\"name\":\"Martel\",\"description\":\"F\u00fcr Weinbegeisterte und die, die es werden m\u00f6chten.\",\"publisher\":{\"@id\":\"https:\\\/\\\/www.martel.ch\\\/cms\\\/#organization\"},\"potentialAction\":[{\"@type\":\"SearchAction\",\"target\":{\"@type\":\"EntryPoint\",\"urlTemplate\":\"https:\\\/\\\/www.martel.ch\\\/cms\\\/?s={search_term_string}\"},\"query-input\":{\"@type\":\"PropertyValueSpecification\",\"valueRequired\":true,\"valueName\":\"search_term_string\"}}],\"inLanguage\":\"de-CH\"},{\"@type\":\"Organization\",\"@id\":\"https:\\\/\\\/www.martel.ch\\\/cms\\\/#organization\",\"name\":\"Martel AG St.Gallen\",\"url\":\"https:\\\/\\\/www.martel.ch\\\/cms\\\/\",\"logo\":{\"@type\":\"ImageObject\",\"inLanguage\":\"de-CH\",\"@id\":\"https:\\\/\\\/www.martel.ch\\\/cms\\\/#\\\/schema\\\/logo\\\/image\\\/\",\"url\":\"https:\\\/\\\/www.martel.ch\\\/cms\\\/wp-content\\\/uploads\\\/2019\\\/02\\\/martel-logo.png\",\"contentUrl\":\"https:\\\/\\\/www.martel.ch\\\/cms\\\/wp-content\\\/uploads\\\/2019\\\/02\\\/martel-logo.png\",\"width\":600,\"height\":600,\"caption\":\"Martel AG St.Gallen\"},\"image\":{\"@id\":\"https:\\\/\\\/www.martel.ch\\\/cms\\\/#\\\/schema\\\/logo\\\/image\\\/\"},\"sameAs\":[\"https:\\\/\\\/www.facebook.com\\\/pages\\\/Martel-AG-St-Gallen\\\/233396026691876\",\"https:\\\/\\\/x.com\\\/martel_weinwelt\",\"https:\\\/\\\/www.instagram.com\\\/martel_weinwelt\\\/\",\"https:\\\/\\\/www.linkedin.com\\\/company\\\/martel-ag-st-gallen\",\"https:\\\/\\\/www.pinterest.ch\\\/martel_weinwelt\"]},{\"@type\":\"Person\",\"@id\":\"https:\\\/\\\/www.martel.ch\\\/cms\\\/#\\\/schema\\\/person\\\/8918b49964e6a129335821fc5e472555\",\"name\":\"Martel Weinwelt\",\"image\":{\"@type\":\"ImageObject\",\"inLanguage\":\"de-CH\",\"@id\":\"https:\\\/\\\/secure.gravatar.com\\\/avatar\\\/c5272ba67d1f9fe27e2b2ea66e1fe875e30448590290fd60075897b7c28688a9?s=96&d=mm&r=gbf0f5addc3a1a33d0f1f792f20503ecc\",\"url\":\"https:\\\/\\\/secure.gravatar.com\\\/avatar\\\/c5272ba67d1f9fe27e2b2ea66e1fe875e30448590290fd60075897b7c28688a9?s=96&d=mm&r=g\",\"contentUrl\":\"https:\\\/\\\/secure.gravatar.com\\\/avatar\\\/c5272ba67d1f9fe27e2b2ea66e1fe875e30448590290fd60075897b7c28688a9?s=96&d=mm&r=g\",\"caption\":\"Martel Weinwelt\"},\"sameAs\":[\"https:\\\/\\\/www.martel.ch\\\/cms\"]}]}<\/script>\n<!-- \/ Yoast SEO plugin. -->","yoast_head_json":{"title":"Fondue Jahrgangsmischung \u00abHelvti-Ch\u00e4schtli\u00bb | Martel Weine St.Gallen und Z\u00fcrich","description":"Fondue Jahrgangsmischung \u00abHelvti-Ch\u00e4schtli\u00bb - Von Spitzenweinen fasziniert zu sein, heisst immer auch etwas verliebt zu sein. So betrachten auch wir unsere Weine nicht als Ware, sondern als Gesamtkunstwerke, denen wir uns von der Auswahl bis zum Transport in Ihren Keller mit Engagement und Sorgfalt widmen.","robots":{"index":"index","follow":"follow","max-snippet":"max-snippet:-1","max-image-preview":"max-image-preview:large","max-video-preview":"max-video-preview:-1"},"canonical":"https:\/\/www.martel.ch\/cms\/weinwissen\/weinmagazin\/rueckblick\/fondue-jahrgangsmischung-helvti-chaeschtli\/","og_locale":"de_DE","og_type":"article","og_title":"Fondue Jahrgangsmischung \u00abHelvti-Ch\u00e4schtli\u00bb | Martel Weine St.Gallen und Z\u00fcrich","og_description":"Fondue Jahrgangsmischung \u00abHelvti-Ch\u00e4schtli\u00bb - Von Spitzenweinen fasziniert zu sein, heisst immer auch etwas verliebt zu sein. So betrachten auch wir unsere Weine nicht als Ware, sondern als Gesamtkunstwerke, denen wir uns von der Auswahl bis zum Transport in Ihren Keller mit Engagement und Sorgfalt widmen.","og_url":"https:\/\/www.martel.ch\/cms\/weinwissen\/weinmagazin\/rueckblick\/fondue-jahrgangsmischung-helvti-chaeschtli\/","og_site_name":"Martel","article_publisher":"https:\/\/www.facebook.com\/pages\/Martel-AG-St-Gallen\/233396026691876","article_published_time":"2021-10-18T22:00:00+00:00","article_modified_time":"2022-08-24T08:34:40+00:00","og_image":[{"width":1024,"height":682,"url":"https:\/\/www.martel.ch\/cms\/wp-content\/uploads\/2022\/04\/2021_10_News_Fondue_WAC-1024x682.jpg","type":"image\/jpeg"}],"author":"Martel Weinwelt","twitter_card":"summary_large_image","twitter_creator":"@martel_weinwelt","twitter_site":"@martel_weinwelt","twitter_misc":{"Geschrieben von":"Martel Weinwelt","Gesch\u00e4tzte Lesezeit":"1\u00a0Minute","Written by":"Martel Weinwelt"},"schema":{"@context":"https:\/\/schema.org","@graph":[{"@type":"Article","@id":"https:\/\/www.martel.ch\/cms\/weinwissen\/weinmagazin\/rueckblick\/fondue-jahrgangsmischung-helvti-chaeschtli\/#article","isPartOf":{"@id":"https:\/\/www.martel.ch\/cms\/weinwissen\/weinmagazin\/rueckblick\/fondue-jahrgangsmischung-helvti-chaeschtli\/"},"author":{"name":"Martel Weinwelt","@id":"https:\/\/www.martel.ch\/cms\/#\/schema\/person\/8918b49964e6a129335821fc5e472555"},"headline":"Fondue Jahrgangsmischung \u00abHelvti-Ch\u00e4schtli\u00bb","datePublished":"2021-10-18T22:00:00+00:00","dateModified":"2022-08-24T08:34:40+00:00","mainEntityOfPage":{"@id":"https:\/\/www.martel.ch\/cms\/weinwissen\/weinmagazin\/rueckblick\/fondue-jahrgangsmischung-helvti-chaeschtli\/"},"wordCount":131,"publisher":{"@id":"https:\/\/www.martel.ch\/cms\/#organization"},"image":{"@id":"https:\/\/www.martel.ch\/cms\/weinwissen\/weinmagazin\/rueckblick\/fondue-jahrgangsmischung-helvti-chaeschtli\/#primaryimage"},"thumbnailUrl":"https:\/\/www.martel.ch\/cms\/wp-content\/uploads\/2022\/04\/2021_10_News_Fondue_WAC.jpg","articleSection":["Alle","R\u00fcckblick"],"inLanguage":"de-CH"},{"@type":"WebPage","@id":"https:\/\/www.martel.ch\/cms\/weinwissen\/weinmagazin\/rueckblick\/fondue-jahrgangsmischung-helvti-chaeschtli\/","url":"https:\/\/www.martel.ch\/cms\/weinwissen\/weinmagazin\/rueckblick\/fondue-jahrgangsmischung-helvti-chaeschtli\/","name":"Fondue Jahrgangsmischung \u00abHelvti-Ch\u00e4schtli\u00bb | Martel Weine St.Gallen und Z\u00fcrich","isPartOf":{"@id":"https:\/\/www.martel.ch\/cms\/#website"},"primaryImageOfPage":{"@id":"https:\/\/www.martel.ch\/cms\/weinwissen\/weinmagazin\/rueckblick\/fondue-jahrgangsmischung-helvti-chaeschtli\/#primaryimage"},"image":{"@id":"https:\/\/www.martel.ch\/cms\/weinwissen\/weinmagazin\/rueckblick\/fondue-jahrgangsmischung-helvti-chaeschtli\/#primaryimage"},"thumbnailUrl":"https:\/\/www.martel.ch\/cms\/wp-content\/uploads\/2022\/04\/2021_10_News_Fondue_WAC.jpg","datePublished":"2021-10-18T22:00:00+00:00","dateModified":"2022-08-24T08:34:40+00:00","description":"Fondue Jahrgangsmischung \u00abHelvti-Ch\u00e4schtli\u00bb - Von Spitzenweinen fasziniert zu sein, heisst immer auch etwas verliebt zu sein. So betrachten auch wir unsere Weine nicht als Ware, sondern als Gesamtkunstwerke, denen wir uns von der Auswahl bis zum Transport in Ihren Keller mit Engagement und Sorgfalt widmen.","breadcrumb":{"@id":"https:\/\/www.martel.ch\/cms\/weinwissen\/weinmagazin\/rueckblick\/fondue-jahrgangsmischung-helvti-chaeschtli\/#breadcrumb"},"inLanguage":"de-CH","potentialAction":[{"@type":"ReadAction","target":["https:\/\/www.martel.ch\/cms\/weinwissen\/weinmagazin\/rueckblick\/fondue-jahrgangsmischung-helvti-chaeschtli\/"]}]},{"@type":"ImageObject","inLanguage":"de-CH","@id":"https:\/\/www.martel.ch\/cms\/weinwissen\/weinmagazin\/rueckblick\/fondue-jahrgangsmischung-helvti-chaeschtli\/#primaryimage","url":"https:\/\/www.martel.ch\/cms\/wp-content\/uploads\/2022\/04\/2021_10_News_Fondue_WAC.jpg","contentUrl":"https:\/\/www.martel.ch\/cms\/wp-content\/uploads\/2022\/04\/2021_10_News_Fondue_WAC.jpg","width":1688,"height":1125},{"@type":"BreadcrumbList","@id":"https:\/\/www.martel.ch\/cms\/weinwissen\/weinmagazin\/rueckblick\/fondue-jahrgangsmischung-helvti-chaeschtli\/#breadcrumb","itemListElement":[{"@type":"ListItem","position":1,"name":"Startseite","item":"https:\/\/www.martel.ch\/cms\/"},{"@type":"ListItem","position":2,"name":"Fondue Jahrgangsmischung \u00abHelvti-Ch\u00e4schtli\u00bb"}]},{"@type":"WebSite","@id":"https:\/\/www.martel.ch\/cms\/#website","url":"https:\/\/www.martel.ch\/cms\/","name":"Martel","description":"F\u00fcr Weinbegeisterte und die, die es werden m\u00f6chten.","publisher":{"@id":"https:\/\/www.martel.ch\/cms\/#organization"},"potentialAction":[{"@type":"SearchAction","target":{"@type":"EntryPoint","urlTemplate":"https:\/\/www.martel.ch\/cms\/?s={search_term_string}"},"query-input":{"@type":"PropertyValueSpecification","valueRequired":true,"valueName":"search_term_string"}}],"inLanguage":"de-CH"},{"@type":"Organization","@id":"https:\/\/www.martel.ch\/cms\/#organization","name":"Martel AG St.Gallen","url":"https:\/\/www.martel.ch\/cms\/","logo":{"@type":"ImageObject","inLanguage":"de-CH","@id":"https:\/\/www.martel.ch\/cms\/#\/schema\/logo\/image\/","url":"https:\/\/www.martel.ch\/cms\/wp-content\/uploads\/2019\/02\/martel-logo.png","contentUrl":"https:\/\/www.martel.ch\/cms\/wp-content\/uploads\/2019\/02\/martel-logo.png","width":600,"height":600,"caption":"Martel AG St.Gallen"},"image":{"@id":"https:\/\/www.martel.ch\/cms\/#\/schema\/logo\/image\/"},"sameAs":["https:\/\/www.facebook.com\/pages\/Martel-AG-St-Gallen\/233396026691876","https:\/\/x.com\/martel_weinwelt","https:\/\/www.instagram.com\/martel_weinwelt\/","https:\/\/www.linkedin.com\/company\/martel-ag-st-gallen","https:\/\/www.pinterest.ch\/martel_weinwelt"]},{"@type":"Person","@id":"https:\/\/www.martel.ch\/cms\/#\/schema\/person\/8918b49964e6a129335821fc5e472555","name":"Martel Weinwelt","image":{"@type":"ImageObject","inLanguage":"de-CH","@id":"https:\/\/secure.gravatar.com\/avatar\/c5272ba67d1f9fe27e2b2ea66e1fe875e30448590290fd60075897b7c28688a9?s=96&d=mm&r=gbf0f5addc3a1a33d0f1f792f20503ecc","url":"https:\/\/secure.gravatar.com\/avatar\/c5272ba67d1f9fe27e2b2ea66e1fe875e30448590290fd60075897b7c28688a9?s=96&d=mm&r=g","contentUrl":"https:\/\/secure.gravatar.com\/avatar\/c5272ba67d1f9fe27e2b2ea66e1fe875e30448590290fd60075897b7c28688a9?s=96&d=mm&r=g","caption":"Martel Weinwelt"},"sameAs":["https:\/\/www.martel.ch\/cms"]}]}},"_links":{"self":[{"href":"https:\/\/www.martel.ch\/cms\/wp-json\/wp\/v2\/posts\/10322","targetHints":{"allow":["GET"]}}],"collection":[{"href":"https:\/\/www.martel.ch\/cms\/wp-json\/wp\/v2\/posts"}],"about":[{"href":"https:\/\/www.martel.ch\/cms\/wp-json\/wp\/v2\/types\/post"}],"author":[{"embeddable":true,"href":"https:\/\/www.martel.ch\/cms\/wp-json\/wp\/v2\/users\/1"}],"replies":[{"embeddable":true,"href":"https:\/\/www.martel.ch\/cms\/wp-json\/wp\/v2\/comments?post=10322"}],"version-history":[{"count":4,"href":"https:\/\/www.martel.ch\/cms\/wp-json\/wp\/v2\/posts\/10322\/revisions"}],"predecessor-version":[{"id":14832,"href":"https:\/\/www.martel.ch\/cms\/wp-json\/wp\/v2\/posts\/10322\/revisions\/14832"}],"wp:featuredmedia":[{"embeddable":true,"href":"https:\/\/www.martel.ch\/cms\/wp-json\/wp\/v2\/media\/9324"}],"wp:attachment":[{"href":"https:\/\/www.martel.ch\/cms\/wp-json\/wp\/v2\/media?parent=10322"}],"wp:term":[{"taxonomy":"category","embeddable":true,"href":"https:\/\/www.martel.ch\/cms\/wp-json\/wp\/v2\/categories?post=10322"},{"taxonomy":"post_tag","embeddable":true,"href":"https:\/\/www.martel.ch\/cms\/wp-json\/wp\/v2\/tags?post=10322"},{"taxonomy":"author","embeddable":true,"href":"https:\/\/www.martel.ch\/cms\/wp-json\/wp\/v2\/coauthors?post=10322"}],"curies":[{"name":"wp","href":"https:\/\/api.w.org\/{rel}","templated":true}]}}