{"id":1170,"date":"2019-12-02T11:13:36","date_gmt":"2019-12-02T10:13:36","guid":{"rendered":"\/cms\/?p=1170"},"modified":"2022-08-09T14:12:19","modified_gmt":"2022-08-09T12:12:19","slug":"in-italien-bei-grassi-und-bisol-zwei-kurzportraits","status":"publish","type":"post","link":"https:\/\/www.martel.ch\/cms\/weinwissen\/weinmagazin\/unterwegs-im-rebberg\/in-italien-bei-grassi-und-bisol-zwei-kurzportraits\/","title":{"rendered":"In Italien bei Grassi und Bisol. Zwei Kurzportraits."},"content":{"rendered":"\n<h2 class=\"wp-block-heading\">Roccolo Grassi<\/h2>\n\n\n\n<p>Die Vorfreude auf einen <strong>ausgezeichneten Jahrgang 2019<\/strong> w\u00e4chst beim Anblick der trocknenden, bereits leicht rosinierten Trauben beim renommierten Weingut Roccolo Grassi. Nur komplett gesundeste Trauben kommen in die kleinen, stapelbaren Kistchen, die Selektion ist dementsprechend aufwendig.<\/p>\n\n\n\n<p>Doch beginnen wir von vorne. Marco Sartori f\u00fchrt zusammen mit seiner Schwester den von den Eltern \u00fcbernommenen Betrieb <strong>mit Umsicht, viel Leidenschaft und einer grossen Liebe zum Detail.<\/strong><\/p>\n\n\n\n<p><strong>Hervorragend ist das Terroir der Weinberge von Roccolo Grassi mit seinen vulkanischen B\u00f6den<\/strong> . Eine Seltenheit im Gebiet des Valpolicella. Anders als bei den meisten Supermarkt-Weinen stammen die Trauben nicht aus der Ebene, sondern aus den recht steilen, ausgesprochen malerischen H\u00fcgeln rund um das verschlafene Dorf Mezzane di Sotto.<\/p>\n\n\n\n<p>Zudem: Hauptziel des detailversessenen Burgund-Liebhabers Marco sind nicht Opulenz und F\u00fclle. Er verucht, trotz Konzentration und hohen Alkoholwerten, so viel Frische in den Wein zu bringen, wie nur irgendwie m\u00f6glich. <strong>Und das ist Marco mit dem grossen Jahrgang 2015 beim Amarone bravur\u00f6s gelungen:<\/strong> Trotz grosser Konzentration und 17% (!) Alkohol, zeigt er eine ungeahnte Balance und Eleganz. Und dies ohne einer Spur von \u00dcberreife. Die noble Tanninstruktur und die extreme aromatische Nachhaltigkeit versprechen ein Lagerpotential von mindestens 20 Jahren.<\/p>\n\n\n\n<p>Auch beim <strong>Valpolicella Superiore<\/strong> <strong>2015<\/strong> kommt Vorfreude auf die Lieferung zu uns in die Schweiz bereits diesen Dezember auf. <strong>Eine reife, klar definierte Frucht, feink\u00f6rnige Gerbstoffe, ein sch\u00f6ner K\u00f6rper und viel Schmelz<\/strong> . So ist Valpolicella ein vielseitiger Essensbegleiter, aber auch f\u00fcr sich genossen eine exzellente Wahl.<\/p>\n\n\n\n<figure class=\"wp-block-image alignnone wp-image-1178 size-full\"><img loading=\"lazy\" decoding=\"async\" width=\"728\" height=\"485\" src=\"\/cms\/wp-content\/uploads\/2019\/12\/martel-unterwegs-roccolo-weinberge.jpg\" alt=\"Rebberge Roccolo Grassi \" class=\"wp-image-1178\" srcset=\"https:\/\/www.martel.ch\/cms\/wp-content\/uploads\/2019\/12\/martel-unterwegs-roccolo-weinberge.jpg 728w, https:\/\/www.martel.ch\/cms\/wp-content\/uploads\/2019\/12\/martel-unterwegs-roccolo-weinberge-300x200.jpg 300w, https:\/\/www.martel.ch\/cms\/wp-content\/uploads\/2019\/12\/martel-unterwegs-roccolo-weinberge-332x221.jpg 332w, https:\/\/www.martel.ch\/cms\/wp-content\/uploads\/2019\/12\/martel-unterwegs-roccolo-weinberge-290x193.jpg 290w, https:\/\/www.martel.ch\/cms\/wp-content\/uploads\/2019\/12\/martel-unterwegs-roccolo-weinberge-446x297.jpg 446w, https:\/\/www.martel.ch\/cms\/wp-content\/uploads\/2019\/12\/martel-unterwegs-roccolo-weinberge-679x452.jpg 679w, https:\/\/www.martel.ch\/cms\/wp-content\/uploads\/2019\/12\/martel-unterwegs-roccolo-weinberge-554x369.jpg 554w, https:\/\/www.martel.ch\/cms\/wp-content\/uploads\/2019\/12\/martel-unterwegs-roccolo-weinberge-330x220.jpg 330w, https:\/\/www.martel.ch\/cms\/wp-content\/uploads\/2019\/12\/martel-unterwegs-roccolo-weinberge-400x266.jpg 400w, https:\/\/www.martel.ch\/cms\/wp-content\/uploads\/2019\/12\/martel-unterwegs-roccolo-weinberge-500x333.jpg 500w, https:\/\/www.martel.ch\/cms\/wp-content\/uploads\/2019\/12\/martel-unterwegs-roccolo-weinberge-359x239.jpg 359w, https:\/\/www.martel.ch\/cms\/wp-content\/uploads\/2019\/12\/martel-unterwegs-roccolo-weinberge-230x153.jpg 230w, https:\/\/www.martel.ch\/cms\/wp-content\/uploads\/2019\/12\/martel-unterwegs-roccolo-weinberge-680x453.jpg 680w, https:\/\/www.martel.ch\/cms\/wp-content\/uploads\/2019\/12\/martel-unterwegs-roccolo-weinberge-490x326.jpg 490w\" sizes=\"auto, (max-width: 728px) 100vw, 728px\" \/><figcaption>Die Rebberge von Roccolo Grassi<\/figcaption><\/figure>\n\n\n\n<figure class=\"wp-block-image alignnone size-full wp-image-1177\"><img loading=\"lazy\" decoding=\"async\" width=\"728\" height=\"485\" src=\"\/cms\/wp-content\/uploads\/2019\/12\/martel-unterwegs-roccolo-grassi.jpg\" alt=\"Marco und Francesca Sartori \" class=\"wp-image-1177\" srcset=\"https:\/\/www.martel.ch\/cms\/wp-content\/uploads\/2019\/12\/martel-unterwegs-roccolo-grassi.jpg 728w, https:\/\/www.martel.ch\/cms\/wp-content\/uploads\/2019\/12\/martel-unterwegs-roccolo-grassi-300x200.jpg 300w, https:\/\/www.martel.ch\/cms\/wp-content\/uploads\/2019\/12\/martel-unterwegs-roccolo-grassi-332x221.jpg 332w, https:\/\/www.martel.ch\/cms\/wp-content\/uploads\/2019\/12\/martel-unterwegs-roccolo-grassi-290x193.jpg 290w, https:\/\/www.martel.ch\/cms\/wp-content\/uploads\/2019\/12\/martel-unterwegs-roccolo-grassi-446x297.jpg 446w, https:\/\/www.martel.ch\/cms\/wp-content\/uploads\/2019\/12\/martel-unterwegs-roccolo-grassi-679x452.jpg 679w, https:\/\/www.martel.ch\/cms\/wp-content\/uploads\/2019\/12\/martel-unterwegs-roccolo-grassi-554x369.jpg 554w, https:\/\/www.martel.ch\/cms\/wp-content\/uploads\/2019\/12\/martel-unterwegs-roccolo-grassi-330x220.jpg 330w, https:\/\/www.martel.ch\/cms\/wp-content\/uploads\/2019\/12\/martel-unterwegs-roccolo-grassi-400x266.jpg 400w, https:\/\/www.martel.ch\/cms\/wp-content\/uploads\/2019\/12\/martel-unterwegs-roccolo-grassi-500x333.jpg 500w, https:\/\/www.martel.ch\/cms\/wp-content\/uploads\/2019\/12\/martel-unterwegs-roccolo-grassi-359x239.jpg 359w, https:\/\/www.martel.ch\/cms\/wp-content\/uploads\/2019\/12\/martel-unterwegs-roccolo-grassi-230x153.jpg 230w, https:\/\/www.martel.ch\/cms\/wp-content\/uploads\/2019\/12\/martel-unterwegs-roccolo-grassi-680x453.jpg 680w, https:\/\/www.martel.ch\/cms\/wp-content\/uploads\/2019\/12\/martel-unterwegs-roccolo-grassi-490x326.jpg 490w\" sizes=\"auto, (max-width: 728px) 100vw, 728px\" \/><figcaption>Marco und Francesca Sartori<\/figcaption><\/figure>\n\n\n\n<h2 class=\"wp-block-heading\">Bisol \u2013 Prosecco di Valdobbiadene<\/h2>\n\n\n\n<p>Die traumhafte Lage inmitten der Weinberge hat dem St\u00e4dtchen Valdobbiadene v\u00f6llig zu Recht 2018 den Titel <strong>UNESCO-Weltkulturerbe<\/strong> eingebracht. Ganz anders als die schier unendlichen Monokultur-Fl\u00e4chen in der Po-Ebene f\u00fcr den Prosecco DOC zeigt sich die Landschaft in der Kernzone ungemein vielseitig: Weinberge und Oliven-Haine an den H\u00e4ngen und auf den Kuppen, in den T\u00e4lern W\u00e4lder und G\u00e4rten mit Obstb\u00e4umen und Haselnussstr\u00e4uchern.<\/p>\n\n\n\n<p>Dank besonders guter Sonneneinstrahlung, verschiedenster Bodentypen mit hervorragender Drainage, <strong>sind die Prosecci aus Valdobbiadene ungemein vielschichtiger, lebendiger und tiefgr\u00fcndiger als die Vertreter aus der Tiefebene.<\/strong><\/p>\n\n\n\n<p>Die Kr\u00f6nung aller Weinbergslagen ist der ungemein steile, s\u00fcd-exponierte Cru Cartizze. Die Produktionskosten \u00fcbersteigen hier diejenigen in der Ebene um ein Vielfaches. <strong>Das Resultat ist ein Produkt von grosser Eigenst\u00e4ndigkeit und Feinheit.<\/strong> Die meist leicht s\u00fcsslich ausgebauten Schaumweine sind ein perfekter Begleiter eines weihn\u00e4chtlichen Panettone-Schmauses.<\/p>\n\n\n\n<figure class=\"wp-block-image alignnone size-full wp-image-1176\"><img loading=\"lazy\" decoding=\"async\" width=\"728\" height=\"485\" src=\"\/cms\/wp-content\/uploads\/2019\/12\/martel-unterwegs-bisol.jpg\" alt=\"Bisol \" class=\"wp-image-1176\" srcset=\"https:\/\/www.martel.ch\/cms\/wp-content\/uploads\/2019\/12\/martel-unterwegs-bisol.jpg 728w, https:\/\/www.martel.ch\/cms\/wp-content\/uploads\/2019\/12\/martel-unterwegs-bisol-300x200.jpg 300w, https:\/\/www.martel.ch\/cms\/wp-content\/uploads\/2019\/12\/martel-unterwegs-bisol-332x221.jpg 332w, https:\/\/www.martel.ch\/cms\/wp-content\/uploads\/2019\/12\/martel-unterwegs-bisol-290x193.jpg 290w, https:\/\/www.martel.ch\/cms\/wp-content\/uploads\/2019\/12\/martel-unterwegs-bisol-446x297.jpg 446w, https:\/\/www.martel.ch\/cms\/wp-content\/uploads\/2019\/12\/martel-unterwegs-bisol-679x452.jpg 679w, https:\/\/www.martel.ch\/cms\/wp-content\/uploads\/2019\/12\/martel-unterwegs-bisol-554x369.jpg 554w, https:\/\/www.martel.ch\/cms\/wp-content\/uploads\/2019\/12\/martel-unterwegs-bisol-330x220.jpg 330w, https:\/\/www.martel.ch\/cms\/wp-content\/uploads\/2019\/12\/martel-unterwegs-bisol-400x266.jpg 400w, https:\/\/www.martel.ch\/cms\/wp-content\/uploads\/2019\/12\/martel-unterwegs-bisol-500x333.jpg 500w, https:\/\/www.martel.ch\/cms\/wp-content\/uploads\/2019\/12\/martel-unterwegs-bisol-359x239.jpg 359w, https:\/\/www.martel.ch\/cms\/wp-content\/uploads\/2019\/12\/martel-unterwegs-bisol-230x153.jpg 230w, https:\/\/www.martel.ch\/cms\/wp-content\/uploads\/2019\/12\/martel-unterwegs-bisol-680x453.jpg 680w, https:\/\/www.martel.ch\/cms\/wp-content\/uploads\/2019\/12\/martel-unterwegs-bisol-490x326.jpg 490w\" sizes=\"auto, (max-width: 728px) 100vw, 728px\" \/><figcaption>Bisol<\/figcaption><\/figure>\n\n\n\n<figure class=\"wp-block-image alignnone size-full wp-image-1218\"><img loading=\"lazy\" decoding=\"async\" width=\"728\" height=\"485\" src=\"\/cms\/wp-content\/uploads\/2019\/12\/martel-blog-bisol-cartizze.jpg\" alt=\"Bisol Rebberg Cartizze\" class=\"wp-image-1218\" srcset=\"https:\/\/www.martel.ch\/cms\/wp-content\/uploads\/2019\/12\/martel-blog-bisol-cartizze.jpg 728w, https:\/\/www.martel.ch\/cms\/wp-content\/uploads\/2019\/12\/martel-blog-bisol-cartizze-300x200.jpg 300w, https:\/\/www.martel.ch\/cms\/wp-content\/uploads\/2019\/12\/martel-blog-bisol-cartizze-332x221.jpg 332w, https:\/\/www.martel.ch\/cms\/wp-content\/uploads\/2019\/12\/martel-blog-bisol-cartizze-290x193.jpg 290w, https:\/\/www.martel.ch\/cms\/wp-content\/uploads\/2019\/12\/martel-blog-bisol-cartizze-446x297.jpg 446w, https:\/\/www.martel.ch\/cms\/wp-content\/uploads\/2019\/12\/martel-blog-bisol-cartizze-679x452.jpg 679w, https:\/\/www.martel.ch\/cms\/wp-content\/uploads\/2019\/12\/martel-blog-bisol-cartizze-554x369.jpg 554w, https:\/\/www.martel.ch\/cms\/wp-content\/uploads\/2019\/12\/martel-blog-bisol-cartizze-330x220.jpg 330w, https:\/\/www.martel.ch\/cms\/wp-content\/uploads\/2019\/12\/martel-blog-bisol-cartizze-400x266.jpg 400w, https:\/\/www.martel.ch\/cms\/wp-content\/uploads\/2019\/12\/martel-blog-bisol-cartizze-500x333.jpg 500w, https:\/\/www.martel.ch\/cms\/wp-content\/uploads\/2019\/12\/martel-blog-bisol-cartizze-359x239.jpg 359w, https:\/\/www.martel.ch\/cms\/wp-content\/uploads\/2019\/12\/martel-blog-bisol-cartizze-230x153.jpg 230w, https:\/\/www.martel.ch\/cms\/wp-content\/uploads\/2019\/12\/martel-blog-bisol-cartizze-680x453.jpg 680w, https:\/\/www.martel.ch\/cms\/wp-content\/uploads\/2019\/12\/martel-blog-bisol-cartizze-490x326.jpg 490w\" sizes=\"auto, (max-width: 728px) 100vw, 728px\" \/><figcaption>Bisol Rebberg Cartizze<\/figcaption><\/figure>\n\n\n\n<p><a class=\"link-buttonstyle btn btn-primary\" href=\"https:\/\/www.martel.ch\/shop\/wein\/sortiment\/wein\/winzer\/roccolo-grassi-bisol.html\" target=\"_blank\" rel=\"noopener noreferrer\">Grassi und Bisol Weine im Shop<\/a><\/p>\n","protected":false},"excerpt":{"rendered":"","protected":false},"author":28,"featured_media":1179,"comment_status":"closed","ping_status":"closed","sticky":false,"template":"","format":"standard","meta":{"_acf_changed":false,"inline_featured_image":false,"footnotes":""},"categories":[449,56],"tags":[],"coauthors":[],"class_list":["post-1170","post","type-post","status-publish","format-standard","has-post-thumbnail","hentry","category-alle","category-unterwegs-im-rebberg"],"acf":{"inhaltselemente":null},"yoast_head":"<!-- This site is optimized with the Yoast SEO plugin v27.5 - https:\/\/yoast.com\/product\/yoast-seo-wordpress\/ -->\n<title>In Italien bei Grassi und Bisol. Zwei Kurzportraits. | Martel Weine St.Gallen und Z\u00fcrich<\/title>\n<meta name=\"description\" content=\"Die Vorfreude auf einen ausgezeichneten Jahrgang 2019 w\u00e4chst beim Anblick der trocknenden, bereits leicht rosinierten Trauben beim Weingut Roccolo Grassi.\" \/>\n<meta name=\"robots\" content=\"index, follow, max-snippet:-1, max-image-preview:large, max-video-preview:-1\" \/>\n<link rel=\"canonical\" href=\"https:\/\/www.martel.ch\/cms\/weinwissen\/weinmagazin\/unterwegs-im-rebberg\/in-italien-bei-grassi-und-bisol-zwei-kurzportraits\/\" \/>\n<meta property=\"og:locale\" content=\"de_DE\" \/>\n<meta property=\"og:type\" content=\"article\" \/>\n<meta property=\"og:title\" content=\"In Italien bei Grassi und Bisol. Zwei Kurzportraits. | Martel Weine St.Gallen und Z\u00fcrich\" \/>\n<meta property=\"og:description\" content=\"Die Vorfreude auf einen ausgezeichneten Jahrgang 2019 w\u00e4chst beim Anblick der trocknenden, bereits leicht rosinierten Trauben beim Weingut Roccolo Grassi.\" \/>\n<meta property=\"og:url\" content=\"https:\/\/www.martel.ch\/cms\/weinwissen\/weinmagazin\/unterwegs-im-rebberg\/in-italien-bei-grassi-und-bisol-zwei-kurzportraits\/\" \/>\n<meta property=\"og:site_name\" content=\"Martel\" \/>\n<meta property=\"article:publisher\" content=\"https:\/\/www.facebook.com\/pages\/Martel-AG-St-Gallen\/233396026691876\" \/>\n<meta property=\"article:published_time\" content=\"2019-12-02T10:13:36+00:00\" \/>\n<meta property=\"article:modified_time\" content=\"2022-08-09T12:12:19+00:00\" \/>\n<meta property=\"og:image\" content=\"https:\/\/www.martel.ch\/cms\/wp-content\/uploads\/2019\/12\/martel-unterwegs-trauben-grassi.jpg\" \/>\n\t<meta property=\"og:image:width\" content=\"728\" \/>\n\t<meta property=\"og:image:height\" content=\"485\" \/>\n\t<meta property=\"og:image:type\" content=\"image\/jpeg\" \/>\n<meta name=\"author\" content=\"Philippe Gallusser\" \/>\n<meta name=\"twitter:card\" content=\"summary_large_image\" \/>\n<meta name=\"twitter:creator\" content=\"@martel_weinwelt\" \/>\n<meta name=\"twitter:site\" content=\"@martel_weinwelt\" \/>\n<meta name=\"twitter:label1\" content=\"Geschrieben von\" \/>\n\t<meta name=\"twitter:data1\" content=\"Philippe Gallusser\" \/>\n\t<meta name=\"twitter:label2\" content=\"Gesch\u00e4tzte Lesezeit\" \/>\n\t<meta name=\"twitter:data2\" content=\"4\u00a0Minuten\" \/>\n\t<meta name=\"twitter:label3\" content=\"Written by\" \/>\n\t<meta name=\"twitter:data3\" content=\"Philippe Gallusser\" \/>\n<script type=\"application\/ld+json\" class=\"yoast-schema-graph\">{\"@context\":\"https:\\\/\\\/schema.org\",\"@graph\":[{\"@type\":\"Article\",\"@id\":\"https:\\\/\\\/www.martel.ch\\\/cms\\\/weinwissen\\\/weinmagazin\\\/unterwegs-im-rebberg\\\/in-italien-bei-grassi-und-bisol-zwei-kurzportraits\\\/#article\",\"isPartOf\":{\"@id\":\"https:\\\/\\\/www.martel.ch\\\/cms\\\/weinwissen\\\/weinmagazin\\\/unterwegs-im-rebberg\\\/in-italien-bei-grassi-und-bisol-zwei-kurzportraits\\\/\"},\"author\":{\"name\":\"Philippe Gallusser\",\"@id\":\"https:\\\/\\\/www.martel.ch\\\/cms\\\/#\\\/schema\\\/person\\\/34a76687b8a26bc1a5fb3b22a287481a\"},\"headline\":\"In Italien bei Grassi und Bisol. Zwei Kurzportraits.\",\"datePublished\":\"2019-12-02T10:13:36+00:00\",\"dateModified\":\"2022-08-09T12:12:19+00:00\",\"mainEntityOfPage\":{\"@id\":\"https:\\\/\\\/www.martel.ch\\\/cms\\\/weinwissen\\\/weinmagazin\\\/unterwegs-im-rebberg\\\/in-italien-bei-grassi-und-bisol-zwei-kurzportraits\\\/\"},\"wordCount\":421,\"publisher\":{\"@id\":\"https:\\\/\\\/www.martel.ch\\\/cms\\\/#organization\"},\"image\":{\"@id\":\"https:\\\/\\\/www.martel.ch\\\/cms\\\/weinwissen\\\/weinmagazin\\\/unterwegs-im-rebberg\\\/in-italien-bei-grassi-und-bisol-zwei-kurzportraits\\\/#primaryimage\"},\"thumbnailUrl\":\"https:\\\/\\\/www.martel.ch\\\/cms\\\/wp-content\\\/uploads\\\/2019\\\/12\\\/martel-unterwegs-trauben-grassi.jpg\",\"articleSection\":[\"Alle\",\"Unterwegs im Rebberg\"],\"inLanguage\":\"de-CH\"},{\"@type\":\"WebPage\",\"@id\":\"https:\\\/\\\/www.martel.ch\\\/cms\\\/weinwissen\\\/weinmagazin\\\/unterwegs-im-rebberg\\\/in-italien-bei-grassi-und-bisol-zwei-kurzportraits\\\/\",\"url\":\"https:\\\/\\\/www.martel.ch\\\/cms\\\/weinwissen\\\/weinmagazin\\\/unterwegs-im-rebberg\\\/in-italien-bei-grassi-und-bisol-zwei-kurzportraits\\\/\",\"name\":\"In Italien bei Grassi und Bisol. Zwei Kurzportraits. | Martel Weine St.Gallen und Z\u00fcrich\",\"isPartOf\":{\"@id\":\"https:\\\/\\\/www.martel.ch\\\/cms\\\/#website\"},\"primaryImageOfPage\":{\"@id\":\"https:\\\/\\\/www.martel.ch\\\/cms\\\/weinwissen\\\/weinmagazin\\\/unterwegs-im-rebberg\\\/in-italien-bei-grassi-und-bisol-zwei-kurzportraits\\\/#primaryimage\"},\"image\":{\"@id\":\"https:\\\/\\\/www.martel.ch\\\/cms\\\/weinwissen\\\/weinmagazin\\\/unterwegs-im-rebberg\\\/in-italien-bei-grassi-und-bisol-zwei-kurzportraits\\\/#primaryimage\"},\"thumbnailUrl\":\"https:\\\/\\\/www.martel.ch\\\/cms\\\/wp-content\\\/uploads\\\/2019\\\/12\\\/martel-unterwegs-trauben-grassi.jpg\",\"datePublished\":\"2019-12-02T10:13:36+00:00\",\"dateModified\":\"2022-08-09T12:12:19+00:00\",\"description\":\"Die Vorfreude auf einen ausgezeichneten Jahrgang 2019 w\u00e4chst beim Anblick der trocknenden, bereits leicht rosinierten Trauben beim Weingut Roccolo Grassi.\",\"breadcrumb\":{\"@id\":\"https:\\\/\\\/www.martel.ch\\\/cms\\\/weinwissen\\\/weinmagazin\\\/unterwegs-im-rebberg\\\/in-italien-bei-grassi-und-bisol-zwei-kurzportraits\\\/#breadcrumb\"},\"inLanguage\":\"de-CH\",\"potentialAction\":[{\"@type\":\"ReadAction\",\"target\":[\"https:\\\/\\\/www.martel.ch\\\/cms\\\/weinwissen\\\/weinmagazin\\\/unterwegs-im-rebberg\\\/in-italien-bei-grassi-und-bisol-zwei-kurzportraits\\\/\"]}]},{\"@type\":\"ImageObject\",\"inLanguage\":\"de-CH\",\"@id\":\"https:\\\/\\\/www.martel.ch\\\/cms\\\/weinwissen\\\/weinmagazin\\\/unterwegs-im-rebberg\\\/in-italien-bei-grassi-und-bisol-zwei-kurzportraits\\\/#primaryimage\",\"url\":\"https:\\\/\\\/www.martel.ch\\\/cms\\\/wp-content\\\/uploads\\\/2019\\\/12\\\/martel-unterwegs-trauben-grassi.jpg\",\"contentUrl\":\"https:\\\/\\\/www.martel.ch\\\/cms\\\/wp-content\\\/uploads\\\/2019\\\/12\\\/martel-unterwegs-trauben-grassi.jpg\",\"width\":728,\"height\":485,\"caption\":\"Roccolo Grassi Trauben\"},{\"@type\":\"BreadcrumbList\",\"@id\":\"https:\\\/\\\/www.martel.ch\\\/cms\\\/weinwissen\\\/weinmagazin\\\/unterwegs-im-rebberg\\\/in-italien-bei-grassi-und-bisol-zwei-kurzportraits\\\/#breadcrumb\",\"itemListElement\":[{\"@type\":\"ListItem\",\"position\":1,\"name\":\"Startseite\",\"item\":\"https:\\\/\\\/www.martel.ch\\\/cms\\\/\"},{\"@type\":\"ListItem\",\"position\":2,\"name\":\"In Italien bei Grassi und Bisol. Zwei Kurzportraits.\"}]},{\"@type\":\"WebSite\",\"@id\":\"https:\\\/\\\/www.martel.ch\\\/cms\\\/#website\",\"url\":\"https:\\\/\\\/www.martel.ch\\\/cms\\\/\",\"name\":\"Martel\",\"description\":\"F\u00fcr Weinbegeisterte und die, die es werden m\u00f6chten.\",\"publisher\":{\"@id\":\"https:\\\/\\\/www.martel.ch\\\/cms\\\/#organization\"},\"potentialAction\":[{\"@type\":\"SearchAction\",\"target\":{\"@type\":\"EntryPoint\",\"urlTemplate\":\"https:\\\/\\\/www.martel.ch\\\/cms\\\/?s={search_term_string}\"},\"query-input\":{\"@type\":\"PropertyValueSpecification\",\"valueRequired\":true,\"valueName\":\"search_term_string\"}}],\"inLanguage\":\"de-CH\"},{\"@type\":\"Organization\",\"@id\":\"https:\\\/\\\/www.martel.ch\\\/cms\\\/#organization\",\"name\":\"Martel AG St.Gallen\",\"url\":\"https:\\\/\\\/www.martel.ch\\\/cms\\\/\",\"logo\":{\"@type\":\"ImageObject\",\"inLanguage\":\"de-CH\",\"@id\":\"https:\\\/\\\/www.martel.ch\\\/cms\\\/#\\\/schema\\\/logo\\\/image\\\/\",\"url\":\"https:\\\/\\\/www.martel.ch\\\/cms\\\/wp-content\\\/uploads\\\/2019\\\/02\\\/martel-logo.png\",\"contentUrl\":\"https:\\\/\\\/www.martel.ch\\\/cms\\\/wp-content\\\/uploads\\\/2019\\\/02\\\/martel-logo.png\",\"width\":600,\"height\":600,\"caption\":\"Martel AG St.Gallen\"},\"image\":{\"@id\":\"https:\\\/\\\/www.martel.ch\\\/cms\\\/#\\\/schema\\\/logo\\\/image\\\/\"},\"sameAs\":[\"https:\\\/\\\/www.facebook.com\\\/pages\\\/Martel-AG-St-Gallen\\\/233396026691876\",\"https:\\\/\\\/x.com\\\/martel_weinwelt\",\"https:\\\/\\\/www.instagram.com\\\/martel_weinwelt\\\/\",\"https:\\\/\\\/www.linkedin.com\\\/company\\\/martel-ag-st-gallen\",\"https:\\\/\\\/www.pinterest.ch\\\/martel_weinwelt\"]},{\"@type\":\"Person\",\"@id\":\"https:\\\/\\\/www.martel.ch\\\/cms\\\/#\\\/schema\\\/person\\\/34a76687b8a26bc1a5fb3b22a287481a\",\"name\":\"Philippe Gallusser\",\"image\":{\"@type\":\"ImageObject\",\"inLanguage\":\"de-CH\",\"@id\":\"https:\\\/\\\/secure.gravatar.com\\\/avatar\\\/663f232faa4b6a854f7df0a35e7f2efdc0c05f7bac7b8b1028518aa25a819773?s=96&d=mm&r=g85d574c6257a83706852700a377bf5a1\",\"url\":\"https:\\\/\\\/secure.gravatar.com\\\/avatar\\\/663f232faa4b6a854f7df0a35e7f2efdc0c05f7bac7b8b1028518aa25a819773?s=96&d=mm&r=g\",\"contentUrl\":\"https:\\\/\\\/secure.gravatar.com\\\/avatar\\\/663f232faa4b6a854f7df0a35e7f2efdc0c05f7bac7b8b1028518aa25a819773?s=96&d=mm&r=g\",\"caption\":\"Philippe Gallusser\"}}]}<\/script>\n<!-- \/ Yoast SEO plugin. -->","yoast_head_json":{"title":"In Italien bei Grassi und Bisol. Zwei Kurzportraits. | Martel Weine St.Gallen und Z\u00fcrich","description":"Die Vorfreude auf einen ausgezeichneten Jahrgang 2019 w\u00e4chst beim Anblick der trocknenden, bereits leicht rosinierten Trauben beim Weingut Roccolo Grassi.","robots":{"index":"index","follow":"follow","max-snippet":"max-snippet:-1","max-image-preview":"max-image-preview:large","max-video-preview":"max-video-preview:-1"},"canonical":"https:\/\/www.martel.ch\/cms\/weinwissen\/weinmagazin\/unterwegs-im-rebberg\/in-italien-bei-grassi-und-bisol-zwei-kurzportraits\/","og_locale":"de_DE","og_type":"article","og_title":"In Italien bei Grassi und Bisol. Zwei Kurzportraits. | Martel Weine St.Gallen und Z\u00fcrich","og_description":"Die Vorfreude auf einen ausgezeichneten Jahrgang 2019 w\u00e4chst beim Anblick der trocknenden, bereits leicht rosinierten Trauben beim Weingut Roccolo Grassi.","og_url":"https:\/\/www.martel.ch\/cms\/weinwissen\/weinmagazin\/unterwegs-im-rebberg\/in-italien-bei-grassi-und-bisol-zwei-kurzportraits\/","og_site_name":"Martel","article_publisher":"https:\/\/www.facebook.com\/pages\/Martel-AG-St-Gallen\/233396026691876","article_published_time":"2019-12-02T10:13:36+00:00","article_modified_time":"2022-08-09T12:12:19+00:00","og_image":[{"width":728,"height":485,"url":"https:\/\/www.martel.ch\/cms\/wp-content\/uploads\/2019\/12\/martel-unterwegs-trauben-grassi.jpg","type":"image\/jpeg"}],"author":"Philippe Gallusser","twitter_card":"summary_large_image","twitter_creator":"@martel_weinwelt","twitter_site":"@martel_weinwelt","twitter_misc":{"Geschrieben von":"Philippe Gallusser","Gesch\u00e4tzte Lesezeit":"4\u00a0Minuten","Written by":"Philippe Gallusser"},"schema":{"@context":"https:\/\/schema.org","@graph":[{"@type":"Article","@id":"https:\/\/www.martel.ch\/cms\/weinwissen\/weinmagazin\/unterwegs-im-rebberg\/in-italien-bei-grassi-und-bisol-zwei-kurzportraits\/#article","isPartOf":{"@id":"https:\/\/www.martel.ch\/cms\/weinwissen\/weinmagazin\/unterwegs-im-rebberg\/in-italien-bei-grassi-und-bisol-zwei-kurzportraits\/"},"author":{"name":"Philippe Gallusser","@id":"https:\/\/www.martel.ch\/cms\/#\/schema\/person\/34a76687b8a26bc1a5fb3b22a287481a"},"headline":"In Italien bei Grassi und Bisol. Zwei Kurzportraits.","datePublished":"2019-12-02T10:13:36+00:00","dateModified":"2022-08-09T12:12:19+00:00","mainEntityOfPage":{"@id":"https:\/\/www.martel.ch\/cms\/weinwissen\/weinmagazin\/unterwegs-im-rebberg\/in-italien-bei-grassi-und-bisol-zwei-kurzportraits\/"},"wordCount":421,"publisher":{"@id":"https:\/\/www.martel.ch\/cms\/#organization"},"image":{"@id":"https:\/\/www.martel.ch\/cms\/weinwissen\/weinmagazin\/unterwegs-im-rebberg\/in-italien-bei-grassi-und-bisol-zwei-kurzportraits\/#primaryimage"},"thumbnailUrl":"https:\/\/www.martel.ch\/cms\/wp-content\/uploads\/2019\/12\/martel-unterwegs-trauben-grassi.jpg","articleSection":["Alle","Unterwegs im Rebberg"],"inLanguage":"de-CH"},{"@type":"WebPage","@id":"https:\/\/www.martel.ch\/cms\/weinwissen\/weinmagazin\/unterwegs-im-rebberg\/in-italien-bei-grassi-und-bisol-zwei-kurzportraits\/","url":"https:\/\/www.martel.ch\/cms\/weinwissen\/weinmagazin\/unterwegs-im-rebberg\/in-italien-bei-grassi-und-bisol-zwei-kurzportraits\/","name":"In Italien bei Grassi und Bisol. Zwei Kurzportraits. | Martel Weine St.Gallen und Z\u00fcrich","isPartOf":{"@id":"https:\/\/www.martel.ch\/cms\/#website"},"primaryImageOfPage":{"@id":"https:\/\/www.martel.ch\/cms\/weinwissen\/weinmagazin\/unterwegs-im-rebberg\/in-italien-bei-grassi-und-bisol-zwei-kurzportraits\/#primaryimage"},"image":{"@id":"https:\/\/www.martel.ch\/cms\/weinwissen\/weinmagazin\/unterwegs-im-rebberg\/in-italien-bei-grassi-und-bisol-zwei-kurzportraits\/#primaryimage"},"thumbnailUrl":"https:\/\/www.martel.ch\/cms\/wp-content\/uploads\/2019\/12\/martel-unterwegs-trauben-grassi.jpg","datePublished":"2019-12-02T10:13:36+00:00","dateModified":"2022-08-09T12:12:19+00:00","description":"Die Vorfreude auf einen ausgezeichneten Jahrgang 2019 w\u00e4chst beim Anblick der trocknenden, bereits leicht rosinierten Trauben beim Weingut Roccolo Grassi.","breadcrumb":{"@id":"https:\/\/www.martel.ch\/cms\/weinwissen\/weinmagazin\/unterwegs-im-rebberg\/in-italien-bei-grassi-und-bisol-zwei-kurzportraits\/#breadcrumb"},"inLanguage":"de-CH","potentialAction":[{"@type":"ReadAction","target":["https:\/\/www.martel.ch\/cms\/weinwissen\/weinmagazin\/unterwegs-im-rebberg\/in-italien-bei-grassi-und-bisol-zwei-kurzportraits\/"]}]},{"@type":"ImageObject","inLanguage":"de-CH","@id":"https:\/\/www.martel.ch\/cms\/weinwissen\/weinmagazin\/unterwegs-im-rebberg\/in-italien-bei-grassi-und-bisol-zwei-kurzportraits\/#primaryimage","url":"https:\/\/www.martel.ch\/cms\/wp-content\/uploads\/2019\/12\/martel-unterwegs-trauben-grassi.jpg","contentUrl":"https:\/\/www.martel.ch\/cms\/wp-content\/uploads\/2019\/12\/martel-unterwegs-trauben-grassi.jpg","width":728,"height":485,"caption":"Roccolo Grassi Trauben"},{"@type":"BreadcrumbList","@id":"https:\/\/www.martel.ch\/cms\/weinwissen\/weinmagazin\/unterwegs-im-rebberg\/in-italien-bei-grassi-und-bisol-zwei-kurzportraits\/#breadcrumb","itemListElement":[{"@type":"ListItem","position":1,"name":"Startseite","item":"https:\/\/www.martel.ch\/cms\/"},{"@type":"ListItem","position":2,"name":"In Italien bei Grassi und Bisol. Zwei Kurzportraits."}]},{"@type":"WebSite","@id":"https:\/\/www.martel.ch\/cms\/#website","url":"https:\/\/www.martel.ch\/cms\/","name":"Martel","description":"F\u00fcr Weinbegeisterte und die, die es werden m\u00f6chten.","publisher":{"@id":"https:\/\/www.martel.ch\/cms\/#organization"},"potentialAction":[{"@type":"SearchAction","target":{"@type":"EntryPoint","urlTemplate":"https:\/\/www.martel.ch\/cms\/?s={search_term_string}"},"query-input":{"@type":"PropertyValueSpecification","valueRequired":true,"valueName":"search_term_string"}}],"inLanguage":"de-CH"},{"@type":"Organization","@id":"https:\/\/www.martel.ch\/cms\/#organization","name":"Martel AG St.Gallen","url":"https:\/\/www.martel.ch\/cms\/","logo":{"@type":"ImageObject","inLanguage":"de-CH","@id":"https:\/\/www.martel.ch\/cms\/#\/schema\/logo\/image\/","url":"https:\/\/www.martel.ch\/cms\/wp-content\/uploads\/2019\/02\/martel-logo.png","contentUrl":"https:\/\/www.martel.ch\/cms\/wp-content\/uploads\/2019\/02\/martel-logo.png","width":600,"height":600,"caption":"Martel AG St.Gallen"},"image":{"@id":"https:\/\/www.martel.ch\/cms\/#\/schema\/logo\/image\/"},"sameAs":["https:\/\/www.facebook.com\/pages\/Martel-AG-St-Gallen\/233396026691876","https:\/\/x.com\/martel_weinwelt","https:\/\/www.instagram.com\/martel_weinwelt\/","https:\/\/www.linkedin.com\/company\/martel-ag-st-gallen","https:\/\/www.pinterest.ch\/martel_weinwelt"]},{"@type":"Person","@id":"https:\/\/www.martel.ch\/cms\/#\/schema\/person\/34a76687b8a26bc1a5fb3b22a287481a","name":"Philippe Gallusser","image":{"@type":"ImageObject","inLanguage":"de-CH","@id":"https:\/\/secure.gravatar.com\/avatar\/663f232faa4b6a854f7df0a35e7f2efdc0c05f7bac7b8b1028518aa25a819773?s=96&d=mm&r=g85d574c6257a83706852700a377bf5a1","url":"https:\/\/secure.gravatar.com\/avatar\/663f232faa4b6a854f7df0a35e7f2efdc0c05f7bac7b8b1028518aa25a819773?s=96&d=mm&r=g","contentUrl":"https:\/\/secure.gravatar.com\/avatar\/663f232faa4b6a854f7df0a35e7f2efdc0c05f7bac7b8b1028518aa25a819773?s=96&d=mm&r=g","caption":"Philippe Gallusser"}}]}},"_links":{"self":[{"href":"https:\/\/www.martel.ch\/cms\/wp-json\/wp\/v2\/posts\/1170","targetHints":{"allow":["GET"]}}],"collection":[{"href":"https:\/\/www.martel.ch\/cms\/wp-json\/wp\/v2\/posts"}],"about":[{"href":"https:\/\/www.martel.ch\/cms\/wp-json\/wp\/v2\/types\/post"}],"author":[{"embeddable":true,"href":"https:\/\/www.martel.ch\/cms\/wp-json\/wp\/v2\/users\/28"}],"replies":[{"embeddable":true,"href":"https:\/\/www.martel.ch\/cms\/wp-json\/wp\/v2\/comments?post=1170"}],"version-history":[{"count":5,"href":"https:\/\/www.martel.ch\/cms\/wp-json\/wp\/v2\/posts\/1170\/revisions"}],"predecessor-version":[{"id":14623,"href":"https:\/\/www.martel.ch\/cms\/wp-json\/wp\/v2\/posts\/1170\/revisions\/14623"}],"wp:featuredmedia":[{"embeddable":true,"href":"https:\/\/www.martel.ch\/cms\/wp-json\/wp\/v2\/media\/1179"}],"wp:attachment":[{"href":"https:\/\/www.martel.ch\/cms\/wp-json\/wp\/v2\/media?parent=1170"}],"wp:term":[{"taxonomy":"category","embeddable":true,"href":"https:\/\/www.martel.ch\/cms\/wp-json\/wp\/v2\/categories?post=1170"},{"taxonomy":"post_tag","embeddable":true,"href":"https:\/\/www.martel.ch\/cms\/wp-json\/wp\/v2\/tags?post=1170"},{"taxonomy":"author","embeddable":true,"href":"https:\/\/www.martel.ch\/cms\/wp-json\/wp\/v2\/coauthors?post=1170"}],"curies":[{"name":"wp","href":"https:\/\/api.w.org\/{rel}","templated":true}]}}