{"id":12198,"date":"2022-04-20T09:59:00","date_gmt":"2022-04-20T07:59:00","guid":{"rendered":"https:\/\/www.martel.ch\/cms\/?p=12198"},"modified":"2022-06-23T08:29:45","modified_gmt":"2022-06-23T06:29:45","slug":"auf-ein-glas-mit-pionieren-die-familie-martel","status":"publish","type":"post","link":"https:\/\/www.martel.ch\/cms\/weinwissen\/weinmagazin\/winzer-in-der-presse\/auf-ein-glas-mit-pionieren-die-familie-martel\/","title":{"rendered":"Auf ein Glas mit Pionieren \u2013 die Familie Martel"},"content":{"rendered":"\n<p><em>In Europa trinkt man seit gut und gerne 8000 Jahren Wein \u2013 erste Spuren des Weinbaus lassen sich im Georgien des 6. Jahrtausends vor Christus zur\u00fcckverfolgen. Und trotz dieser enormen Tradition zeigt sich in den Rebbergen von Hettlingen bis ins Chianti, in den Kellern von der Mosel bis ins Lavaux eine erstaunliche Dichte an Innovation und Erneuerungsdrang.&nbsp;<\/em><\/p>\n\n\n\n<!--more-->\n\n\n\n<p>Ein Pioniergeist, der auch vor den Weinhandlungen nicht Halt macht. Wenige hundert Meter vom Asga Hauptsitz in St.Gallen logiert eine solche Pionierin mit einer spannenden Geschichte: Die Martel AG St.Gallen.&nbsp;<strong>Wir haben uns aufgemacht und haben mit Jan Martel \u00fcber das innovative Familienunternehmen gesprochen.<\/strong>&nbsp;Und uns gleichzeitig beraten lassen, welchen Wein man denn am besten zu unserem (fiktiven) 60. Geburtstagsfest kredenzen k\u00f6nnte.<\/p>\n\n\n\n<p><strong>Wir werden dieses Jahr 60 Jahre alt. Eine stolze Zahl, wie wir finden. Aber nat\u00fcrlich kein Vergleich mit den 146 Jahren, die das Familienunternehmen Martel bereits auf dem Buckel hat. Bevor wir \u00fcber Wein reden, ganz unter uns: Wie schafft man es, so lange im Business zu bleiben?<\/strong><\/p>\n\n\n\n<p>Im Zentrum steht die Leidenschaft \u2013 in unserem Fall f\u00fcr die vielf\u00e4ltige Welt des Weins. Von Spitzenweinen fasziniert zu sein, heisst immer auch, etwas verliebt zu sein. Wir betrachten unsere Weine nicht als Ware, sondern als Gesamtkunstwerke, die wir mit dem n\u00f6tigen Respekt und mit Sorgfalt behandeln. Das sp\u00fcren und sch\u00e4tzen unsere Kundinnen und Kunden. Tradition und Klassik sind uns wichtig, aber wir legen ebenso Wert auf Innovation und Kreativit\u00e4t. H\u00f6chste Qualit\u00e4t verbunden mit gr\u00f6sstm\u00f6glicher Neugierde und Offenheit.<\/p>\n\n\n\n<p><strong>Innovation und Kreativit\u00e4t \u2013 das d\u00fcrfte wohl auch erkl\u00e4ren, warum Martel zu den ersten Weinhandlungen in Europa geh\u00f6rte, die in ihren Regalen kalifornischen Weinen einen Platz anbot. Eine Pioniertat, wie wir finden. Wollen wir also einer Flasche aus Kalifornien die Ehre geben, das (fiktive) Geburtstagsfest der Asga weintechnisch zu er\u00f6ffnen?<\/strong><\/p>\n\n\n\n<p>Mein Grossvater Erich Martel reiste 1963 durch Kalifornien und so fanden erste amerikanische Weine den Weg nach St.Gallen. Was \u00fcbrigens die New York Times zum Kommentar bewog, das w\u00e4re ja \u201elike selling iceboxes to eskimos\u201c, Eulen nach Athen tragen quasi. Heute wissen wir nat\u00fcrlich l\u00e4ngst, welche Qualit\u00e4t aus kalifornischen Lagen zu uns kommt. Ein bisschen kalifornische Lebensfreude inklusive. Das passt also ganz gut f\u00fcr das erste Glas des Abends. Ich empfehle von Heitz Wine Cellars den\u00a0<a href=\"\/shop\/chardonnay-hez1718.html\">Chardonnay 2018<\/a>. Ein klassisch im Barrique ausgebauter Chardonnay mit viel Kraft, Eleganz und der n\u00f6tigen Frische. Der Name Heitz steht heute \u00fcbrigens f\u00fcr Kult und Weinlegende. H\u00f6chste Qualit\u00e4t ohne Kompromisse. Das passt doch ausgezeichnet zur Asga.<\/p>\n\n\n\n<p><strong>Cheers! Viele lassen es bei einer Pioniertat bleiben \u2013 Martel nicht. Womit wir wieder beim Innovationsgeist w\u00e4ren. Bereits 1995, w\u00e4hrend noch die wenigsten von uns eine E-Mail-Adresse besassen, hatte Martel bereits einen Online-Shop. Wie kam es dazu?<\/strong><\/p>\n\n\n\n<p>Der Anstoss kam von meinem Schwager: Er war damals an der HSG t\u00e4tig und suchte ein Produkt f\u00fcr einen Online-Shop. Ich konnte die damaligen Gesch\u00e4ftsf\u00fchrer \u00fcberzeugen, obschon die Branche gegen\u00fcber dem Internet noch sehr kritisch eingestellt war. Das interessierte damals denn auch eher die Internetcommunity, die ersten Bestellungen trafen aus Norwegen, Spanien und England ein. Aber wir k\u00f6nnen heute von 27 Jahren E-Commerce-Erfahrung profitieren und wissen, wie man das emotionale Thema Wein sowohl on- als auch offline transportieren kann. Zurzeit arbeiten wir \u00fcbrigens an ganz neuen Erlebniswelten, welche bereits in wenigen Monaten virtuell sichtbar werden.<\/p>\n\n\n\n<p><strong>Bleiben wir f\u00fcr den Moment offline: An unserem Geburtstagsfest kommen wir zum Hauptgang. Wie geht die Weinreise weiter?<\/strong><\/p>\n\n\n\n<p>Bei einem solch grossartigen Geburtstagsfest w\u00fcrde ich auf einen klassischen und zeitlosen Wein setzen:\u00a0<a href=\"\/shop\/chateau-moncets-cch2718.html\">Ch\u00e2teau Moncets 2016<\/a>\u00a0aus Lalande-de-Pomerol. Dieser Bordeaux eines sympathischen Familienbetriebes wird dominiert von besten Merlot-Trauben. Grosse Klasse. Als Alternative k\u00f6nnte ich mir auch einen Brunello di Montalcino von Ridolfi vorstellen. Der 2016er besticht durch unerh\u00f6rte Eleganz, viel Tiefgang und einen grossartigen Trinkfluss. Toskana in Perfektion sozusagen. Hier wurde ein grosser Traditionalist zum \u00dcberflieger der Gegenwart.<\/p>\n\n\n\n<p><strong>Ein Blick in die Zukunft: K\u00f6nnen Sie uns schon etwas zu Ihrer n\u00e4chsten Pioniertat verraten?<\/strong><\/p>\n\n\n\n<p>Eine Pioniertat zu leisten ist nicht unser Ziel. Vielmehr muss die Basis stimmen: Ein Top-Produkt, Top-Beratung, Top-Dienstleistung. Wenn dann noch Begeisterung, Innovationsgeist und die n\u00f6tige Portion Gl\u00fcck dazu kommt, passieren die Pionierleistungen ganz nebenbei. Aber nat\u00fcrlich versuchen wir, bei neuen Projekten immer out-of-the-box zu denken, auf der gr\u00fcnen Wiese zu starten, und uns dabei die h\u00f6chsten Ziele zu setzen. So auch geschehen beim jetzigen Erlebniswelt-Projekt, man darf gespannt sein. Und m\u00f6glich ist das Ganze nat\u00fcrlich nur mit einem ausgezeichneten Team. Dieses f\u00f6rdern wir t\u00e4glich und \u00f6ffnen damit die T\u00fcren f\u00fcr neue Ideen.<\/p>\n\n\n\n<p><strong>Herr Martel, wir haben den Schaumwein vergessen! Verzeihen Sie uns die Exzentrik, aber einen Geburtstag, auch wenn das Fest nur fiktiv ist, ohne Schaumwein m\u00f6chten wir uns gerade nicht vorstellen. W\u00e4re es ein Verbrechen, wenn wir das Fest nun mit einem prickelndem Schluck abschliessen?<\/strong><\/p>\n\n\n\n<p>Auf gar keinen Fall,\u00a0<a href=\"\/shop\/champagne-de-saint-gall-gab67xx.html\">Champagner<\/a>\u00a0passt geradezu hervorragend zum Abschied und begleitet die G\u00e4ste nach einem rauschenden Fest beschwingt nach Hause. Auf Ihr Wohl \u2013 und Happy Birthday!<\/p>\n\n\n\n<p><em>Die Martel AG St.Gallen ist eine der \u00e4ltesten Weinhandlungen der Schweiz, verf\u00fcgt \u00fcber drei Standorte in St.Gallen und Z\u00fcrich sowie \u00fcber ein grosses Beraterteam f\u00fcr die Gastronomie. Martel ist ein Familienunternehmen \u2013 unabh\u00e4ngig in jeglicher Hinsicht \u2013 mit 47 Mitarbeitenden.<\/em><\/p>\n\n\n\n<p><a class=\"btn btn-primary\" href=\"https:\/\/www.asga.ch\/ueber-asga\/60-jahre\/martel\/\">Zum Origianlartikel<\/a><\/p>\n","protected":false},"excerpt":{"rendered":"","protected":false},"author":1,"featured_media":12200,"comment_status":"closed","ping_status":"closed","sticky":false,"template":"","format":"standard","meta":{"_acf_changed":false,"inline_featured_image":false,"footnotes":""},"categories":[64],"tags":[],"coauthors":[],"class_list":["post-12198","post","type-post","status-publish","format-standard","has-post-thumbnail","hentry","category-winzer-in-der-presse"],"acf":{"inhaltselemente":null},"yoast_head":"<!-- This site is optimized with the Yoast SEO plugin v27.5 - https:\/\/yoast.com\/product\/yoast-seo-wordpress\/ -->\n<title>Auf ein Glas mit Pionieren \u2013 die Familie Martel | Martel Weine St.Gallen und Z\u00fcrich<\/title>\n<meta name=\"description\" content=\"Auf ein Glas mit Pionieren \u2013 die Familie Martel - Von Spitzenweinen fasziniert zu sein, heisst immer auch etwas verliebt zu sein. So betrachten auch wir unsere Weine nicht als Ware, sondern als Gesamtkunstwerke, denen wir uns von der Auswahl bis zum Transport in Ihren Keller mit Engagement und Sorgfalt widmen.\" \/>\n<meta name=\"robots\" content=\"index, follow, max-snippet:-1, max-image-preview:large, max-video-preview:-1\" \/>\n<link rel=\"canonical\" href=\"https:\/\/www.martel.ch\/cms\/weinwissen\/weinmagazin\/winzer-in-der-presse\/auf-ein-glas-mit-pionieren-die-familie-martel\/\" \/>\n<meta property=\"og:locale\" content=\"de_DE\" \/>\n<meta property=\"og:type\" content=\"article\" \/>\n<meta property=\"og:title\" content=\"Auf ein Glas mit Pionieren \u2013 die Familie Martel | Martel Weine St.Gallen und Z\u00fcrich\" \/>\n<meta property=\"og:description\" content=\"Auf ein Glas mit Pionieren \u2013 die Familie Martel - Von Spitzenweinen fasziniert zu sein, heisst immer auch etwas verliebt zu sein. So betrachten auch wir unsere Weine nicht als Ware, sondern als Gesamtkunstwerke, denen wir uns von der Auswahl bis zum Transport in Ihren Keller mit Engagement und Sorgfalt widmen.\" \/>\n<meta property=\"og:url\" content=\"https:\/\/www.martel.ch\/cms\/weinwissen\/weinmagazin\/winzer-in-der-presse\/auf-ein-glas-mit-pionieren-die-familie-martel\/\" \/>\n<meta property=\"og:site_name\" content=\"Martel\" \/>\n<meta property=\"article:publisher\" content=\"https:\/\/www.facebook.com\/pages\/Martel-AG-St-Gallen\/233396026691876\" \/>\n<meta property=\"article:published_time\" content=\"2022-04-20T07:59:00+00:00\" \/>\n<meta property=\"article:modified_time\" content=\"2022-06-23T06:29:45+00:00\" \/>\n<meta property=\"og:image\" content=\"https:\/\/www.martel.ch\/cms\/wp-content\/uploads\/2022\/05\/2022_04_Blog_Mitgliederportrait_Asga.jpg\" \/>\n\t<meta property=\"og:image:width\" content=\"1728\" \/>\n\t<meta property=\"og:image:height\" content=\"1152\" \/>\n\t<meta property=\"og:image:type\" content=\"image\/jpeg\" \/>\n<meta name=\"author\" content=\"Martel Weinwelt\" \/>\n<meta name=\"twitter:card\" content=\"summary_large_image\" \/>\n<meta name=\"twitter:creator\" content=\"@martel_weinwelt\" \/>\n<meta name=\"twitter:site\" content=\"@martel_weinwelt\" \/>\n<meta name=\"twitter:label1\" content=\"Geschrieben von\" \/>\n\t<meta name=\"twitter:data1\" content=\"Martel Weinwelt\" \/>\n\t<meta name=\"twitter:label2\" content=\"Gesch\u00e4tzte Lesezeit\" \/>\n\t<meta name=\"twitter:data2\" content=\"5\u00a0Minuten\" \/>\n\t<meta name=\"twitter:label3\" content=\"Written by\" \/>\n\t<meta name=\"twitter:data3\" content=\"Martel Weinwelt\" \/>\n<script type=\"application\/ld+json\" class=\"yoast-schema-graph\">{\"@context\":\"https:\\\/\\\/schema.org\",\"@graph\":[{\"@type\":\"Article\",\"@id\":\"https:\\\/\\\/www.martel.ch\\\/cms\\\/weinwissen\\\/weinmagazin\\\/winzer-in-der-presse\\\/auf-ein-glas-mit-pionieren-die-familie-martel\\\/#article\",\"isPartOf\":{\"@id\":\"https:\\\/\\\/www.martel.ch\\\/cms\\\/weinwissen\\\/weinmagazin\\\/winzer-in-der-presse\\\/auf-ein-glas-mit-pionieren-die-familie-martel\\\/\"},\"author\":{\"name\":\"Martel Weinwelt\",\"@id\":\"https:\\\/\\\/www.martel.ch\\\/cms\\\/#\\\/schema\\\/person\\\/8918b49964e6a129335821fc5e472555\"},\"headline\":\"Auf ein Glas mit Pionieren \u2013 die Familie Martel\",\"datePublished\":\"2022-04-20T07:59:00+00:00\",\"dateModified\":\"2022-06-23T06:29:45+00:00\",\"mainEntityOfPage\":{\"@id\":\"https:\\\/\\\/www.martel.ch\\\/cms\\\/weinwissen\\\/weinmagazin\\\/winzer-in-der-presse\\\/auf-ein-glas-mit-pionieren-die-familie-martel\\\/\"},\"wordCount\":905,\"publisher\":{\"@id\":\"https:\\\/\\\/www.martel.ch\\\/cms\\\/#organization\"},\"image\":{\"@id\":\"https:\\\/\\\/www.martel.ch\\\/cms\\\/weinwissen\\\/weinmagazin\\\/winzer-in-der-presse\\\/auf-ein-glas-mit-pionieren-die-familie-martel\\\/#primaryimage\"},\"thumbnailUrl\":\"https:\\\/\\\/www.martel.ch\\\/cms\\\/wp-content\\\/uploads\\\/2022\\\/05\\\/2022_04_Blog_Mitgliederportrait_Asga.jpg\",\"articleSection\":[\"Winzer in der Presse\"],\"inLanguage\":\"de-CH\"},{\"@type\":\"WebPage\",\"@id\":\"https:\\\/\\\/www.martel.ch\\\/cms\\\/weinwissen\\\/weinmagazin\\\/winzer-in-der-presse\\\/auf-ein-glas-mit-pionieren-die-familie-martel\\\/\",\"url\":\"https:\\\/\\\/www.martel.ch\\\/cms\\\/weinwissen\\\/weinmagazin\\\/winzer-in-der-presse\\\/auf-ein-glas-mit-pionieren-die-familie-martel\\\/\",\"name\":\"Auf ein Glas mit Pionieren \u2013 die Familie Martel | Martel Weine St.Gallen und Z\u00fcrich\",\"isPartOf\":{\"@id\":\"https:\\\/\\\/www.martel.ch\\\/cms\\\/#website\"},\"primaryImageOfPage\":{\"@id\":\"https:\\\/\\\/www.martel.ch\\\/cms\\\/weinwissen\\\/weinmagazin\\\/winzer-in-der-presse\\\/auf-ein-glas-mit-pionieren-die-familie-martel\\\/#primaryimage\"},\"image\":{\"@id\":\"https:\\\/\\\/www.martel.ch\\\/cms\\\/weinwissen\\\/weinmagazin\\\/winzer-in-der-presse\\\/auf-ein-glas-mit-pionieren-die-familie-martel\\\/#primaryimage\"},\"thumbnailUrl\":\"https:\\\/\\\/www.martel.ch\\\/cms\\\/wp-content\\\/uploads\\\/2022\\\/05\\\/2022_04_Blog_Mitgliederportrait_Asga.jpg\",\"datePublished\":\"2022-04-20T07:59:00+00:00\",\"dateModified\":\"2022-06-23T06:29:45+00:00\",\"description\":\"Auf ein Glas mit Pionieren \u2013 die Familie Martel - Von Spitzenweinen fasziniert zu sein, heisst immer auch etwas verliebt zu sein. So betrachten auch wir unsere Weine nicht als Ware, sondern als Gesamtkunstwerke, denen wir uns von der Auswahl bis zum Transport in Ihren Keller mit Engagement und Sorgfalt widmen.\",\"breadcrumb\":{\"@id\":\"https:\\\/\\\/www.martel.ch\\\/cms\\\/weinwissen\\\/weinmagazin\\\/winzer-in-der-presse\\\/auf-ein-glas-mit-pionieren-die-familie-martel\\\/#breadcrumb\"},\"inLanguage\":\"de-CH\",\"potentialAction\":[{\"@type\":\"ReadAction\",\"target\":[\"https:\\\/\\\/www.martel.ch\\\/cms\\\/weinwissen\\\/weinmagazin\\\/winzer-in-der-presse\\\/auf-ein-glas-mit-pionieren-die-familie-martel\\\/\"]}]},{\"@type\":\"ImageObject\",\"inLanguage\":\"de-CH\",\"@id\":\"https:\\\/\\\/www.martel.ch\\\/cms\\\/weinwissen\\\/weinmagazin\\\/winzer-in-der-presse\\\/auf-ein-glas-mit-pionieren-die-familie-martel\\\/#primaryimage\",\"url\":\"https:\\\/\\\/www.martel.ch\\\/cms\\\/wp-content\\\/uploads\\\/2022\\\/05\\\/2022_04_Blog_Mitgliederportrait_Asga.jpg\",\"contentUrl\":\"https:\\\/\\\/www.martel.ch\\\/cms\\\/wp-content\\\/uploads\\\/2022\\\/05\\\/2022_04_Blog_Mitgliederportrait_Asga.jpg\",\"width\":1728,\"height\":1152},{\"@type\":\"BreadcrumbList\",\"@id\":\"https:\\\/\\\/www.martel.ch\\\/cms\\\/weinwissen\\\/weinmagazin\\\/winzer-in-der-presse\\\/auf-ein-glas-mit-pionieren-die-familie-martel\\\/#breadcrumb\",\"itemListElement\":[{\"@type\":\"ListItem\",\"position\":1,\"name\":\"Startseite\",\"item\":\"https:\\\/\\\/www.martel.ch\\\/cms\\\/\"},{\"@type\":\"ListItem\",\"position\":2,\"name\":\"Auf ein Glas mit Pionieren \u2013 die Familie Martel\"}]},{\"@type\":\"WebSite\",\"@id\":\"https:\\\/\\\/www.martel.ch\\\/cms\\\/#website\",\"url\":\"https:\\\/\\\/www.martel.ch\\\/cms\\\/\",\"name\":\"Martel\",\"description\":\"F\u00fcr Weinbegeisterte und die, die es werden m\u00f6chten.\",\"publisher\":{\"@id\":\"https:\\\/\\\/www.martel.ch\\\/cms\\\/#organization\"},\"potentialAction\":[{\"@type\":\"SearchAction\",\"target\":{\"@type\":\"EntryPoint\",\"urlTemplate\":\"https:\\\/\\\/www.martel.ch\\\/cms\\\/?s={search_term_string}\"},\"query-input\":{\"@type\":\"PropertyValueSpecification\",\"valueRequired\":true,\"valueName\":\"search_term_string\"}}],\"inLanguage\":\"de-CH\"},{\"@type\":\"Organization\",\"@id\":\"https:\\\/\\\/www.martel.ch\\\/cms\\\/#organization\",\"name\":\"Martel AG St.Gallen\",\"url\":\"https:\\\/\\\/www.martel.ch\\\/cms\\\/\",\"logo\":{\"@type\":\"ImageObject\",\"inLanguage\":\"de-CH\",\"@id\":\"https:\\\/\\\/www.martel.ch\\\/cms\\\/#\\\/schema\\\/logo\\\/image\\\/\",\"url\":\"https:\\\/\\\/www.martel.ch\\\/cms\\\/wp-content\\\/uploads\\\/2019\\\/02\\\/martel-logo.png\",\"contentUrl\":\"https:\\\/\\\/www.martel.ch\\\/cms\\\/wp-content\\\/uploads\\\/2019\\\/02\\\/martel-logo.png\",\"width\":600,\"height\":600,\"caption\":\"Martel AG St.Gallen\"},\"image\":{\"@id\":\"https:\\\/\\\/www.martel.ch\\\/cms\\\/#\\\/schema\\\/logo\\\/image\\\/\"},\"sameAs\":[\"https:\\\/\\\/www.facebook.com\\\/pages\\\/Martel-AG-St-Gallen\\\/233396026691876\",\"https:\\\/\\\/x.com\\\/martel_weinwelt\",\"https:\\\/\\\/www.instagram.com\\\/martel_weinwelt\\\/\",\"https:\\\/\\\/www.linkedin.com\\\/company\\\/martel-ag-st-gallen\",\"https:\\\/\\\/www.pinterest.ch\\\/martel_weinwelt\"]},{\"@type\":\"Person\",\"@id\":\"https:\\\/\\\/www.martel.ch\\\/cms\\\/#\\\/schema\\\/person\\\/8918b49964e6a129335821fc5e472555\",\"name\":\"Martel Weinwelt\",\"image\":{\"@type\":\"ImageObject\",\"inLanguage\":\"de-CH\",\"@id\":\"https:\\\/\\\/secure.gravatar.com\\\/avatar\\\/c5272ba67d1f9fe27e2b2ea66e1fe875e30448590290fd60075897b7c28688a9?s=96&d=mm&r=gbf0f5addc3a1a33d0f1f792f20503ecc\",\"url\":\"https:\\\/\\\/secure.gravatar.com\\\/avatar\\\/c5272ba67d1f9fe27e2b2ea66e1fe875e30448590290fd60075897b7c28688a9?s=96&d=mm&r=g\",\"contentUrl\":\"https:\\\/\\\/secure.gravatar.com\\\/avatar\\\/c5272ba67d1f9fe27e2b2ea66e1fe875e30448590290fd60075897b7c28688a9?s=96&d=mm&r=g\",\"caption\":\"Martel Weinwelt\"},\"sameAs\":[\"https:\\\/\\\/www.martel.ch\\\/cms\"]}]}<\/script>\n<!-- \/ Yoast SEO plugin. -->","yoast_head_json":{"title":"Auf ein Glas mit Pionieren \u2013 die Familie Martel | Martel Weine St.Gallen und Z\u00fcrich","description":"Auf ein Glas mit Pionieren \u2013 die Familie Martel - Von Spitzenweinen fasziniert zu sein, heisst immer auch etwas verliebt zu sein. So betrachten auch wir unsere Weine nicht als Ware, sondern als Gesamtkunstwerke, denen wir uns von der Auswahl bis zum Transport in Ihren Keller mit Engagement und Sorgfalt widmen.","robots":{"index":"index","follow":"follow","max-snippet":"max-snippet:-1","max-image-preview":"max-image-preview:large","max-video-preview":"max-video-preview:-1"},"canonical":"https:\/\/www.martel.ch\/cms\/weinwissen\/weinmagazin\/winzer-in-der-presse\/auf-ein-glas-mit-pionieren-die-familie-martel\/","og_locale":"de_DE","og_type":"article","og_title":"Auf ein Glas mit Pionieren \u2013 die Familie Martel | Martel Weine St.Gallen und Z\u00fcrich","og_description":"Auf ein Glas mit Pionieren \u2013 die Familie Martel - Von Spitzenweinen fasziniert zu sein, heisst immer auch etwas verliebt zu sein. So betrachten auch wir unsere Weine nicht als Ware, sondern als Gesamtkunstwerke, denen wir uns von der Auswahl bis zum Transport in Ihren Keller mit Engagement und Sorgfalt widmen.","og_url":"https:\/\/www.martel.ch\/cms\/weinwissen\/weinmagazin\/winzer-in-der-presse\/auf-ein-glas-mit-pionieren-die-familie-martel\/","og_site_name":"Martel","article_publisher":"https:\/\/www.facebook.com\/pages\/Martel-AG-St-Gallen\/233396026691876","article_published_time":"2022-04-20T07:59:00+00:00","article_modified_time":"2022-06-23T06:29:45+00:00","og_image":[{"width":1728,"height":1152,"url":"https:\/\/www.martel.ch\/cms\/wp-content\/uploads\/2022\/05\/2022_04_Blog_Mitgliederportrait_Asga.jpg","type":"image\/jpeg"}],"author":"Martel Weinwelt","twitter_card":"summary_large_image","twitter_creator":"@martel_weinwelt","twitter_site":"@martel_weinwelt","twitter_misc":{"Geschrieben von":"Martel Weinwelt","Gesch\u00e4tzte Lesezeit":"5\u00a0Minuten","Written by":"Martel Weinwelt"},"schema":{"@context":"https:\/\/schema.org","@graph":[{"@type":"Article","@id":"https:\/\/www.martel.ch\/cms\/weinwissen\/weinmagazin\/winzer-in-der-presse\/auf-ein-glas-mit-pionieren-die-familie-martel\/#article","isPartOf":{"@id":"https:\/\/www.martel.ch\/cms\/weinwissen\/weinmagazin\/winzer-in-der-presse\/auf-ein-glas-mit-pionieren-die-familie-martel\/"},"author":{"name":"Martel Weinwelt","@id":"https:\/\/www.martel.ch\/cms\/#\/schema\/person\/8918b49964e6a129335821fc5e472555"},"headline":"Auf ein Glas mit Pionieren \u2013 die Familie Martel","datePublished":"2022-04-20T07:59:00+00:00","dateModified":"2022-06-23T06:29:45+00:00","mainEntityOfPage":{"@id":"https:\/\/www.martel.ch\/cms\/weinwissen\/weinmagazin\/winzer-in-der-presse\/auf-ein-glas-mit-pionieren-die-familie-martel\/"},"wordCount":905,"publisher":{"@id":"https:\/\/www.martel.ch\/cms\/#organization"},"image":{"@id":"https:\/\/www.martel.ch\/cms\/weinwissen\/weinmagazin\/winzer-in-der-presse\/auf-ein-glas-mit-pionieren-die-familie-martel\/#primaryimage"},"thumbnailUrl":"https:\/\/www.martel.ch\/cms\/wp-content\/uploads\/2022\/05\/2022_04_Blog_Mitgliederportrait_Asga.jpg","articleSection":["Winzer in der Presse"],"inLanguage":"de-CH"},{"@type":"WebPage","@id":"https:\/\/www.martel.ch\/cms\/weinwissen\/weinmagazin\/winzer-in-der-presse\/auf-ein-glas-mit-pionieren-die-familie-martel\/","url":"https:\/\/www.martel.ch\/cms\/weinwissen\/weinmagazin\/winzer-in-der-presse\/auf-ein-glas-mit-pionieren-die-familie-martel\/","name":"Auf ein Glas mit Pionieren \u2013 die Familie Martel | Martel Weine St.Gallen und Z\u00fcrich","isPartOf":{"@id":"https:\/\/www.martel.ch\/cms\/#website"},"primaryImageOfPage":{"@id":"https:\/\/www.martel.ch\/cms\/weinwissen\/weinmagazin\/winzer-in-der-presse\/auf-ein-glas-mit-pionieren-die-familie-martel\/#primaryimage"},"image":{"@id":"https:\/\/www.martel.ch\/cms\/weinwissen\/weinmagazin\/winzer-in-der-presse\/auf-ein-glas-mit-pionieren-die-familie-martel\/#primaryimage"},"thumbnailUrl":"https:\/\/www.martel.ch\/cms\/wp-content\/uploads\/2022\/05\/2022_04_Blog_Mitgliederportrait_Asga.jpg","datePublished":"2022-04-20T07:59:00+00:00","dateModified":"2022-06-23T06:29:45+00:00","description":"Auf ein Glas mit Pionieren \u2013 die Familie Martel - Von Spitzenweinen fasziniert zu sein, heisst immer auch etwas verliebt zu sein. So betrachten auch wir unsere Weine nicht als Ware, sondern als Gesamtkunstwerke, denen wir uns von der Auswahl bis zum Transport in Ihren Keller mit Engagement und Sorgfalt widmen.","breadcrumb":{"@id":"https:\/\/www.martel.ch\/cms\/weinwissen\/weinmagazin\/winzer-in-der-presse\/auf-ein-glas-mit-pionieren-die-familie-martel\/#breadcrumb"},"inLanguage":"de-CH","potentialAction":[{"@type":"ReadAction","target":["https:\/\/www.martel.ch\/cms\/weinwissen\/weinmagazin\/winzer-in-der-presse\/auf-ein-glas-mit-pionieren-die-familie-martel\/"]}]},{"@type":"ImageObject","inLanguage":"de-CH","@id":"https:\/\/www.martel.ch\/cms\/weinwissen\/weinmagazin\/winzer-in-der-presse\/auf-ein-glas-mit-pionieren-die-familie-martel\/#primaryimage","url":"https:\/\/www.martel.ch\/cms\/wp-content\/uploads\/2022\/05\/2022_04_Blog_Mitgliederportrait_Asga.jpg","contentUrl":"https:\/\/www.martel.ch\/cms\/wp-content\/uploads\/2022\/05\/2022_04_Blog_Mitgliederportrait_Asga.jpg","width":1728,"height":1152},{"@type":"BreadcrumbList","@id":"https:\/\/www.martel.ch\/cms\/weinwissen\/weinmagazin\/winzer-in-der-presse\/auf-ein-glas-mit-pionieren-die-familie-martel\/#breadcrumb","itemListElement":[{"@type":"ListItem","position":1,"name":"Startseite","item":"https:\/\/www.martel.ch\/cms\/"},{"@type":"ListItem","position":2,"name":"Auf ein Glas mit Pionieren \u2013 die Familie Martel"}]},{"@type":"WebSite","@id":"https:\/\/www.martel.ch\/cms\/#website","url":"https:\/\/www.martel.ch\/cms\/","name":"Martel","description":"F\u00fcr Weinbegeisterte und die, die es werden m\u00f6chten.","publisher":{"@id":"https:\/\/www.martel.ch\/cms\/#organization"},"potentialAction":[{"@type":"SearchAction","target":{"@type":"EntryPoint","urlTemplate":"https:\/\/www.martel.ch\/cms\/?s={search_term_string}"},"query-input":{"@type":"PropertyValueSpecification","valueRequired":true,"valueName":"search_term_string"}}],"inLanguage":"de-CH"},{"@type":"Organization","@id":"https:\/\/www.martel.ch\/cms\/#organization","name":"Martel AG St.Gallen","url":"https:\/\/www.martel.ch\/cms\/","logo":{"@type":"ImageObject","inLanguage":"de-CH","@id":"https:\/\/www.martel.ch\/cms\/#\/schema\/logo\/image\/","url":"https:\/\/www.martel.ch\/cms\/wp-content\/uploads\/2019\/02\/martel-logo.png","contentUrl":"https:\/\/www.martel.ch\/cms\/wp-content\/uploads\/2019\/02\/martel-logo.png","width":600,"height":600,"caption":"Martel AG St.Gallen"},"image":{"@id":"https:\/\/www.martel.ch\/cms\/#\/schema\/logo\/image\/"},"sameAs":["https:\/\/www.facebook.com\/pages\/Martel-AG-St-Gallen\/233396026691876","https:\/\/x.com\/martel_weinwelt","https:\/\/www.instagram.com\/martel_weinwelt\/","https:\/\/www.linkedin.com\/company\/martel-ag-st-gallen","https:\/\/www.pinterest.ch\/martel_weinwelt"]},{"@type":"Person","@id":"https:\/\/www.martel.ch\/cms\/#\/schema\/person\/8918b49964e6a129335821fc5e472555","name":"Martel Weinwelt","image":{"@type":"ImageObject","inLanguage":"de-CH","@id":"https:\/\/secure.gravatar.com\/avatar\/c5272ba67d1f9fe27e2b2ea66e1fe875e30448590290fd60075897b7c28688a9?s=96&d=mm&r=gbf0f5addc3a1a33d0f1f792f20503ecc","url":"https:\/\/secure.gravatar.com\/avatar\/c5272ba67d1f9fe27e2b2ea66e1fe875e30448590290fd60075897b7c28688a9?s=96&d=mm&r=g","contentUrl":"https:\/\/secure.gravatar.com\/avatar\/c5272ba67d1f9fe27e2b2ea66e1fe875e30448590290fd60075897b7c28688a9?s=96&d=mm&r=g","caption":"Martel Weinwelt"},"sameAs":["https:\/\/www.martel.ch\/cms"]}]}},"_links":{"self":[{"href":"https:\/\/www.martel.ch\/cms\/wp-json\/wp\/v2\/posts\/12198","targetHints":{"allow":["GET"]}}],"collection":[{"href":"https:\/\/www.martel.ch\/cms\/wp-json\/wp\/v2\/posts"}],"about":[{"href":"https:\/\/www.martel.ch\/cms\/wp-json\/wp\/v2\/types\/post"}],"author":[{"embeddable":true,"href":"https:\/\/www.martel.ch\/cms\/wp-json\/wp\/v2\/users\/1"}],"replies":[{"embeddable":true,"href":"https:\/\/www.martel.ch\/cms\/wp-json\/wp\/v2\/comments?post=12198"}],"version-history":[{"count":6,"href":"https:\/\/www.martel.ch\/cms\/wp-json\/wp\/v2\/posts\/12198\/revisions"}],"predecessor-version":[{"id":13958,"href":"https:\/\/www.martel.ch\/cms\/wp-json\/wp\/v2\/posts\/12198\/revisions\/13958"}],"wp:featuredmedia":[{"embeddable":true,"href":"https:\/\/www.martel.ch\/cms\/wp-json\/wp\/v2\/media\/12200"}],"wp:attachment":[{"href":"https:\/\/www.martel.ch\/cms\/wp-json\/wp\/v2\/media?parent=12198"}],"wp:term":[{"taxonomy":"category","embeddable":true,"href":"https:\/\/www.martel.ch\/cms\/wp-json\/wp\/v2\/categories?post=12198"},{"taxonomy":"post_tag","embeddable":true,"href":"https:\/\/www.martel.ch\/cms\/wp-json\/wp\/v2\/tags?post=12198"},{"taxonomy":"author","embeddable":true,"href":"https:\/\/www.martel.ch\/cms\/wp-json\/wp\/v2\/coauthors?post=12198"}],"curies":[{"name":"wp","href":"https:\/\/api.w.org\/{rel}","templated":true}]}}