{"id":12199,"date":"2022-04-27T10:50:00","date_gmt":"2022-04-27T08:50:00","guid":{"rendered":"https:\/\/www.martel.ch\/cms\/?p=12199"},"modified":"2023-06-06T16:29:00","modified_gmt":"2023-06-06T14:29:00","slug":"weinfarbe-i-dont-care-about-colour","status":"publish","type":"post","link":"https:\/\/www.martel.ch\/cms\/weinwissen\/weinmagazin\/martel-schenkt-ein\/weinfarbe-i-dont-care-about-colour\/","title":{"rendered":"Weinfarbe: \u00abI don\u2019t care about colour\u00bb"},"content":{"rendered":"\n<p><strong>T\u00e4glich entdecken wir neue und spannende Aspekte rund um das Thema Wein. Dabei besch\u00e4ftigt uns auch auch die Farbe des Weins, jedoch nur am Rande. Weshalb das so ist, erkl\u00e4rte Jan Martel in einem Vortrag vor Farbprofis k\u00fcrzlich so:<\/strong><\/p>\n\n\n\n<!--more-->\n\n\n\n<p>\u00abSeit 30 Jahren habe ich mit Wein zu tun und will alles wissen \u00fcber dessen Herkunft, Geschmack und Qualit\u00e4t. Trotzdem interessierte mich das Thema Farbe des Weins bisher kaum, obwohl ich mich privat sehr mit Farben auseinandersetze und umgebe. In der Kunst, beim Wohnen und in der Natur. Beruflich war Farbe bisher vor allem im Weinmarketing oder in der Gestaltung von Ladengesch\u00e4ften und B\u00fcros wichtig. Was die farblichen Nuancen des Weins betrifft, sage ich: I don\u2019t care about colour.<\/p>\n\n\n\n<h2 class=\"wp-block-heading\">Weinfarben verwirren<\/h2>\n\n\n\n<p>Weisswein ist nicht weiss, sondern gelb. Rotwein stammt von blauen Trauben. Bei deren Pressung entsteht jedoch ein fast durchsichtiger Saft. Rote Weine werden mit zunehmender Reife heller, Weissweine dunkler. Dann gibt es Weissweine, die orangefarben ausgebaut werden. Viele Weinsorten tragen eine Farbbezeichnung im Namen. Dies macht die Einordnung manchmal einfacher: Sauvignon Blanc, Chenin Blanc, Weissburgunder, Pinot Grigio. Und manchmal wird\u2019s mit den Weinnamen kompliziert: Sp\u00e4tburgunder, Blauburgunder und Pinot Noir sind Bezeichnungen f\u00fcr ein und dieselbe Rebsorte.<\/p>\n\n\n\n<h2 class=\"wp-block-heading\">Das Farbenquiz ist er\u00f6ffnet<\/h2>\n\n\n\n<p>Es scheint, als sei die Farbpalette des Weins so unendlich gross wie die Aromenvielfalt meines Lieblingsgetr\u00e4nks. Die Farbe eines Weins kann Hinweise auf die Traubensorte, die Reife, den PH-Wert, das Alter des Weins oder die Klimaregion geben. Weine aus k\u00fchlen Gebieten sind in der Regel heller als Wein aus heissen Regionen. Farbe kann auch zeigen, dass ein Wein wohl nicht mehr einwandfrei ist. Brauner Rotwein hat seinen Genussh\u00f6hepunkt in der Regel \u00fcberschritten. Technisch gesehen entsteht die Farbe des Weins vor allem durch Pigmente. Diese winzigen Teilchen kommen in unterschiedlicher Konzentration in den Schalen der Trauben vor. Im Rotwein finden sich naturgem\u00e4ss viele Pigmente: je mehr davon, je dunkler wird der Wein.<\/p>\n\n\n\n<h2 class=\"wp-block-heading\">Wein nicht auf Farbe reduzieren<\/h2>\n\n\n\n<p>F\u00fcr mich bedeutet die Farbe des Weins einfach einen ersten Eindruck. Ich lerne den Wein kennen und passe auf, nicht in die Vorurteilsfalle zu geraten. Die Gefahr ist hoch, einen Wein aufgrund seiner Farbe falsch einzusch\u00e4tzen. Dunkle Weine sind nicht besser als helle, das beweisen die grossen blassroten Burgunder. Farbe ist f\u00fcr mich immer nur ein kleiner Teil des Weinuniversums. Es geht beim Wein doch vor allem um den Geschmack und die Herkunft. Meine Formel heisst: Wein = Natur + Mensch + Tradition. Die Farbe des Weins ist nicht so wichtig. Deshalb bleibe ich bei der Beurteilung von Wein dabei: I don\u2019t care about colour.\u00bb<\/p>\n\n\n\n<h2 class=\"wp-block-heading\">Selber testen ist am besten<\/h2>\n\n\n\n<p>Wer Lust hat auf ein Weinfarben-Experiment, kann zum Beispiel folgende Weine miteinander vergleichen:<\/p>\n\n\n\n<p><strong>Flight Nummer 1<br><\/strong><a href=\"\/wein\/?filter=herkunft,schweiz-graubuenden-malans_undefined,sortiment,wein-rotwein&amp;sortkey=custom_produkt_produkt_weinnummer&amp;sortdirection=asc\">Pinot Noir, Graub\u00fcnden<\/a> (d\u00fcnnschalig, wenig Farbpigmente)<br><a href=\"https:\/\/www.martel.ch\/wein\/?filter=herkunft,spanien,rebsorte,tempranillo,preise_pr,0_10000\">Tempranillo, Spanien<\/a> (dickschalig, viele Farbpigmente)<\/p>\n\n\n\n<p><strong>Flight Nummer 2<br><\/strong>Ein Bordeaux des <a href=\"https:\/\/www.martel.ch\/wein\/?filter=herkunft,frankreich-bordeaux,sortiment,wein-rotwein,jahrgang,2012\">Jahrgangs 2012<\/a> (also etwas gereift)<br>Ein Bordeaux des <a href=\"https:\/\/www.martel.ch\/wein\/?filter=herkunft,frankreich-bordeaux,sortiment,wein-rotwein,jahrgang,2018\">Jahrgangs 2018<\/a> (also sehr jung)<\/p>\n\n\n\n<p><strong>Flight Nummer 3 (Blinddegustation)<br><\/strong><a href=\"\/wein\/?filter=sortiment,wein-rotwein_wein-weisswein&amp;sortkey=custom_produkt_produkt_weinnummer&amp;sortdirection=asc\">Weiss und Rotwein<\/a> mit Augenbinde degustiert und in<br>gleicher Temperatur (eher k\u00fchl, jedoch nicht kalt) serviert.<\/p>\n\n\n\n<p><\/p>\n\n\n\n<div class=\"wp-block-buttons is-layout-flex wp-block-buttons-is-layout-flex\">\n<div class=\"wp-block-button\"><a class=\"wp-block-button__link wp-element-button\" href=\"https:\/\/www.martel.ch\/wein\/\">Zum gesamten Weinangebot<\/a><\/div>\n<\/div>\n","protected":false},"excerpt":{"rendered":"","protected":false},"author":15,"featured_media":12204,"comment_status":"closed","ping_status":"closed","sticky":false,"template":"","format":"standard","meta":{"_acf_changed":false,"inline_featured_image":false,"footnotes":""},"categories":[57],"tags":[],"coauthors":[491],"class_list":["post-12199","post","type-post","status-publish","format-standard","has-post-thumbnail","hentry","category-martel-schenkt-ein"],"acf":{"inhaltselemente":null},"yoast_head":"<!-- This site is optimized with the Yoast SEO plugin v27.5 - https:\/\/yoast.com\/product\/yoast-seo-wordpress\/ -->\n<title>Weinfarbe: \u00abI don\u2019t care about colour\u00bb | Martel Weine St.Gallen und Z\u00fcrich<\/title>\n<meta name=\"description\" content=\"Weinfarbe: \u00abI don\u2019t care about colour\u00bb - Von Spitzenweinen fasziniert zu sein, heisst immer auch etwas verliebt zu sein. So betrachten auch wir unsere Weine nicht als Ware, sondern als Gesamtkunstwerke, denen wir uns von der Auswahl bis zum Transport in Ihren Keller mit Engagement und Sorgfalt widmen.\" \/>\n<meta name=\"robots\" content=\"index, follow, max-snippet:-1, max-image-preview:large, max-video-preview:-1\" \/>\n<link rel=\"canonical\" href=\"https:\/\/www.martel.ch\/cms\/weinwissen\/weinmagazin\/martel-schenkt-ein\/weinfarbe-i-dont-care-about-colour\/\" \/>\n<meta property=\"og:locale\" content=\"de_DE\" \/>\n<meta property=\"og:type\" content=\"article\" \/>\n<meta property=\"og:title\" content=\"Weinfarbe: \u00abI don\u2019t care about colour\u00bb | Martel Weine St.Gallen und Z\u00fcrich\" \/>\n<meta property=\"og:description\" content=\"Weinfarbe: \u00abI don\u2019t care about colour\u00bb - Von Spitzenweinen fasziniert zu sein, heisst immer auch etwas verliebt zu sein. So betrachten auch wir unsere Weine nicht als Ware, sondern als Gesamtkunstwerke, denen wir uns von der Auswahl bis zum Transport in Ihren Keller mit Engagement und Sorgfalt widmen.\" \/>\n<meta property=\"og:url\" content=\"https:\/\/www.martel.ch\/cms\/weinwissen\/weinmagazin\/martel-schenkt-ein\/weinfarbe-i-dont-care-about-colour\/\" \/>\n<meta property=\"og:site_name\" content=\"Martel\" \/>\n<meta property=\"article:publisher\" content=\"https:\/\/www.facebook.com\/pages\/Martel-AG-St-Gallen\/233396026691876\" \/>\n<meta property=\"article:published_time\" content=\"2022-04-27T08:50:00+00:00\" \/>\n<meta property=\"article:modified_time\" content=\"2023-06-06T14:29:00+00:00\" \/>\n<meta property=\"og:image\" content=\"https:\/\/www.martel.ch\/cms\/wp-content\/uploads\/2022\/05\/2022_04_Blog_Farbe_im_Wein.jpg\" \/>\n\t<meta property=\"og:image:width\" content=\"1728\" \/>\n\t<meta property=\"og:image:height\" content=\"1152\" \/>\n\t<meta property=\"og:image:type\" content=\"image\/jpeg\" \/>\n<meta name=\"author\" content=\"Jan Martel\" \/>\n<meta name=\"twitter:card\" content=\"summary_large_image\" \/>\n<meta name=\"twitter:creator\" content=\"@martel_weinwelt\" \/>\n<meta name=\"twitter:site\" content=\"@martel_weinwelt\" \/>\n<meta name=\"twitter:label1\" content=\"Geschrieben von\" \/>\n\t<meta name=\"twitter:data1\" content=\"Jan Martel\" \/>\n\t<meta name=\"twitter:label2\" content=\"Gesch\u00e4tzte Lesezeit\" \/>\n\t<meta name=\"twitter:data2\" content=\"3\u00a0Minuten\" \/>\n\t<meta name=\"twitter:label3\" content=\"Written by\" \/>\n\t<meta name=\"twitter:data3\" content=\"Jan Martel\" \/>\n<script type=\"application\/ld+json\" class=\"yoast-schema-graph\">{\"@context\":\"https:\\\/\\\/schema.org\",\"@graph\":[{\"@type\":\"Article\",\"@id\":\"https:\\\/\\\/www.martel.ch\\\/cms\\\/weinwissen\\\/weinmagazin\\\/martel-schenkt-ein\\\/weinfarbe-i-dont-care-about-colour\\\/#article\",\"isPartOf\":{\"@id\":\"https:\\\/\\\/www.martel.ch\\\/cms\\\/weinwissen\\\/weinmagazin\\\/martel-schenkt-ein\\\/weinfarbe-i-dont-care-about-colour\\\/\"},\"author\":{\"name\":\"Jan Martel\",\"@id\":\"https:\\\/\\\/www.martel.ch\\\/cms\\\/#\\\/schema\\\/person\\\/cbc16648d3984d50ff005b14cb054d60\"},\"headline\":\"Weinfarbe: \u00abI don\u2019t care about colour\u00bb\",\"datePublished\":\"2022-04-27T08:50:00+00:00\",\"dateModified\":\"2023-06-06T14:29:00+00:00\",\"mainEntityOfPage\":{\"@id\":\"https:\\\/\\\/www.martel.ch\\\/cms\\\/weinwissen\\\/weinmagazin\\\/martel-schenkt-ein\\\/weinfarbe-i-dont-care-about-colour\\\/\"},\"wordCount\":515,\"publisher\":{\"@id\":\"https:\\\/\\\/www.martel.ch\\\/cms\\\/#organization\"},\"image\":{\"@id\":\"https:\\\/\\\/www.martel.ch\\\/cms\\\/weinwissen\\\/weinmagazin\\\/martel-schenkt-ein\\\/weinfarbe-i-dont-care-about-colour\\\/#primaryimage\"},\"thumbnailUrl\":\"https:\\\/\\\/www.martel.ch\\\/cms\\\/wp-content\\\/uploads\\\/2022\\\/05\\\/2022_04_Blog_Farbe_im_Wein.jpg\",\"articleSection\":[\"Martel schenkt ein\"],\"inLanguage\":\"de-CH\"},{\"@type\":\"WebPage\",\"@id\":\"https:\\\/\\\/www.martel.ch\\\/cms\\\/weinwissen\\\/weinmagazin\\\/martel-schenkt-ein\\\/weinfarbe-i-dont-care-about-colour\\\/\",\"url\":\"https:\\\/\\\/www.martel.ch\\\/cms\\\/weinwissen\\\/weinmagazin\\\/martel-schenkt-ein\\\/weinfarbe-i-dont-care-about-colour\\\/\",\"name\":\"Weinfarbe: \u00abI don\u2019t care about colour\u00bb | Martel Weine St.Gallen und Z\u00fcrich\",\"isPartOf\":{\"@id\":\"https:\\\/\\\/www.martel.ch\\\/cms\\\/#website\"},\"primaryImageOfPage\":{\"@id\":\"https:\\\/\\\/www.martel.ch\\\/cms\\\/weinwissen\\\/weinmagazin\\\/martel-schenkt-ein\\\/weinfarbe-i-dont-care-about-colour\\\/#primaryimage\"},\"image\":{\"@id\":\"https:\\\/\\\/www.martel.ch\\\/cms\\\/weinwissen\\\/weinmagazin\\\/martel-schenkt-ein\\\/weinfarbe-i-dont-care-about-colour\\\/#primaryimage\"},\"thumbnailUrl\":\"https:\\\/\\\/www.martel.ch\\\/cms\\\/wp-content\\\/uploads\\\/2022\\\/05\\\/2022_04_Blog_Farbe_im_Wein.jpg\",\"datePublished\":\"2022-04-27T08:50:00+00:00\",\"dateModified\":\"2023-06-06T14:29:00+00:00\",\"description\":\"Weinfarbe: \u00abI don\u2019t care about colour\u00bb - Von Spitzenweinen fasziniert zu sein, heisst immer auch etwas verliebt zu sein. So betrachten auch wir unsere Weine nicht als Ware, sondern als Gesamtkunstwerke, denen wir uns von der Auswahl bis zum Transport in Ihren Keller mit Engagement und Sorgfalt widmen.\",\"breadcrumb\":{\"@id\":\"https:\\\/\\\/www.martel.ch\\\/cms\\\/weinwissen\\\/weinmagazin\\\/martel-schenkt-ein\\\/weinfarbe-i-dont-care-about-colour\\\/#breadcrumb\"},\"inLanguage\":\"de-CH\",\"potentialAction\":[{\"@type\":\"ReadAction\",\"target\":[\"https:\\\/\\\/www.martel.ch\\\/cms\\\/weinwissen\\\/weinmagazin\\\/martel-schenkt-ein\\\/weinfarbe-i-dont-care-about-colour\\\/\"]}]},{\"@type\":\"ImageObject\",\"inLanguage\":\"de-CH\",\"@id\":\"https:\\\/\\\/www.martel.ch\\\/cms\\\/weinwissen\\\/weinmagazin\\\/martel-schenkt-ein\\\/weinfarbe-i-dont-care-about-colour\\\/#primaryimage\",\"url\":\"https:\\\/\\\/www.martel.ch\\\/cms\\\/wp-content\\\/uploads\\\/2022\\\/05\\\/2022_04_Blog_Farbe_im_Wein.jpg\",\"contentUrl\":\"https:\\\/\\\/www.martel.ch\\\/cms\\\/wp-content\\\/uploads\\\/2022\\\/05\\\/2022_04_Blog_Farbe_im_Wein.jpg\",\"width\":1728,\"height\":1152},{\"@type\":\"BreadcrumbList\",\"@id\":\"https:\\\/\\\/www.martel.ch\\\/cms\\\/weinwissen\\\/weinmagazin\\\/martel-schenkt-ein\\\/weinfarbe-i-dont-care-about-colour\\\/#breadcrumb\",\"itemListElement\":[{\"@type\":\"ListItem\",\"position\":1,\"name\":\"Startseite\",\"item\":\"https:\\\/\\\/www.martel.ch\\\/cms\\\/\"},{\"@type\":\"ListItem\",\"position\":2,\"name\":\"Weinfarbe: \u00abI don\u2019t care about colour\u00bb\"}]},{\"@type\":\"WebSite\",\"@id\":\"https:\\\/\\\/www.martel.ch\\\/cms\\\/#website\",\"url\":\"https:\\\/\\\/www.martel.ch\\\/cms\\\/\",\"name\":\"Martel\",\"description\":\"F\u00fcr Weinbegeisterte und die, die es werden m\u00f6chten.\",\"publisher\":{\"@id\":\"https:\\\/\\\/www.martel.ch\\\/cms\\\/#organization\"},\"potentialAction\":[{\"@type\":\"SearchAction\",\"target\":{\"@type\":\"EntryPoint\",\"urlTemplate\":\"https:\\\/\\\/www.martel.ch\\\/cms\\\/?s={search_term_string}\"},\"query-input\":{\"@type\":\"PropertyValueSpecification\",\"valueRequired\":true,\"valueName\":\"search_term_string\"}}],\"inLanguage\":\"de-CH\"},{\"@type\":\"Organization\",\"@id\":\"https:\\\/\\\/www.martel.ch\\\/cms\\\/#organization\",\"name\":\"Martel AG St.Gallen\",\"url\":\"https:\\\/\\\/www.martel.ch\\\/cms\\\/\",\"logo\":{\"@type\":\"ImageObject\",\"inLanguage\":\"de-CH\",\"@id\":\"https:\\\/\\\/www.martel.ch\\\/cms\\\/#\\\/schema\\\/logo\\\/image\\\/\",\"url\":\"https:\\\/\\\/www.martel.ch\\\/cms\\\/wp-content\\\/uploads\\\/2019\\\/02\\\/martel-logo.png\",\"contentUrl\":\"https:\\\/\\\/www.martel.ch\\\/cms\\\/wp-content\\\/uploads\\\/2019\\\/02\\\/martel-logo.png\",\"width\":600,\"height\":600,\"caption\":\"Martel AG St.Gallen\"},\"image\":{\"@id\":\"https:\\\/\\\/www.martel.ch\\\/cms\\\/#\\\/schema\\\/logo\\\/image\\\/\"},\"sameAs\":[\"https:\\\/\\\/www.facebook.com\\\/pages\\\/Martel-AG-St-Gallen\\\/233396026691876\",\"https:\\\/\\\/x.com\\\/martel_weinwelt\",\"https:\\\/\\\/www.instagram.com\\\/martel_weinwelt\\\/\",\"https:\\\/\\\/www.linkedin.com\\\/company\\\/martel-ag-st-gallen\",\"https:\\\/\\\/www.pinterest.ch\\\/martel_weinwelt\"]},{\"@type\":\"Person\",\"@id\":\"https:\\\/\\\/www.martel.ch\\\/cms\\\/#\\\/schema\\\/person\\\/cbc16648d3984d50ff005b14cb054d60\",\"name\":\"Jan Martel\",\"image\":{\"@type\":\"ImageObject\",\"inLanguage\":\"de-CH\",\"@id\":\"https:\\\/\\\/secure.gravatar.com\\\/avatar\\\/e2f99006a9b0efa84a6ef8cebcd2f0c39d821e1290b05ce9d016d9b673ccf7e6?s=96&d=mm&r=g9660bfd36a10ceb04b5ee7394896f0ae\",\"url\":\"https:\\\/\\\/secure.gravatar.com\\\/avatar\\\/e2f99006a9b0efa84a6ef8cebcd2f0c39d821e1290b05ce9d016d9b673ccf7e6?s=96&d=mm&r=g\",\"contentUrl\":\"https:\\\/\\\/secure.gravatar.com\\\/avatar\\\/e2f99006a9b0efa84a6ef8cebcd2f0c39d821e1290b05ce9d016d9b673ccf7e6?s=96&d=mm&r=g\",\"caption\":\"Jan Martel\"}}]}<\/script>\n<!-- \/ Yoast SEO plugin. -->","yoast_head_json":{"title":"Weinfarbe: \u00abI don\u2019t care about colour\u00bb | Martel Weine St.Gallen und Z\u00fcrich","description":"Weinfarbe: \u00abI don\u2019t care about colour\u00bb - Von Spitzenweinen fasziniert zu sein, heisst immer auch etwas verliebt zu sein. So betrachten auch wir unsere Weine nicht als Ware, sondern als Gesamtkunstwerke, denen wir uns von der Auswahl bis zum Transport in Ihren Keller mit Engagement und Sorgfalt widmen.","robots":{"index":"index","follow":"follow","max-snippet":"max-snippet:-1","max-image-preview":"max-image-preview:large","max-video-preview":"max-video-preview:-1"},"canonical":"https:\/\/www.martel.ch\/cms\/weinwissen\/weinmagazin\/martel-schenkt-ein\/weinfarbe-i-dont-care-about-colour\/","og_locale":"de_DE","og_type":"article","og_title":"Weinfarbe: \u00abI don\u2019t care about colour\u00bb | Martel Weine St.Gallen und Z\u00fcrich","og_description":"Weinfarbe: \u00abI don\u2019t care about colour\u00bb - Von Spitzenweinen fasziniert zu sein, heisst immer auch etwas verliebt zu sein. So betrachten auch wir unsere Weine nicht als Ware, sondern als Gesamtkunstwerke, denen wir uns von der Auswahl bis zum Transport in Ihren Keller mit Engagement und Sorgfalt widmen.","og_url":"https:\/\/www.martel.ch\/cms\/weinwissen\/weinmagazin\/martel-schenkt-ein\/weinfarbe-i-dont-care-about-colour\/","og_site_name":"Martel","article_publisher":"https:\/\/www.facebook.com\/pages\/Martel-AG-St-Gallen\/233396026691876","article_published_time":"2022-04-27T08:50:00+00:00","article_modified_time":"2023-06-06T14:29:00+00:00","og_image":[{"width":1728,"height":1152,"url":"https:\/\/www.martel.ch\/cms\/wp-content\/uploads\/2022\/05\/2022_04_Blog_Farbe_im_Wein.jpg","type":"image\/jpeg"}],"author":"Jan Martel","twitter_card":"summary_large_image","twitter_creator":"@martel_weinwelt","twitter_site":"@martel_weinwelt","twitter_misc":{"Geschrieben von":"Jan Martel","Gesch\u00e4tzte Lesezeit":"3\u00a0Minuten","Written by":"Jan Martel"},"schema":{"@context":"https:\/\/schema.org","@graph":[{"@type":"Article","@id":"https:\/\/www.martel.ch\/cms\/weinwissen\/weinmagazin\/martel-schenkt-ein\/weinfarbe-i-dont-care-about-colour\/#article","isPartOf":{"@id":"https:\/\/www.martel.ch\/cms\/weinwissen\/weinmagazin\/martel-schenkt-ein\/weinfarbe-i-dont-care-about-colour\/"},"author":{"name":"Jan Martel","@id":"https:\/\/www.martel.ch\/cms\/#\/schema\/person\/cbc16648d3984d50ff005b14cb054d60"},"headline":"Weinfarbe: \u00abI don\u2019t care about colour\u00bb","datePublished":"2022-04-27T08:50:00+00:00","dateModified":"2023-06-06T14:29:00+00:00","mainEntityOfPage":{"@id":"https:\/\/www.martel.ch\/cms\/weinwissen\/weinmagazin\/martel-schenkt-ein\/weinfarbe-i-dont-care-about-colour\/"},"wordCount":515,"publisher":{"@id":"https:\/\/www.martel.ch\/cms\/#organization"},"image":{"@id":"https:\/\/www.martel.ch\/cms\/weinwissen\/weinmagazin\/martel-schenkt-ein\/weinfarbe-i-dont-care-about-colour\/#primaryimage"},"thumbnailUrl":"https:\/\/www.martel.ch\/cms\/wp-content\/uploads\/2022\/05\/2022_04_Blog_Farbe_im_Wein.jpg","articleSection":["Martel schenkt ein"],"inLanguage":"de-CH"},{"@type":"WebPage","@id":"https:\/\/www.martel.ch\/cms\/weinwissen\/weinmagazin\/martel-schenkt-ein\/weinfarbe-i-dont-care-about-colour\/","url":"https:\/\/www.martel.ch\/cms\/weinwissen\/weinmagazin\/martel-schenkt-ein\/weinfarbe-i-dont-care-about-colour\/","name":"Weinfarbe: \u00abI don\u2019t care about colour\u00bb | Martel Weine St.Gallen und Z\u00fcrich","isPartOf":{"@id":"https:\/\/www.martel.ch\/cms\/#website"},"primaryImageOfPage":{"@id":"https:\/\/www.martel.ch\/cms\/weinwissen\/weinmagazin\/martel-schenkt-ein\/weinfarbe-i-dont-care-about-colour\/#primaryimage"},"image":{"@id":"https:\/\/www.martel.ch\/cms\/weinwissen\/weinmagazin\/martel-schenkt-ein\/weinfarbe-i-dont-care-about-colour\/#primaryimage"},"thumbnailUrl":"https:\/\/www.martel.ch\/cms\/wp-content\/uploads\/2022\/05\/2022_04_Blog_Farbe_im_Wein.jpg","datePublished":"2022-04-27T08:50:00+00:00","dateModified":"2023-06-06T14:29:00+00:00","description":"Weinfarbe: \u00abI don\u2019t care about colour\u00bb - Von Spitzenweinen fasziniert zu sein, heisst immer auch etwas verliebt zu sein. So betrachten auch wir unsere Weine nicht als Ware, sondern als Gesamtkunstwerke, denen wir uns von der Auswahl bis zum Transport in Ihren Keller mit Engagement und Sorgfalt widmen.","breadcrumb":{"@id":"https:\/\/www.martel.ch\/cms\/weinwissen\/weinmagazin\/martel-schenkt-ein\/weinfarbe-i-dont-care-about-colour\/#breadcrumb"},"inLanguage":"de-CH","potentialAction":[{"@type":"ReadAction","target":["https:\/\/www.martel.ch\/cms\/weinwissen\/weinmagazin\/martel-schenkt-ein\/weinfarbe-i-dont-care-about-colour\/"]}]},{"@type":"ImageObject","inLanguage":"de-CH","@id":"https:\/\/www.martel.ch\/cms\/weinwissen\/weinmagazin\/martel-schenkt-ein\/weinfarbe-i-dont-care-about-colour\/#primaryimage","url":"https:\/\/www.martel.ch\/cms\/wp-content\/uploads\/2022\/05\/2022_04_Blog_Farbe_im_Wein.jpg","contentUrl":"https:\/\/www.martel.ch\/cms\/wp-content\/uploads\/2022\/05\/2022_04_Blog_Farbe_im_Wein.jpg","width":1728,"height":1152},{"@type":"BreadcrumbList","@id":"https:\/\/www.martel.ch\/cms\/weinwissen\/weinmagazin\/martel-schenkt-ein\/weinfarbe-i-dont-care-about-colour\/#breadcrumb","itemListElement":[{"@type":"ListItem","position":1,"name":"Startseite","item":"https:\/\/www.martel.ch\/cms\/"},{"@type":"ListItem","position":2,"name":"Weinfarbe: \u00abI don\u2019t care about colour\u00bb"}]},{"@type":"WebSite","@id":"https:\/\/www.martel.ch\/cms\/#website","url":"https:\/\/www.martel.ch\/cms\/","name":"Martel","description":"F\u00fcr Weinbegeisterte und die, die es werden m\u00f6chten.","publisher":{"@id":"https:\/\/www.martel.ch\/cms\/#organization"},"potentialAction":[{"@type":"SearchAction","target":{"@type":"EntryPoint","urlTemplate":"https:\/\/www.martel.ch\/cms\/?s={search_term_string}"},"query-input":{"@type":"PropertyValueSpecification","valueRequired":true,"valueName":"search_term_string"}}],"inLanguage":"de-CH"},{"@type":"Organization","@id":"https:\/\/www.martel.ch\/cms\/#organization","name":"Martel AG St.Gallen","url":"https:\/\/www.martel.ch\/cms\/","logo":{"@type":"ImageObject","inLanguage":"de-CH","@id":"https:\/\/www.martel.ch\/cms\/#\/schema\/logo\/image\/","url":"https:\/\/www.martel.ch\/cms\/wp-content\/uploads\/2019\/02\/martel-logo.png","contentUrl":"https:\/\/www.martel.ch\/cms\/wp-content\/uploads\/2019\/02\/martel-logo.png","width":600,"height":600,"caption":"Martel AG St.Gallen"},"image":{"@id":"https:\/\/www.martel.ch\/cms\/#\/schema\/logo\/image\/"},"sameAs":["https:\/\/www.facebook.com\/pages\/Martel-AG-St-Gallen\/233396026691876","https:\/\/x.com\/martel_weinwelt","https:\/\/www.instagram.com\/martel_weinwelt\/","https:\/\/www.linkedin.com\/company\/martel-ag-st-gallen","https:\/\/www.pinterest.ch\/martel_weinwelt"]},{"@type":"Person","@id":"https:\/\/www.martel.ch\/cms\/#\/schema\/person\/cbc16648d3984d50ff005b14cb054d60","name":"Jan Martel","image":{"@type":"ImageObject","inLanguage":"de-CH","@id":"https:\/\/secure.gravatar.com\/avatar\/e2f99006a9b0efa84a6ef8cebcd2f0c39d821e1290b05ce9d016d9b673ccf7e6?s=96&d=mm&r=g9660bfd36a10ceb04b5ee7394896f0ae","url":"https:\/\/secure.gravatar.com\/avatar\/e2f99006a9b0efa84a6ef8cebcd2f0c39d821e1290b05ce9d016d9b673ccf7e6?s=96&d=mm&r=g","contentUrl":"https:\/\/secure.gravatar.com\/avatar\/e2f99006a9b0efa84a6ef8cebcd2f0c39d821e1290b05ce9d016d9b673ccf7e6?s=96&d=mm&r=g","caption":"Jan Martel"}}]}},"_links":{"self":[{"href":"https:\/\/www.martel.ch\/cms\/wp-json\/wp\/v2\/posts\/12199","targetHints":{"allow":["GET"]}}],"collection":[{"href":"https:\/\/www.martel.ch\/cms\/wp-json\/wp\/v2\/posts"}],"about":[{"href":"https:\/\/www.martel.ch\/cms\/wp-json\/wp\/v2\/types\/post"}],"author":[{"embeddable":true,"href":"https:\/\/www.martel.ch\/cms\/wp-json\/wp\/v2\/users\/15"}],"replies":[{"embeddable":true,"href":"https:\/\/www.martel.ch\/cms\/wp-json\/wp\/v2\/comments?post=12199"}],"version-history":[{"count":9,"href":"https:\/\/www.martel.ch\/cms\/wp-json\/wp\/v2\/posts\/12199\/revisions"}],"predecessor-version":[{"id":18655,"href":"https:\/\/www.martel.ch\/cms\/wp-json\/wp\/v2\/posts\/12199\/revisions\/18655"}],"wp:featuredmedia":[{"embeddable":true,"href":"https:\/\/www.martel.ch\/cms\/wp-json\/wp\/v2\/media\/12204"}],"wp:attachment":[{"href":"https:\/\/www.martel.ch\/cms\/wp-json\/wp\/v2\/media?parent=12199"}],"wp:term":[{"taxonomy":"category","embeddable":true,"href":"https:\/\/www.martel.ch\/cms\/wp-json\/wp\/v2\/categories?post=12199"},{"taxonomy":"post_tag","embeddable":true,"href":"https:\/\/www.martel.ch\/cms\/wp-json\/wp\/v2\/tags?post=12199"},{"taxonomy":"author","embeddable":true,"href":"https:\/\/www.martel.ch\/cms\/wp-json\/wp\/v2\/coauthors?post=12199"}],"curies":[{"name":"wp","href":"https:\/\/api.w.org\/{rel}","templated":true}]}}