{"id":1284,"date":"2020-04-07T10:59:06","date_gmt":"2020-04-07T09:59:06","guid":{"rendered":"\/cms\/?p=1284"},"modified":"2022-08-24T13:45:56","modified_gmt":"2022-08-24T11:45:56","slug":"soul-food","status":"publish","type":"post","link":"https:\/\/www.martel.ch\/cms\/weinwissen\/weinmagazin\/unterwegs-im-rebberg\/soul-food\/","title":{"rendered":"Soul Food"},"content":{"rendered":"\n<p>In den letzten Wochen verbringen wir alle ziemlich viel Zeit zu Hause. Ich geniesse <strong>das abendliche, zweisame Ritual in der K\u00fcche<\/strong>. Kreativit\u00e4t ist gefragt, denn zurzeit geht niemand einer jeden Verlockung wegen einkaufen. F\u00fcr mich ist jetzt <strong>Soul Food-Zeit.<\/strong> Jetzt brauchen wir <strong>Seelenfutter, wohlig, herzhaft und bodenst\u00e4ndig.<\/strong> Kein Schnick-Schnack, sondern Essen mit Gl\u00fccklichmacher-Effekt.<\/p>\n\n\n\n<h2 class=\"wp-block-heading\">Tradition und Trend<\/h2>\n\n\n\n<p>Urspr\u00fcnglich kommt Soul Food aus der afroamerikanischen Tradition der S\u00fcdstaaten, bescheiden und ausgehend von dem was zur Verf\u00fcgung steht, s\u00e4ttigend und wohltuend. Aber Soul Food l\u00e4sst sich vielf\u00e4ltig \u00fcbersetzen. Mir kommen viele Assoziationen in den Sinn \u2013 <strong>intensive Farben, aromatische Gew\u00fcrze, Iran, Marokko, aber selbstverst\u00e4ndlich auch Italien.<\/strong> Eine von A-Z frischgemachte Pasta ist f\u00fcr mich Soul-Food und Sinnlichkeit pur.<\/p>\n\n\n\n<p>Soul Food liegt im Trend und ist seit Langem in der <strong>Spitzengastronomie<\/strong>, im Sinne von <strong>Urspr\u00fcnglichkeit, Ehrlichkeit und Authentizit\u00e4t<\/strong>, angekommen. Ich erinnere mich an einen der ersten Chef Alps in Z\u00fcrich mit Massimo Bottura. Er kochte einen <strong>Risotto Cacio e Pepe<\/strong>, Parmesan und Pfeffer. Eigentlich so simpel, so pur und so enorm aromatisch, dass er mir unvergesslich geblieben ist und genau das ist Soul Food.<\/p>\n\n\n\n<h2 class=\"wp-block-heading\">Risotto Cacio e Pepe<\/h2>\n\n\n\n<p>Die Zubereitung des Risottos m\u00f6chte ich niemandem vorenthalten. Ein St\u00fcck Parmesan wird langsam und sanft gekocht, bis sich der K\u00e4se aufl\u00f6st und dann wird das Ganze \u00fcber Nacht stehen gelassen. Am Morgen hat sich das Protein am Boden abgesetzt, w\u00e4hrend der cremige Part oben aufschwimmt und das verbl\u00fcffend intensive Parmesanwasser in der Mitte liegt. Mit diesem, und nur mit diesem, wird der Reis gekocht, keine Zwiebel, kein Wein. Am Schluss r\u00fchrt er einen L\u00f6ffel der cremigen Masse unter und wir mahlen einen edlen schwarzen Pfeffer dar\u00fcber. Basta.<\/p>\n\n\n\n<p>Ist ja klar, dass der Spitzenkoch doch noch irgendetwas anders gemacht hat. Massimo Bottura verwendete keinen frisch gemahlenen Pfeffer, sondern ein Destillat von sechs exquisiten Pfeffern, das er \u00fcber das fertige Gericht spr\u00fchte. Dazu empfehle ich einen <strong>Franciacorta brut Emozione 2014 von Villa.<\/strong><\/p>\n\n\n\n<div class=\"wp-block-buttons is-layout-flex wp-block-buttons-is-layout-flex\">\n<div class=\"wp-block-button\"><a class=\"wp-block-button__link\" href=\"https:\/\/www.martel.ch\/shop\/zweigelt-vom-rusterberg-sck4720.html\">Zur Weinempfehlung<\/a><\/div>\n<\/div>\n\n\n\n<div style=\"height:30px\" aria-hidden=\"true\" class=\"wp-block-spacer\"><\/div>\n\n\n\n<h2 class=\"wp-block-heading\">Iranischer Soul Food<\/h2>\n\n\n\n<p>Den besten iranischen Soul Food esse ich bei einem guten Freund. Ich liebe den <strong>k\u00f6stlichen weissen Reis mit Tahdig<\/strong>, der knusprigen Joghurt oder Kartoffelkruste und dazu eines der iranischen Nationalgerichte wie Khoregt-e Fesenjoon, ein Eintopfgericht aus Waln\u00fcssen Granat\u00e4pfeln und H\u00fchnerfleisch. Herrlich dazu ein Glas <strong>Grauburgunder, Bedecke deinen Himmel Zeus\u2026 2016 von J\u00fcrgen von der Mark oder seinen Engertstein Pinot Noir 2016<\/strong><\/p>\n\n\n\n<div class=\"wp-block-buttons is-layout-flex wp-block-buttons-is-layout-flex\">\n<div class=\"wp-block-button\"><a class=\"wp-block-button__link\" href=\"https:\/\/www.martel.ch\/shop\/wein\/winzer\/j%C3%BCrgen-von-der-mark\/preis\/unter-chf-15-chf-15---chf-20.html\">Zu den Weinen<\/a><\/div>\n<\/div>\n\n\n\n<div style=\"height:30px\" aria-hidden=\"true\" class=\"wp-block-spacer\"><\/div>\n\n\n\n<h2 class=\"wp-block-heading\">Noch mehr Soul Food &#8211; Lieblingsb\u00fccher<\/h2>\n\n\n\n<p>Und was ist mit dem Soul Food im \u00fcbertragenen Sinne? <strong>Musik, gute B\u00fccher, und liebe Freunde.<\/strong><\/p>\n\n\n\n<p>Wenn ich an gut B\u00fccher denke, kommen mir als erstes Kochb\u00fccherin den Sinn. Da f\u00e4llt mir ein besonderer Schm\u00f6ker ein. Ein Tipp f\u00fcr Kochbegeisterte. F\u00fcr alle jene, die&nbsp; jetzt viel Zeit haben, neugierig sind und sich gerne inspirieren lassen: <strong>Der Geschmacks Thesaurus von Niki Segnit<\/strong> aus dem Bloomsbury Verlag. Das Buch ist unglaublich inspirierend. Und dies ist auch der Wein, den ich dazu empfehle. <strong>Riesling SL 2017 von Schloss Lieser<\/strong>. Ein tiefer Alkoholgehalt gepaart mit wenig Rests\u00fcsse machen ihn zum idealen \u00abGlas zwischendurch\u00bb.<\/p>\n\n\n\n<div class=\"wp-block-buttons is-layout-flex wp-block-buttons-is-layout-flex\">\n<div class=\"wp-block-button\"><a class=\"wp-block-button__link\" href=\"https:\/\/www.martel.ch\/shop\/riesling-sl-lie1721.html\">Zum Wein<\/a><\/div>\n<\/div>\n\n\n\n<div style=\"height:30px\" aria-hidden=\"true\" class=\"wp-block-spacer\"><\/div>\n\n\n\n<p><strong>Zum Philosophieren.<\/strong> Das funktioniert auch mit sich allein. Ein Buch das nicht neu ist, es begleitet mich aber seit vielen Jahren, weil es f\u00fcr mich eine besondere Perle ist. <strong>Am Hang von Markus Werner.<\/strong> Fischer Verlag.<\/p>\n\n\n\n<p>Zum Roman des Schweizer Schriftstellers ein Glas eines Schweizer Winzerpaares. <strong>Meridio 2018 von Kopp von der Crone Visini<\/strong>.<\/p>\n\n\n\n<div class=\"wp-block-buttons is-layout-flex wp-block-buttons-is-layout-flex\">\n<div class=\"wp-block-button\"><a class=\"wp-block-button__link\" href=\"https:\/\/www.martel.ch\/shop\/meridio-bianco-cro1721.html\">Zur Weinempfehlung<\/a><\/div>\n<\/div>\n\n\n\n<div style=\"height:10px\" aria-hidden=\"true\" class=\"wp-block-spacer\"><\/div>\n\n\n\n<h2 class=\"wp-block-heading\">Wein und Musik<\/h2>\n\n\n\n<p>Oder doch einfach mal ein gutes Glas Wein und Soul Musik geniessen:<\/p>\n\n\n\n<p>Ode. Brad Mehldau Trio, 2012. Nonesuch<br>Visible World. Jan Garbarek, 1996. Decca\/ECM<\/p>\n\n\n\n<p>Musikalischer Hochgenuss. Dazu <strong>Cornas 2016 von Philippe Pacalet.<\/strong> Eine feine Adresse.<\/p>\n\n\n\n<div class=\"wp-block-buttons is-layout-flex wp-block-buttons-is-layout-flex\">\n<div class=\"wp-block-button\"><a class=\"wp-block-button__link\" href=\"https:\/\/www.martel.ch\/shop\/cornas-ac-pcr1717.html\">Zum Wein<\/a><\/div>\n<\/div>\n\n\n\n<div style=\"height:30px\" aria-hidden=\"true\" class=\"wp-block-spacer\"><\/div>\n\n\n\n<figure class=\"wp-block-image\"><img loading=\"lazy\" decoding=\"async\" width=\"728\" height=\"485\" src=\"\/cms\/wp-content\/uploads\/2020\/04\/martel-unterwegs-soul-food.jpg\" alt=\"Soul Food\" class=\"wp-image-1285\" srcset=\"https:\/\/www.martel.ch\/cms\/wp-content\/uploads\/2020\/04\/martel-unterwegs-soul-food.jpg 728w, https:\/\/www.martel.ch\/cms\/wp-content\/uploads\/2020\/04\/martel-unterwegs-soul-food-300x200.jpg 300w, https:\/\/www.martel.ch\/cms\/wp-content\/uploads\/2020\/04\/martel-unterwegs-soul-food-332x221.jpg 332w, https:\/\/www.martel.ch\/cms\/wp-content\/uploads\/2020\/04\/martel-unterwegs-soul-food-290x193.jpg 290w, https:\/\/www.martel.ch\/cms\/wp-content\/uploads\/2020\/04\/martel-unterwegs-soul-food-446x297.jpg 446w, https:\/\/www.martel.ch\/cms\/wp-content\/uploads\/2020\/04\/martel-unterwegs-soul-food-679x452.jpg 679w, https:\/\/www.martel.ch\/cms\/wp-content\/uploads\/2020\/04\/martel-unterwegs-soul-food-554x369.jpg 554w, https:\/\/www.martel.ch\/cms\/wp-content\/uploads\/2020\/04\/martel-unterwegs-soul-food-330x220.jpg 330w, https:\/\/www.martel.ch\/cms\/wp-content\/uploads\/2020\/04\/martel-unterwegs-soul-food-400x266.jpg 400w, https:\/\/www.martel.ch\/cms\/wp-content\/uploads\/2020\/04\/martel-unterwegs-soul-food-500x333.jpg 500w, https:\/\/www.martel.ch\/cms\/wp-content\/uploads\/2020\/04\/martel-unterwegs-soul-food-359x239.jpg 359w, https:\/\/www.martel.ch\/cms\/wp-content\/uploads\/2020\/04\/martel-unterwegs-soul-food-230x153.jpg 230w, https:\/\/www.martel.ch\/cms\/wp-content\/uploads\/2020\/04\/martel-unterwegs-soul-food-680x453.jpg 680w, https:\/\/www.martel.ch\/cms\/wp-content\/uploads\/2020\/04\/martel-unterwegs-soul-food-490x326.jpg 490w\" sizes=\"auto, (max-width: 728px) 100vw, 728px\" \/><\/figure>\n\n\n\n<figure class=\"wp-block-image\"><img loading=\"lazy\" decoding=\"async\" width=\"728\" height=\"485\" src=\"\/cms\/wp-content\/uploads\/2020\/04\/martel-unterwegs-soul-food-nihilisten.jpg\" alt=\"Soul Food\" class=\"wp-image-1290\" srcset=\"https:\/\/www.martel.ch\/cms\/wp-content\/uploads\/2020\/04\/martel-unterwegs-soul-food-nihilisten.jpg 728w, https:\/\/www.martel.ch\/cms\/wp-content\/uploads\/2020\/04\/martel-unterwegs-soul-food-nihilisten-300x200.jpg 300w, https:\/\/www.martel.ch\/cms\/wp-content\/uploads\/2020\/04\/martel-unterwegs-soul-food-nihilisten-332x221.jpg 332w, https:\/\/www.martel.ch\/cms\/wp-content\/uploads\/2020\/04\/martel-unterwegs-soul-food-nihilisten-290x193.jpg 290w, https:\/\/www.martel.ch\/cms\/wp-content\/uploads\/2020\/04\/martel-unterwegs-soul-food-nihilisten-446x297.jpg 446w, https:\/\/www.martel.ch\/cms\/wp-content\/uploads\/2020\/04\/martel-unterwegs-soul-food-nihilisten-679x452.jpg 679w, https:\/\/www.martel.ch\/cms\/wp-content\/uploads\/2020\/04\/martel-unterwegs-soul-food-nihilisten-554x369.jpg 554w, https:\/\/www.martel.ch\/cms\/wp-content\/uploads\/2020\/04\/martel-unterwegs-soul-food-nihilisten-330x220.jpg 330w, https:\/\/www.martel.ch\/cms\/wp-content\/uploads\/2020\/04\/martel-unterwegs-soul-food-nihilisten-400x266.jpg 400w, https:\/\/www.martel.ch\/cms\/wp-content\/uploads\/2020\/04\/martel-unterwegs-soul-food-nihilisten-500x333.jpg 500w, https:\/\/www.martel.ch\/cms\/wp-content\/uploads\/2020\/04\/martel-unterwegs-soul-food-nihilisten-359x239.jpg 359w, https:\/\/www.martel.ch\/cms\/wp-content\/uploads\/2020\/04\/martel-unterwegs-soul-food-nihilisten-230x153.jpg 230w, https:\/\/www.martel.ch\/cms\/wp-content\/uploads\/2020\/04\/martel-unterwegs-soul-food-nihilisten-680x453.jpg 680w, https:\/\/www.martel.ch\/cms\/wp-content\/uploads\/2020\/04\/martel-unterwegs-soul-food-nihilisten-490x326.jpg 490w\" sizes=\"auto, (max-width: 728px) 100vw, 728px\" \/><\/figure>\n","protected":false},"excerpt":{"rendered":"","protected":false},"author":5,"featured_media":1291,"comment_status":"closed","ping_status":"closed","sticky":false,"template":"","format":"standard","meta":{"_acf_changed":false,"inline_featured_image":false,"footnotes":""},"categories":[449,56],"tags":[],"coauthors":[],"class_list":["post-1284","post","type-post","status-publish","format-standard","has-post-thumbnail","hentry","category-alle","category-unterwegs-im-rebberg"],"acf":{"inhaltselemente":null},"yoast_head":"<!-- This site is optimized with the Yoast SEO plugin v27.5 - https:\/\/yoast.com\/product\/yoast-seo-wordpress\/ -->\n<title>Soul Food | Martel Weine St.Gallen und Z\u00fcrich<\/title>\n<meta name=\"description\" content=\"Urspr\u00fcnglich kommt Soul Food aus der afroamerikanischen Tradition der S\u00fcdstaaten. Es l\u00e4sst sich vielf\u00e4ltig \u00fcbersetzen \u2013 intensive Farben, aromatische Gew\u00fcrze.\" \/>\n<meta name=\"robots\" content=\"index, follow, max-snippet:-1, max-image-preview:large, max-video-preview:-1\" \/>\n<link rel=\"canonical\" href=\"https:\/\/www.martel.ch\/cms\/weinwissen\/weinmagazin\/unterwegs-im-rebberg\/soul-food\/\" \/>\n<meta property=\"og:locale\" content=\"de_DE\" \/>\n<meta property=\"og:type\" content=\"article\" \/>\n<meta property=\"og:title\" content=\"Soul Food | Martel Weine St.Gallen und Z\u00fcrich\" \/>\n<meta property=\"og:description\" content=\"Urspr\u00fcnglich kommt Soul Food aus der afroamerikanischen Tradition der S\u00fcdstaaten. Es l\u00e4sst sich vielf\u00e4ltig \u00fcbersetzen \u2013 intensive Farben, aromatische Gew\u00fcrze.\" \/>\n<meta property=\"og:url\" content=\"https:\/\/www.martel.ch\/cms\/weinwissen\/weinmagazin\/unterwegs-im-rebberg\/soul-food\/\" \/>\n<meta property=\"og:site_name\" content=\"Martel\" \/>\n<meta property=\"article:publisher\" content=\"https:\/\/www.facebook.com\/pages\/Martel-AG-St-Gallen\/233396026691876\" \/>\n<meta property=\"article:published_time\" content=\"2020-04-07T09:59:06+00:00\" \/>\n<meta property=\"article:modified_time\" content=\"2022-08-24T11:45:56+00:00\" \/>\n<meta property=\"og:image\" content=\"https:\/\/www.martel.ch\/cms\/wp-content\/uploads\/2020\/04\/martel-unterwegs-soulfood.jpg\" \/>\n\t<meta property=\"og:image:width\" content=\"728\" \/>\n\t<meta property=\"og:image:height\" content=\"485\" \/>\n\t<meta property=\"og:image:type\" content=\"image\/jpeg\" \/>\n<meta name=\"author\" content=\"Bernadette Schoenenberger\" \/>\n<meta name=\"twitter:card\" content=\"summary_large_image\" \/>\n<meta name=\"twitter:creator\" content=\"@martel_weinwelt\" \/>\n<meta name=\"twitter:site\" content=\"@martel_weinwelt\" \/>\n<meta name=\"twitter:label1\" content=\"Geschrieben von\" \/>\n\t<meta name=\"twitter:data1\" content=\"Bernadette Schoenenberger\" \/>\n\t<meta name=\"twitter:label2\" content=\"Gesch\u00e4tzte Lesezeit\" \/>\n\t<meta name=\"twitter:data2\" content=\"4\u00a0Minuten\" \/>\n\t<meta name=\"twitter:label3\" content=\"Written by\" \/>\n\t<meta name=\"twitter:data3\" content=\"Bernadette Schoenenberger\" \/>\n<script type=\"application\/ld+json\" class=\"yoast-schema-graph\">{\"@context\":\"https:\\\/\\\/schema.org\",\"@graph\":[{\"@type\":\"Article\",\"@id\":\"https:\\\/\\\/www.martel.ch\\\/cms\\\/weinwissen\\\/weinmagazin\\\/unterwegs-im-rebberg\\\/soul-food\\\/#article\",\"isPartOf\":{\"@id\":\"https:\\\/\\\/www.martel.ch\\\/cms\\\/weinwissen\\\/weinmagazin\\\/unterwegs-im-rebberg\\\/soul-food\\\/\"},\"author\":{\"name\":\"Bernadette Schoenenberger\",\"@id\":\"https:\\\/\\\/www.martel.ch\\\/cms\\\/#\\\/schema\\\/person\\\/055353b67775d85b8c5d881ae719a981\"},\"headline\":\"Soul Food\",\"datePublished\":\"2020-04-07T09:59:06+00:00\",\"dateModified\":\"2022-08-24T11:45:56+00:00\",\"mainEntityOfPage\":{\"@id\":\"https:\\\/\\\/www.martel.ch\\\/cms\\\/weinwissen\\\/weinmagazin\\\/unterwegs-im-rebberg\\\/soul-food\\\/\"},\"wordCount\":622,\"publisher\":{\"@id\":\"https:\\\/\\\/www.martel.ch\\\/cms\\\/#organization\"},\"image\":{\"@id\":\"https:\\\/\\\/www.martel.ch\\\/cms\\\/weinwissen\\\/weinmagazin\\\/unterwegs-im-rebberg\\\/soul-food\\\/#primaryimage\"},\"thumbnailUrl\":\"https:\\\/\\\/www.martel.ch\\\/cms\\\/wp-content\\\/uploads\\\/2020\\\/04\\\/martel-unterwegs-soulfood.jpg\",\"articleSection\":[\"Alle\",\"Unterwegs im Rebberg\"],\"inLanguage\":\"de-CH\"},{\"@type\":\"WebPage\",\"@id\":\"https:\\\/\\\/www.martel.ch\\\/cms\\\/weinwissen\\\/weinmagazin\\\/unterwegs-im-rebberg\\\/soul-food\\\/\",\"url\":\"https:\\\/\\\/www.martel.ch\\\/cms\\\/weinwissen\\\/weinmagazin\\\/unterwegs-im-rebberg\\\/soul-food\\\/\",\"name\":\"Soul Food | Martel Weine St.Gallen und Z\u00fcrich\",\"isPartOf\":{\"@id\":\"https:\\\/\\\/www.martel.ch\\\/cms\\\/#website\"},\"primaryImageOfPage\":{\"@id\":\"https:\\\/\\\/www.martel.ch\\\/cms\\\/weinwissen\\\/weinmagazin\\\/unterwegs-im-rebberg\\\/soul-food\\\/#primaryimage\"},\"image\":{\"@id\":\"https:\\\/\\\/www.martel.ch\\\/cms\\\/weinwissen\\\/weinmagazin\\\/unterwegs-im-rebberg\\\/soul-food\\\/#primaryimage\"},\"thumbnailUrl\":\"https:\\\/\\\/www.martel.ch\\\/cms\\\/wp-content\\\/uploads\\\/2020\\\/04\\\/martel-unterwegs-soulfood.jpg\",\"datePublished\":\"2020-04-07T09:59:06+00:00\",\"dateModified\":\"2022-08-24T11:45:56+00:00\",\"description\":\"Urspr\u00fcnglich kommt Soul Food aus der afroamerikanischen Tradition der S\u00fcdstaaten. Es l\u00e4sst sich vielf\u00e4ltig \u00fcbersetzen \u2013 intensive Farben, aromatische Gew\u00fcrze.\",\"breadcrumb\":{\"@id\":\"https:\\\/\\\/www.martel.ch\\\/cms\\\/weinwissen\\\/weinmagazin\\\/unterwegs-im-rebberg\\\/soul-food\\\/#breadcrumb\"},\"inLanguage\":\"de-CH\",\"potentialAction\":[{\"@type\":\"ReadAction\",\"target\":[\"https:\\\/\\\/www.martel.ch\\\/cms\\\/weinwissen\\\/weinmagazin\\\/unterwegs-im-rebberg\\\/soul-food\\\/\"]}]},{\"@type\":\"ImageObject\",\"inLanguage\":\"de-CH\",\"@id\":\"https:\\\/\\\/www.martel.ch\\\/cms\\\/weinwissen\\\/weinmagazin\\\/unterwegs-im-rebberg\\\/soul-food\\\/#primaryimage\",\"url\":\"https:\\\/\\\/www.martel.ch\\\/cms\\\/wp-content\\\/uploads\\\/2020\\\/04\\\/martel-unterwegs-soulfood.jpg\",\"contentUrl\":\"https:\\\/\\\/www.martel.ch\\\/cms\\\/wp-content\\\/uploads\\\/2020\\\/04\\\/martel-unterwegs-soulfood.jpg\",\"width\":728,\"height\":485,\"caption\":\"Martel Soul Food\"},{\"@type\":\"BreadcrumbList\",\"@id\":\"https:\\\/\\\/www.martel.ch\\\/cms\\\/weinwissen\\\/weinmagazin\\\/unterwegs-im-rebberg\\\/soul-food\\\/#breadcrumb\",\"itemListElement\":[{\"@type\":\"ListItem\",\"position\":1,\"name\":\"Startseite\",\"item\":\"https:\\\/\\\/www.martel.ch\\\/cms\\\/\"},{\"@type\":\"ListItem\",\"position\":2,\"name\":\"Soul Food\"}]},{\"@type\":\"WebSite\",\"@id\":\"https:\\\/\\\/www.martel.ch\\\/cms\\\/#website\",\"url\":\"https:\\\/\\\/www.martel.ch\\\/cms\\\/\",\"name\":\"Martel\",\"description\":\"F\u00fcr Weinbegeisterte und die, die es werden m\u00f6chten.\",\"publisher\":{\"@id\":\"https:\\\/\\\/www.martel.ch\\\/cms\\\/#organization\"},\"potentialAction\":[{\"@type\":\"SearchAction\",\"target\":{\"@type\":\"EntryPoint\",\"urlTemplate\":\"https:\\\/\\\/www.martel.ch\\\/cms\\\/?s={search_term_string}\"},\"query-input\":{\"@type\":\"PropertyValueSpecification\",\"valueRequired\":true,\"valueName\":\"search_term_string\"}}],\"inLanguage\":\"de-CH\"},{\"@type\":\"Organization\",\"@id\":\"https:\\\/\\\/www.martel.ch\\\/cms\\\/#organization\",\"name\":\"Martel AG St.Gallen\",\"url\":\"https:\\\/\\\/www.martel.ch\\\/cms\\\/\",\"logo\":{\"@type\":\"ImageObject\",\"inLanguage\":\"de-CH\",\"@id\":\"https:\\\/\\\/www.martel.ch\\\/cms\\\/#\\\/schema\\\/logo\\\/image\\\/\",\"url\":\"https:\\\/\\\/www.martel.ch\\\/cms\\\/wp-content\\\/uploads\\\/2019\\\/02\\\/martel-logo.png\",\"contentUrl\":\"https:\\\/\\\/www.martel.ch\\\/cms\\\/wp-content\\\/uploads\\\/2019\\\/02\\\/martel-logo.png\",\"width\":600,\"height\":600,\"caption\":\"Martel AG St.Gallen\"},\"image\":{\"@id\":\"https:\\\/\\\/www.martel.ch\\\/cms\\\/#\\\/schema\\\/logo\\\/image\\\/\"},\"sameAs\":[\"https:\\\/\\\/www.facebook.com\\\/pages\\\/Martel-AG-St-Gallen\\\/233396026691876\",\"https:\\\/\\\/x.com\\\/martel_weinwelt\",\"https:\\\/\\\/www.instagram.com\\\/martel_weinwelt\\\/\",\"https:\\\/\\\/www.linkedin.com\\\/company\\\/martel-ag-st-gallen\",\"https:\\\/\\\/www.pinterest.ch\\\/martel_weinwelt\"]},{\"@type\":\"Person\",\"@id\":\"https:\\\/\\\/www.martel.ch\\\/cms\\\/#\\\/schema\\\/person\\\/055353b67775d85b8c5d881ae719a981\",\"name\":\"Bernadette Schoenenberger\",\"image\":{\"@type\":\"ImageObject\",\"inLanguage\":\"de-CH\",\"@id\":\"https:\\\/\\\/secure.gravatar.com\\\/avatar\\\/9d7c221fe7caeab5b1b093503459d063a3a5760f726d69d22c82c034ef41b3f2?s=96&d=mm&r=g1494769d9c519415ac6069f1f86ae721\",\"url\":\"https:\\\/\\\/secure.gravatar.com\\\/avatar\\\/9d7c221fe7caeab5b1b093503459d063a3a5760f726d69d22c82c034ef41b3f2?s=96&d=mm&r=g\",\"contentUrl\":\"https:\\\/\\\/secure.gravatar.com\\\/avatar\\\/9d7c221fe7caeab5b1b093503459d063a3a5760f726d69d22c82c034ef41b3f2?s=96&d=mm&r=g\",\"caption\":\"Bernadette Schoenenberger\"}}]}<\/script>\n<!-- \/ Yoast SEO plugin. -->","yoast_head_json":{"title":"Soul Food | Martel Weine St.Gallen und Z\u00fcrich","description":"Urspr\u00fcnglich kommt Soul Food aus der afroamerikanischen Tradition der S\u00fcdstaaten. Es l\u00e4sst sich vielf\u00e4ltig \u00fcbersetzen \u2013 intensive Farben, aromatische Gew\u00fcrze.","robots":{"index":"index","follow":"follow","max-snippet":"max-snippet:-1","max-image-preview":"max-image-preview:large","max-video-preview":"max-video-preview:-1"},"canonical":"https:\/\/www.martel.ch\/cms\/weinwissen\/weinmagazin\/unterwegs-im-rebberg\/soul-food\/","og_locale":"de_DE","og_type":"article","og_title":"Soul Food | Martel Weine St.Gallen und Z\u00fcrich","og_description":"Urspr\u00fcnglich kommt Soul Food aus der afroamerikanischen Tradition der S\u00fcdstaaten. Es l\u00e4sst sich vielf\u00e4ltig \u00fcbersetzen \u2013 intensive Farben, aromatische Gew\u00fcrze.","og_url":"https:\/\/www.martel.ch\/cms\/weinwissen\/weinmagazin\/unterwegs-im-rebberg\/soul-food\/","og_site_name":"Martel","article_publisher":"https:\/\/www.facebook.com\/pages\/Martel-AG-St-Gallen\/233396026691876","article_published_time":"2020-04-07T09:59:06+00:00","article_modified_time":"2022-08-24T11:45:56+00:00","og_image":[{"width":728,"height":485,"url":"https:\/\/www.martel.ch\/cms\/wp-content\/uploads\/2020\/04\/martel-unterwegs-soulfood.jpg","type":"image\/jpeg"}],"author":"Bernadette Schoenenberger","twitter_card":"summary_large_image","twitter_creator":"@martel_weinwelt","twitter_site":"@martel_weinwelt","twitter_misc":{"Geschrieben von":"Bernadette Schoenenberger","Gesch\u00e4tzte Lesezeit":"4\u00a0Minuten","Written by":"Bernadette Schoenenberger"},"schema":{"@context":"https:\/\/schema.org","@graph":[{"@type":"Article","@id":"https:\/\/www.martel.ch\/cms\/weinwissen\/weinmagazin\/unterwegs-im-rebberg\/soul-food\/#article","isPartOf":{"@id":"https:\/\/www.martel.ch\/cms\/weinwissen\/weinmagazin\/unterwegs-im-rebberg\/soul-food\/"},"author":{"name":"Bernadette Schoenenberger","@id":"https:\/\/www.martel.ch\/cms\/#\/schema\/person\/055353b67775d85b8c5d881ae719a981"},"headline":"Soul Food","datePublished":"2020-04-07T09:59:06+00:00","dateModified":"2022-08-24T11:45:56+00:00","mainEntityOfPage":{"@id":"https:\/\/www.martel.ch\/cms\/weinwissen\/weinmagazin\/unterwegs-im-rebberg\/soul-food\/"},"wordCount":622,"publisher":{"@id":"https:\/\/www.martel.ch\/cms\/#organization"},"image":{"@id":"https:\/\/www.martel.ch\/cms\/weinwissen\/weinmagazin\/unterwegs-im-rebberg\/soul-food\/#primaryimage"},"thumbnailUrl":"https:\/\/www.martel.ch\/cms\/wp-content\/uploads\/2020\/04\/martel-unterwegs-soulfood.jpg","articleSection":["Alle","Unterwegs im Rebberg"],"inLanguage":"de-CH"},{"@type":"WebPage","@id":"https:\/\/www.martel.ch\/cms\/weinwissen\/weinmagazin\/unterwegs-im-rebberg\/soul-food\/","url":"https:\/\/www.martel.ch\/cms\/weinwissen\/weinmagazin\/unterwegs-im-rebberg\/soul-food\/","name":"Soul Food | Martel Weine St.Gallen und Z\u00fcrich","isPartOf":{"@id":"https:\/\/www.martel.ch\/cms\/#website"},"primaryImageOfPage":{"@id":"https:\/\/www.martel.ch\/cms\/weinwissen\/weinmagazin\/unterwegs-im-rebberg\/soul-food\/#primaryimage"},"image":{"@id":"https:\/\/www.martel.ch\/cms\/weinwissen\/weinmagazin\/unterwegs-im-rebberg\/soul-food\/#primaryimage"},"thumbnailUrl":"https:\/\/www.martel.ch\/cms\/wp-content\/uploads\/2020\/04\/martel-unterwegs-soulfood.jpg","datePublished":"2020-04-07T09:59:06+00:00","dateModified":"2022-08-24T11:45:56+00:00","description":"Urspr\u00fcnglich kommt Soul Food aus der afroamerikanischen Tradition der S\u00fcdstaaten. Es l\u00e4sst sich vielf\u00e4ltig \u00fcbersetzen \u2013 intensive Farben, aromatische Gew\u00fcrze.","breadcrumb":{"@id":"https:\/\/www.martel.ch\/cms\/weinwissen\/weinmagazin\/unterwegs-im-rebberg\/soul-food\/#breadcrumb"},"inLanguage":"de-CH","potentialAction":[{"@type":"ReadAction","target":["https:\/\/www.martel.ch\/cms\/weinwissen\/weinmagazin\/unterwegs-im-rebberg\/soul-food\/"]}]},{"@type":"ImageObject","inLanguage":"de-CH","@id":"https:\/\/www.martel.ch\/cms\/weinwissen\/weinmagazin\/unterwegs-im-rebberg\/soul-food\/#primaryimage","url":"https:\/\/www.martel.ch\/cms\/wp-content\/uploads\/2020\/04\/martel-unterwegs-soulfood.jpg","contentUrl":"https:\/\/www.martel.ch\/cms\/wp-content\/uploads\/2020\/04\/martel-unterwegs-soulfood.jpg","width":728,"height":485,"caption":"Martel Soul Food"},{"@type":"BreadcrumbList","@id":"https:\/\/www.martel.ch\/cms\/weinwissen\/weinmagazin\/unterwegs-im-rebberg\/soul-food\/#breadcrumb","itemListElement":[{"@type":"ListItem","position":1,"name":"Startseite","item":"https:\/\/www.martel.ch\/cms\/"},{"@type":"ListItem","position":2,"name":"Soul Food"}]},{"@type":"WebSite","@id":"https:\/\/www.martel.ch\/cms\/#website","url":"https:\/\/www.martel.ch\/cms\/","name":"Martel","description":"F\u00fcr Weinbegeisterte und die, die es werden m\u00f6chten.","publisher":{"@id":"https:\/\/www.martel.ch\/cms\/#organization"},"potentialAction":[{"@type":"SearchAction","target":{"@type":"EntryPoint","urlTemplate":"https:\/\/www.martel.ch\/cms\/?s={search_term_string}"},"query-input":{"@type":"PropertyValueSpecification","valueRequired":true,"valueName":"search_term_string"}}],"inLanguage":"de-CH"},{"@type":"Organization","@id":"https:\/\/www.martel.ch\/cms\/#organization","name":"Martel AG St.Gallen","url":"https:\/\/www.martel.ch\/cms\/","logo":{"@type":"ImageObject","inLanguage":"de-CH","@id":"https:\/\/www.martel.ch\/cms\/#\/schema\/logo\/image\/","url":"https:\/\/www.martel.ch\/cms\/wp-content\/uploads\/2019\/02\/martel-logo.png","contentUrl":"https:\/\/www.martel.ch\/cms\/wp-content\/uploads\/2019\/02\/martel-logo.png","width":600,"height":600,"caption":"Martel AG St.Gallen"},"image":{"@id":"https:\/\/www.martel.ch\/cms\/#\/schema\/logo\/image\/"},"sameAs":["https:\/\/www.facebook.com\/pages\/Martel-AG-St-Gallen\/233396026691876","https:\/\/x.com\/martel_weinwelt","https:\/\/www.instagram.com\/martel_weinwelt\/","https:\/\/www.linkedin.com\/company\/martel-ag-st-gallen","https:\/\/www.pinterest.ch\/martel_weinwelt"]},{"@type":"Person","@id":"https:\/\/www.martel.ch\/cms\/#\/schema\/person\/055353b67775d85b8c5d881ae719a981","name":"Bernadette Schoenenberger","image":{"@type":"ImageObject","inLanguage":"de-CH","@id":"https:\/\/secure.gravatar.com\/avatar\/9d7c221fe7caeab5b1b093503459d063a3a5760f726d69d22c82c034ef41b3f2?s=96&d=mm&r=g1494769d9c519415ac6069f1f86ae721","url":"https:\/\/secure.gravatar.com\/avatar\/9d7c221fe7caeab5b1b093503459d063a3a5760f726d69d22c82c034ef41b3f2?s=96&d=mm&r=g","contentUrl":"https:\/\/secure.gravatar.com\/avatar\/9d7c221fe7caeab5b1b093503459d063a3a5760f726d69d22c82c034ef41b3f2?s=96&d=mm&r=g","caption":"Bernadette Schoenenberger"}}]}},"_links":{"self":[{"href":"https:\/\/www.martel.ch\/cms\/wp-json\/wp\/v2\/posts\/1284","targetHints":{"allow":["GET"]}}],"collection":[{"href":"https:\/\/www.martel.ch\/cms\/wp-json\/wp\/v2\/posts"}],"about":[{"href":"https:\/\/www.martel.ch\/cms\/wp-json\/wp\/v2\/types\/post"}],"author":[{"embeddable":true,"href":"https:\/\/www.martel.ch\/cms\/wp-json\/wp\/v2\/users\/5"}],"replies":[{"embeddable":true,"href":"https:\/\/www.martel.ch\/cms\/wp-json\/wp\/v2\/comments?post=1284"}],"version-history":[{"count":10,"href":"https:\/\/www.martel.ch\/cms\/wp-json\/wp\/v2\/posts\/1284\/revisions"}],"predecessor-version":[{"id":14908,"href":"https:\/\/www.martel.ch\/cms\/wp-json\/wp\/v2\/posts\/1284\/revisions\/14908"}],"wp:featuredmedia":[{"embeddable":true,"href":"https:\/\/www.martel.ch\/cms\/wp-json\/wp\/v2\/media\/1291"}],"wp:attachment":[{"href":"https:\/\/www.martel.ch\/cms\/wp-json\/wp\/v2\/media?parent=1284"}],"wp:term":[{"taxonomy":"category","embeddable":true,"href":"https:\/\/www.martel.ch\/cms\/wp-json\/wp\/v2\/categories?post=1284"},{"taxonomy":"post_tag","embeddable":true,"href":"https:\/\/www.martel.ch\/cms\/wp-json\/wp\/v2\/tags?post=1284"},{"taxonomy":"author","embeddable":true,"href":"https:\/\/www.martel.ch\/cms\/wp-json\/wp\/v2\/coauthors?post=1284"}],"curies":[{"name":"wp","href":"https:\/\/api.w.org\/{rel}","templated":true}]}}