{"id":15496,"date":"2022-09-20T08:00:04","date_gmt":"2022-09-20T06:00:04","guid":{"rendered":"https:\/\/www.martel.ch\/cms\/?p=15496"},"modified":"2022-09-30T14:10:30","modified_gmt":"2022-09-30T12:10:30","slug":"unsere-querweinsteiger","status":"publish","type":"post","link":"https:\/\/www.martel.ch\/cms\/weinwissen\/weinmagazin\/martel-schenkt-ein\/unsere-querweinsteiger\/","title":{"rendered":"Unsere Querweinsteiger"},"content":{"rendered":"\n<p><strong>Manchmal f\u00fchrt der Weg zum Ziel \u00fcber einen Umweg. Das gilt auch f\u00fcr erfolgreiche Winzerinnen und Winzer, die \u00fcber eine Extraschlaufe zu ihrem Traumberuf fanden. Querweinsteiger nennen wir sie bei der Weinhandlung Martel<\/strong>. <\/p>\n\n\n\n<h2 class=\"wp-block-heading\">Vom Schweizer K\u00e4ser zum Winzer in Deutschland<\/h2>\n\n\n\n<p><strong>Urban Kaufmann<\/strong> ging wegen der Liebe zum Wein nach Deutschland, fand mit <strong>Eva Raps<\/strong> die Frau seines Lebens und sein Winzergl\u00fcck. Heute ist Urban Winzer eines 20-Hektar-Betriebes im deutschen Rheingau. Bis vor zehn Jahren f\u00fchrte der Ostschweizer eine K\u00e4serei in Andwil im Kanton St.Gallen. Er suchte eine Frau und tr\u00e4umte von einem Weingut, zuerst im Piemont. Der Sprache und Mentalit\u00e4t wegen fiel die Wahl dann auf Deutschland. Dort lernte er Eva Raps kennen, die damals den Verband der Pr\u00e4dikatsweing\u00fcter VDP leitete. Was f\u00fcr ein Gl\u00fcck: Seit 2013 f\u00fchren die beiden gemeinsam ihr eigenes VDP-Weingut in Hattenheim und sorgen mit ihren biodynamischen Spitzenweinen f\u00fcr Furore. <\/p>\n\n\n\n<div class=\"wp-block-buttons is-layout-flex wp-block-buttons-is-layout-flex\">\n<div class=\"wp-block-button\"><a class=\"wp-block-button__link\" href=\"https:\/\/www.martel.ch\/wein\/?filter=winzer,kaufmann\">Weine von Kaufmann<\/a><\/div>\n<\/div>\n\n\n\n<div class=\"wp-block-buttons is-layout-flex wp-block-buttons-is-layout-flex\"><\/div>\n\n\n\n<p><\/p>\n\n\n\n<h2 class=\"wp-block-heading\">Der Wein-Doktor mit der Supernase<\/h2>\n\n\n\n<p>Dieser Mann ist alles, ausser gew\u00f6hnlich. Der Genfer Mediziner <strong>Patrick Regamey <\/strong>arbeitet als Arzt und als Winzer. Zum Wein brachte ihn sein hervorragender Geruchssinn, kombiniert mit einem ph\u00e4nomenalen Ged\u00e4chtnis. Das macht Patrick zum Top-Verkoster. Zusammen mit Freunden gr\u00fcndete er 2007 sein eigenes Weingut im Wallis. Durchschnittlich drei Stunden am Tag k\u00fcmmert sich Patrick um <strong>L\u2019Histoire d\u2019Enfer<\/strong>. Er pendelt zwischen seinem Erstwohnsitz und Arbeitsort in Genf und dem Wallis, wo nebst seinem Weingut eine zus\u00e4tzliche Arztpraxis betreibt. Ein Mann mit unglaublicher Energie und viel \u00f6nologischem Talent. Seine Weine geh\u00f6ren zu den besten im Wallis und sind \u00e4rztlich empfohlen.<\/p>\n\n\n\n<div class=\"wp-block-buttons is-layout-flex wp-block-buttons-is-layout-flex\">\n<div class=\"wp-block-button\"><a class=\"wp-block-button__link\" href=\"https:\/\/www.martel.ch\/wein\/?filter=winzer,histoire-d-enfer\">Weine von L&#8217;Histoire d&#8217;Enfer<\/a><\/div>\n<\/div>\n\n\n\n<figure class=\"wp-block-image size-large\"><img loading=\"lazy\" decoding=\"async\" width=\"854\" height=\"569\" src=\"https:\/\/www.martel.ch\/cms\/wp-content\/uploads\/2022\/09\/querweinsteiger_histoire_denfer-854x569.jpg\" alt=\"Querweinsteiger Histoire d'Enfer\" class=\"wp-image-15472\" title=\"Martel Weinwelt - Querweinsteiger Histoire d'Enfer\" srcset=\"https:\/\/www.martel.ch\/cms\/wp-content\/uploads\/2022\/09\/querweinsteiger_histoire_denfer-854x569.jpg 854w, https:\/\/www.martel.ch\/cms\/wp-content\/uploads\/2022\/09\/querweinsteiger_histoire_denfer-300x200.jpg 300w, https:\/\/www.martel.ch\/cms\/wp-content\/uploads\/2022\/09\/querweinsteiger_histoire_denfer-768x512.jpg 768w, https:\/\/www.martel.ch\/cms\/wp-content\/uploads\/2022\/09\/querweinsteiger_histoire_denfer-1536x1024.jpg 1536w, https:\/\/www.martel.ch\/cms\/wp-content\/uploads\/2022\/09\/querweinsteiger_histoire_denfer-1370x913.jpg 1370w, https:\/\/www.martel.ch\/cms\/wp-content\/uploads\/2022\/09\/querweinsteiger_histoire_denfer-910x607.jpg 910w, https:\/\/www.martel.ch\/cms\/wp-content\/uploads\/2022\/09\/querweinsteiger_histoire_denfer-332x221.jpg 332w, https:\/\/www.martel.ch\/cms\/wp-content\/uploads\/2022\/09\/querweinsteiger_histoire_denfer-290x193.jpg 290w, https:\/\/www.martel.ch\/cms\/wp-content\/uploads\/2022\/09\/querweinsteiger_histoire_denfer-446x297.jpg 446w, https:\/\/www.martel.ch\/cms\/wp-content\/uploads\/2022\/09\/querweinsteiger_histoire_denfer-679x453.jpg 679w, https:\/\/www.martel.ch\/cms\/wp-content\/uploads\/2022\/09\/querweinsteiger_histoire_denfer-554x369.jpg 554w, https:\/\/www.martel.ch\/cms\/wp-content\/uploads\/2022\/09\/querweinsteiger_histoire_denfer-330x220.jpg 330w, https:\/\/www.martel.ch\/cms\/wp-content\/uploads\/2022\/09\/querweinsteiger_histoire_denfer-400x267.jpg 400w, https:\/\/www.martel.ch\/cms\/wp-content\/uploads\/2022\/09\/querweinsteiger_histoire_denfer-500x333.jpg 500w, https:\/\/www.martel.ch\/cms\/wp-content\/uploads\/2022\/09\/querweinsteiger_histoire_denfer-944x629.jpg 944w, https:\/\/www.martel.ch\/cms\/wp-content\/uploads\/2022\/09\/querweinsteiger_histoire_denfer-359x239.jpg 359w, https:\/\/www.martel.ch\/cms\/wp-content\/uploads\/2022\/09\/querweinsteiger_histoire_denfer-230x153.jpg 230w, https:\/\/www.martel.ch\/cms\/wp-content\/uploads\/2022\/09\/querweinsteiger_histoire_denfer-680x453.jpg 680w, https:\/\/www.martel.ch\/cms\/wp-content\/uploads\/2022\/09\/querweinsteiger_histoire_denfer-490x327.jpg 490w, https:\/\/www.martel.ch\/cms\/wp-content\/uploads\/2022\/09\/querweinsteiger_histoire_denfer.jpg 2000w\" sizes=\"auto, (max-width: 854px) 100vw, 854px\" \/><\/figure>\n\n\n\n<h2 class=\"wp-block-heading\">Ins Winzergl\u00fcck gesegelt<\/h2>\n\n\n\n<p>Die <strong>kalifornische \u00d6konomin Carrie und Maschinenbauingenieur Hans Frederik aus D\u00e4nemark <\/strong>leben in jungen Jahren in Malaysia. Dann kommen sie nach Europa und segeln von England nach Portugal, wo sie sich 1988 im Alentejo niederlassen: \u00abMich erinnerte die Gegend an Kalifornien, Hans liebte die mediterrane Sonne\u00bb, erinnert sich Carrie Jorgensen. Ihr k\u00fcnftiges Weingut <strong>Cortes de Cima <\/strong>bestand am Anfang nur aus trockenem Land und ein paar verlassenen H\u00e4usern. Ingenieur Hans Frederik baute einen Damm und das Paar pflanzte Syrah-Reben, die damals in dieser Weingegend noch verboten waren. Deshalb verschwiegen sie die Traubensorte und tauften den Wein vielsagend \u00abInc\u00f2gnito\u00bb. Der Syrah geriet zum weltweiten Erfolg und Cortes de Cima gilt seither als portugiesisches Weinwunder. Das Werk von zwei Querweinsteigern, das nun von ihrer gemeinsamen Tochter <strong>Anna Jorgensen <\/strong>mit viel Wind in den Segeln weitergef\u00fchrt wird.<\/p>\n\n\n\n<div class=\"wp-block-buttons is-layout-flex wp-block-buttons-is-layout-flex\">\n<div class=\"wp-block-button\"><a class=\"wp-block-button__link\" href=\"https:\/\/www.martel.ch\/suche?search=cortes%20de%20cima&amp;filter=winzer,cortes-de-cima\">Weine von Cortes de Cima<\/a><\/div>\n<\/div>\n\n\n\n<figure class=\"wp-block-image size-large\"><img loading=\"lazy\" decoding=\"async\" width=\"854\" height=\"569\" src=\"https:\/\/www.martel.ch\/cms\/wp-content\/uploads\/2022\/09\/Cortes-de-Cima_Segelboot-854x569.jpg\" alt=\"Cortes de Cima\" class=\"wp-image-15463\" title=\"Martel Weinwelt - Cortes de Cima\" srcset=\"https:\/\/www.martel.ch\/cms\/wp-content\/uploads\/2022\/09\/Cortes-de-Cima_Segelboot-854x569.jpg 854w, https:\/\/www.martel.ch\/cms\/wp-content\/uploads\/2022\/09\/Cortes-de-Cima_Segelboot-300x200.jpg 300w, https:\/\/www.martel.ch\/cms\/wp-content\/uploads\/2022\/09\/Cortes-de-Cima_Segelboot-768x512.jpg 768w, https:\/\/www.martel.ch\/cms\/wp-content\/uploads\/2022\/09\/Cortes-de-Cima_Segelboot-1536x1024.jpg 1536w, https:\/\/www.martel.ch\/cms\/wp-content\/uploads\/2022\/09\/Cortes-de-Cima_Segelboot-1370x913.jpg 1370w, https:\/\/www.martel.ch\/cms\/wp-content\/uploads\/2022\/09\/Cortes-de-Cima_Segelboot-910x607.jpg 910w, https:\/\/www.martel.ch\/cms\/wp-content\/uploads\/2022\/09\/Cortes-de-Cima_Segelboot-332x221.jpg 332w, https:\/\/www.martel.ch\/cms\/wp-content\/uploads\/2022\/09\/Cortes-de-Cima_Segelboot-290x193.jpg 290w, https:\/\/www.martel.ch\/cms\/wp-content\/uploads\/2022\/09\/Cortes-de-Cima_Segelboot-446x297.jpg 446w, https:\/\/www.martel.ch\/cms\/wp-content\/uploads\/2022\/09\/Cortes-de-Cima_Segelboot-679x453.jpg 679w, https:\/\/www.martel.ch\/cms\/wp-content\/uploads\/2022\/09\/Cortes-de-Cima_Segelboot-554x369.jpg 554w, https:\/\/www.martel.ch\/cms\/wp-content\/uploads\/2022\/09\/Cortes-de-Cima_Segelboot-330x220.jpg 330w, https:\/\/www.martel.ch\/cms\/wp-content\/uploads\/2022\/09\/Cortes-de-Cima_Segelboot-400x267.jpg 400w, https:\/\/www.martel.ch\/cms\/wp-content\/uploads\/2022\/09\/Cortes-de-Cima_Segelboot-500x333.jpg 500w, https:\/\/www.martel.ch\/cms\/wp-content\/uploads\/2022\/09\/Cortes-de-Cima_Segelboot-944x629.jpg 944w, https:\/\/www.martel.ch\/cms\/wp-content\/uploads\/2022\/09\/Cortes-de-Cima_Segelboot-359x239.jpg 359w, https:\/\/www.martel.ch\/cms\/wp-content\/uploads\/2022\/09\/Cortes-de-Cima_Segelboot-230x153.jpg 230w, https:\/\/www.martel.ch\/cms\/wp-content\/uploads\/2022\/09\/Cortes-de-Cima_Segelboot-680x453.jpg 680w, https:\/\/www.martel.ch\/cms\/wp-content\/uploads\/2022\/09\/Cortes-de-Cima_Segelboot-490x327.jpg 490w, https:\/\/www.martel.ch\/cms\/wp-content\/uploads\/2022\/09\/Cortes-de-Cima_Segelboot.jpg 2000w\" sizes=\"auto, (max-width: 854px) 100vw, 854px\" \/><\/figure>\n\n\n\n<figure class=\"wp-block-image size-large\"><img loading=\"lazy\" decoding=\"async\" width=\"854\" height=\"569\" src=\"https:\/\/www.martel.ch\/cms\/wp-content\/uploads\/2022\/09\/querweinsteiger_cortes_1-854x569.jpg\" alt=\"Anna Jorgensen\" class=\"wp-image-15466\" title=\"Martel Weinwelt - Anna Jorgensen\" srcset=\"https:\/\/www.martel.ch\/cms\/wp-content\/uploads\/2022\/09\/querweinsteiger_cortes_1-854x569.jpg 854w, https:\/\/www.martel.ch\/cms\/wp-content\/uploads\/2022\/09\/querweinsteiger_cortes_1-300x200.jpg 300w, https:\/\/www.martel.ch\/cms\/wp-content\/uploads\/2022\/09\/querweinsteiger_cortes_1-768x512.jpg 768w, https:\/\/www.martel.ch\/cms\/wp-content\/uploads\/2022\/09\/querweinsteiger_cortes_1-1536x1024.jpg 1536w, https:\/\/www.martel.ch\/cms\/wp-content\/uploads\/2022\/09\/querweinsteiger_cortes_1-1370x913.jpg 1370w, https:\/\/www.martel.ch\/cms\/wp-content\/uploads\/2022\/09\/querweinsteiger_cortes_1-910x607.jpg 910w, https:\/\/www.martel.ch\/cms\/wp-content\/uploads\/2022\/09\/querweinsteiger_cortes_1-332x221.jpg 332w, https:\/\/www.martel.ch\/cms\/wp-content\/uploads\/2022\/09\/querweinsteiger_cortes_1-290x193.jpg 290w, https:\/\/www.martel.ch\/cms\/wp-content\/uploads\/2022\/09\/querweinsteiger_cortes_1-446x297.jpg 446w, https:\/\/www.martel.ch\/cms\/wp-content\/uploads\/2022\/09\/querweinsteiger_cortes_1-679x453.jpg 679w, https:\/\/www.martel.ch\/cms\/wp-content\/uploads\/2022\/09\/querweinsteiger_cortes_1-554x369.jpg 554w, https:\/\/www.martel.ch\/cms\/wp-content\/uploads\/2022\/09\/querweinsteiger_cortes_1-330x220.jpg 330w, https:\/\/www.martel.ch\/cms\/wp-content\/uploads\/2022\/09\/querweinsteiger_cortes_1-400x267.jpg 400w, https:\/\/www.martel.ch\/cms\/wp-content\/uploads\/2022\/09\/querweinsteiger_cortes_1-500x333.jpg 500w, https:\/\/www.martel.ch\/cms\/wp-content\/uploads\/2022\/09\/querweinsteiger_cortes_1-944x629.jpg 944w, https:\/\/www.martel.ch\/cms\/wp-content\/uploads\/2022\/09\/querweinsteiger_cortes_1-359x239.jpg 359w, https:\/\/www.martel.ch\/cms\/wp-content\/uploads\/2022\/09\/querweinsteiger_cortes_1-230x153.jpg 230w, https:\/\/www.martel.ch\/cms\/wp-content\/uploads\/2022\/09\/querweinsteiger_cortes_1-680x453.jpg 680w, https:\/\/www.martel.ch\/cms\/wp-content\/uploads\/2022\/09\/querweinsteiger_cortes_1-490x327.jpg 490w, https:\/\/www.martel.ch\/cms\/wp-content\/uploads\/2022\/09\/querweinsteiger_cortes_1.jpg 2000w\" sizes=\"auto, (max-width: 854px) 100vw, 854px\" \/><\/figure>\n","protected":false},"excerpt":{"rendered":"","protected":false},"author":42,"featured_media":15475,"comment_status":"closed","ping_status":"closed","sticky":false,"template":"","format":"standard","meta":{"_acf_changed":false,"inline_featured_image":false,"footnotes":""},"categories":[57],"tags":[],"coauthors":[493],"class_list":["post-15496","post","type-post","status-publish","format-standard","has-post-thumbnail","hentry","category-martel-schenkt-ein"],"acf":{"inhaltselemente":null},"yoast_head":"<!-- This site is optimized with the Yoast SEO plugin v27.5 - https:\/\/yoast.com\/product\/yoast-seo-wordpress\/ -->\n<title>Unsere Querweinsteiger<\/title>\n<meta name=\"description\" content=\"Querweinsteiger - Manchmal f\u00fchrt der Weg zum Ziel \u00fcber einen Umweg. Das gilt auch f\u00fcr erfolgreiche Winzerinnen und Winzer.\" \/>\n<meta name=\"robots\" content=\"index, follow, max-snippet:-1, max-image-preview:large, max-video-preview:-1\" \/>\n<link rel=\"canonical\" href=\"https:\/\/www.martel.ch\/cms\/weinwissen\/weinmagazin\/martel-schenkt-ein\/unsere-querweinsteiger\/\" \/>\n<meta property=\"og:locale\" content=\"de_DE\" \/>\n<meta property=\"og:type\" content=\"article\" \/>\n<meta property=\"og:title\" content=\"Unsere Querweinsteiger\" \/>\n<meta property=\"og:description\" content=\"Querweinsteiger - Manchmal f\u00fchrt der Weg zum Ziel \u00fcber einen Umweg. Das gilt auch f\u00fcr erfolgreiche Winzerinnen und Winzer.\" \/>\n<meta property=\"og:url\" content=\"https:\/\/www.martel.ch\/cms\/weinwissen\/weinmagazin\/martel-schenkt-ein\/unsere-querweinsteiger\/\" \/>\n<meta property=\"og:site_name\" content=\"Martel\" \/>\n<meta property=\"article:publisher\" content=\"https:\/\/www.facebook.com\/pages\/Martel-AG-St-Gallen\/233396026691876\" \/>\n<meta property=\"article:published_time\" content=\"2022-09-20T06:00:04+00:00\" \/>\n<meta property=\"article:modified_time\" content=\"2022-09-30T12:10:30+00:00\" \/>\n<meta property=\"og:image\" content=\"https:\/\/www.martel.ch\/cms\/wp-content\/uploads\/2022\/09\/querweinsteiger_kaufmann_1.jpg\" \/>\n\t<meta property=\"og:image:width\" content=\"2000\" \/>\n\t<meta property=\"og:image:height\" content=\"1333\" \/>\n\t<meta property=\"og:image:type\" content=\"image\/jpeg\" \/>\n<meta name=\"author\" content=\"J\u00fcrg Aegerter\" \/>\n<meta name=\"twitter:card\" content=\"summary_large_image\" \/>\n<meta name=\"twitter:creator\" content=\"@martel_weinwelt\" \/>\n<meta name=\"twitter:site\" content=\"@martel_weinwelt\" \/>\n<meta name=\"twitter:label1\" content=\"Geschrieben von\" \/>\n\t<meta name=\"twitter:data1\" content=\"J\u00fcrg Aegerter\" \/>\n\t<meta name=\"twitter:label2\" content=\"Gesch\u00e4tzte Lesezeit\" \/>\n\t<meta name=\"twitter:data2\" content=\"2\u00a0Minuten\" \/>\n\t<meta name=\"twitter:label3\" content=\"Written by\" \/>\n\t<meta name=\"twitter:data3\" content=\"J\u00fcrg Aegerter\" \/>\n<script type=\"application\/ld+json\" class=\"yoast-schema-graph\">{\"@context\":\"https:\\\/\\\/schema.org\",\"@graph\":[{\"@type\":\"Article\",\"@id\":\"https:\\\/\\\/www.martel.ch\\\/cms\\\/weinwissen\\\/weinmagazin\\\/martel-schenkt-ein\\\/unsere-querweinsteiger\\\/#article\",\"isPartOf\":{\"@id\":\"https:\\\/\\\/www.martel.ch\\\/cms\\\/weinwissen\\\/weinmagazin\\\/martel-schenkt-ein\\\/unsere-querweinsteiger\\\/\"},\"author\":{\"name\":\"J\u00fcrg Aegerter\",\"@id\":\"https:\\\/\\\/www.martel.ch\\\/cms\\\/#\\\/schema\\\/person\\\/8475b73b6f1c4c886d942b9ac8806549\"},\"headline\":\"Unsere Querweinsteiger\",\"datePublished\":\"2022-09-20T06:00:04+00:00\",\"dateModified\":\"2022-09-30T12:10:30+00:00\",\"mainEntityOfPage\":{\"@id\":\"https:\\\/\\\/www.martel.ch\\\/cms\\\/weinwissen\\\/weinmagazin\\\/martel-schenkt-ein\\\/unsere-querweinsteiger\\\/\"},\"wordCount\":425,\"publisher\":{\"@id\":\"https:\\\/\\\/www.martel.ch\\\/cms\\\/#organization\"},\"image\":{\"@id\":\"https:\\\/\\\/www.martel.ch\\\/cms\\\/weinwissen\\\/weinmagazin\\\/martel-schenkt-ein\\\/unsere-querweinsteiger\\\/#primaryimage\"},\"thumbnailUrl\":\"https:\\\/\\\/www.martel.ch\\\/cms\\\/wp-content\\\/uploads\\\/2022\\\/09\\\/querweinsteiger_kaufmann_1.jpg\",\"articleSection\":[\"Martel schenkt ein\"],\"inLanguage\":\"de-CH\"},{\"@type\":\"WebPage\",\"@id\":\"https:\\\/\\\/www.martel.ch\\\/cms\\\/weinwissen\\\/weinmagazin\\\/martel-schenkt-ein\\\/unsere-querweinsteiger\\\/\",\"url\":\"https:\\\/\\\/www.martel.ch\\\/cms\\\/weinwissen\\\/weinmagazin\\\/martel-schenkt-ein\\\/unsere-querweinsteiger\\\/\",\"name\":\"Unsere Querweinsteiger\",\"isPartOf\":{\"@id\":\"https:\\\/\\\/www.martel.ch\\\/cms\\\/#website\"},\"primaryImageOfPage\":{\"@id\":\"https:\\\/\\\/www.martel.ch\\\/cms\\\/weinwissen\\\/weinmagazin\\\/martel-schenkt-ein\\\/unsere-querweinsteiger\\\/#primaryimage\"},\"image\":{\"@id\":\"https:\\\/\\\/www.martel.ch\\\/cms\\\/weinwissen\\\/weinmagazin\\\/martel-schenkt-ein\\\/unsere-querweinsteiger\\\/#primaryimage\"},\"thumbnailUrl\":\"https:\\\/\\\/www.martel.ch\\\/cms\\\/wp-content\\\/uploads\\\/2022\\\/09\\\/querweinsteiger_kaufmann_1.jpg\",\"datePublished\":\"2022-09-20T06:00:04+00:00\",\"dateModified\":\"2022-09-30T12:10:30+00:00\",\"description\":\"Querweinsteiger - Manchmal f\u00fchrt der Weg zum Ziel \u00fcber einen Umweg. Das gilt auch f\u00fcr erfolgreiche Winzerinnen und Winzer.\",\"breadcrumb\":{\"@id\":\"https:\\\/\\\/www.martel.ch\\\/cms\\\/weinwissen\\\/weinmagazin\\\/martel-schenkt-ein\\\/unsere-querweinsteiger\\\/#breadcrumb\"},\"inLanguage\":\"de-CH\",\"potentialAction\":[{\"@type\":\"ReadAction\",\"target\":[\"https:\\\/\\\/www.martel.ch\\\/cms\\\/weinwissen\\\/weinmagazin\\\/martel-schenkt-ein\\\/unsere-querweinsteiger\\\/\"]}]},{\"@type\":\"ImageObject\",\"inLanguage\":\"de-CH\",\"@id\":\"https:\\\/\\\/www.martel.ch\\\/cms\\\/weinwissen\\\/weinmagazin\\\/martel-schenkt-ein\\\/unsere-querweinsteiger\\\/#primaryimage\",\"url\":\"https:\\\/\\\/www.martel.ch\\\/cms\\\/wp-content\\\/uploads\\\/2022\\\/09\\\/querweinsteiger_kaufmann_1.jpg\",\"contentUrl\":\"https:\\\/\\\/www.martel.ch\\\/cms\\\/wp-content\\\/uploads\\\/2022\\\/09\\\/querweinsteiger_kaufmann_1.jpg\",\"width\":2000,\"height\":1333,\"caption\":\"Querweinsteiger Kaufmann\"},{\"@type\":\"BreadcrumbList\",\"@id\":\"https:\\\/\\\/www.martel.ch\\\/cms\\\/weinwissen\\\/weinmagazin\\\/martel-schenkt-ein\\\/unsere-querweinsteiger\\\/#breadcrumb\",\"itemListElement\":[{\"@type\":\"ListItem\",\"position\":1,\"name\":\"Startseite\",\"item\":\"https:\\\/\\\/www.martel.ch\\\/cms\\\/\"},{\"@type\":\"ListItem\",\"position\":2,\"name\":\"Unsere Querweinsteiger\"}]},{\"@type\":\"WebSite\",\"@id\":\"https:\\\/\\\/www.martel.ch\\\/cms\\\/#website\",\"url\":\"https:\\\/\\\/www.martel.ch\\\/cms\\\/\",\"name\":\"Martel\",\"description\":\"F\u00fcr Weinbegeisterte und die, die es werden m\u00f6chten.\",\"publisher\":{\"@id\":\"https:\\\/\\\/www.martel.ch\\\/cms\\\/#organization\"},\"potentialAction\":[{\"@type\":\"SearchAction\",\"target\":{\"@type\":\"EntryPoint\",\"urlTemplate\":\"https:\\\/\\\/www.martel.ch\\\/cms\\\/?s={search_term_string}\"},\"query-input\":{\"@type\":\"PropertyValueSpecification\",\"valueRequired\":true,\"valueName\":\"search_term_string\"}}],\"inLanguage\":\"de-CH\"},{\"@type\":\"Organization\",\"@id\":\"https:\\\/\\\/www.martel.ch\\\/cms\\\/#organization\",\"name\":\"Martel AG St.Gallen\",\"url\":\"https:\\\/\\\/www.martel.ch\\\/cms\\\/\",\"logo\":{\"@type\":\"ImageObject\",\"inLanguage\":\"de-CH\",\"@id\":\"https:\\\/\\\/www.martel.ch\\\/cms\\\/#\\\/schema\\\/logo\\\/image\\\/\",\"url\":\"https:\\\/\\\/www.martel.ch\\\/cms\\\/wp-content\\\/uploads\\\/2019\\\/02\\\/martel-logo.png\",\"contentUrl\":\"https:\\\/\\\/www.martel.ch\\\/cms\\\/wp-content\\\/uploads\\\/2019\\\/02\\\/martel-logo.png\",\"width\":600,\"height\":600,\"caption\":\"Martel AG St.Gallen\"},\"image\":{\"@id\":\"https:\\\/\\\/www.martel.ch\\\/cms\\\/#\\\/schema\\\/logo\\\/image\\\/\"},\"sameAs\":[\"https:\\\/\\\/www.facebook.com\\\/pages\\\/Martel-AG-St-Gallen\\\/233396026691876\",\"https:\\\/\\\/x.com\\\/martel_weinwelt\",\"https:\\\/\\\/www.instagram.com\\\/martel_weinwelt\\\/\",\"https:\\\/\\\/www.linkedin.com\\\/company\\\/martel-ag-st-gallen\",\"https:\\\/\\\/www.pinterest.ch\\\/martel_weinwelt\"]},{\"@type\":\"Person\",\"@id\":\"https:\\\/\\\/www.martel.ch\\\/cms\\\/#\\\/schema\\\/person\\\/8475b73b6f1c4c886d942b9ac8806549\",\"name\":\"J\u00fcrg Aegerter\",\"image\":{\"@type\":\"ImageObject\",\"inLanguage\":\"de-CH\",\"@id\":\"https:\\\/\\\/secure.gravatar.com\\\/avatar\\\/0e74256290584a09484c408dbe36daa0e027899e2de74825e9b8203019a35c49?s=96&d=mm&r=g8cae22cf75b8d41f8784895d74aacc12\",\"url\":\"https:\\\/\\\/secure.gravatar.com\\\/avatar\\\/0e74256290584a09484c408dbe36daa0e027899e2de74825e9b8203019a35c49?s=96&d=mm&r=g\",\"contentUrl\":\"https:\\\/\\\/secure.gravatar.com\\\/avatar\\\/0e74256290584a09484c408dbe36daa0e027899e2de74825e9b8203019a35c49?s=96&d=mm&r=g\",\"caption\":\"J\u00fcrg Aegerter\"}}]}<\/script>\n<!-- \/ Yoast SEO plugin. -->","yoast_head_json":{"title":"Unsere Querweinsteiger","description":"Querweinsteiger - Manchmal f\u00fchrt der Weg zum Ziel \u00fcber einen Umweg. Das gilt auch f\u00fcr erfolgreiche Winzerinnen und Winzer.","robots":{"index":"index","follow":"follow","max-snippet":"max-snippet:-1","max-image-preview":"max-image-preview:large","max-video-preview":"max-video-preview:-1"},"canonical":"https:\/\/www.martel.ch\/cms\/weinwissen\/weinmagazin\/martel-schenkt-ein\/unsere-querweinsteiger\/","og_locale":"de_DE","og_type":"article","og_title":"Unsere Querweinsteiger","og_description":"Querweinsteiger - Manchmal f\u00fchrt der Weg zum Ziel \u00fcber einen Umweg. Das gilt auch f\u00fcr erfolgreiche Winzerinnen und Winzer.","og_url":"https:\/\/www.martel.ch\/cms\/weinwissen\/weinmagazin\/martel-schenkt-ein\/unsere-querweinsteiger\/","og_site_name":"Martel","article_publisher":"https:\/\/www.facebook.com\/pages\/Martel-AG-St-Gallen\/233396026691876","article_published_time":"2022-09-20T06:00:04+00:00","article_modified_time":"2022-09-30T12:10:30+00:00","og_image":[{"width":2000,"height":1333,"url":"https:\/\/www.martel.ch\/cms\/wp-content\/uploads\/2022\/09\/querweinsteiger_kaufmann_1.jpg","type":"image\/jpeg"}],"author":"J\u00fcrg Aegerter","twitter_card":"summary_large_image","twitter_creator":"@martel_weinwelt","twitter_site":"@martel_weinwelt","twitter_misc":{"Geschrieben von":"J\u00fcrg Aegerter","Gesch\u00e4tzte Lesezeit":"2\u00a0Minuten","Written by":"J\u00fcrg Aegerter"},"schema":{"@context":"https:\/\/schema.org","@graph":[{"@type":"Article","@id":"https:\/\/www.martel.ch\/cms\/weinwissen\/weinmagazin\/martel-schenkt-ein\/unsere-querweinsteiger\/#article","isPartOf":{"@id":"https:\/\/www.martel.ch\/cms\/weinwissen\/weinmagazin\/martel-schenkt-ein\/unsere-querweinsteiger\/"},"author":{"name":"J\u00fcrg Aegerter","@id":"https:\/\/www.martel.ch\/cms\/#\/schema\/person\/8475b73b6f1c4c886d942b9ac8806549"},"headline":"Unsere Querweinsteiger","datePublished":"2022-09-20T06:00:04+00:00","dateModified":"2022-09-30T12:10:30+00:00","mainEntityOfPage":{"@id":"https:\/\/www.martel.ch\/cms\/weinwissen\/weinmagazin\/martel-schenkt-ein\/unsere-querweinsteiger\/"},"wordCount":425,"publisher":{"@id":"https:\/\/www.martel.ch\/cms\/#organization"},"image":{"@id":"https:\/\/www.martel.ch\/cms\/weinwissen\/weinmagazin\/martel-schenkt-ein\/unsere-querweinsteiger\/#primaryimage"},"thumbnailUrl":"https:\/\/www.martel.ch\/cms\/wp-content\/uploads\/2022\/09\/querweinsteiger_kaufmann_1.jpg","articleSection":["Martel schenkt ein"],"inLanguage":"de-CH"},{"@type":"WebPage","@id":"https:\/\/www.martel.ch\/cms\/weinwissen\/weinmagazin\/martel-schenkt-ein\/unsere-querweinsteiger\/","url":"https:\/\/www.martel.ch\/cms\/weinwissen\/weinmagazin\/martel-schenkt-ein\/unsere-querweinsteiger\/","name":"Unsere Querweinsteiger","isPartOf":{"@id":"https:\/\/www.martel.ch\/cms\/#website"},"primaryImageOfPage":{"@id":"https:\/\/www.martel.ch\/cms\/weinwissen\/weinmagazin\/martel-schenkt-ein\/unsere-querweinsteiger\/#primaryimage"},"image":{"@id":"https:\/\/www.martel.ch\/cms\/weinwissen\/weinmagazin\/martel-schenkt-ein\/unsere-querweinsteiger\/#primaryimage"},"thumbnailUrl":"https:\/\/www.martel.ch\/cms\/wp-content\/uploads\/2022\/09\/querweinsteiger_kaufmann_1.jpg","datePublished":"2022-09-20T06:00:04+00:00","dateModified":"2022-09-30T12:10:30+00:00","description":"Querweinsteiger - Manchmal f\u00fchrt der Weg zum Ziel \u00fcber einen Umweg. Das gilt auch f\u00fcr erfolgreiche Winzerinnen und Winzer.","breadcrumb":{"@id":"https:\/\/www.martel.ch\/cms\/weinwissen\/weinmagazin\/martel-schenkt-ein\/unsere-querweinsteiger\/#breadcrumb"},"inLanguage":"de-CH","potentialAction":[{"@type":"ReadAction","target":["https:\/\/www.martel.ch\/cms\/weinwissen\/weinmagazin\/martel-schenkt-ein\/unsere-querweinsteiger\/"]}]},{"@type":"ImageObject","inLanguage":"de-CH","@id":"https:\/\/www.martel.ch\/cms\/weinwissen\/weinmagazin\/martel-schenkt-ein\/unsere-querweinsteiger\/#primaryimage","url":"https:\/\/www.martel.ch\/cms\/wp-content\/uploads\/2022\/09\/querweinsteiger_kaufmann_1.jpg","contentUrl":"https:\/\/www.martel.ch\/cms\/wp-content\/uploads\/2022\/09\/querweinsteiger_kaufmann_1.jpg","width":2000,"height":1333,"caption":"Querweinsteiger Kaufmann"},{"@type":"BreadcrumbList","@id":"https:\/\/www.martel.ch\/cms\/weinwissen\/weinmagazin\/martel-schenkt-ein\/unsere-querweinsteiger\/#breadcrumb","itemListElement":[{"@type":"ListItem","position":1,"name":"Startseite","item":"https:\/\/www.martel.ch\/cms\/"},{"@type":"ListItem","position":2,"name":"Unsere Querweinsteiger"}]},{"@type":"WebSite","@id":"https:\/\/www.martel.ch\/cms\/#website","url":"https:\/\/www.martel.ch\/cms\/","name":"Martel","description":"F\u00fcr Weinbegeisterte und die, die es werden m\u00f6chten.","publisher":{"@id":"https:\/\/www.martel.ch\/cms\/#organization"},"potentialAction":[{"@type":"SearchAction","target":{"@type":"EntryPoint","urlTemplate":"https:\/\/www.martel.ch\/cms\/?s={search_term_string}"},"query-input":{"@type":"PropertyValueSpecification","valueRequired":true,"valueName":"search_term_string"}}],"inLanguage":"de-CH"},{"@type":"Organization","@id":"https:\/\/www.martel.ch\/cms\/#organization","name":"Martel AG St.Gallen","url":"https:\/\/www.martel.ch\/cms\/","logo":{"@type":"ImageObject","inLanguage":"de-CH","@id":"https:\/\/www.martel.ch\/cms\/#\/schema\/logo\/image\/","url":"https:\/\/www.martel.ch\/cms\/wp-content\/uploads\/2019\/02\/martel-logo.png","contentUrl":"https:\/\/www.martel.ch\/cms\/wp-content\/uploads\/2019\/02\/martel-logo.png","width":600,"height":600,"caption":"Martel AG St.Gallen"},"image":{"@id":"https:\/\/www.martel.ch\/cms\/#\/schema\/logo\/image\/"},"sameAs":["https:\/\/www.facebook.com\/pages\/Martel-AG-St-Gallen\/233396026691876","https:\/\/x.com\/martel_weinwelt","https:\/\/www.instagram.com\/martel_weinwelt\/","https:\/\/www.linkedin.com\/company\/martel-ag-st-gallen","https:\/\/www.pinterest.ch\/martel_weinwelt"]},{"@type":"Person","@id":"https:\/\/www.martel.ch\/cms\/#\/schema\/person\/8475b73b6f1c4c886d942b9ac8806549","name":"J\u00fcrg Aegerter","image":{"@type":"ImageObject","inLanguage":"de-CH","@id":"https:\/\/secure.gravatar.com\/avatar\/0e74256290584a09484c408dbe36daa0e027899e2de74825e9b8203019a35c49?s=96&d=mm&r=g8cae22cf75b8d41f8784895d74aacc12","url":"https:\/\/secure.gravatar.com\/avatar\/0e74256290584a09484c408dbe36daa0e027899e2de74825e9b8203019a35c49?s=96&d=mm&r=g","contentUrl":"https:\/\/secure.gravatar.com\/avatar\/0e74256290584a09484c408dbe36daa0e027899e2de74825e9b8203019a35c49?s=96&d=mm&r=g","caption":"J\u00fcrg Aegerter"}}]}},"_links":{"self":[{"href":"https:\/\/www.martel.ch\/cms\/wp-json\/wp\/v2\/posts\/15496","targetHints":{"allow":["GET"]}}],"collection":[{"href":"https:\/\/www.martel.ch\/cms\/wp-json\/wp\/v2\/posts"}],"about":[{"href":"https:\/\/www.martel.ch\/cms\/wp-json\/wp\/v2\/types\/post"}],"author":[{"embeddable":true,"href":"https:\/\/www.martel.ch\/cms\/wp-json\/wp\/v2\/users\/42"}],"replies":[{"embeddable":true,"href":"https:\/\/www.martel.ch\/cms\/wp-json\/wp\/v2\/comments?post=15496"}],"version-history":[{"count":18,"href":"https:\/\/www.martel.ch\/cms\/wp-json\/wp\/v2\/posts\/15496\/revisions"}],"predecessor-version":[{"id":15694,"href":"https:\/\/www.martel.ch\/cms\/wp-json\/wp\/v2\/posts\/15496\/revisions\/15694"}],"wp:featuredmedia":[{"embeddable":true,"href":"https:\/\/www.martel.ch\/cms\/wp-json\/wp\/v2\/media\/15475"}],"wp:attachment":[{"href":"https:\/\/www.martel.ch\/cms\/wp-json\/wp\/v2\/media?parent=15496"}],"wp:term":[{"taxonomy":"category","embeddable":true,"href":"https:\/\/www.martel.ch\/cms\/wp-json\/wp\/v2\/categories?post=15496"},{"taxonomy":"post_tag","embeddable":true,"href":"https:\/\/www.martel.ch\/cms\/wp-json\/wp\/v2\/tags?post=15496"},{"taxonomy":"author","embeddable":true,"href":"https:\/\/www.martel.ch\/cms\/wp-json\/wp\/v2\/coauthors?post=15496"}],"curies":[{"name":"wp","href":"https:\/\/api.w.org\/{rel}","templated":true}]}}