{"id":15678,"date":"2022-10-06T08:05:00","date_gmt":"2022-10-06T06:05:00","guid":{"rendered":"https:\/\/www.martel.ch\/cms\/?p=15678"},"modified":"2022-10-19T12:40:24","modified_gmt":"2022-10-19T10:40:24","slug":"das-passt-amarone-marroni","status":"publish","type":"post","link":"https:\/\/www.martel.ch\/cms\/weinwissen\/weinmagazin\/martel-schenkt-ein\/das-passt-amarone-marroni\/","title":{"rendered":"Das passt: Amarone &#038; Marroni"},"content":{"rendered":"\n<p><strong>Die Kombination von Amarone &amp; Marroni steht f\u00fcr herbstliche Gl\u00fccksgef\u00fchle. Die Edelkastanien und der tiefgr\u00fcndige Wein aus den Valpolicella-H\u00fcgeln bei Verona sind f\u00fcreinander geschaffen wie Romeo und Julia. Martel-Mitarbeitende sind Marronifans, wie diese Umfrage zeigt:<\/strong><\/p>\n\n\n\n<p><strong><strong>Romina B\u00e4rtsch<\/strong>, <\/strong>die bei der Weinhandlung f\u00fcr Grafik und Design zust\u00e4ndig ist, kommt beim Thema Marroni ins Schw\u00e4rmen: \u00abIch liebe Marroni! F\u00fcr mich sind sie eine sch\u00f6ne Kindheitserinnerung. Wir sammelten bei uns in Sargans jeweils Marroni und br\u00e4telten sie auf dem Feuer im Garten. Auch Chauffeur <strong>Andreas Breu <\/strong>geh\u00f6rt zu den Marroni-Fans im Martel-Team, das war jedoch nicht immer so. \u00abAls Kind mochte ich Marroni \u00fcberhaupt nicht. Heute finde ich sie supergut.\u00bb <strong>Bernadette Sch\u00f6nenberger,<\/strong> Leiterin der Martel-Ladengesch\u00e4fte, verbindet mit Marroni die Freude am farbigen Herbst. \u00abSind die ersten Marroni da, ist der Sommer vorbei. Mit Marroni verbinde ich das Gem\u00fctliche, das Rustikale und Herzhafte. Olma, Tessin, Waldspazierg\u00e4nge, die Einstimmung in den Herbst. Marroni wecken in mir positive Gef\u00fchle\u00bb.<\/p>\n\n\n\n<h2 class=\"wp-block-heading\">Marroni-Liebe <\/h2>\n\n\n\n<p>\u00abWenn ich das Wort Marroni h\u00f6re, geht mir das Herz auf\u00bb, schw\u00e4rmt <strong>Stefan Hefti<\/strong>, der wohl gr\u00f6sste Marroni-Enthusiast im Team. Der Leiter Finanzen bei Martel begleitete als Kind oft seinen Onkel beim Ausliefern von Marroni und f\u00fchrte sp\u00e4ter einen eigenen Marronistand am Jahrmarkt. Bei Marroni macht er keine Kompromisse: \u00abIch suche die bestm\u00f6gliche Qualit\u00e4t bei Marroni. Diese h\u00e4ngt von der Saison ab und es ist auch eine Frage des Preises. Richtig gute Marroni haben eine wachsige Konsistenz und schmecken herrlich\u00bb. Stefan Hefti organisierte auch schon an seinem Arbeitsplatz bei Martel einen Marroniabend und br\u00e4telte diese auf einem Elektrogrill, mit entsprechenden Folgen: \u00abIch verrauchte das ganze B\u00fcro und bin seither betriebsintern allen als grosser Marronibr\u00e4tler bekannt oder wohl eher ber\u00fcchtigt. Der Abend mit Marroni, Salami und Wein war \u00fcbrigens ausgesprochen lustig.\u00bb<\/p>\n\n\n\n<h2 class=\"wp-block-heading\">Vielseitige Marroni und Tommasi Amarone<\/h2>\n\n\n\n<p>Amarone passt ideal zu Marroni in verschiedenster Form. Als gebr\u00e4telte Marroni oder als Marronikuchen. Toll sind auch pikante Marroni oder s\u00fcssliche als Beilage zu Wildgerichten.<strong>&nbsp;<\/strong>Dazu reichen wir ein Glas Amarone von Tommasi, einem hoch angesehenen Amarone-Produzenten. Durch die mehrmonatige Lufttrocknung der Trauben von der Ernte bis zum Fr\u00fchling ergibt sich eine nat\u00fcrliche Konzentration und Intensivierung. Ein gehaltvoll-barocker, w\u00fcrzig-aromenreicher Rotwein f\u00fcr den sinnlichen Genuss.<\/p>\n\n\n\n<div class=\"wp-block-buttons is-layout-flex wp-block-buttons-is-layout-flex\">\n<div class=\"wp-block-button\"><a class=\"wp-block-button__link\" href=\"\/shop\/amarone-tom6716.html\">Zum Tommasi Amarone<\/a><\/div>\n<\/div>\n\n\n\n<h2 class=\"wp-block-heading\">Marronisuppe: Unser Lieblingsrezept zum Amarone <\/h2>\n\n\n\n<p><\/p>\n\n\n\n<p>Eine Marronisuppe ist ein herbstliches Highlight. Hier das Rezept vom Restaurant L\u00f6wengarten in Rorschach. Mmh. Nachkochen lohnt sich!<\/p>\n\n\n\n<p><strong>Matignon<\/strong><br>400 gr. Zwiebeln<br>80 gr. Ru\u0308ebli<br>40 gr. Sellerie<\/p>\n\n\n\n<p><strong><br>Zutaten fu\u0308r 4 Personen<\/strong><br>10 gr. getrocknete Steinpilze<br>480 gr. frische oder tiefgefrorene Marroni<br>13 dl Gemu\u0308sebouillon<br>0,2 dl dunkler Balsamicoessig<br>etwas Butter zum Abraten<br>Salz &amp; Pfeffer zum Abschmecken<\/p>\n\n\n\n<p><strong><br>So wird&#8217;s gemacht<\/strong><br>Gemu\u0308se sch\u00e4len<br>Matignon in etwas Butter andu\u0308nsten<br>Marroni &amp; getrocknete Steinpilze dazugeben und mitdu\u0308nsten<br>Abl\u00f6schen mit Balsamico<br>Mit Bouillon aufgiessen<br>Alles weich kochen, danach fein mixen<br>Abschmecken mit Salz &amp; Pfeffer<\/p>\n\n\n\n<div class=\"wp-block-buttons is-layout-flex wp-block-buttons-is-layout-flex\">\n<div class=\"wp-block-button\"><a class=\"wp-block-button__link\" href=\"\/cms\/wp-content\/uploads\/2022\/09\/Marronisuppe.pdf\">Rezept PDF<\/a><\/div>\n<\/div>\n\n\n\n<div class=\"wp-block-buttons is-layout-flex wp-block-buttons-is-layout-flex\"><\/div>\n\n\n\n<p><\/p>\n\n\n\n<div class=\"wp-block-buttons is-layout-flex wp-block-buttons-is-layout-flex\"><\/div>\n","protected":false},"excerpt":{"rendered":"","protected":false},"author":42,"featured_media":15672,"comment_status":"closed","ping_status":"closed","sticky":false,"template":"","format":"standard","meta":{"_acf_changed":false,"inline_featured_image":false,"footnotes":""},"categories":[57],"tags":[],"coauthors":[493],"class_list":["post-15678","post","type-post","status-publish","format-standard","has-post-thumbnail","hentry","category-martel-schenkt-ein"],"acf":{"inhaltselemente":null},"yoast_head":"<!-- This site is optimized with the Yoast SEO plugin v27.5 - https:\/\/yoast.com\/product\/yoast-seo-wordpress\/ -->\n<title>Das passt: Amarone &amp; Marroni<\/title>\n<meta name=\"description\" content=\"Amarone &amp; Marroni. Die Edelkastanien und der tiefgr\u00fcndige Wein aus den Valpolicella-H\u00fcgeln sind f\u00fcreinander geschaffen wie Romeo und Julia.\" \/>\n<meta name=\"robots\" content=\"index, follow, max-snippet:-1, max-image-preview:large, max-video-preview:-1\" \/>\n<link rel=\"canonical\" href=\"https:\/\/www.martel.ch\/cms\/weinwissen\/weinmagazin\/martel-schenkt-ein\/das-passt-amarone-marroni\/\" \/>\n<meta property=\"og:locale\" content=\"de_DE\" \/>\n<meta property=\"og:type\" content=\"article\" \/>\n<meta property=\"og:title\" content=\"Das passt: Amarone &amp; Marroni\" \/>\n<meta property=\"og:description\" content=\"Amarone &amp; Marroni. Die Edelkastanien und der tiefgr\u00fcndige Wein aus den Valpolicella-H\u00fcgeln sind f\u00fcreinander geschaffen wie Romeo und Julia.\" \/>\n<meta property=\"og:url\" content=\"https:\/\/www.martel.ch\/cms\/weinwissen\/weinmagazin\/martel-schenkt-ein\/das-passt-amarone-marroni\/\" \/>\n<meta property=\"og:site_name\" content=\"Martel\" \/>\n<meta property=\"article:publisher\" content=\"https:\/\/www.facebook.com\/pages\/Martel-AG-St-Gallen\/233396026691876\" \/>\n<meta property=\"article:published_time\" content=\"2022-10-06T06:05:00+00:00\" \/>\n<meta property=\"article:modified_time\" content=\"2022-10-19T10:40:24+00:00\" \/>\n<meta property=\"og:image\" content=\"https:\/\/www.martel.ch\/cms\/wp-content\/uploads\/2022\/09\/2022_10_Story_Marroni_Amarone.jpg\" \/>\n\t<meta property=\"og:image:width\" content=\"2000\" \/>\n\t<meta property=\"og:image:height\" content=\"1333\" \/>\n\t<meta property=\"og:image:type\" content=\"image\/jpeg\" \/>\n<meta name=\"author\" content=\"J\u00fcrg Aegerter\" \/>\n<meta name=\"twitter:card\" content=\"summary_large_image\" \/>\n<meta name=\"twitter:creator\" content=\"@martel_weinwelt\" \/>\n<meta name=\"twitter:site\" content=\"@martel_weinwelt\" \/>\n<meta name=\"twitter:label1\" content=\"Geschrieben von\" \/>\n\t<meta name=\"twitter:data1\" content=\"J\u00fcrg Aegerter\" \/>\n\t<meta name=\"twitter:label2\" content=\"Gesch\u00e4tzte Lesezeit\" \/>\n\t<meta name=\"twitter:data2\" content=\"2\u00a0Minuten\" \/>\n\t<meta name=\"twitter:label3\" content=\"Written by\" \/>\n\t<meta name=\"twitter:data3\" content=\"J\u00fcrg Aegerter\" \/>\n<script type=\"application\/ld+json\" class=\"yoast-schema-graph\">{\"@context\":\"https:\\\/\\\/schema.org\",\"@graph\":[{\"@type\":\"Article\",\"@id\":\"https:\\\/\\\/www.martel.ch\\\/cms\\\/weinwissen\\\/weinmagazin\\\/martel-schenkt-ein\\\/das-passt-amarone-marroni\\\/#article\",\"isPartOf\":{\"@id\":\"https:\\\/\\\/www.martel.ch\\\/cms\\\/weinwissen\\\/weinmagazin\\\/martel-schenkt-ein\\\/das-passt-amarone-marroni\\\/\"},\"author\":{\"name\":\"J\u00fcrg Aegerter\",\"@id\":\"https:\\\/\\\/www.martel.ch\\\/cms\\\/#\\\/schema\\\/person\\\/8475b73b6f1c4c886d942b9ac8806549\"},\"headline\":\"Das passt: Amarone &#038; Marroni\",\"datePublished\":\"2022-10-06T06:05:00+00:00\",\"dateModified\":\"2022-10-19T10:40:24+00:00\",\"mainEntityOfPage\":{\"@id\":\"https:\\\/\\\/www.martel.ch\\\/cms\\\/weinwissen\\\/weinmagazin\\\/martel-schenkt-ein\\\/das-passt-amarone-marroni\\\/\"},\"wordCount\":491,\"publisher\":{\"@id\":\"https:\\\/\\\/www.martel.ch\\\/cms\\\/#organization\"},\"image\":{\"@id\":\"https:\\\/\\\/www.martel.ch\\\/cms\\\/weinwissen\\\/weinmagazin\\\/martel-schenkt-ein\\\/das-passt-amarone-marroni\\\/#primaryimage\"},\"thumbnailUrl\":\"https:\\\/\\\/www.martel.ch\\\/cms\\\/wp-content\\\/uploads\\\/2022\\\/09\\\/2022_10_Story_Marroni_Amarone.jpg\",\"articleSection\":[\"Martel schenkt ein\"],\"inLanguage\":\"de-CH\"},{\"@type\":\"WebPage\",\"@id\":\"https:\\\/\\\/www.martel.ch\\\/cms\\\/weinwissen\\\/weinmagazin\\\/martel-schenkt-ein\\\/das-passt-amarone-marroni\\\/\",\"url\":\"https:\\\/\\\/www.martel.ch\\\/cms\\\/weinwissen\\\/weinmagazin\\\/martel-schenkt-ein\\\/das-passt-amarone-marroni\\\/\",\"name\":\"Das passt: Amarone & Marroni\",\"isPartOf\":{\"@id\":\"https:\\\/\\\/www.martel.ch\\\/cms\\\/#website\"},\"primaryImageOfPage\":{\"@id\":\"https:\\\/\\\/www.martel.ch\\\/cms\\\/weinwissen\\\/weinmagazin\\\/martel-schenkt-ein\\\/das-passt-amarone-marroni\\\/#primaryimage\"},\"image\":{\"@id\":\"https:\\\/\\\/www.martel.ch\\\/cms\\\/weinwissen\\\/weinmagazin\\\/martel-schenkt-ein\\\/das-passt-amarone-marroni\\\/#primaryimage\"},\"thumbnailUrl\":\"https:\\\/\\\/www.martel.ch\\\/cms\\\/wp-content\\\/uploads\\\/2022\\\/09\\\/2022_10_Story_Marroni_Amarone.jpg\",\"datePublished\":\"2022-10-06T06:05:00+00:00\",\"dateModified\":\"2022-10-19T10:40:24+00:00\",\"description\":\"Amarone & Marroni. Die Edelkastanien und der tiefgr\u00fcndige Wein aus den Valpolicella-H\u00fcgeln sind f\u00fcreinander geschaffen wie Romeo und Julia.\",\"breadcrumb\":{\"@id\":\"https:\\\/\\\/www.martel.ch\\\/cms\\\/weinwissen\\\/weinmagazin\\\/martel-schenkt-ein\\\/das-passt-amarone-marroni\\\/#breadcrumb\"},\"inLanguage\":\"de-CH\",\"potentialAction\":[{\"@type\":\"ReadAction\",\"target\":[\"https:\\\/\\\/www.martel.ch\\\/cms\\\/weinwissen\\\/weinmagazin\\\/martel-schenkt-ein\\\/das-passt-amarone-marroni\\\/\"]}]},{\"@type\":\"ImageObject\",\"inLanguage\":\"de-CH\",\"@id\":\"https:\\\/\\\/www.martel.ch\\\/cms\\\/weinwissen\\\/weinmagazin\\\/martel-schenkt-ein\\\/das-passt-amarone-marroni\\\/#primaryimage\",\"url\":\"https:\\\/\\\/www.martel.ch\\\/cms\\\/wp-content\\\/uploads\\\/2022\\\/09\\\/2022_10_Story_Marroni_Amarone.jpg\",\"contentUrl\":\"https:\\\/\\\/www.martel.ch\\\/cms\\\/wp-content\\\/uploads\\\/2022\\\/09\\\/2022_10_Story_Marroni_Amarone.jpg\",\"width\":2000,\"height\":1333,\"caption\":\"Amarone & Marroni\"},{\"@type\":\"BreadcrumbList\",\"@id\":\"https:\\\/\\\/www.martel.ch\\\/cms\\\/weinwissen\\\/weinmagazin\\\/martel-schenkt-ein\\\/das-passt-amarone-marroni\\\/#breadcrumb\",\"itemListElement\":[{\"@type\":\"ListItem\",\"position\":1,\"name\":\"Startseite\",\"item\":\"https:\\\/\\\/www.martel.ch\\\/cms\\\/\"},{\"@type\":\"ListItem\",\"position\":2,\"name\":\"Das passt: Amarone &#038; Marroni\"}]},{\"@type\":\"WebSite\",\"@id\":\"https:\\\/\\\/www.martel.ch\\\/cms\\\/#website\",\"url\":\"https:\\\/\\\/www.martel.ch\\\/cms\\\/\",\"name\":\"Martel\",\"description\":\"F\u00fcr Weinbegeisterte und die, die es werden m\u00f6chten.\",\"publisher\":{\"@id\":\"https:\\\/\\\/www.martel.ch\\\/cms\\\/#organization\"},\"potentialAction\":[{\"@type\":\"SearchAction\",\"target\":{\"@type\":\"EntryPoint\",\"urlTemplate\":\"https:\\\/\\\/www.martel.ch\\\/cms\\\/?s={search_term_string}\"},\"query-input\":{\"@type\":\"PropertyValueSpecification\",\"valueRequired\":true,\"valueName\":\"search_term_string\"}}],\"inLanguage\":\"de-CH\"},{\"@type\":\"Organization\",\"@id\":\"https:\\\/\\\/www.martel.ch\\\/cms\\\/#organization\",\"name\":\"Martel AG St.Gallen\",\"url\":\"https:\\\/\\\/www.martel.ch\\\/cms\\\/\",\"logo\":{\"@type\":\"ImageObject\",\"inLanguage\":\"de-CH\",\"@id\":\"https:\\\/\\\/www.martel.ch\\\/cms\\\/#\\\/schema\\\/logo\\\/image\\\/\",\"url\":\"https:\\\/\\\/www.martel.ch\\\/cms\\\/wp-content\\\/uploads\\\/2019\\\/02\\\/martel-logo.png\",\"contentUrl\":\"https:\\\/\\\/www.martel.ch\\\/cms\\\/wp-content\\\/uploads\\\/2019\\\/02\\\/martel-logo.png\",\"width\":600,\"height\":600,\"caption\":\"Martel AG St.Gallen\"},\"image\":{\"@id\":\"https:\\\/\\\/www.martel.ch\\\/cms\\\/#\\\/schema\\\/logo\\\/image\\\/\"},\"sameAs\":[\"https:\\\/\\\/www.facebook.com\\\/pages\\\/Martel-AG-St-Gallen\\\/233396026691876\",\"https:\\\/\\\/x.com\\\/martel_weinwelt\",\"https:\\\/\\\/www.instagram.com\\\/martel_weinwelt\\\/\",\"https:\\\/\\\/www.linkedin.com\\\/company\\\/martel-ag-st-gallen\",\"https:\\\/\\\/www.pinterest.ch\\\/martel_weinwelt\"]},{\"@type\":\"Person\",\"@id\":\"https:\\\/\\\/www.martel.ch\\\/cms\\\/#\\\/schema\\\/person\\\/8475b73b6f1c4c886d942b9ac8806549\",\"name\":\"J\u00fcrg Aegerter\",\"image\":{\"@type\":\"ImageObject\",\"inLanguage\":\"de-CH\",\"@id\":\"https:\\\/\\\/secure.gravatar.com\\\/avatar\\\/0e74256290584a09484c408dbe36daa0e027899e2de74825e9b8203019a35c49?s=96&d=mm&r=g8cae22cf75b8d41f8784895d74aacc12\",\"url\":\"https:\\\/\\\/secure.gravatar.com\\\/avatar\\\/0e74256290584a09484c408dbe36daa0e027899e2de74825e9b8203019a35c49?s=96&d=mm&r=g\",\"contentUrl\":\"https:\\\/\\\/secure.gravatar.com\\\/avatar\\\/0e74256290584a09484c408dbe36daa0e027899e2de74825e9b8203019a35c49?s=96&d=mm&r=g\",\"caption\":\"J\u00fcrg Aegerter\"}}]}<\/script>\n<!-- \/ Yoast SEO plugin. -->","yoast_head_json":{"title":"Das passt: Amarone & Marroni","description":"Amarone & Marroni. Die Edelkastanien und der tiefgr\u00fcndige Wein aus den Valpolicella-H\u00fcgeln sind f\u00fcreinander geschaffen wie Romeo und Julia.","robots":{"index":"index","follow":"follow","max-snippet":"max-snippet:-1","max-image-preview":"max-image-preview:large","max-video-preview":"max-video-preview:-1"},"canonical":"https:\/\/www.martel.ch\/cms\/weinwissen\/weinmagazin\/martel-schenkt-ein\/das-passt-amarone-marroni\/","og_locale":"de_DE","og_type":"article","og_title":"Das passt: Amarone & Marroni","og_description":"Amarone & Marroni. Die Edelkastanien und der tiefgr\u00fcndige Wein aus den Valpolicella-H\u00fcgeln sind f\u00fcreinander geschaffen wie Romeo und Julia.","og_url":"https:\/\/www.martel.ch\/cms\/weinwissen\/weinmagazin\/martel-schenkt-ein\/das-passt-amarone-marroni\/","og_site_name":"Martel","article_publisher":"https:\/\/www.facebook.com\/pages\/Martel-AG-St-Gallen\/233396026691876","article_published_time":"2022-10-06T06:05:00+00:00","article_modified_time":"2022-10-19T10:40:24+00:00","og_image":[{"width":2000,"height":1333,"url":"https:\/\/www.martel.ch\/cms\/wp-content\/uploads\/2022\/09\/2022_10_Story_Marroni_Amarone.jpg","type":"image\/jpeg"}],"author":"J\u00fcrg Aegerter","twitter_card":"summary_large_image","twitter_creator":"@martel_weinwelt","twitter_site":"@martel_weinwelt","twitter_misc":{"Geschrieben von":"J\u00fcrg Aegerter","Gesch\u00e4tzte Lesezeit":"2\u00a0Minuten","Written by":"J\u00fcrg Aegerter"},"schema":{"@context":"https:\/\/schema.org","@graph":[{"@type":"Article","@id":"https:\/\/www.martel.ch\/cms\/weinwissen\/weinmagazin\/martel-schenkt-ein\/das-passt-amarone-marroni\/#article","isPartOf":{"@id":"https:\/\/www.martel.ch\/cms\/weinwissen\/weinmagazin\/martel-schenkt-ein\/das-passt-amarone-marroni\/"},"author":{"name":"J\u00fcrg Aegerter","@id":"https:\/\/www.martel.ch\/cms\/#\/schema\/person\/8475b73b6f1c4c886d942b9ac8806549"},"headline":"Das passt: Amarone &#038; Marroni","datePublished":"2022-10-06T06:05:00+00:00","dateModified":"2022-10-19T10:40:24+00:00","mainEntityOfPage":{"@id":"https:\/\/www.martel.ch\/cms\/weinwissen\/weinmagazin\/martel-schenkt-ein\/das-passt-amarone-marroni\/"},"wordCount":491,"publisher":{"@id":"https:\/\/www.martel.ch\/cms\/#organization"},"image":{"@id":"https:\/\/www.martel.ch\/cms\/weinwissen\/weinmagazin\/martel-schenkt-ein\/das-passt-amarone-marroni\/#primaryimage"},"thumbnailUrl":"https:\/\/www.martel.ch\/cms\/wp-content\/uploads\/2022\/09\/2022_10_Story_Marroni_Amarone.jpg","articleSection":["Martel schenkt ein"],"inLanguage":"de-CH"},{"@type":"WebPage","@id":"https:\/\/www.martel.ch\/cms\/weinwissen\/weinmagazin\/martel-schenkt-ein\/das-passt-amarone-marroni\/","url":"https:\/\/www.martel.ch\/cms\/weinwissen\/weinmagazin\/martel-schenkt-ein\/das-passt-amarone-marroni\/","name":"Das passt: Amarone & Marroni","isPartOf":{"@id":"https:\/\/www.martel.ch\/cms\/#website"},"primaryImageOfPage":{"@id":"https:\/\/www.martel.ch\/cms\/weinwissen\/weinmagazin\/martel-schenkt-ein\/das-passt-amarone-marroni\/#primaryimage"},"image":{"@id":"https:\/\/www.martel.ch\/cms\/weinwissen\/weinmagazin\/martel-schenkt-ein\/das-passt-amarone-marroni\/#primaryimage"},"thumbnailUrl":"https:\/\/www.martel.ch\/cms\/wp-content\/uploads\/2022\/09\/2022_10_Story_Marroni_Amarone.jpg","datePublished":"2022-10-06T06:05:00+00:00","dateModified":"2022-10-19T10:40:24+00:00","description":"Amarone & Marroni. Die Edelkastanien und der tiefgr\u00fcndige Wein aus den Valpolicella-H\u00fcgeln sind f\u00fcreinander geschaffen wie Romeo und Julia.","breadcrumb":{"@id":"https:\/\/www.martel.ch\/cms\/weinwissen\/weinmagazin\/martel-schenkt-ein\/das-passt-amarone-marroni\/#breadcrumb"},"inLanguage":"de-CH","potentialAction":[{"@type":"ReadAction","target":["https:\/\/www.martel.ch\/cms\/weinwissen\/weinmagazin\/martel-schenkt-ein\/das-passt-amarone-marroni\/"]}]},{"@type":"ImageObject","inLanguage":"de-CH","@id":"https:\/\/www.martel.ch\/cms\/weinwissen\/weinmagazin\/martel-schenkt-ein\/das-passt-amarone-marroni\/#primaryimage","url":"https:\/\/www.martel.ch\/cms\/wp-content\/uploads\/2022\/09\/2022_10_Story_Marroni_Amarone.jpg","contentUrl":"https:\/\/www.martel.ch\/cms\/wp-content\/uploads\/2022\/09\/2022_10_Story_Marroni_Amarone.jpg","width":2000,"height":1333,"caption":"Amarone & Marroni"},{"@type":"BreadcrumbList","@id":"https:\/\/www.martel.ch\/cms\/weinwissen\/weinmagazin\/martel-schenkt-ein\/das-passt-amarone-marroni\/#breadcrumb","itemListElement":[{"@type":"ListItem","position":1,"name":"Startseite","item":"https:\/\/www.martel.ch\/cms\/"},{"@type":"ListItem","position":2,"name":"Das passt: Amarone &#038; Marroni"}]},{"@type":"WebSite","@id":"https:\/\/www.martel.ch\/cms\/#website","url":"https:\/\/www.martel.ch\/cms\/","name":"Martel","description":"F\u00fcr Weinbegeisterte und die, die es werden m\u00f6chten.","publisher":{"@id":"https:\/\/www.martel.ch\/cms\/#organization"},"potentialAction":[{"@type":"SearchAction","target":{"@type":"EntryPoint","urlTemplate":"https:\/\/www.martel.ch\/cms\/?s={search_term_string}"},"query-input":{"@type":"PropertyValueSpecification","valueRequired":true,"valueName":"search_term_string"}}],"inLanguage":"de-CH"},{"@type":"Organization","@id":"https:\/\/www.martel.ch\/cms\/#organization","name":"Martel AG St.Gallen","url":"https:\/\/www.martel.ch\/cms\/","logo":{"@type":"ImageObject","inLanguage":"de-CH","@id":"https:\/\/www.martel.ch\/cms\/#\/schema\/logo\/image\/","url":"https:\/\/www.martel.ch\/cms\/wp-content\/uploads\/2019\/02\/martel-logo.png","contentUrl":"https:\/\/www.martel.ch\/cms\/wp-content\/uploads\/2019\/02\/martel-logo.png","width":600,"height":600,"caption":"Martel AG St.Gallen"},"image":{"@id":"https:\/\/www.martel.ch\/cms\/#\/schema\/logo\/image\/"},"sameAs":["https:\/\/www.facebook.com\/pages\/Martel-AG-St-Gallen\/233396026691876","https:\/\/x.com\/martel_weinwelt","https:\/\/www.instagram.com\/martel_weinwelt\/","https:\/\/www.linkedin.com\/company\/martel-ag-st-gallen","https:\/\/www.pinterest.ch\/martel_weinwelt"]},{"@type":"Person","@id":"https:\/\/www.martel.ch\/cms\/#\/schema\/person\/8475b73b6f1c4c886d942b9ac8806549","name":"J\u00fcrg Aegerter","image":{"@type":"ImageObject","inLanguage":"de-CH","@id":"https:\/\/secure.gravatar.com\/avatar\/0e74256290584a09484c408dbe36daa0e027899e2de74825e9b8203019a35c49?s=96&d=mm&r=g8cae22cf75b8d41f8784895d74aacc12","url":"https:\/\/secure.gravatar.com\/avatar\/0e74256290584a09484c408dbe36daa0e027899e2de74825e9b8203019a35c49?s=96&d=mm&r=g","contentUrl":"https:\/\/secure.gravatar.com\/avatar\/0e74256290584a09484c408dbe36daa0e027899e2de74825e9b8203019a35c49?s=96&d=mm&r=g","caption":"J\u00fcrg Aegerter"}}]}},"_links":{"self":[{"href":"https:\/\/www.martel.ch\/cms\/wp-json\/wp\/v2\/posts\/15678","targetHints":{"allow":["GET"]}}],"collection":[{"href":"https:\/\/www.martel.ch\/cms\/wp-json\/wp\/v2\/posts"}],"about":[{"href":"https:\/\/www.martel.ch\/cms\/wp-json\/wp\/v2\/types\/post"}],"author":[{"embeddable":true,"href":"https:\/\/www.martel.ch\/cms\/wp-json\/wp\/v2\/users\/42"}],"replies":[{"embeddable":true,"href":"https:\/\/www.martel.ch\/cms\/wp-json\/wp\/v2\/comments?post=15678"}],"version-history":[{"count":14,"href":"https:\/\/www.martel.ch\/cms\/wp-json\/wp\/v2\/posts\/15678\/revisions"}],"predecessor-version":[{"id":15781,"href":"https:\/\/www.martel.ch\/cms\/wp-json\/wp\/v2\/posts\/15678\/revisions\/15781"}],"wp:featuredmedia":[{"embeddable":true,"href":"https:\/\/www.martel.ch\/cms\/wp-json\/wp\/v2\/media\/15672"}],"wp:attachment":[{"href":"https:\/\/www.martel.ch\/cms\/wp-json\/wp\/v2\/media?parent=15678"}],"wp:term":[{"taxonomy":"category","embeddable":true,"href":"https:\/\/www.martel.ch\/cms\/wp-json\/wp\/v2\/categories?post=15678"},{"taxonomy":"post_tag","embeddable":true,"href":"https:\/\/www.martel.ch\/cms\/wp-json\/wp\/v2\/tags?post=15678"},{"taxonomy":"author","embeddable":true,"href":"https:\/\/www.martel.ch\/cms\/wp-json\/wp\/v2\/coauthors?post=15678"}],"curies":[{"name":"wp","href":"https:\/\/api.w.org\/{rel}","templated":true}]}}