{"id":15919,"date":"2022-09-19T08:00:31","date_gmt":"2022-09-19T06:00:31","guid":{"rendered":"https:\/\/www.martel.ch\/cms\/?p=15919"},"modified":"2022-11-03T14:55:11","modified_gmt":"2022-11-03T13:55:11","slug":"hammerwein-la-massa-giorgio-primo-2019","status":"publish","type":"post","link":"https:\/\/www.martel.ch\/cms\/weinwissen\/weinmagazin\/rueckblick\/hammerwein-la-massa-giorgio-primo-2019\/","title":{"rendered":"Hammerwein &#8211; La Massa &#038; Giorgio Primo 2019"},"content":{"rendered":"\n<h2 class=\"wp-block-heading\">Wiedersehen mit toskanischen Weinfreunden<\/h2>\n\n\n\n<p>Zweimal den gleichen Hammerwein, das hatten wir noch nie. Der <strong>La Massa<\/strong> und der <strong>Giorgio Primo<\/strong> waren bereits vor einigen Jahren unsere Weine des Jahres. Der neue Jahrgang 2019 ist so unglaublich gut, dass wir einfach nicht anders konnten, als sie nochmals zu unseren Hammerweinen zu k\u00fcren.<\/p>\n\n\n\n<p>Bei La Massa denke ich oft an meinen ersten Besuch auf dem Weingut zur\u00fcck. Der Winzer Giampaolo Motta war voller Ideen, im Gespr\u00e4ch sprudelten die Worte auf sympathisch italienische Art aus ihm heraus. Bei der Verkostung wurde es jedoch pl\u00f6tzlich still, in diesem Moment sprachen die Weine zu uns. Ganz kurz stand die Welt still. Der Beginn einer wunderbaren Freundschaft und Zusammenarbeit.<\/p>\n\n\n\n<p>\u00abMartel\u00bb heisst \u00fcbersetzt \u00abHammer\u00bb. Unter einem Hammerwein verstehen wir einen qualitativen \u00dcberflieger \u2013 zum unschlagbaren Preis. Wie immer ist das Angebot einmalig und limitiert. Wir empfehlen: jetzt zugreifen!<\/p>\n\n\n\n<h2 class=\"wp-block-heading\">Das Hammer-Weingut<\/h2>\n\n\n\n<p>La Massa steht f\u00fcr Innovation im Chianti Classico. Treibende Kraft des Weinguts ist der umtriebige Giampaolo Motta, der urspr\u00fcnglich aus Neapel stammt und seit 30 Jahren in der Toskana f\u00fcr frischen Wind und h\u00f6chste Qualit\u00e4t sorgt. Zum einen mit sehr dichter Bepflanzung, wie sie in Bordeaux \u00fcblich ist und zur Verbesserung der Weine beitr\u00e4gt. Zum anderen mit einer modernen Cantina, wo die Weine schonend gekeltert werden.<\/p>\n\n\n\n<p>Erneuerung versteht Giampaolo Motta als Verbesserung der Tradition. Seit dem 14. Jahrhundert wird hier Wein produziert. Die Landschaft rund um La Massa ist vom Weinbau gepr\u00e4gt und unvergleichlich sch\u00f6n. Motta selbst wohnt in einem alten Landhaus auf dem Weingut und ist sich bewusst: Hier schlechten Wein zu produzieren, w\u00e4re eine Schande.<\/p>\n\n\n\n<h2 class=\"wp-block-heading\">Die Hammer-Weine<\/h2>\n\n\n\n<p>Sowohl der <strong>La Massa<\/strong> als auch der <strong>Giorgio Primo<\/strong> setzen im Chianti Classico Massst\u00e4be. Beide Weine sind kraftvoll und elegant zugleich. Der <strong>La Massa<\/strong> ist eine Cuv\u00e9e aus Sangiovese und franz\u00f6sischen Rebsorten. Die Assemblage des Giorgio Primo besteht allein aus Bordeaux-Sorten. Damit sind die Weine Vertreter des modernen toskanischen Stils. Beides zug\u00e4ngliche Weine, die in ihren Kategorien stets h\u00f6chste Bewertungen erhalten.<\/p>\n\n\n\n<p>In der privilegierten Lage Conca d\u2019Oro in der N\u00e4he von Panzano entsteht Weltklassewein. Nur perfekte Trauben sind gut genug f\u00fcr La Massa-Weine. Der <strong>Giorgio Primo<\/strong> repr\u00e4sentiert als Paradepferd die Essenz der besten Parzellen. Dieser Top-Wein wird 18 Monate in neuen Barriques ausgebaut und geh\u00f6rt ohne Zweifel zur Elite der Toskana.<\/p>\n\n\n\n<h2 class=\"wp-block-heading\">Der Hammer-Jahrgang 2019<\/h2>\n\n\n\n<p>2019 geh\u00f6rt sicher zu den ganz grossen Jahrg\u00e4ngen in der Toskana. Wir sind begeistert. Die Weine bestechen durch Harmonie, Vielschichtigkeit, Eleganz, Tiefe und Spannung. Keine Spur von \u00dcberreife oder \u00fcbertriebener Power. Der Fr\u00fchling 2019 war nass und sorgte f\u00fcr Wasservorr\u00e4te in den B\u00f6den. Anfang des Sommers war die Vegetation rund einen Monat weniger weit als \u00fcblich. Es folgte warmes, jedoch nicht \u00fcberm\u00e4ssig heisses Sommerwetter. Einige Regenschauer vor der Ernte verhinderten Trockenstress. Die Trauben reiften langsam und konnten so bis zur Ernte komplexe Aromen und eine sch\u00f6ne Balance entwickeln.<\/p>\n\n\n\n<h2 class=\"wp-block-heading\">Degustation: Hammerm\u00e4ssig!<\/h2>\n\n\n\n<p><strong>La Massa 2019<\/strong><\/p>\n\n\n\n<p>Viel blaue und rote Frucht, Kirsche, auch \u00e4therische und balsamische Noten, mediterrane Kr\u00e4uter, etwas Bleistift. Im Gaumen viel Frische und Spannung, geschmeidige Gerbstoffe, voller K\u00f6rper, dicht. Toller, langer Abgang. Der Alkohol ist perfekt integriert. Lagerpotential mindestens 8 Jahre, aber schon jetzt wunderbar zu trinken.<\/p>\n\n\n\n<p><strong>Giorgio Primo 2019<\/strong><\/p>\n\n\n\n<p>In der Nase zeigt dieser Bordeaux-Blend reife, dunkle Frucht, zum Beispiel Cassis. Zedernholz, minzige Frische, sehr komplex. Im Gaumen grandiose Tanninstruktur, feinste Gerbstoffe und Druck. Frische mit gleichzeitiger Power und Konzentration. Sehr langer Abgang. Ein Weinmonument. Enormes Lagerpotential: Mindestens 20 bis 25 Jahre.<\/p>\n\n\n\n<p><strong>Diese Aktion ist abgelaufen.<\/strong><\/p>\n","protected":false},"excerpt":{"rendered":"","protected":false},"author":2,"featured_media":15916,"comment_status":"closed","ping_status":"closed","sticky":false,"template":"","format":"standard","meta":{"_acf_changed":false,"inline_featured_image":false,"footnotes":""},"categories":[431],"tags":[],"coauthors":[474],"class_list":["post-15919","post","type-post","status-publish","format-standard","has-post-thumbnail","hentry","category-rueckblick"],"acf":{"inhaltselemente":null},"yoast_head":"<!-- This site is optimized with the Yoast SEO plugin v27.5 - https:\/\/yoast.com\/product\/yoast-seo-wordpress\/ -->\n<title>Martel Hammerwein<\/title>\n<meta name=\"description\" content=\"Hammerwein - La Massa &amp; Giorgio Primo 2019 - Unter einem Hammerwein verstehen wir einen qualitativen \u00dcberflieger \u2013 zum unschlagbaren Preis.\" \/>\n<meta name=\"robots\" content=\"index, follow, max-snippet:-1, max-image-preview:large, max-video-preview:-1\" \/>\n<link rel=\"canonical\" href=\"https:\/\/www.martel.ch\/cms\/weinwissen\/weinmagazin\/rueckblick\/hammerwein-la-massa-giorgio-primo-2019\/\" \/>\n<meta property=\"og:locale\" content=\"de_DE\" \/>\n<meta property=\"og:type\" content=\"article\" \/>\n<meta property=\"og:title\" content=\"Martel Hammerwein\" \/>\n<meta property=\"og:description\" content=\"Hammerwein - La Massa &amp; Giorgio Primo 2019 - Unter einem Hammerwein verstehen wir einen qualitativen \u00dcberflieger \u2013 zum unschlagbaren Preis.\" \/>\n<meta property=\"og:url\" content=\"https:\/\/www.martel.ch\/cms\/weinwissen\/weinmagazin\/rueckblick\/hammerwein-la-massa-giorgio-primo-2019\/\" \/>\n<meta property=\"og:site_name\" content=\"Martel\" \/>\n<meta property=\"article:publisher\" content=\"https:\/\/www.facebook.com\/pages\/Martel-AG-St-Gallen\/233396026691876\" \/>\n<meta property=\"article:published_time\" content=\"2022-09-19T06:00:31+00:00\" \/>\n<meta property=\"article:modified_time\" content=\"2022-11-03T13:55:11+00:00\" \/>\n<meta property=\"og:image\" content=\"https:\/\/www.martel.ch\/cms\/wp-content\/uploads\/2022\/11\/martel-aktion-hammerwein-massa.jpg\" \/>\n\t<meta property=\"og:image:width\" content=\"2000\" \/>\n\t<meta property=\"og:image:height\" content=\"1333\" \/>\n\t<meta property=\"og:image:type\" content=\"image\/jpeg\" \/>\n<meta name=\"author\" content=\"Aktionstext\" \/>\n<meta name=\"twitter:card\" content=\"summary_large_image\" \/>\n<meta name=\"twitter:creator\" content=\"@martel_weinwelt\" \/>\n<meta name=\"twitter:site\" content=\"@martel_weinwelt\" \/>\n<meta name=\"twitter:label1\" content=\"Geschrieben von\" \/>\n\t<meta name=\"twitter:data1\" content=\"Aktionstext\" \/>\n\t<meta name=\"twitter:label2\" content=\"Gesch\u00e4tzte Lesezeit\" \/>\n\t<meta name=\"twitter:data2\" content=\"3\u00a0Minuten\" \/>\n\t<meta name=\"twitter:label3\" content=\"Written by\" \/>\n\t<meta name=\"twitter:data3\" content=\"Aktionstext\" \/>\n<script type=\"application\/ld+json\" class=\"yoast-schema-graph\">{\"@context\":\"https:\\\/\\\/schema.org\",\"@graph\":[{\"@type\":\"Article\",\"@id\":\"https:\\\/\\\/www.martel.ch\\\/cms\\\/weinwissen\\\/weinmagazin\\\/rueckblick\\\/hammerwein-la-massa-giorgio-primo-2019\\\/#article\",\"isPartOf\":{\"@id\":\"https:\\\/\\\/www.martel.ch\\\/cms\\\/weinwissen\\\/weinmagazin\\\/rueckblick\\\/hammerwein-la-massa-giorgio-primo-2019\\\/\"},\"author\":{\"name\":\"Aktionstext\",\"@id\":\"https:\\\/\\\/www.martel.ch\\\/cms\\\/#\\\/schema\\\/person\\\/3464c81d9493adb03d862579dda417cc\"},\"headline\":\"Hammerwein &#8211; La Massa &#038; Giorgio Primo 2019\",\"datePublished\":\"2022-09-19T06:00:31+00:00\",\"dateModified\":\"2022-11-03T13:55:11+00:00\",\"mainEntityOfPage\":{\"@id\":\"https:\\\/\\\/www.martel.ch\\\/cms\\\/weinwissen\\\/weinmagazin\\\/rueckblick\\\/hammerwein-la-massa-giorgio-primo-2019\\\/\"},\"wordCount\":590,\"publisher\":{\"@id\":\"https:\\\/\\\/www.martel.ch\\\/cms\\\/#organization\"},\"image\":{\"@id\":\"https:\\\/\\\/www.martel.ch\\\/cms\\\/weinwissen\\\/weinmagazin\\\/rueckblick\\\/hammerwein-la-massa-giorgio-primo-2019\\\/#primaryimage\"},\"thumbnailUrl\":\"https:\\\/\\\/www.martel.ch\\\/cms\\\/wp-content\\\/uploads\\\/2022\\\/11\\\/martel-aktion-hammerwein-massa.jpg\",\"articleSection\":[\"R\u00fcckblick\"],\"inLanguage\":\"de-CH\"},{\"@type\":\"WebPage\",\"@id\":\"https:\\\/\\\/www.martel.ch\\\/cms\\\/weinwissen\\\/weinmagazin\\\/rueckblick\\\/hammerwein-la-massa-giorgio-primo-2019\\\/\",\"url\":\"https:\\\/\\\/www.martel.ch\\\/cms\\\/weinwissen\\\/weinmagazin\\\/rueckblick\\\/hammerwein-la-massa-giorgio-primo-2019\\\/\",\"name\":\"Martel Hammerwein\",\"isPartOf\":{\"@id\":\"https:\\\/\\\/www.martel.ch\\\/cms\\\/#website\"},\"primaryImageOfPage\":{\"@id\":\"https:\\\/\\\/www.martel.ch\\\/cms\\\/weinwissen\\\/weinmagazin\\\/rueckblick\\\/hammerwein-la-massa-giorgio-primo-2019\\\/#primaryimage\"},\"image\":{\"@id\":\"https:\\\/\\\/www.martel.ch\\\/cms\\\/weinwissen\\\/weinmagazin\\\/rueckblick\\\/hammerwein-la-massa-giorgio-primo-2019\\\/#primaryimage\"},\"thumbnailUrl\":\"https:\\\/\\\/www.martel.ch\\\/cms\\\/wp-content\\\/uploads\\\/2022\\\/11\\\/martel-aktion-hammerwein-massa.jpg\",\"datePublished\":\"2022-09-19T06:00:31+00:00\",\"dateModified\":\"2022-11-03T13:55:11+00:00\",\"description\":\"Hammerwein - La Massa & Giorgio Primo 2019 - Unter einem Hammerwein verstehen wir einen qualitativen \u00dcberflieger \u2013 zum unschlagbaren Preis.\",\"breadcrumb\":{\"@id\":\"https:\\\/\\\/www.martel.ch\\\/cms\\\/weinwissen\\\/weinmagazin\\\/rueckblick\\\/hammerwein-la-massa-giorgio-primo-2019\\\/#breadcrumb\"},\"inLanguage\":\"de-CH\",\"potentialAction\":[{\"@type\":\"ReadAction\",\"target\":[\"https:\\\/\\\/www.martel.ch\\\/cms\\\/weinwissen\\\/weinmagazin\\\/rueckblick\\\/hammerwein-la-massa-giorgio-primo-2019\\\/\"]}]},{\"@type\":\"ImageObject\",\"inLanguage\":\"de-CH\",\"@id\":\"https:\\\/\\\/www.martel.ch\\\/cms\\\/weinwissen\\\/weinmagazin\\\/rueckblick\\\/hammerwein-la-massa-giorgio-primo-2019\\\/#primaryimage\",\"url\":\"https:\\\/\\\/www.martel.ch\\\/cms\\\/wp-content\\\/uploads\\\/2022\\\/11\\\/martel-aktion-hammerwein-massa.jpg\",\"contentUrl\":\"https:\\\/\\\/www.martel.ch\\\/cms\\\/wp-content\\\/uploads\\\/2022\\\/11\\\/martel-aktion-hammerwein-massa.jpg\",\"width\":2000,\"height\":1333,\"caption\":\"Hammerwein La Massa\"},{\"@type\":\"BreadcrumbList\",\"@id\":\"https:\\\/\\\/www.martel.ch\\\/cms\\\/weinwissen\\\/weinmagazin\\\/rueckblick\\\/hammerwein-la-massa-giorgio-primo-2019\\\/#breadcrumb\",\"itemListElement\":[{\"@type\":\"ListItem\",\"position\":1,\"name\":\"Startseite\",\"item\":\"https:\\\/\\\/www.martel.ch\\\/cms\\\/\"},{\"@type\":\"ListItem\",\"position\":2,\"name\":\"Hammerwein &#8211; La Massa &#038; Giorgio Primo 2019\"}]},{\"@type\":\"WebSite\",\"@id\":\"https:\\\/\\\/www.martel.ch\\\/cms\\\/#website\",\"url\":\"https:\\\/\\\/www.martel.ch\\\/cms\\\/\",\"name\":\"Martel\",\"description\":\"F\u00fcr Weinbegeisterte und die, die es werden m\u00f6chten.\",\"publisher\":{\"@id\":\"https:\\\/\\\/www.martel.ch\\\/cms\\\/#organization\"},\"potentialAction\":[{\"@type\":\"SearchAction\",\"target\":{\"@type\":\"EntryPoint\",\"urlTemplate\":\"https:\\\/\\\/www.martel.ch\\\/cms\\\/?s={search_term_string}\"},\"query-input\":{\"@type\":\"PropertyValueSpecification\",\"valueRequired\":true,\"valueName\":\"search_term_string\"}}],\"inLanguage\":\"de-CH\"},{\"@type\":\"Organization\",\"@id\":\"https:\\\/\\\/www.martel.ch\\\/cms\\\/#organization\",\"name\":\"Martel AG St.Gallen\",\"url\":\"https:\\\/\\\/www.martel.ch\\\/cms\\\/\",\"logo\":{\"@type\":\"ImageObject\",\"inLanguage\":\"de-CH\",\"@id\":\"https:\\\/\\\/www.martel.ch\\\/cms\\\/#\\\/schema\\\/logo\\\/image\\\/\",\"url\":\"https:\\\/\\\/www.martel.ch\\\/cms\\\/wp-content\\\/uploads\\\/2019\\\/02\\\/martel-logo.png\",\"contentUrl\":\"https:\\\/\\\/www.martel.ch\\\/cms\\\/wp-content\\\/uploads\\\/2019\\\/02\\\/martel-logo.png\",\"width\":600,\"height\":600,\"caption\":\"Martel AG St.Gallen\"},\"image\":{\"@id\":\"https:\\\/\\\/www.martel.ch\\\/cms\\\/#\\\/schema\\\/logo\\\/image\\\/\"},\"sameAs\":[\"https:\\\/\\\/www.facebook.com\\\/pages\\\/Martel-AG-St-Gallen\\\/233396026691876\",\"https:\\\/\\\/x.com\\\/martel_weinwelt\",\"https:\\\/\\\/www.instagram.com\\\/martel_weinwelt\\\/\",\"https:\\\/\\\/www.linkedin.com\\\/company\\\/martel-ag-st-gallen\",\"https:\\\/\\\/www.pinterest.ch\\\/martel_weinwelt\"]},{\"@type\":\"Person\",\"@id\":\"https:\\\/\\\/www.martel.ch\\\/cms\\\/#\\\/schema\\\/person\\\/3464c81d9493adb03d862579dda417cc\",\"name\":\"Aktionstext\",\"image\":{\"@type\":\"ImageObject\",\"inLanguage\":\"de-CH\",\"@id\":\"https:\\\/\\\/secure.gravatar.com\\\/avatar\\\/d2fcd71efade94aaf5442b68e9c44d588bfbfa0e3529b37e084f2a91243a522d?s=96&d=mm&r=gd9adba075220666de6dbe752e08cf44c\",\"url\":\"https:\\\/\\\/secure.gravatar.com\\\/avatar\\\/d2fcd71efade94aaf5442b68e9c44d588bfbfa0e3529b37e084f2a91243a522d?s=96&d=mm&r=g\",\"contentUrl\":\"https:\\\/\\\/secure.gravatar.com\\\/avatar\\\/d2fcd71efade94aaf5442b68e9c44d588bfbfa0e3529b37e084f2a91243a522d?s=96&d=mm&r=g\",\"caption\":\"Aktionstext\"}}]}<\/script>\n<!-- \/ Yoast SEO plugin. -->","yoast_head_json":{"title":"Martel Hammerwein","description":"Hammerwein - La Massa & Giorgio Primo 2019 - Unter einem Hammerwein verstehen wir einen qualitativen \u00dcberflieger \u2013 zum unschlagbaren Preis.","robots":{"index":"index","follow":"follow","max-snippet":"max-snippet:-1","max-image-preview":"max-image-preview:large","max-video-preview":"max-video-preview:-1"},"canonical":"https:\/\/www.martel.ch\/cms\/weinwissen\/weinmagazin\/rueckblick\/hammerwein-la-massa-giorgio-primo-2019\/","og_locale":"de_DE","og_type":"article","og_title":"Martel Hammerwein","og_description":"Hammerwein - La Massa & Giorgio Primo 2019 - Unter einem Hammerwein verstehen wir einen qualitativen \u00dcberflieger \u2013 zum unschlagbaren Preis.","og_url":"https:\/\/www.martel.ch\/cms\/weinwissen\/weinmagazin\/rueckblick\/hammerwein-la-massa-giorgio-primo-2019\/","og_site_name":"Martel","article_publisher":"https:\/\/www.facebook.com\/pages\/Martel-AG-St-Gallen\/233396026691876","article_published_time":"2022-09-19T06:00:31+00:00","article_modified_time":"2022-11-03T13:55:11+00:00","og_image":[{"width":2000,"height":1333,"url":"https:\/\/www.martel.ch\/cms\/wp-content\/uploads\/2022\/11\/martel-aktion-hammerwein-massa.jpg","type":"image\/jpeg"}],"author":"Aktionstext","twitter_card":"summary_large_image","twitter_creator":"@martel_weinwelt","twitter_site":"@martel_weinwelt","twitter_misc":{"Geschrieben von":"Aktionstext","Gesch\u00e4tzte Lesezeit":"3\u00a0Minuten","Written by":"Aktionstext"},"schema":{"@context":"https:\/\/schema.org","@graph":[{"@type":"Article","@id":"https:\/\/www.martel.ch\/cms\/weinwissen\/weinmagazin\/rueckblick\/hammerwein-la-massa-giorgio-primo-2019\/#article","isPartOf":{"@id":"https:\/\/www.martel.ch\/cms\/weinwissen\/weinmagazin\/rueckblick\/hammerwein-la-massa-giorgio-primo-2019\/"},"author":{"name":"Aktionstext","@id":"https:\/\/www.martel.ch\/cms\/#\/schema\/person\/3464c81d9493adb03d862579dda417cc"},"headline":"Hammerwein &#8211; La Massa &#038; Giorgio Primo 2019","datePublished":"2022-09-19T06:00:31+00:00","dateModified":"2022-11-03T13:55:11+00:00","mainEntityOfPage":{"@id":"https:\/\/www.martel.ch\/cms\/weinwissen\/weinmagazin\/rueckblick\/hammerwein-la-massa-giorgio-primo-2019\/"},"wordCount":590,"publisher":{"@id":"https:\/\/www.martel.ch\/cms\/#organization"},"image":{"@id":"https:\/\/www.martel.ch\/cms\/weinwissen\/weinmagazin\/rueckblick\/hammerwein-la-massa-giorgio-primo-2019\/#primaryimage"},"thumbnailUrl":"https:\/\/www.martel.ch\/cms\/wp-content\/uploads\/2022\/11\/martel-aktion-hammerwein-massa.jpg","articleSection":["R\u00fcckblick"],"inLanguage":"de-CH"},{"@type":"WebPage","@id":"https:\/\/www.martel.ch\/cms\/weinwissen\/weinmagazin\/rueckblick\/hammerwein-la-massa-giorgio-primo-2019\/","url":"https:\/\/www.martel.ch\/cms\/weinwissen\/weinmagazin\/rueckblick\/hammerwein-la-massa-giorgio-primo-2019\/","name":"Martel Hammerwein","isPartOf":{"@id":"https:\/\/www.martel.ch\/cms\/#website"},"primaryImageOfPage":{"@id":"https:\/\/www.martel.ch\/cms\/weinwissen\/weinmagazin\/rueckblick\/hammerwein-la-massa-giorgio-primo-2019\/#primaryimage"},"image":{"@id":"https:\/\/www.martel.ch\/cms\/weinwissen\/weinmagazin\/rueckblick\/hammerwein-la-massa-giorgio-primo-2019\/#primaryimage"},"thumbnailUrl":"https:\/\/www.martel.ch\/cms\/wp-content\/uploads\/2022\/11\/martel-aktion-hammerwein-massa.jpg","datePublished":"2022-09-19T06:00:31+00:00","dateModified":"2022-11-03T13:55:11+00:00","description":"Hammerwein - La Massa & Giorgio Primo 2019 - Unter einem Hammerwein verstehen wir einen qualitativen \u00dcberflieger \u2013 zum unschlagbaren Preis.","breadcrumb":{"@id":"https:\/\/www.martel.ch\/cms\/weinwissen\/weinmagazin\/rueckblick\/hammerwein-la-massa-giorgio-primo-2019\/#breadcrumb"},"inLanguage":"de-CH","potentialAction":[{"@type":"ReadAction","target":["https:\/\/www.martel.ch\/cms\/weinwissen\/weinmagazin\/rueckblick\/hammerwein-la-massa-giorgio-primo-2019\/"]}]},{"@type":"ImageObject","inLanguage":"de-CH","@id":"https:\/\/www.martel.ch\/cms\/weinwissen\/weinmagazin\/rueckblick\/hammerwein-la-massa-giorgio-primo-2019\/#primaryimage","url":"https:\/\/www.martel.ch\/cms\/wp-content\/uploads\/2022\/11\/martel-aktion-hammerwein-massa.jpg","contentUrl":"https:\/\/www.martel.ch\/cms\/wp-content\/uploads\/2022\/11\/martel-aktion-hammerwein-massa.jpg","width":2000,"height":1333,"caption":"Hammerwein La Massa"},{"@type":"BreadcrumbList","@id":"https:\/\/www.martel.ch\/cms\/weinwissen\/weinmagazin\/rueckblick\/hammerwein-la-massa-giorgio-primo-2019\/#breadcrumb","itemListElement":[{"@type":"ListItem","position":1,"name":"Startseite","item":"https:\/\/www.martel.ch\/cms\/"},{"@type":"ListItem","position":2,"name":"Hammerwein &#8211; La Massa &#038; Giorgio Primo 2019"}]},{"@type":"WebSite","@id":"https:\/\/www.martel.ch\/cms\/#website","url":"https:\/\/www.martel.ch\/cms\/","name":"Martel","description":"F\u00fcr Weinbegeisterte und die, die es werden m\u00f6chten.","publisher":{"@id":"https:\/\/www.martel.ch\/cms\/#organization"},"potentialAction":[{"@type":"SearchAction","target":{"@type":"EntryPoint","urlTemplate":"https:\/\/www.martel.ch\/cms\/?s={search_term_string}"},"query-input":{"@type":"PropertyValueSpecification","valueRequired":true,"valueName":"search_term_string"}}],"inLanguage":"de-CH"},{"@type":"Organization","@id":"https:\/\/www.martel.ch\/cms\/#organization","name":"Martel AG St.Gallen","url":"https:\/\/www.martel.ch\/cms\/","logo":{"@type":"ImageObject","inLanguage":"de-CH","@id":"https:\/\/www.martel.ch\/cms\/#\/schema\/logo\/image\/","url":"https:\/\/www.martel.ch\/cms\/wp-content\/uploads\/2019\/02\/martel-logo.png","contentUrl":"https:\/\/www.martel.ch\/cms\/wp-content\/uploads\/2019\/02\/martel-logo.png","width":600,"height":600,"caption":"Martel AG St.Gallen"},"image":{"@id":"https:\/\/www.martel.ch\/cms\/#\/schema\/logo\/image\/"},"sameAs":["https:\/\/www.facebook.com\/pages\/Martel-AG-St-Gallen\/233396026691876","https:\/\/x.com\/martel_weinwelt","https:\/\/www.instagram.com\/martel_weinwelt\/","https:\/\/www.linkedin.com\/company\/martel-ag-st-gallen","https:\/\/www.pinterest.ch\/martel_weinwelt"]},{"@type":"Person","@id":"https:\/\/www.martel.ch\/cms\/#\/schema\/person\/3464c81d9493adb03d862579dda417cc","name":"Aktionstext","image":{"@type":"ImageObject","inLanguage":"de-CH","@id":"https:\/\/secure.gravatar.com\/avatar\/d2fcd71efade94aaf5442b68e9c44d588bfbfa0e3529b37e084f2a91243a522d?s=96&d=mm&r=gd9adba075220666de6dbe752e08cf44c","url":"https:\/\/secure.gravatar.com\/avatar\/d2fcd71efade94aaf5442b68e9c44d588bfbfa0e3529b37e084f2a91243a522d?s=96&d=mm&r=g","contentUrl":"https:\/\/secure.gravatar.com\/avatar\/d2fcd71efade94aaf5442b68e9c44d588bfbfa0e3529b37e084f2a91243a522d?s=96&d=mm&r=g","caption":"Aktionstext"}}]}},"_links":{"self":[{"href":"https:\/\/www.martel.ch\/cms\/wp-json\/wp\/v2\/posts\/15919","targetHints":{"allow":["GET"]}}],"collection":[{"href":"https:\/\/www.martel.ch\/cms\/wp-json\/wp\/v2\/posts"}],"about":[{"href":"https:\/\/www.martel.ch\/cms\/wp-json\/wp\/v2\/types\/post"}],"author":[{"embeddable":true,"href":"https:\/\/www.martel.ch\/cms\/wp-json\/wp\/v2\/users\/2"}],"replies":[{"embeddable":true,"href":"https:\/\/www.martel.ch\/cms\/wp-json\/wp\/v2\/comments?post=15919"}],"version-history":[{"count":11,"href":"https:\/\/www.martel.ch\/cms\/wp-json\/wp\/v2\/posts\/15919\/revisions"}],"predecessor-version":[{"id":16002,"href":"https:\/\/www.martel.ch\/cms\/wp-json\/wp\/v2\/posts\/15919\/revisions\/16002"}],"wp:featuredmedia":[{"embeddable":true,"href":"https:\/\/www.martel.ch\/cms\/wp-json\/wp\/v2\/media\/15916"}],"wp:attachment":[{"href":"https:\/\/www.martel.ch\/cms\/wp-json\/wp\/v2\/media?parent=15919"}],"wp:term":[{"taxonomy":"category","embeddable":true,"href":"https:\/\/www.martel.ch\/cms\/wp-json\/wp\/v2\/categories?post=15919"},{"taxonomy":"post_tag","embeddable":true,"href":"https:\/\/www.martel.ch\/cms\/wp-json\/wp\/v2\/tags?post=15919"},{"taxonomy":"author","embeddable":true,"href":"https:\/\/www.martel.ch\/cms\/wp-json\/wp\/v2\/coauthors?post=15919"}],"curies":[{"name":"wp","href":"https:\/\/api.w.org\/{rel}","templated":true}]}}