{"id":16114,"date":"2022-10-19T11:13:52","date_gmt":"2022-10-19T09:13:52","guid":{"rendered":"https:\/\/www.martel.ch\/cms\/?p=16114"},"modified":"2022-11-10T11:17:55","modified_gmt":"2022-11-10T10:17:55","slug":"das-ist-die-frage-der-fragen","status":"publish","type":"post","link":"https:\/\/www.martel.ch\/cms\/weinwissen\/weinmagazin\/winzer-in-der-presse\/das-ist-die-frage-der-fragen\/","title":{"rendered":"\u00abDas ist die Frage der Fragen\u00bb"},"content":{"rendered":"\n<p><strong>Hier geht es in erster Linie nat\u00fcrlich um Genuss. Doch dahinter steckt auch ein knallhartes Business. Denn der Weinhandel wird von zahlreichen Anbietern bestritten. Der Name \u00abMartel\u00bb konnte sich in den vergangenen Jahren gerade auch in der Ostschweiz als starke Marke positionieren. \u00dcber seine Philosophie spricht Jan Martel, Gesch\u00e4ftsf\u00fchrer der Martel AG mit Sitz in St. Gallen, im Interview.ausends vor Christus zur\u00fcckverfolgen. Und trotz dieser enormen Tradition zeigt sich in den Rebbergen von Hettlingen bis ins Chianti, in den Kellern von der Mosel bis ins Lavaux eine erstaunliche Dichte an Innovation und Erneuerungsdrang.&nbsp;<\/strong><\/p>\n\n\n\n<!--more-->\n\n\n\n<p><strong>Jan Martel, sind Sie eher Unternehmer oder eher Genussmensch?<\/strong><\/p>\n\n\n\n<p>Beides. Unternehmer und Genussmensch bleibt man wohl ein Leben lang \u2013 zum Gl\u00fcck ist es eine gute Kombination.<\/p>\n\n\n\n<p><strong>Letztlich sind auch hier die Zahlen entscheidend. Haben Sie schon einmal ein Produkt aus dem Sortiment gekippt, dass sich zwar gut verkauft, aber eigentlich \u00abminderwertig\u00bb ist?<\/strong><\/p>\n\n\n\n<p>Wir w\u00e4hlen den Wein beim Einkauf nach strengen Kriterien aus und kennen unsere Winzerinnen, Winzer und Weing\u00fcter. Die Selektion dauert mehrere Runden und es sind ausgewiesene Fachleute aus allen Abteilungen involviert. Auch ich gebe eine Einsch\u00e4tzung. So kommt kein minderwertiger Wein bei uns ins Sortiment. Das ist auch im preisg\u00fcnstigen Segment so.<\/p>\n\n\n\n<p><strong>Worauf setzen Sie: Auf ein Sortiment, das f\u00fcr jeden Geschmack etwas bietet oder auf eines, das \u00fcberschaubar und exquisit ist?<\/strong><\/p>\n\n\n\n<p>Das ist die Frage der Fragen f\u00fcr Weinh\u00e4ndler. Die Antwort gibt die Gr\u00f6sse unseres Sortiments. Wir bieten fast 2000 verschiedene Weine an. Darunter sicher Exklusives, es gibt jedoch auch eine breite Auswahl an Weinen im Bereich von CHF 12 bis 20. Da findet jede und jeder etwas Passendes.&nbsp;&nbsp;<\/p>\n\n\n\n<p><strong>Sie d\u00fcrften in all den Jahren schon unz\u00e4hlige Weine degustiert haben. Kann man Sie \u00fcberhaupt noch \u00fcberraschen? Und wenn ja: womit?<\/strong><\/p>\n\n\n\n<p>Ein Sprichwort sagt: Was uns nicht interessiert, kann uns auch nicht \u00fcberraschen. Ich lerne fast t\u00e4glich \u00dcberraschendes kennen und freue mich dar\u00fcber. Ein Beispiel sind Naturweine. Auch wenn ich sie nur vereinzelt wirklich mag, ist diese Entwicklung spannend. Wichtig ist auch, dass wir als Weinhandlung unsere Kundinnen und Kunden immer wieder \u00fcberraschen. Das tun wir mit unseren Neuheiten.<\/p>\n\n\n\n<h2 class=\"wp-block-heading\">\u00abDie Klimaerw\u00e4rmung wird in den n\u00e4chsten Jahren f\u00fcr grosse Umbr\u00fcche in der Weinwelt sorgen.\u00bb<\/h2>\n\n\n\n<p><strong>Ganz allgemein: Welche L\u00e4nder sind beim Wein derzeit stark im Trend?<\/strong><\/p>\n\n\n\n<p>Die Nachfrage nach Schweizer Wein stieg w\u00e4hrend der Pandemie stark an, das gef\u00e4llt mir. Auch beobachte ich inzwischen wieder mehr Interesse an \u00dcberseeweinen. Das Verlangen nach biologisch angebauten Weinen ist praktisch ein Dauertrend.<\/p>\n\n\n\n<p><strong>Und welche haben in den vergangenen Jahren an Ausstrahlung verloren?<\/strong><\/p>\n\n\n\n<p>Vermutlich sind es eher Weinstile, die nicht mehr so gefragt sind. Stark holzbetonte Weissweine zum Beispiel oder die zu schweren, kraftvollen Rotweine \u2013 noch immer ist es die Eleganz, wonach viele Kunden und somit auch unserer Winzer streben.<\/p>\n\n\n\n<p><strong>Gibt es auch hierbei noch \u00abunerforschte Gebiete\u00bb, Gegenden, die wir k\u00fcnftig auf dem Radar haben sollten?<\/strong><\/p>\n\n\n\n<p>Nat\u00fcrlich! Die Klimaerw\u00e4rmung wird in den n\u00e4chsten Jahren f\u00fcr grosse Umbr\u00fcche in der Weinwelt sorgen. N\u00f6rdliche Gebiete profitieren davon. Stichworte: Rotwein aus Deutschland, Sekt aus England oder Skandinavien.<\/p>\n\n\n\n<h2 class=\"wp-block-heading\">\u00abWir bewerten Weine bei Martel bewusst nicht mit Punkten. Eine Zahl wird einem Wein nie gerecht.\u00bb<\/h2>\n\n\n\n<p><strong>Auf einer Skala von 1 bis 10: Welche Durchschnittswertung w\u00fcrden Sie dem Ostschweizer Wein \u2013&nbsp;ganz allgemein \u2013&nbsp;geben?<\/strong> Wir bewerten Weine bei Martel bewusst nicht mit Punkten. Eine Zahl wird einem Wein nie gerecht. Gerne sage ich: Ostschweizer Wein hat enorm aufgeholt. Viele Weine k\u00f6nnen sich problemlos messen mit Wein aus den besten Weingebieten. Zudem gibt es in der Ostschweiz einige Spitzenbetriebe, die \u00fcber die Region hinaus wahrgenommen werden und dadurch auch der Basis helfen.<\/p>\n\n\n\n<p><strong>Wenn noch Luft nach oben vorhanden ist, kann man diese Verbesserung \u00fcberhaupt noch erzielen oder ist man einfach an gewisse \u00abRahmenbedingungen\u00bb gebunden?<\/strong><\/p>\n\n\n\n<p>Die Klimaerw\u00e4rmung hilft dem Ostschweizer Weinbau sicher. Was mir auff\u00e4llt: \u00dcberall auf der Welt ist man stolz auf die lokalen Weine und ist \u00fcberzeugt, es seien die besten. Nur in der Ostschweiz fehlt dieses Bewusstsein \u2013 bis jetzt noch.<\/p>\n\n\n\n<p><strong>Inwiefern hat sich Ihr Unternehmen in den vergangenen 3 bis 5 Jahren entwickelt? Kamen neue Kan\u00e4le, neue Sparten hinzu?<\/strong><\/p>\n\n\n\n<p>Unser Online-Kanal geht ab wie die Post \u2013 es ist \u00fcbrigens der erste Wein Online-Shop Europas und wurde gerade erst wieder mit einem massiven Upgrade ausgestattet. Wir sind in den sozialen Medien aktiv und beobachten die dort (zum Teil schnelllebigen) Trends enorm. Trotzdem: Die pers\u00f6nliche Beratung unserer Kundinnen und Kunden bleibt bei Martel zentral.&nbsp;<\/p>\n\n\n\n<p><\/p>\n","protected":false},"excerpt":{"rendered":"","protected":false},"author":49,"featured_media":16111,"comment_status":"closed","ping_status":"closed","sticky":false,"template":"","format":"standard","meta":{"_acf_changed":false,"inline_featured_image":false,"footnotes":""},"categories":[64],"tags":[],"coauthors":[521],"class_list":["post-16114","post","type-post","status-publish","format-standard","has-post-thumbnail","hentry","category-winzer-in-der-presse"],"acf":{"inhaltselemente":null},"yoast_head":"<!-- This site is optimized with the Yoast SEO plugin v27.5 - https:\/\/yoast.com\/product\/yoast-seo-wordpress\/ -->\n<title>\u00abDas ist die Frage der Fragen\u00bb | Jan Martel im Gespr\u00e4ch<\/title>\n<meta name=\"description\" content=\"\u00abDas ist die Frage der Fragen\u00bb - Worauf setzt Jan Martel beim Zusammenstellen des Wein-Sortiments? Ein Gespr\u00e4ch in &quot;Die Ostschweiz&quot;.\" \/>\n<meta name=\"robots\" content=\"index, follow, max-snippet:-1, max-image-preview:large, max-video-preview:-1\" \/>\n<link rel=\"canonical\" href=\"https:\/\/www.martel.ch\/cms\/weinwissen\/weinmagazin\/winzer-in-der-presse\/das-ist-die-frage-der-fragen\/\" \/>\n<meta property=\"og:locale\" content=\"de_DE\" \/>\n<meta property=\"og:type\" content=\"article\" \/>\n<meta property=\"og:title\" content=\"\u00abDas ist die Frage der Fragen\u00bb | Jan Martel im Gespr\u00e4ch\" \/>\n<meta property=\"og:description\" content=\"\u00abDas ist die Frage der Fragen\u00bb - Worauf setzt Jan Martel beim Zusammenstellen des Wein-Sortiments? Ein Gespr\u00e4ch in &quot;Die Ostschweiz&quot;.\" \/>\n<meta property=\"og:url\" content=\"https:\/\/www.martel.ch\/cms\/weinwissen\/weinmagazin\/winzer-in-der-presse\/das-ist-die-frage-der-fragen\/\" \/>\n<meta property=\"og:site_name\" content=\"Martel\" \/>\n<meta property=\"article:publisher\" content=\"https:\/\/www.facebook.com\/pages\/Martel-AG-St-Gallen\/233396026691876\" \/>\n<meta property=\"article:published_time\" content=\"2022-10-19T09:13:52+00:00\" \/>\n<meta property=\"article:modified_time\" content=\"2022-11-10T10:17:55+00:00\" \/>\n<meta property=\"og:image\" content=\"https:\/\/www.martel.ch\/cms\/wp-content\/uploads\/2022\/11\/Jan_Martel.jpg\" \/>\n\t<meta property=\"og:image:width\" content=\"2000\" \/>\n\t<meta property=\"og:image:height\" content=\"1333\" \/>\n\t<meta property=\"og:image:type\" content=\"image\/jpeg\" \/>\n<meta name=\"author\" content=\"Marcel Baumgartner\" \/>\n<meta name=\"twitter:card\" content=\"summary_large_image\" \/>\n<meta name=\"twitter:creator\" content=\"@martel_weinwelt\" \/>\n<meta name=\"twitter:site\" content=\"@martel_weinwelt\" \/>\n<meta name=\"twitter:label1\" content=\"Geschrieben von\" \/>\n\t<meta name=\"twitter:data1\" content=\"Marcel Baumgartner\" \/>\n\t<meta name=\"twitter:label2\" content=\"Gesch\u00e4tzte Lesezeit\" \/>\n\t<meta name=\"twitter:data2\" content=\"5\u00a0Minuten\" \/>\n\t<meta name=\"twitter:label3\" content=\"Written by\" \/>\n\t<meta name=\"twitter:data3\" content=\"Marcel Baumgartner\" \/>\n<script type=\"application\/ld+json\" class=\"yoast-schema-graph\">{\"@context\":\"https:\\\/\\\/schema.org\",\"@graph\":[{\"@type\":\"Article\",\"@id\":\"https:\\\/\\\/www.martel.ch\\\/cms\\\/weinwissen\\\/weinmagazin\\\/winzer-in-der-presse\\\/das-ist-die-frage-der-fragen\\\/#article\",\"isPartOf\":{\"@id\":\"https:\\\/\\\/www.martel.ch\\\/cms\\\/weinwissen\\\/weinmagazin\\\/winzer-in-der-presse\\\/das-ist-die-frage-der-fragen\\\/\"},\"author\":{\"name\":\"Marcel Baumgartner\",\"@id\":\"https:\\\/\\\/www.martel.ch\\\/cms\\\/#\\\/schema\\\/person\\\/05dc24637a9988bd27c8337ec97d9578\"},\"headline\":\"\u00abDas ist die Frage der Fragen\u00bb\",\"datePublished\":\"2022-10-19T09:13:52+00:00\",\"dateModified\":\"2022-11-10T10:17:55+00:00\",\"mainEntityOfPage\":{\"@id\":\"https:\\\/\\\/www.martel.ch\\\/cms\\\/weinwissen\\\/weinmagazin\\\/winzer-in-der-presse\\\/das-ist-die-frage-der-fragen\\\/\"},\"wordCount\":758,\"publisher\":{\"@id\":\"https:\\\/\\\/www.martel.ch\\\/cms\\\/#organization\"},\"image\":{\"@id\":\"https:\\\/\\\/www.martel.ch\\\/cms\\\/weinwissen\\\/weinmagazin\\\/winzer-in-der-presse\\\/das-ist-die-frage-der-fragen\\\/#primaryimage\"},\"thumbnailUrl\":\"https:\\\/\\\/www.martel.ch\\\/cms\\\/wp-content\\\/uploads\\\/2022\\\/11\\\/Jan_Martel.jpg\",\"articleSection\":[\"Winzer in der Presse\"],\"inLanguage\":\"de-CH\"},{\"@type\":\"WebPage\",\"@id\":\"https:\\\/\\\/www.martel.ch\\\/cms\\\/weinwissen\\\/weinmagazin\\\/winzer-in-der-presse\\\/das-ist-die-frage-der-fragen\\\/\",\"url\":\"https:\\\/\\\/www.martel.ch\\\/cms\\\/weinwissen\\\/weinmagazin\\\/winzer-in-der-presse\\\/das-ist-die-frage-der-fragen\\\/\",\"name\":\"\u00abDas ist die Frage der Fragen\u00bb | Jan Martel im Gespr\u00e4ch\",\"isPartOf\":{\"@id\":\"https:\\\/\\\/www.martel.ch\\\/cms\\\/#website\"},\"primaryImageOfPage\":{\"@id\":\"https:\\\/\\\/www.martel.ch\\\/cms\\\/weinwissen\\\/weinmagazin\\\/winzer-in-der-presse\\\/das-ist-die-frage-der-fragen\\\/#primaryimage\"},\"image\":{\"@id\":\"https:\\\/\\\/www.martel.ch\\\/cms\\\/weinwissen\\\/weinmagazin\\\/winzer-in-der-presse\\\/das-ist-die-frage-der-fragen\\\/#primaryimage\"},\"thumbnailUrl\":\"https:\\\/\\\/www.martel.ch\\\/cms\\\/wp-content\\\/uploads\\\/2022\\\/11\\\/Jan_Martel.jpg\",\"datePublished\":\"2022-10-19T09:13:52+00:00\",\"dateModified\":\"2022-11-10T10:17:55+00:00\",\"description\":\"\u00abDas ist die Frage der Fragen\u00bb - Worauf setzt Jan Martel beim Zusammenstellen des Wein-Sortiments? Ein Gespr\u00e4ch in \\\"Die Ostschweiz\\\".\",\"breadcrumb\":{\"@id\":\"https:\\\/\\\/www.martel.ch\\\/cms\\\/weinwissen\\\/weinmagazin\\\/winzer-in-der-presse\\\/das-ist-die-frage-der-fragen\\\/#breadcrumb\"},\"inLanguage\":\"de-CH\",\"potentialAction\":[{\"@type\":\"ReadAction\",\"target\":[\"https:\\\/\\\/www.martel.ch\\\/cms\\\/weinwissen\\\/weinmagazin\\\/winzer-in-der-presse\\\/das-ist-die-frage-der-fragen\\\/\"]}]},{\"@type\":\"ImageObject\",\"inLanguage\":\"de-CH\",\"@id\":\"https:\\\/\\\/www.martel.ch\\\/cms\\\/weinwissen\\\/weinmagazin\\\/winzer-in-der-presse\\\/das-ist-die-frage-der-fragen\\\/#primaryimage\",\"url\":\"https:\\\/\\\/www.martel.ch\\\/cms\\\/wp-content\\\/uploads\\\/2022\\\/11\\\/Jan_Martel.jpg\",\"contentUrl\":\"https:\\\/\\\/www.martel.ch\\\/cms\\\/wp-content\\\/uploads\\\/2022\\\/11\\\/Jan_Martel.jpg\",\"width\":2000,\"height\":1333,\"caption\":\"Jan Martel\"},{\"@type\":\"BreadcrumbList\",\"@id\":\"https:\\\/\\\/www.martel.ch\\\/cms\\\/weinwissen\\\/weinmagazin\\\/winzer-in-der-presse\\\/das-ist-die-frage-der-fragen\\\/#breadcrumb\",\"itemListElement\":[{\"@type\":\"ListItem\",\"position\":1,\"name\":\"Startseite\",\"item\":\"https:\\\/\\\/www.martel.ch\\\/cms\\\/\"},{\"@type\":\"ListItem\",\"position\":2,\"name\":\"\u00abDas ist die Frage der Fragen\u00bb\"}]},{\"@type\":\"WebSite\",\"@id\":\"https:\\\/\\\/www.martel.ch\\\/cms\\\/#website\",\"url\":\"https:\\\/\\\/www.martel.ch\\\/cms\\\/\",\"name\":\"Martel\",\"description\":\"F\u00fcr Weinbegeisterte und die, die es werden m\u00f6chten.\",\"publisher\":{\"@id\":\"https:\\\/\\\/www.martel.ch\\\/cms\\\/#organization\"},\"potentialAction\":[{\"@type\":\"SearchAction\",\"target\":{\"@type\":\"EntryPoint\",\"urlTemplate\":\"https:\\\/\\\/www.martel.ch\\\/cms\\\/?s={search_term_string}\"},\"query-input\":{\"@type\":\"PropertyValueSpecification\",\"valueRequired\":true,\"valueName\":\"search_term_string\"}}],\"inLanguage\":\"de-CH\"},{\"@type\":\"Organization\",\"@id\":\"https:\\\/\\\/www.martel.ch\\\/cms\\\/#organization\",\"name\":\"Martel AG St.Gallen\",\"url\":\"https:\\\/\\\/www.martel.ch\\\/cms\\\/\",\"logo\":{\"@type\":\"ImageObject\",\"inLanguage\":\"de-CH\",\"@id\":\"https:\\\/\\\/www.martel.ch\\\/cms\\\/#\\\/schema\\\/logo\\\/image\\\/\",\"url\":\"https:\\\/\\\/www.martel.ch\\\/cms\\\/wp-content\\\/uploads\\\/2019\\\/02\\\/martel-logo.png\",\"contentUrl\":\"https:\\\/\\\/www.martel.ch\\\/cms\\\/wp-content\\\/uploads\\\/2019\\\/02\\\/martel-logo.png\",\"width\":600,\"height\":600,\"caption\":\"Martel AG St.Gallen\"},\"image\":{\"@id\":\"https:\\\/\\\/www.martel.ch\\\/cms\\\/#\\\/schema\\\/logo\\\/image\\\/\"},\"sameAs\":[\"https:\\\/\\\/www.facebook.com\\\/pages\\\/Martel-AG-St-Gallen\\\/233396026691876\",\"https:\\\/\\\/x.com\\\/martel_weinwelt\",\"https:\\\/\\\/www.instagram.com\\\/martel_weinwelt\\\/\",\"https:\\\/\\\/www.linkedin.com\\\/company\\\/martel-ag-st-gallen\",\"https:\\\/\\\/www.pinterest.ch\\\/martel_weinwelt\"]},{\"@type\":\"Person\",\"@id\":\"https:\\\/\\\/www.martel.ch\\\/cms\\\/#\\\/schema\\\/person\\\/05dc24637a9988bd27c8337ec97d9578\",\"name\":\"Marcel Baumgartner\",\"image\":{\"@type\":\"ImageObject\",\"inLanguage\":\"de-CH\",\"@id\":\"https:\\\/\\\/secure.gravatar.com\\\/avatar\\\/03cca2235dafa38cb55e0ed771853700d4a94c104bc5822b47dc7b85eaf80c9c?s=96&d=mm&r=g87d8b9bf7460da21a551b2db70c17db6\",\"url\":\"https:\\\/\\\/secure.gravatar.com\\\/avatar\\\/03cca2235dafa38cb55e0ed771853700d4a94c104bc5822b47dc7b85eaf80c9c?s=96&d=mm&r=g\",\"contentUrl\":\"https:\\\/\\\/secure.gravatar.com\\\/avatar\\\/03cca2235dafa38cb55e0ed771853700d4a94c104bc5822b47dc7b85eaf80c9c?s=96&d=mm&r=g\",\"caption\":\"Marcel Baumgartner\"}}]}<\/script>\n<!-- \/ Yoast SEO plugin. -->","yoast_head_json":{"title":"\u00abDas ist die Frage der Fragen\u00bb | Jan Martel im Gespr\u00e4ch","description":"\u00abDas ist die Frage der Fragen\u00bb - Worauf setzt Jan Martel beim Zusammenstellen des Wein-Sortiments? Ein Gespr\u00e4ch in \"Die Ostschweiz\".","robots":{"index":"index","follow":"follow","max-snippet":"max-snippet:-1","max-image-preview":"max-image-preview:large","max-video-preview":"max-video-preview:-1"},"canonical":"https:\/\/www.martel.ch\/cms\/weinwissen\/weinmagazin\/winzer-in-der-presse\/das-ist-die-frage-der-fragen\/","og_locale":"de_DE","og_type":"article","og_title":"\u00abDas ist die Frage der Fragen\u00bb | Jan Martel im Gespr\u00e4ch","og_description":"\u00abDas ist die Frage der Fragen\u00bb - Worauf setzt Jan Martel beim Zusammenstellen des Wein-Sortiments? Ein Gespr\u00e4ch in \"Die Ostschweiz\".","og_url":"https:\/\/www.martel.ch\/cms\/weinwissen\/weinmagazin\/winzer-in-der-presse\/das-ist-die-frage-der-fragen\/","og_site_name":"Martel","article_publisher":"https:\/\/www.facebook.com\/pages\/Martel-AG-St-Gallen\/233396026691876","article_published_time":"2022-10-19T09:13:52+00:00","article_modified_time":"2022-11-10T10:17:55+00:00","og_image":[{"width":2000,"height":1333,"url":"https:\/\/www.martel.ch\/cms\/wp-content\/uploads\/2022\/11\/Jan_Martel.jpg","type":"image\/jpeg"}],"author":"Marcel Baumgartner","twitter_card":"summary_large_image","twitter_creator":"@martel_weinwelt","twitter_site":"@martel_weinwelt","twitter_misc":{"Geschrieben von":"Marcel Baumgartner","Gesch\u00e4tzte Lesezeit":"5\u00a0Minuten","Written by":"Marcel Baumgartner"},"schema":{"@context":"https:\/\/schema.org","@graph":[{"@type":"Article","@id":"https:\/\/www.martel.ch\/cms\/weinwissen\/weinmagazin\/winzer-in-der-presse\/das-ist-die-frage-der-fragen\/#article","isPartOf":{"@id":"https:\/\/www.martel.ch\/cms\/weinwissen\/weinmagazin\/winzer-in-der-presse\/das-ist-die-frage-der-fragen\/"},"author":{"name":"Marcel Baumgartner","@id":"https:\/\/www.martel.ch\/cms\/#\/schema\/person\/05dc24637a9988bd27c8337ec97d9578"},"headline":"\u00abDas ist die Frage der Fragen\u00bb","datePublished":"2022-10-19T09:13:52+00:00","dateModified":"2022-11-10T10:17:55+00:00","mainEntityOfPage":{"@id":"https:\/\/www.martel.ch\/cms\/weinwissen\/weinmagazin\/winzer-in-der-presse\/das-ist-die-frage-der-fragen\/"},"wordCount":758,"publisher":{"@id":"https:\/\/www.martel.ch\/cms\/#organization"},"image":{"@id":"https:\/\/www.martel.ch\/cms\/weinwissen\/weinmagazin\/winzer-in-der-presse\/das-ist-die-frage-der-fragen\/#primaryimage"},"thumbnailUrl":"https:\/\/www.martel.ch\/cms\/wp-content\/uploads\/2022\/11\/Jan_Martel.jpg","articleSection":["Winzer in der Presse"],"inLanguage":"de-CH"},{"@type":"WebPage","@id":"https:\/\/www.martel.ch\/cms\/weinwissen\/weinmagazin\/winzer-in-der-presse\/das-ist-die-frage-der-fragen\/","url":"https:\/\/www.martel.ch\/cms\/weinwissen\/weinmagazin\/winzer-in-der-presse\/das-ist-die-frage-der-fragen\/","name":"\u00abDas ist die Frage der Fragen\u00bb | Jan Martel im Gespr\u00e4ch","isPartOf":{"@id":"https:\/\/www.martel.ch\/cms\/#website"},"primaryImageOfPage":{"@id":"https:\/\/www.martel.ch\/cms\/weinwissen\/weinmagazin\/winzer-in-der-presse\/das-ist-die-frage-der-fragen\/#primaryimage"},"image":{"@id":"https:\/\/www.martel.ch\/cms\/weinwissen\/weinmagazin\/winzer-in-der-presse\/das-ist-die-frage-der-fragen\/#primaryimage"},"thumbnailUrl":"https:\/\/www.martel.ch\/cms\/wp-content\/uploads\/2022\/11\/Jan_Martel.jpg","datePublished":"2022-10-19T09:13:52+00:00","dateModified":"2022-11-10T10:17:55+00:00","description":"\u00abDas ist die Frage der Fragen\u00bb - Worauf setzt Jan Martel beim Zusammenstellen des Wein-Sortiments? Ein Gespr\u00e4ch in \"Die Ostschweiz\".","breadcrumb":{"@id":"https:\/\/www.martel.ch\/cms\/weinwissen\/weinmagazin\/winzer-in-der-presse\/das-ist-die-frage-der-fragen\/#breadcrumb"},"inLanguage":"de-CH","potentialAction":[{"@type":"ReadAction","target":["https:\/\/www.martel.ch\/cms\/weinwissen\/weinmagazin\/winzer-in-der-presse\/das-ist-die-frage-der-fragen\/"]}]},{"@type":"ImageObject","inLanguage":"de-CH","@id":"https:\/\/www.martel.ch\/cms\/weinwissen\/weinmagazin\/winzer-in-der-presse\/das-ist-die-frage-der-fragen\/#primaryimage","url":"https:\/\/www.martel.ch\/cms\/wp-content\/uploads\/2022\/11\/Jan_Martel.jpg","contentUrl":"https:\/\/www.martel.ch\/cms\/wp-content\/uploads\/2022\/11\/Jan_Martel.jpg","width":2000,"height":1333,"caption":"Jan Martel"},{"@type":"BreadcrumbList","@id":"https:\/\/www.martel.ch\/cms\/weinwissen\/weinmagazin\/winzer-in-der-presse\/das-ist-die-frage-der-fragen\/#breadcrumb","itemListElement":[{"@type":"ListItem","position":1,"name":"Startseite","item":"https:\/\/www.martel.ch\/cms\/"},{"@type":"ListItem","position":2,"name":"\u00abDas ist die Frage der Fragen\u00bb"}]},{"@type":"WebSite","@id":"https:\/\/www.martel.ch\/cms\/#website","url":"https:\/\/www.martel.ch\/cms\/","name":"Martel","description":"F\u00fcr Weinbegeisterte und die, die es werden m\u00f6chten.","publisher":{"@id":"https:\/\/www.martel.ch\/cms\/#organization"},"potentialAction":[{"@type":"SearchAction","target":{"@type":"EntryPoint","urlTemplate":"https:\/\/www.martel.ch\/cms\/?s={search_term_string}"},"query-input":{"@type":"PropertyValueSpecification","valueRequired":true,"valueName":"search_term_string"}}],"inLanguage":"de-CH"},{"@type":"Organization","@id":"https:\/\/www.martel.ch\/cms\/#organization","name":"Martel AG St.Gallen","url":"https:\/\/www.martel.ch\/cms\/","logo":{"@type":"ImageObject","inLanguage":"de-CH","@id":"https:\/\/www.martel.ch\/cms\/#\/schema\/logo\/image\/","url":"https:\/\/www.martel.ch\/cms\/wp-content\/uploads\/2019\/02\/martel-logo.png","contentUrl":"https:\/\/www.martel.ch\/cms\/wp-content\/uploads\/2019\/02\/martel-logo.png","width":600,"height":600,"caption":"Martel AG St.Gallen"},"image":{"@id":"https:\/\/www.martel.ch\/cms\/#\/schema\/logo\/image\/"},"sameAs":["https:\/\/www.facebook.com\/pages\/Martel-AG-St-Gallen\/233396026691876","https:\/\/x.com\/martel_weinwelt","https:\/\/www.instagram.com\/martel_weinwelt\/","https:\/\/www.linkedin.com\/company\/martel-ag-st-gallen","https:\/\/www.pinterest.ch\/martel_weinwelt"]},{"@type":"Person","@id":"https:\/\/www.martel.ch\/cms\/#\/schema\/person\/05dc24637a9988bd27c8337ec97d9578","name":"Marcel Baumgartner","image":{"@type":"ImageObject","inLanguage":"de-CH","@id":"https:\/\/secure.gravatar.com\/avatar\/03cca2235dafa38cb55e0ed771853700d4a94c104bc5822b47dc7b85eaf80c9c?s=96&d=mm&r=g87d8b9bf7460da21a551b2db70c17db6","url":"https:\/\/secure.gravatar.com\/avatar\/03cca2235dafa38cb55e0ed771853700d4a94c104bc5822b47dc7b85eaf80c9c?s=96&d=mm&r=g","contentUrl":"https:\/\/secure.gravatar.com\/avatar\/03cca2235dafa38cb55e0ed771853700d4a94c104bc5822b47dc7b85eaf80c9c?s=96&d=mm&r=g","caption":"Marcel Baumgartner"}}]}},"_links":{"self":[{"href":"https:\/\/www.martel.ch\/cms\/wp-json\/wp\/v2\/posts\/16114","targetHints":{"allow":["GET"]}}],"collection":[{"href":"https:\/\/www.martel.ch\/cms\/wp-json\/wp\/v2\/posts"}],"about":[{"href":"https:\/\/www.martel.ch\/cms\/wp-json\/wp\/v2\/types\/post"}],"author":[{"embeddable":true,"href":"https:\/\/www.martel.ch\/cms\/wp-json\/wp\/v2\/users\/49"}],"replies":[{"embeddable":true,"href":"https:\/\/www.martel.ch\/cms\/wp-json\/wp\/v2\/comments?post=16114"}],"version-history":[{"count":6,"href":"https:\/\/www.martel.ch\/cms\/wp-json\/wp\/v2\/posts\/16114\/revisions"}],"predecessor-version":[{"id":16121,"href":"https:\/\/www.martel.ch\/cms\/wp-json\/wp\/v2\/posts\/16114\/revisions\/16121"}],"wp:featuredmedia":[{"embeddable":true,"href":"https:\/\/www.martel.ch\/cms\/wp-json\/wp\/v2\/media\/16111"}],"wp:attachment":[{"href":"https:\/\/www.martel.ch\/cms\/wp-json\/wp\/v2\/media?parent=16114"}],"wp:term":[{"taxonomy":"category","embeddable":true,"href":"https:\/\/www.martel.ch\/cms\/wp-json\/wp\/v2\/categories?post=16114"},{"taxonomy":"post_tag","embeddable":true,"href":"https:\/\/www.martel.ch\/cms\/wp-json\/wp\/v2\/tags?post=16114"},{"taxonomy":"author","embeddable":true,"href":"https:\/\/www.martel.ch\/cms\/wp-json\/wp\/v2\/coauthors?post=16114"}],"curies":[{"name":"wp","href":"https:\/\/api.w.org\/{rel}","templated":true}]}}