{"id":16588,"date":"2023-01-09T09:09:23","date_gmt":"2023-01-09T08:09:23","guid":{"rendered":"https:\/\/www.martel.ch\/cms\/?p=16588"},"modified":"2023-01-24T08:14:07","modified_gmt":"2023-01-24T07:14:07","slug":"sieht-man-dem-weingut-an-wie-der-wein-schmeckt","status":"publish","type":"post","link":"https:\/\/www.martel.ch\/cms\/weinwissen\/weinmagazin\/unterwegs-im-rebberg\/sieht-man-dem-weingut-an-wie-der-wein-schmeckt\/","title":{"rendered":"Sieht man dem Weingut an, wie der Wein schmeckt?"},"content":{"rendered":"\n<p><strong>Salut Bourgogne, wir kommen! Das Martel-Team unternimmt oft Reisen, um die Weingebiete besser kennenzulernen und im engen Kontakt zu bleiben mit Winzerinnen und Winzern. So l\u00e4sst sich Weinkultur am besten vermitteln. Diesen Winter waren sechs Martel-Mitarbeitende im Burgund unterwegs und gingen unter anderem der Frage nach, wie stark die Weine durch den Charakter der Winzerinnen und Winzer und das Weingut gepr\u00e4gt werden. Die Weinberaterin Marion Le Cras stammt urspr\u00fcnglich aus der Bretagne. Sie erz\u00e4hlt von der winterlichen Burgundreise des Martel-Teams. \u00a0<\/strong><\/p>\n\n\n\n<p>Grosse Weine aus dem Burgund sind keine Bluffer und Blender, im Gegenteil. Burgunderweine zeigen sich oft erst ziemlich zur\u00fcckhaltend. Vielfach haben sie das mit den Winzerinnen und Winzern in der Bourgogne gemeinsam. <strong>R\u00e9mi Jobard<\/strong> zum Beispiel ist ein Schweiger. Der Winzer empf\u00e4ngt uns h\u00f6flich, aber mit einer gewissen Distanz. Lieber dr\u00fcckt sich R\u00e9mi mit seinen Weinen aus. <\/p>\n\n\n\n<p>Wir beginnen unseren Besuch im Reifekeller, wo wir zu unserer \u00dcberraschung fast ausschlie\u00dflich F\u00e4sser des \u00f6sterreichischen K\u00fcfers Stockinger finden. Im Gegensatz zu vielen anderen Winzern ist f\u00fcr R\u00e9mi nicht wichtig, aus welchem Land das Holz f\u00fcr die F\u00e4sser kommt. Ihm geht es vor allem um die Qualit\u00e4t des Holzst\u00fccks, um dessen \u00abgute Gesundheit\u00bb, seine Feinheit, seine Textur, seine K\u00f6rnung, oder wie er auf Franz\u00f6sisch sagt: \u00abgrain\u00bb. Der K\u00fcfer Stockinger verwandelt das Holz in ein Fass und schafft so f\u00fcr R\u00e9mi Jobard ein perfektes Instrument f\u00fcr die Reifung seiner Weine. Alle seine Weiss- und Rotweine verbringen 12 Monate in F\u00e4ssern und anschliessend 6 Monate in Edelstahltanks, bevor sie in Flaschen abgef\u00fcllt werden. Bei unserem Besuch konnten wir die 2021er-Weine probieren. Obwohl sich die Weine noch in der Sch\u00f6nungsphase befanden, sp\u00fcrten wir die Handschrift R\u00e9mi Jobards: Klarheit, Frische, die Weine lassen die ganze Frucht und das Terroir zum Ausdruck kommen.<\/p>\n\n\n\n<div class=\"wp-block-buttons is-layout-flex wp-block-buttons-is-layout-flex\">\n<div class=\"wp-block-button\"><a class=\"wp-block-button__link wp-element-button\" href=\"https:\/\/www.martel.ch\/wein\/?filter=winzer,remi-jobard\">Jobard<\/a><\/div>\n<\/div>\n\n\n\n<figure class=\"wp-block-image size-large\"><img loading=\"lazy\" decoding=\"async\" width=\"854\" height=\"569\" src=\"https:\/\/www.martel.ch\/cms\/wp-content\/uploads\/2022\/12\/2023_01_Story_Burgund_3-854x569.jpg\" alt=\"R\u00e9my Jobard\" class=\"wp-image-16564\" srcset=\"https:\/\/www.martel.ch\/cms\/wp-content\/uploads\/2022\/12\/2023_01_Story_Burgund_3-854x569.jpg 854w, https:\/\/www.martel.ch\/cms\/wp-content\/uploads\/2022\/12\/2023_01_Story_Burgund_3-300x200.jpg 300w, https:\/\/www.martel.ch\/cms\/wp-content\/uploads\/2022\/12\/2023_01_Story_Burgund_3-768x512.jpg 768w, https:\/\/www.martel.ch\/cms\/wp-content\/uploads\/2022\/12\/2023_01_Story_Burgund_3-1536x1024.jpg 1536w, https:\/\/www.martel.ch\/cms\/wp-content\/uploads\/2022\/12\/2023_01_Story_Burgund_3-1370x914.jpg 1370w, https:\/\/www.martel.ch\/cms\/wp-content\/uploads\/2022\/12\/2023_01_Story_Burgund_3-910x607.jpg 910w, https:\/\/www.martel.ch\/cms\/wp-content\/uploads\/2022\/12\/2023_01_Story_Burgund_3-332x221.jpg 332w, https:\/\/www.martel.ch\/cms\/wp-content\/uploads\/2022\/12\/2023_01_Story_Burgund_3-290x193.jpg 290w, https:\/\/www.martel.ch\/cms\/wp-content\/uploads\/2022\/12\/2023_01_Story_Burgund_3-446x297.jpg 446w, https:\/\/www.martel.ch\/cms\/wp-content\/uploads\/2022\/12\/2023_01_Story_Burgund_3-679x453.jpg 679w, https:\/\/www.martel.ch\/cms\/wp-content\/uploads\/2022\/12\/2023_01_Story_Burgund_3-554x369.jpg 554w, https:\/\/www.martel.ch\/cms\/wp-content\/uploads\/2022\/12\/2023_01_Story_Burgund_3-330x220.jpg 330w, https:\/\/www.martel.ch\/cms\/wp-content\/uploads\/2022\/12\/2023_01_Story_Burgund_3-400x267.jpg 400w, https:\/\/www.martel.ch\/cms\/wp-content\/uploads\/2022\/12\/2023_01_Story_Burgund_3-500x333.jpg 500w, https:\/\/www.martel.ch\/cms\/wp-content\/uploads\/2022\/12\/2023_01_Story_Burgund_3-944x629.jpg 944w, https:\/\/www.martel.ch\/cms\/wp-content\/uploads\/2022\/12\/2023_01_Story_Burgund_3-359x239.jpg 359w, https:\/\/www.martel.ch\/cms\/wp-content\/uploads\/2022\/12\/2023_01_Story_Burgund_3-230x153.jpg 230w, https:\/\/www.martel.ch\/cms\/wp-content\/uploads\/2022\/12\/2023_01_Story_Burgund_3-680x453.jpg 680w, https:\/\/www.martel.ch\/cms\/wp-content\/uploads\/2022\/12\/2023_01_Story_Burgund_3-490x327.jpg 490w, https:\/\/www.martel.ch\/cms\/wp-content\/uploads\/2022\/12\/2023_01_Story_Burgund_3.jpg 1999w\" sizes=\"auto, (max-width: 854px) 100vw, 854px\" \/><\/figure>\n\n\n\n<h2 class=\"wp-block-heading\"><strong>Eine Kathedrale f\u00fcr himmlische Weine<\/strong><\/h2>\n\n\n\n<p>Der Besuch bei der Weinikone <strong>Bernstein<\/strong> geh\u00f6rt zu den H\u00f6hepunkten unserer Reise. Hier wird uns klar, dass auch das \u00c4ussere eines Weinguts die Weine pr\u00e4gen kann. Uns jedenfalls scheint der Zusammenhang zwischen der \u00c4sthetik des Herrenhauses und Olivier Bernsteins Weinen offensichtlich. Das komplett neu und aufw\u00e4ndig renovierte Herrenhaus im Herzen der Stadt Beaune \u00e4hnelt einer Kathedrale, die dazu gemacht ist, die Zeit zu \u00fcberdauern. So wie Bernstein-Weine, die fast schon f\u00fcr die Ewigkeit gemacht sind. <\/p>\n\n\n\n<p>Empfangen werden wir von Richard Seguin, dem Kellermeister Olivier Bernsteins. Die Weinprobe findet im Keller statt, wo Weine aus acht Weinlagen reifen. Olivier Bernsteins Sortiment verf\u00fcgt \u00fcber einen Premier Cru (Gevrey Chambertin Les Champeaux) und sieben Grands Crus. Olivier und Richard bearbeiten die Weinberge nicht selbst, sie stehen jedoch im st\u00e4ndigen Kontakt mit den Winzern, die ihnen die Trauben liefern. Diese stammen von Reben, die meist zwischen 40 und 80 Jahre alt sind. Die Reben werden sorgf\u00e4ltig und naturnah bearbeitet, ganz ohne chemische Hilfsmittel. Das Datum der Weinlese wird von Olivier und Richard bestimmt, und ihr eigenes Team erntet die Trauben. <\/p>\n\n\n\n<p>Ein weiterer wichtiger Akteur auf diesem Weingut ist der K\u00fcfer St\u00e9phane Chassin. Er ist bei allen Schritten anwesend. St\u00e9phane probiert den Most vor und nach der G\u00e4rung. Ausgehend von seinen Eindr\u00fccken des Jahrgangs entscheidet er, wie stark er das Weinfass toastet. Auf dem Weingut kommen ausschliesslich neue F\u00e4sser zum Einsatz. Olivier Bernstein w\u00e4hlt das Holz aus den W\u00e4ldern von Fontainebleau bei Paris und im belgischen Jupille h\u00f6chstpers\u00f6nlich aus. Je nach Jahrgang wird ein Hauptanteil der Ernte mit den Stielen ganztraubig verg\u00e4rt.<\/p>\n\n\n\n<div class=\"wp-block-buttons is-layout-flex wp-block-buttons-is-layout-flex\">\n<div class=\"wp-block-button\"><a class=\"wp-block-button__link wp-element-button\" href=\"https:\/\/www.martel.ch\/wein\/?filter=winzer,bernstein\">Bernstein<\/a><\/div>\n<\/div>\n\n\n\n<figure class=\"wp-block-image size-large\"><img loading=\"lazy\" decoding=\"async\" width=\"854\" height=\"569\" src=\"https:\/\/www.martel.ch\/cms\/wp-content\/uploads\/2022\/12\/2023_01_Story_Burgund_9-854x569.jpg\" alt=\"Oliver Bernstein\" class=\"wp-image-16582\" srcset=\"https:\/\/www.martel.ch\/cms\/wp-content\/uploads\/2022\/12\/2023_01_Story_Burgund_9-854x569.jpg 854w, https:\/\/www.martel.ch\/cms\/wp-content\/uploads\/2022\/12\/2023_01_Story_Burgund_9-300x200.jpg 300w, https:\/\/www.martel.ch\/cms\/wp-content\/uploads\/2022\/12\/2023_01_Story_Burgund_9-768x512.jpg 768w, https:\/\/www.martel.ch\/cms\/wp-content\/uploads\/2022\/12\/2023_01_Story_Burgund_9-1536x1024.jpg 1536w, https:\/\/www.martel.ch\/cms\/wp-content\/uploads\/2022\/12\/2023_01_Story_Burgund_9-1370x914.jpg 1370w, https:\/\/www.martel.ch\/cms\/wp-content\/uploads\/2022\/12\/2023_01_Story_Burgund_9-910x607.jpg 910w, https:\/\/www.martel.ch\/cms\/wp-content\/uploads\/2022\/12\/2023_01_Story_Burgund_9-332x221.jpg 332w, https:\/\/www.martel.ch\/cms\/wp-content\/uploads\/2022\/12\/2023_01_Story_Burgund_9-290x193.jpg 290w, https:\/\/www.martel.ch\/cms\/wp-content\/uploads\/2022\/12\/2023_01_Story_Burgund_9-446x297.jpg 446w, https:\/\/www.martel.ch\/cms\/wp-content\/uploads\/2022\/12\/2023_01_Story_Burgund_9-679x453.jpg 679w, https:\/\/www.martel.ch\/cms\/wp-content\/uploads\/2022\/12\/2023_01_Story_Burgund_9-554x369.jpg 554w, https:\/\/www.martel.ch\/cms\/wp-content\/uploads\/2022\/12\/2023_01_Story_Burgund_9-330x220.jpg 330w, https:\/\/www.martel.ch\/cms\/wp-content\/uploads\/2022\/12\/2023_01_Story_Burgund_9-400x267.jpg 400w, https:\/\/www.martel.ch\/cms\/wp-content\/uploads\/2022\/12\/2023_01_Story_Burgund_9-500x333.jpg 500w, https:\/\/www.martel.ch\/cms\/wp-content\/uploads\/2022\/12\/2023_01_Story_Burgund_9-944x629.jpg 944w, https:\/\/www.martel.ch\/cms\/wp-content\/uploads\/2022\/12\/2023_01_Story_Burgund_9-359x239.jpg 359w, https:\/\/www.martel.ch\/cms\/wp-content\/uploads\/2022\/12\/2023_01_Story_Burgund_9-230x153.jpg 230w, https:\/\/www.martel.ch\/cms\/wp-content\/uploads\/2022\/12\/2023_01_Story_Burgund_9-680x453.jpg 680w, https:\/\/www.martel.ch\/cms\/wp-content\/uploads\/2022\/12\/2023_01_Story_Burgund_9-490x327.jpg 490w, https:\/\/www.martel.ch\/cms\/wp-content\/uploads\/2022\/12\/2023_01_Story_Burgund_9.jpg 1999w\" sizes=\"auto, (max-width: 854px) 100vw, 854px\" \/><\/figure>\n\n\n\n<h2 class=\"wp-block-heading\"><strong>Einzigartiges Weingut, charismatischer Winzer<\/strong><\/h2>\n\n\n\n<p>Beim Besuch einer weiteren Kellerei in Beaune wird uns vor Augen gef\u00fchrt, dass das Temperament eines Winzers Einfluss auf den Wein haben kann. Die Weine von Mounir Saouma vom Weingut <strong>Lucien Le Moine<\/strong> sind Energieb\u00fcndel wie der Winzer selbst. Einzigartig und schwer zu finden. Eine unscheinbare schwarze T\u00fcre im Stadtzentrum von Beaune verschafft Eingang zu seinem Reich. <\/p>\n\n\n\n<p>Mounir ist sehr charismatisch und seine Power scheint sich auch auf die Weine zu \u00fcbertragen. Die Domaine verarbeitet zugekaufte Trauben und keltert diese mit viel Sauerstoff. \u00abSo st\u00e4rken wir den Wein\u00bb, erkl\u00e4r Mounir. Er l\u00e4sst die Weine zwei Jahre lang auf der Hefe liegen, um sich zu entwickeln. Dabei spielt auch <a href=\"https:\/\/www.martel.ch\/cms\/2021\/01\/20\/musik-im-weinkeller-ein-neuer-trend\/\">Musik<\/a> eine wichtige Rolle.&nbsp;Durch diese ungew\u00f6hnlich lange Reifezeit erlangen die Weine einen nat\u00fcrlichen Schutz.<\/p>\n\n\n\n<div class=\"wp-block-buttons is-layout-flex wp-block-buttons-is-layout-flex\">\n<div class=\"wp-block-button\"><a class=\"wp-block-button__link wp-element-button\" href=\"https:\/\/www.martel.ch\/wein\/?filter=winzer,lucien-le-moine\">Le Moine<\/a><\/div>\n<\/div>\n\n\n\n<figure class=\"wp-block-image size-large\"><img loading=\"lazy\" decoding=\"async\" width=\"854\" height=\"569\" src=\"https:\/\/www.martel.ch\/cms\/wp-content\/uploads\/2022\/12\/2023_01_Story_Burgund_7-854x569.jpg\" alt=\"Mounir Saouma\" class=\"wp-image-16576\" srcset=\"https:\/\/www.martel.ch\/cms\/wp-content\/uploads\/2022\/12\/2023_01_Story_Burgund_7-854x569.jpg 854w, https:\/\/www.martel.ch\/cms\/wp-content\/uploads\/2022\/12\/2023_01_Story_Burgund_7-300x200.jpg 300w, https:\/\/www.martel.ch\/cms\/wp-content\/uploads\/2022\/12\/2023_01_Story_Burgund_7-768x512.jpg 768w, https:\/\/www.martel.ch\/cms\/wp-content\/uploads\/2022\/12\/2023_01_Story_Burgund_7-1536x1024.jpg 1536w, https:\/\/www.martel.ch\/cms\/wp-content\/uploads\/2022\/12\/2023_01_Story_Burgund_7-1370x914.jpg 1370w, https:\/\/www.martel.ch\/cms\/wp-content\/uploads\/2022\/12\/2023_01_Story_Burgund_7-910x607.jpg 910w, https:\/\/www.martel.ch\/cms\/wp-content\/uploads\/2022\/12\/2023_01_Story_Burgund_7-332x221.jpg 332w, https:\/\/www.martel.ch\/cms\/wp-content\/uploads\/2022\/12\/2023_01_Story_Burgund_7-290x193.jpg 290w, https:\/\/www.martel.ch\/cms\/wp-content\/uploads\/2022\/12\/2023_01_Story_Burgund_7-446x297.jpg 446w, https:\/\/www.martel.ch\/cms\/wp-content\/uploads\/2022\/12\/2023_01_Story_Burgund_7-679x453.jpg 679w, https:\/\/www.martel.ch\/cms\/wp-content\/uploads\/2022\/12\/2023_01_Story_Burgund_7-554x369.jpg 554w, https:\/\/www.martel.ch\/cms\/wp-content\/uploads\/2022\/12\/2023_01_Story_Burgund_7-330x220.jpg 330w, https:\/\/www.martel.ch\/cms\/wp-content\/uploads\/2022\/12\/2023_01_Story_Burgund_7-400x267.jpg 400w, https:\/\/www.martel.ch\/cms\/wp-content\/uploads\/2022\/12\/2023_01_Story_Burgund_7-500x333.jpg 500w, https:\/\/www.martel.ch\/cms\/wp-content\/uploads\/2022\/12\/2023_01_Story_Burgund_7-944x629.jpg 944w, https:\/\/www.martel.ch\/cms\/wp-content\/uploads\/2022\/12\/2023_01_Story_Burgund_7-359x239.jpg 359w, https:\/\/www.martel.ch\/cms\/wp-content\/uploads\/2022\/12\/2023_01_Story_Burgund_7-230x153.jpg 230w, https:\/\/www.martel.ch\/cms\/wp-content\/uploads\/2022\/12\/2023_01_Story_Burgund_7-680x453.jpg 680w, https:\/\/www.martel.ch\/cms\/wp-content\/uploads\/2022\/12\/2023_01_Story_Burgund_7-490x327.jpg 490w, https:\/\/www.martel.ch\/cms\/wp-content\/uploads\/2022\/12\/2023_01_Story_Burgund_7.jpg 1999w\" sizes=\"auto, (max-width: 854px) 100vw, 854px\" \/><\/figure>\n\n\n\n<h2 class=\"wp-block-heading\"><strong>Charakterwinzer machen Weine mit Charakter<\/strong><\/h2>\n\n\n\n<p>Nun fahren wir ins l\u00e4ndliche Burgund auf das Weingut von <strong>Jean-Louis Trapet <\/strong>in Gevrey-Chambertin. Jean-Louis ist ein humorvoller, gespr\u00e4chiger und anregender Mann. Diesen Esprit finden wir auch in seinen Weinen. Wir beginnen die Weinprobe mit seinem A Minima, einem trendigen Naturwein ohne Zusatz von Schwefel. Die Assemblage von Pinot Noir und Gamay zeigt viel Frische und ist charmant wie der Winzer selbst. <\/p>\n\n\n\n<p>Anschlie\u00dfend geht es weiter in den Keller. Jean-Louis Trapet begleitet die Reben w\u00e4hrend der Vegetationsphase eng, er bearbeitet den Boden pr\u00e4zise und setzt auf eine delikate, nie forcierte Weinbereitung. Das Resultat: Auch in schwierigen Hitzejahrg\u00e4ngen wie 2003 bleiben die Weine \u00fcberraschend frisch. Wir sind \u00fcberw\u00e4ltigt von den zarten Tanninen des Chambertin 2003. Der Bio-Pionier Jean-Louis Trapet arbeitet inzwischen mit seinen S\u00f6hnen zusammen. Louis und Pierre bringen ihre Ideen ein, zum Beispiel mit dem sogenannten High Canopy Management, was clevere Laubarbeit bedeutet. So k\u00f6nnen die Winzer in Zeiten der Klimaerw\u00e4rmung ihre Trauben vor zu viel Sonne sch\u00fctzen.<\/p>\n\n\n\n<div class=\"wp-block-buttons is-layout-flex wp-block-buttons-is-layout-flex\">\n<div class=\"wp-block-button\"><a class=\"wp-block-button__link wp-element-button\" href=\"https:\/\/www.martel.ch\/wein\/?filter=winzer,trapet\">Trapet<\/a><\/div>\n<\/div>\n\n\n\n<figure class=\"wp-block-image size-large\"><img loading=\"lazy\" decoding=\"async\" width=\"854\" height=\"569\" src=\"https:\/\/www.martel.ch\/cms\/wp-content\/uploads\/2022\/12\/2023_01_Story_Burgund_5-854x569.jpg\" alt=\"ean-Louis Trapet\" class=\"wp-image-16570\" srcset=\"https:\/\/www.martel.ch\/cms\/wp-content\/uploads\/2022\/12\/2023_01_Story_Burgund_5-854x569.jpg 854w, https:\/\/www.martel.ch\/cms\/wp-content\/uploads\/2022\/12\/2023_01_Story_Burgund_5-300x200.jpg 300w, https:\/\/www.martel.ch\/cms\/wp-content\/uploads\/2022\/12\/2023_01_Story_Burgund_5-768x512.jpg 768w, https:\/\/www.martel.ch\/cms\/wp-content\/uploads\/2022\/12\/2023_01_Story_Burgund_5-1536x1024.jpg 1536w, https:\/\/www.martel.ch\/cms\/wp-content\/uploads\/2022\/12\/2023_01_Story_Burgund_5-1370x914.jpg 1370w, https:\/\/www.martel.ch\/cms\/wp-content\/uploads\/2022\/12\/2023_01_Story_Burgund_5-910x607.jpg 910w, https:\/\/www.martel.ch\/cms\/wp-content\/uploads\/2022\/12\/2023_01_Story_Burgund_5-332x221.jpg 332w, https:\/\/www.martel.ch\/cms\/wp-content\/uploads\/2022\/12\/2023_01_Story_Burgund_5-290x193.jpg 290w, https:\/\/www.martel.ch\/cms\/wp-content\/uploads\/2022\/12\/2023_01_Story_Burgund_5-446x297.jpg 446w, https:\/\/www.martel.ch\/cms\/wp-content\/uploads\/2022\/12\/2023_01_Story_Burgund_5-679x453.jpg 679w, https:\/\/www.martel.ch\/cms\/wp-content\/uploads\/2022\/12\/2023_01_Story_Burgund_5-554x369.jpg 554w, https:\/\/www.martel.ch\/cms\/wp-content\/uploads\/2022\/12\/2023_01_Story_Burgund_5-330x220.jpg 330w, https:\/\/www.martel.ch\/cms\/wp-content\/uploads\/2022\/12\/2023_01_Story_Burgund_5-400x267.jpg 400w, https:\/\/www.martel.ch\/cms\/wp-content\/uploads\/2022\/12\/2023_01_Story_Burgund_5-500x333.jpg 500w, https:\/\/www.martel.ch\/cms\/wp-content\/uploads\/2022\/12\/2023_01_Story_Burgund_5-944x629.jpg 944w, https:\/\/www.martel.ch\/cms\/wp-content\/uploads\/2022\/12\/2023_01_Story_Burgund_5-359x239.jpg 359w, https:\/\/www.martel.ch\/cms\/wp-content\/uploads\/2022\/12\/2023_01_Story_Burgund_5-230x153.jpg 230w, https:\/\/www.martel.ch\/cms\/wp-content\/uploads\/2022\/12\/2023_01_Story_Burgund_5-680x453.jpg 680w, https:\/\/www.martel.ch\/cms\/wp-content\/uploads\/2022\/12\/2023_01_Story_Burgund_5-490x327.jpg 490w, https:\/\/www.martel.ch\/cms\/wp-content\/uploads\/2022\/12\/2023_01_Story_Burgund_5.jpg 1999w\" sizes=\"auto, (max-width: 854px) 100vw, 854px\" \/><\/figure>\n\n\n\n<p>Auch auf der Domaine <strong>Lejeune<\/strong> machen wir die Erfahrung, dass nachhaltig hergestellte Weine wunderbare Aromen entwickeln und mit Frische und spannenden Tanninen aufwarten. Das Weingut ist in Umstellung auf biologische Landwirtschaft und setzt auf Ganztraubenpressung mit Stielen im offenen Holzfass.<\/p>\n\n\n\n<div class=\"wp-block-buttons is-layout-flex wp-block-buttons-is-layout-flex\">\n<div class=\"wp-block-button\"><a class=\"wp-block-button__link wp-element-button\" href=\"\/wein\/?filter=winzer,lejeune\">Lejeune<\/a><\/div>\n<\/div>\n\n\n\n<h2 class=\"wp-block-heading\"><strong>Familien pr\u00e4gen den Wein&nbsp;<\/strong><\/h2>\n\n\n\n<p>Das Weingut von <strong>Justin Girardin<\/strong> wiederum schaut aus wie ein einfacher Bauernhof. Seit 13 Generationen leben und arbeiten die Girardins hier. Lange wurde hier gemischte Landwirtschaft betrieben. Die letzten drei Genererationen der Familie setzten voll auf Wein. Justin ist erst knapp \u00fcber 30 Jahre alt und f\u00fchrt den Betrieb, die Eltern arbeiten noch mit. Rund um Santenay und in Chassagne produzieren die Girardins Rotwein (70%) und Weisswein (30%). Biologisch, allerdings nicht zertifiziert. Die Atmosph\u00e4re auf dem Familienbetrieb wirkt eingespielt und harmonisch. Kein Wunder, zeigen sich die Weine in diesem Umfeld durchs Band zug\u00e4nglich, sauber und klar.<\/p>\n\n\n\n<div class=\"wp-block-buttons is-layout-flex wp-block-buttons-is-layout-flex\">\n<div class=\"wp-block-button\"><a class=\"wp-block-button__link wp-element-button\" href=\"https:\/\/www.martel.ch\/wein\/?filter=winzer,girardin\">Girardin<\/a><\/div>\n<\/div>\n\n\n\n<figure class=\"wp-block-image size-large\"><img loading=\"lazy\" decoding=\"async\" width=\"854\" height=\"569\" src=\"https:\/\/www.martel.ch\/cms\/wp-content\/uploads\/2022\/12\/2023_01_Story_Burgund_2-854x569.jpg\" alt=\"Justin Girardin\" class=\"wp-image-16561\" srcset=\"https:\/\/www.martel.ch\/cms\/wp-content\/uploads\/2022\/12\/2023_01_Story_Burgund_2-854x569.jpg 854w, https:\/\/www.martel.ch\/cms\/wp-content\/uploads\/2022\/12\/2023_01_Story_Burgund_2-300x200.jpg 300w, https:\/\/www.martel.ch\/cms\/wp-content\/uploads\/2022\/12\/2023_01_Story_Burgund_2-768x512.jpg 768w, https:\/\/www.martel.ch\/cms\/wp-content\/uploads\/2022\/12\/2023_01_Story_Burgund_2-1536x1024.jpg 1536w, https:\/\/www.martel.ch\/cms\/wp-content\/uploads\/2022\/12\/2023_01_Story_Burgund_2-1370x914.jpg 1370w, https:\/\/www.martel.ch\/cms\/wp-content\/uploads\/2022\/12\/2023_01_Story_Burgund_2-910x607.jpg 910w, https:\/\/www.martel.ch\/cms\/wp-content\/uploads\/2022\/12\/2023_01_Story_Burgund_2-332x221.jpg 332w, https:\/\/www.martel.ch\/cms\/wp-content\/uploads\/2022\/12\/2023_01_Story_Burgund_2-290x193.jpg 290w, https:\/\/www.martel.ch\/cms\/wp-content\/uploads\/2022\/12\/2023_01_Story_Burgund_2-446x297.jpg 446w, https:\/\/www.martel.ch\/cms\/wp-content\/uploads\/2022\/12\/2023_01_Story_Burgund_2-679x453.jpg 679w, https:\/\/www.martel.ch\/cms\/wp-content\/uploads\/2022\/12\/2023_01_Story_Burgund_2-554x369.jpg 554w, https:\/\/www.martel.ch\/cms\/wp-content\/uploads\/2022\/12\/2023_01_Story_Burgund_2-330x220.jpg 330w, https:\/\/www.martel.ch\/cms\/wp-content\/uploads\/2022\/12\/2023_01_Story_Burgund_2-400x267.jpg 400w, https:\/\/www.martel.ch\/cms\/wp-content\/uploads\/2022\/12\/2023_01_Story_Burgund_2-500x333.jpg 500w, https:\/\/www.martel.ch\/cms\/wp-content\/uploads\/2022\/12\/2023_01_Story_Burgund_2-944x629.jpg 944w, https:\/\/www.martel.ch\/cms\/wp-content\/uploads\/2022\/12\/2023_01_Story_Burgund_2-359x239.jpg 359w, https:\/\/www.martel.ch\/cms\/wp-content\/uploads\/2022\/12\/2023_01_Story_Burgund_2-230x153.jpg 230w, https:\/\/www.martel.ch\/cms\/wp-content\/uploads\/2022\/12\/2023_01_Story_Burgund_2-680x453.jpg 680w, https:\/\/www.martel.ch\/cms\/wp-content\/uploads\/2022\/12\/2023_01_Story_Burgund_2-490x327.jpg 490w, https:\/\/www.martel.ch\/cms\/wp-content\/uploads\/2022\/12\/2023_01_Story_Burgund_2.jpg 1999w\" sizes=\"auto, (max-width: 854px) 100vw, 854px\" \/><\/figure>\n\n\n\n<h2 class=\"wp-block-heading\"><strong>Ein kleines Weigut mit typischen Weinen<\/strong><\/h2>\n\n\n\n<p>Auch auf der n\u00e4chsten Domaine, die wir besuchen, ist Wein Familiensache. Das kleine Weingut <strong>Truchetet <\/strong>in Premeaux-Prissey wird von Morgan Truchetet in 6. Generation gef\u00fchrt. Unterst\u00fctzt wird er dabei von seiner Schwester Julie und seiner Frau Pauline. Noch befindet sich der Keller in einer Art Garage. Schon bald ist der Umzug in einen grossen Keller geplant. Das Weingut verarbeitet Trauben von 5 ha eigenen Reben, von 2 ha kauft es Trauben zu. Pauline bringt seitens ihrer Familie noch Trauben von 6.5 ha ein, die sie separat keltert. Der Biobetrieb legt viel Wert auf die Pflege des Bodens. <\/p>\n\n\n\n<p>Alle drei Jahre werden neue Gr\u00e4ser und Pflanzen zwischen den Rebzeilen ges\u00e4t, die den Boden bel\u00fcften, jedoch nicht zu tiefe Wurzeln schlagen sollen. Wir f\u00fchlen uns wohl auf dem Weingut und die Weine gefallen uns sehr. Zum Beispiel der knackige, straffe und sehr typische Aligot\u00e9. Auch der Hautes C\u00f4te de Nuits blanc ist geradlinig, saftig und hat einen wundersch\u00f6nen, salzigen Abgang. Die Rotweine \u00fcberzeugen ebenso, vor allem der Bourgogne Rouge \u00abLes Chaillots Vieilles Vignes\u00bb von im Schnitt 60 Jahre alten Reben.<\/p>\n\n\n\n<div class=\"wp-block-buttons is-layout-flex wp-container-core-buttons-is-layout-c07eda73 wp-block-buttons-is-layout-flex\">\n<div class=\"wp-block-button\"><a class=\"wp-block-button__link wp-element-button\" href=\"https:\/\/www.martel.ch\/wein\/?filter=winzer,truchetet\">Truchetet<\/a><\/div>\n<\/div>\n\n\n\n<figure class=\"wp-block-image size-large\"><img loading=\"lazy\" decoding=\"async\" width=\"854\" height=\"569\" src=\"https:\/\/www.martel.ch\/cms\/wp-content\/uploads\/2022\/12\/2023_01_Story_Burgund_6-854x569.jpg\" alt=\"Morgan Truchetet\" class=\"wp-image-16573\" srcset=\"https:\/\/www.martel.ch\/cms\/wp-content\/uploads\/2022\/12\/2023_01_Story_Burgund_6-854x569.jpg 854w, https:\/\/www.martel.ch\/cms\/wp-content\/uploads\/2022\/12\/2023_01_Story_Burgund_6-300x200.jpg 300w, https:\/\/www.martel.ch\/cms\/wp-content\/uploads\/2022\/12\/2023_01_Story_Burgund_6-768x512.jpg 768w, https:\/\/www.martel.ch\/cms\/wp-content\/uploads\/2022\/12\/2023_01_Story_Burgund_6-1536x1024.jpg 1536w, https:\/\/www.martel.ch\/cms\/wp-content\/uploads\/2022\/12\/2023_01_Story_Burgund_6-1370x913.jpg 1370w, https:\/\/www.martel.ch\/cms\/wp-content\/uploads\/2022\/12\/2023_01_Story_Burgund_6-910x607.jpg 910w, https:\/\/www.martel.ch\/cms\/wp-content\/uploads\/2022\/12\/2023_01_Story_Burgund_6-332x221.jpg 332w, https:\/\/www.martel.ch\/cms\/wp-content\/uploads\/2022\/12\/2023_01_Story_Burgund_6-290x193.jpg 290w, https:\/\/www.martel.ch\/cms\/wp-content\/uploads\/2022\/12\/2023_01_Story_Burgund_6-446x297.jpg 446w, https:\/\/www.martel.ch\/cms\/wp-content\/uploads\/2022\/12\/2023_01_Story_Burgund_6-679x453.jpg 679w, https:\/\/www.martel.ch\/cms\/wp-content\/uploads\/2022\/12\/2023_01_Story_Burgund_6-554x369.jpg 554w, https:\/\/www.martel.ch\/cms\/wp-content\/uploads\/2022\/12\/2023_01_Story_Burgund_6-330x220.jpg 330w, https:\/\/www.martel.ch\/cms\/wp-content\/uploads\/2022\/12\/2023_01_Story_Burgund_6-400x267.jpg 400w, https:\/\/www.martel.ch\/cms\/wp-content\/uploads\/2022\/12\/2023_01_Story_Burgund_6-500x333.jpg 500w, https:\/\/www.martel.ch\/cms\/wp-content\/uploads\/2022\/12\/2023_01_Story_Burgund_6-944x629.jpg 944w, https:\/\/www.martel.ch\/cms\/wp-content\/uploads\/2022\/12\/2023_01_Story_Burgund_6-359x239.jpg 359w, https:\/\/www.martel.ch\/cms\/wp-content\/uploads\/2022\/12\/2023_01_Story_Burgund_6-230x153.jpg 230w, https:\/\/www.martel.ch\/cms\/wp-content\/uploads\/2022\/12\/2023_01_Story_Burgund_6-680x453.jpg 680w, https:\/\/www.martel.ch\/cms\/wp-content\/uploads\/2022\/12\/2023_01_Story_Burgund_6-490x327.jpg 490w, https:\/\/www.martel.ch\/cms\/wp-content\/uploads\/2022\/12\/2023_01_Story_Burgund_6.jpg 2000w\" sizes=\"auto, (max-width: 854px) 100vw, 854px\" \/><\/figure>\n\n\n\n<p><\/p>\n\n\n\n<h2 class=\"wp-block-heading\"><strong>Purheit und Perfektion<\/strong><\/h2>\n\n\n\n<p>Szenenwechsel. Die Kellerei <strong>Laurent Ponsot<\/strong> ist ein topmodernes Geb\u00e4ude am Rande einer Gewerbezone \u2013 mit Blick auf die Reben. In dieser blitzsauberen Hightech-Kellerei w\u00e4hnen wir uns im Keller eines Weinguts der Zukunft. Die Weine sind allerdings extrem klassisch und zeitlos. Ponsot verwendet nie Neuholz, das j\u00fcngste Fass im Keller ist zehn Jahre alt. Alles im Keller ist elektrisch und hochmodern. Man sieht f\u00f6rmlich, wie pr\u00e4zise hier gearbeitet wird. Diese Purheit springt auf den Wein \u00fcber. Alle Ponsot-Weine sind sehr elegant und durch das fehlende Neuholz extrem klar. Laurent Ponsot sagt uns: \u00abWir machen keinen technischen Wein, aber die Technologie hilft uns dabei, das Beste aus der Natur zu gewinnen.\u00bb Besonders auch: Laurent hat keine Angst vor zu hohen Alkoholwerten. Seine Weine bleiben auch bei 14.5 % Vol. Alkohol sehr ausgewogen. So sieht Laurent Ponsot auch dem Klimawandel gelassen entgegen. Er ist sich sicher, dass sich die Natur und die Reben anpassen werden.<\/p>\n\n\n\n<div class=\"wp-block-buttons is-layout-flex wp-block-buttons-is-layout-flex\">\n<div class=\"wp-block-button\"><a class=\"wp-block-button__link wp-element-button\" href=\"https:\/\/www.martel.ch\/wein\/?filter=winzer,laurent-ponsot\">Ponsot<\/a><\/div>\n<\/div>\n\n\n\n<figure class=\"wp-block-image size-large\"><img loading=\"lazy\" decoding=\"async\" width=\"854\" height=\"569\" src=\"https:\/\/www.martel.ch\/cms\/wp-content\/uploads\/2022\/12\/2023_01_Story_Burgund_4-854x569.jpg\" alt=\"Laurent Ponsot\" class=\"wp-image-16567\" srcset=\"https:\/\/www.martel.ch\/cms\/wp-content\/uploads\/2022\/12\/2023_01_Story_Burgund_4-854x569.jpg 854w, https:\/\/www.martel.ch\/cms\/wp-content\/uploads\/2022\/12\/2023_01_Story_Burgund_4-300x200.jpg 300w, https:\/\/www.martel.ch\/cms\/wp-content\/uploads\/2022\/12\/2023_01_Story_Burgund_4-768x512.jpg 768w, https:\/\/www.martel.ch\/cms\/wp-content\/uploads\/2022\/12\/2023_01_Story_Burgund_4-1536x1024.jpg 1536w, https:\/\/www.martel.ch\/cms\/wp-content\/uploads\/2022\/12\/2023_01_Story_Burgund_4-1370x914.jpg 1370w, https:\/\/www.martel.ch\/cms\/wp-content\/uploads\/2022\/12\/2023_01_Story_Burgund_4-910x607.jpg 910w, https:\/\/www.martel.ch\/cms\/wp-content\/uploads\/2022\/12\/2023_01_Story_Burgund_4-332x221.jpg 332w, https:\/\/www.martel.ch\/cms\/wp-content\/uploads\/2022\/12\/2023_01_Story_Burgund_4-290x193.jpg 290w, https:\/\/www.martel.ch\/cms\/wp-content\/uploads\/2022\/12\/2023_01_Story_Burgund_4-446x297.jpg 446w, https:\/\/www.martel.ch\/cms\/wp-content\/uploads\/2022\/12\/2023_01_Story_Burgund_4-679x453.jpg 679w, https:\/\/www.martel.ch\/cms\/wp-content\/uploads\/2022\/12\/2023_01_Story_Burgund_4-554x369.jpg 554w, https:\/\/www.martel.ch\/cms\/wp-content\/uploads\/2022\/12\/2023_01_Story_Burgund_4-330x220.jpg 330w, https:\/\/www.martel.ch\/cms\/wp-content\/uploads\/2022\/12\/2023_01_Story_Burgund_4-400x267.jpg 400w, https:\/\/www.martel.ch\/cms\/wp-content\/uploads\/2022\/12\/2023_01_Story_Burgund_4-500x333.jpg 500w, https:\/\/www.martel.ch\/cms\/wp-content\/uploads\/2022\/12\/2023_01_Story_Burgund_4-944x629.jpg 944w, https:\/\/www.martel.ch\/cms\/wp-content\/uploads\/2022\/12\/2023_01_Story_Burgund_4-359x239.jpg 359w, https:\/\/www.martel.ch\/cms\/wp-content\/uploads\/2022\/12\/2023_01_Story_Burgund_4-230x153.jpg 230w, https:\/\/www.martel.ch\/cms\/wp-content\/uploads\/2022\/12\/2023_01_Story_Burgund_4-680x453.jpg 680w, https:\/\/www.martel.ch\/cms\/wp-content\/uploads\/2022\/12\/2023_01_Story_Burgund_4-490x327.jpg 490w, https:\/\/www.martel.ch\/cms\/wp-content\/uploads\/2022\/12\/2023_01_Story_Burgund_4.jpg 1999w\" sizes=\"auto, (max-width: 854px) 100vw, 854px\" \/><\/figure>\n\n\n\n<h2 class=\"wp-block-heading\"><strong>Weine mit ganz viel Stil<\/strong><\/h2>\n\n\n\n<p>Seit 1717 befindet sich die <strong>Domaine Leflaive<\/strong> gleich am Dorfplatz von Puligny-Montrachet. Das Weingut ist sorgf\u00e4ltig renoviert. Sehr geschmackvoll, ohne Angeberei. Faszinierend, dass sich auch die Weine so zeigen. Gradlinig, elegant, filigran. Wir sind beeindruckt. Leflaive geh\u00f6rt zu den ganz grossen Weinnamen und ist weltber\u00fchmt f\u00fcr seine Chardonnays. Das Weingut arbeitet schon lange biodynamisch und keltert Mini-Lagen separat. Der Gutsleiter Brice de la Morandi\u00e8re f\u00fchrt uns pers\u00f6nlich durch die Domaine. Wir verkosten vor allem den Jahrgang 2020 und sind hin und weg von diesen stilvollen Weinen. Besonders auch von den Chardonnays, die das Weingut aus eigenen Reben im M\u00e2connnais keltert. Der \u00abM\u00e2con-Ig\u00e9\u00bb zum Beispiel ist eine echte Entdeckung und eignet sich als perfekter Einstieg in die Leflaive-Welt.<\/p>\n\n\n\n<div class=\"wp-block-buttons is-layout-flex wp-block-buttons-is-layout-flex\">\n<div class=\"wp-block-button\"><a class=\"wp-block-button__link wp-element-button\" href=\"https:\/\/www.martel.ch\/wein\/?filter=winzer,domaines-leflaive\">Domaines Leflaive<\/a><\/div>\n<\/div>\n\n\n\n<figure class=\"wp-block-image size-large\"><img loading=\"lazy\" decoding=\"async\" width=\"854\" height=\"569\" src=\"https:\/\/www.martel.ch\/cms\/wp-content\/uploads\/2022\/12\/2023_01_Story_Burgund_8-854x569.jpg\" alt=\"Domaine Leflaive\" class=\"wp-image-16579\" srcset=\"https:\/\/www.martel.ch\/cms\/wp-content\/uploads\/2022\/12\/2023_01_Story_Burgund_8-854x569.jpg 854w, https:\/\/www.martel.ch\/cms\/wp-content\/uploads\/2022\/12\/2023_01_Story_Burgund_8-300x200.jpg 300w, https:\/\/www.martel.ch\/cms\/wp-content\/uploads\/2022\/12\/2023_01_Story_Burgund_8-768x512.jpg 768w, https:\/\/www.martel.ch\/cms\/wp-content\/uploads\/2022\/12\/2023_01_Story_Burgund_8-1536x1024.jpg 1536w, https:\/\/www.martel.ch\/cms\/wp-content\/uploads\/2022\/12\/2023_01_Story_Burgund_8-1370x914.jpg 1370w, https:\/\/www.martel.ch\/cms\/wp-content\/uploads\/2022\/12\/2023_01_Story_Burgund_8-910x607.jpg 910w, https:\/\/www.martel.ch\/cms\/wp-content\/uploads\/2022\/12\/2023_01_Story_Burgund_8-332x221.jpg 332w, https:\/\/www.martel.ch\/cms\/wp-content\/uploads\/2022\/12\/2023_01_Story_Burgund_8-290x193.jpg 290w, https:\/\/www.martel.ch\/cms\/wp-content\/uploads\/2022\/12\/2023_01_Story_Burgund_8-446x297.jpg 446w, https:\/\/www.martel.ch\/cms\/wp-content\/uploads\/2022\/12\/2023_01_Story_Burgund_8-679x453.jpg 679w, https:\/\/www.martel.ch\/cms\/wp-content\/uploads\/2022\/12\/2023_01_Story_Burgund_8-554x369.jpg 554w, https:\/\/www.martel.ch\/cms\/wp-content\/uploads\/2022\/12\/2023_01_Story_Burgund_8-330x220.jpg 330w, https:\/\/www.martel.ch\/cms\/wp-content\/uploads\/2022\/12\/2023_01_Story_Burgund_8-400x267.jpg 400w, https:\/\/www.martel.ch\/cms\/wp-content\/uploads\/2022\/12\/2023_01_Story_Burgund_8-500x333.jpg 500w, https:\/\/www.martel.ch\/cms\/wp-content\/uploads\/2022\/12\/2023_01_Story_Burgund_8-944x629.jpg 944w, https:\/\/www.martel.ch\/cms\/wp-content\/uploads\/2022\/12\/2023_01_Story_Burgund_8-359x239.jpg 359w, https:\/\/www.martel.ch\/cms\/wp-content\/uploads\/2022\/12\/2023_01_Story_Burgund_8-230x153.jpg 230w, https:\/\/www.martel.ch\/cms\/wp-content\/uploads\/2022\/12\/2023_01_Story_Burgund_8-680x453.jpg 680w, https:\/\/www.martel.ch\/cms\/wp-content\/uploads\/2022\/12\/2023_01_Story_Burgund_8-490x327.jpg 490w, https:\/\/www.martel.ch\/cms\/wp-content\/uploads\/2022\/12\/2023_01_Story_Burgund_8.jpg 1999w\" sizes=\"auto, (max-width: 854px) 100vw, 854px\" \/><\/figure>\n\n\n\n<p>Mit diesem letzten H\u00f6hepunkt geht unsere Burgundreise zu Ende. Wir haben viel gesehen, probiert, gelernt und wir staunten, wie stark sich hier die Winzerinnen und Winzer und ihre Weing\u00fcter unterscheiden. <strong>Und ich glaube am Schluss der Reise nun tats\u00e4chlich ein wenig daran, dass sich die Winzer-Pers\u00f6nlichkeit und das Ambiente einer Domaine auf den Wein auswirken k\u00f6nnen. Voil\u00e0!<\/strong><\/p>\n","protected":false},"excerpt":{"rendered":"","protected":false},"author":50,"featured_media":16558,"comment_status":"closed","ping_status":"closed","sticky":false,"template":"","format":"standard","meta":{"_acf_changed":false,"inline_featured_image":false,"footnotes":""},"categories":[56],"tags":[],"coauthors":[522],"class_list":["post-16588","post","type-post","status-publish","format-standard","has-post-thumbnail","hentry","category-unterwegs-im-rebberg"],"acf":{"inhaltselemente":null},"yoast_head":"<!-- This site is optimized with the Yoast SEO plugin v27.5 - https:\/\/yoast.com\/product\/yoast-seo-wordpress\/ -->\n<title>Sieht man dem Weingut an, wie der Wein schmeckt?<\/title>\n<meta name=\"description\" content=\"Unterwegs im Burgund. Wir haben viel gesehen, probiert, gelernt und wir staunten, wie stark sich hier Weingut von Weingut unterscheidet.\" \/>\n<meta name=\"robots\" content=\"index, follow, max-snippet:-1, max-image-preview:large, max-video-preview:-1\" \/>\n<link rel=\"canonical\" href=\"https:\/\/www.martel.ch\/cms\/weinwissen\/weinmagazin\/unterwegs-im-rebberg\/sieht-man-dem-weingut-an-wie-der-wein-schmeckt\/\" \/>\n<meta property=\"og:locale\" content=\"de_DE\" \/>\n<meta property=\"og:type\" content=\"article\" \/>\n<meta property=\"og:title\" content=\"Sieht man dem Weingut an, wie der Wein schmeckt?\" \/>\n<meta property=\"og:description\" content=\"Unterwegs im Burgund. Wir haben viel gesehen, probiert, gelernt und wir staunten, wie stark sich hier Weingut von Weingut unterscheidet.\" \/>\n<meta property=\"og:url\" content=\"https:\/\/www.martel.ch\/cms\/weinwissen\/weinmagazin\/unterwegs-im-rebberg\/sieht-man-dem-weingut-an-wie-der-wein-schmeckt\/\" \/>\n<meta property=\"og:site_name\" content=\"Martel\" \/>\n<meta property=\"article:publisher\" content=\"https:\/\/www.facebook.com\/pages\/Martel-AG-St-Gallen\/233396026691876\" \/>\n<meta property=\"article:published_time\" content=\"2023-01-09T08:09:23+00:00\" \/>\n<meta property=\"article:modified_time\" content=\"2023-01-24T07:14:07+00:00\" \/>\n<meta property=\"og:image\" content=\"https:\/\/www.martel.ch\/cms\/wp-content\/uploads\/2022\/12\/2023_01_Story_Burgund_1-854x569.jpg\" \/>\n\t<meta property=\"og:image:width\" content=\"854\" \/>\n\t<meta property=\"og:image:height\" content=\"569\" \/>\n\t<meta property=\"og:image:type\" content=\"image\/jpeg\" \/>\n<meta name=\"author\" content=\"Marion Le Cras\" \/>\n<meta name=\"twitter:card\" content=\"summary_large_image\" \/>\n<meta name=\"twitter:creator\" content=\"@martel_weinwelt\" \/>\n<meta name=\"twitter:site\" content=\"@martel_weinwelt\" \/>\n<meta name=\"twitter:label1\" content=\"Geschrieben von\" \/>\n\t<meta name=\"twitter:data1\" content=\"Marion Le Cras\" \/>\n\t<meta name=\"twitter:label2\" content=\"Gesch\u00e4tzte Lesezeit\" \/>\n\t<meta name=\"twitter:data2\" content=\"6\u00a0Minuten\" \/>\n\t<meta name=\"twitter:label3\" content=\"Written by\" \/>\n\t<meta name=\"twitter:data3\" content=\"Marion Le Cras\" \/>\n<script type=\"application\/ld+json\" class=\"yoast-schema-graph\">{\"@context\":\"https:\\\/\\\/schema.org\",\"@graph\":[{\"@type\":\"Article\",\"@id\":\"https:\\\/\\\/www.martel.ch\\\/cms\\\/weinwissen\\\/weinmagazin\\\/unterwegs-im-rebberg\\\/sieht-man-dem-weingut-an-wie-der-wein-schmeckt\\\/#article\",\"isPartOf\":{\"@id\":\"https:\\\/\\\/www.martel.ch\\\/cms\\\/weinwissen\\\/weinmagazin\\\/unterwegs-im-rebberg\\\/sieht-man-dem-weingut-an-wie-der-wein-schmeckt\\\/\"},\"author\":{\"name\":\"Marion Le Cras\",\"@id\":\"https:\\\/\\\/www.martel.ch\\\/cms\\\/#\\\/schema\\\/person\\\/069c454cc517ebd29520231edc45a0be\"},\"headline\":\"Sieht man dem Weingut an, wie der Wein schmeckt?\",\"datePublished\":\"2023-01-09T08:09:23+00:00\",\"dateModified\":\"2023-01-24T07:14:07+00:00\",\"mainEntityOfPage\":{\"@id\":\"https:\\\/\\\/www.martel.ch\\\/cms\\\/weinwissen\\\/weinmagazin\\\/unterwegs-im-rebberg\\\/sieht-man-dem-weingut-an-wie-der-wein-schmeckt\\\/\"},\"wordCount\":1598,\"publisher\":{\"@id\":\"https:\\\/\\\/www.martel.ch\\\/cms\\\/#organization\"},\"image\":{\"@id\":\"https:\\\/\\\/www.martel.ch\\\/cms\\\/weinwissen\\\/weinmagazin\\\/unterwegs-im-rebberg\\\/sieht-man-dem-weingut-an-wie-der-wein-schmeckt\\\/#primaryimage\"},\"thumbnailUrl\":\"https:\\\/\\\/www.martel.ch\\\/cms\\\/wp-content\\\/uploads\\\/2022\\\/12\\\/2023_01_Story_Burgund_1.jpg\",\"articleSection\":[\"Unterwegs im Rebberg\"],\"inLanguage\":\"de-CH\"},{\"@type\":\"WebPage\",\"@id\":\"https:\\\/\\\/www.martel.ch\\\/cms\\\/weinwissen\\\/weinmagazin\\\/unterwegs-im-rebberg\\\/sieht-man-dem-weingut-an-wie-der-wein-schmeckt\\\/\",\"url\":\"https:\\\/\\\/www.martel.ch\\\/cms\\\/weinwissen\\\/weinmagazin\\\/unterwegs-im-rebberg\\\/sieht-man-dem-weingut-an-wie-der-wein-schmeckt\\\/\",\"name\":\"Sieht man dem Weingut an, wie der Wein schmeckt?\",\"isPartOf\":{\"@id\":\"https:\\\/\\\/www.martel.ch\\\/cms\\\/#website\"},\"primaryImageOfPage\":{\"@id\":\"https:\\\/\\\/www.martel.ch\\\/cms\\\/weinwissen\\\/weinmagazin\\\/unterwegs-im-rebberg\\\/sieht-man-dem-weingut-an-wie-der-wein-schmeckt\\\/#primaryimage\"},\"image\":{\"@id\":\"https:\\\/\\\/www.martel.ch\\\/cms\\\/weinwissen\\\/weinmagazin\\\/unterwegs-im-rebberg\\\/sieht-man-dem-weingut-an-wie-der-wein-schmeckt\\\/#primaryimage\"},\"thumbnailUrl\":\"https:\\\/\\\/www.martel.ch\\\/cms\\\/wp-content\\\/uploads\\\/2022\\\/12\\\/2023_01_Story_Burgund_1.jpg\",\"datePublished\":\"2023-01-09T08:09:23+00:00\",\"dateModified\":\"2023-01-24T07:14:07+00:00\",\"description\":\"Unterwegs im Burgund. Wir haben viel gesehen, probiert, gelernt und wir staunten, wie stark sich hier Weingut von Weingut unterscheidet.\",\"breadcrumb\":{\"@id\":\"https:\\\/\\\/www.martel.ch\\\/cms\\\/weinwissen\\\/weinmagazin\\\/unterwegs-im-rebberg\\\/sieht-man-dem-weingut-an-wie-der-wein-schmeckt\\\/#breadcrumb\"},\"inLanguage\":\"de-CH\",\"potentialAction\":[{\"@type\":\"ReadAction\",\"target\":[\"https:\\\/\\\/www.martel.ch\\\/cms\\\/weinwissen\\\/weinmagazin\\\/unterwegs-im-rebberg\\\/sieht-man-dem-weingut-an-wie-der-wein-schmeckt\\\/\"]}]},{\"@type\":\"ImageObject\",\"inLanguage\":\"de-CH\",\"@id\":\"https:\\\/\\\/www.martel.ch\\\/cms\\\/weinwissen\\\/weinmagazin\\\/unterwegs-im-rebberg\\\/sieht-man-dem-weingut-an-wie-der-wein-schmeckt\\\/#primaryimage\",\"url\":\"https:\\\/\\\/www.martel.ch\\\/cms\\\/wp-content\\\/uploads\\\/2022\\\/12\\\/2023_01_Story_Burgund_1.jpg\",\"contentUrl\":\"https:\\\/\\\/www.martel.ch\\\/cms\\\/wp-content\\\/uploads\\\/2022\\\/12\\\/2023_01_Story_Burgund_1.jpg\",\"width\":1999,\"height\":1333,\"caption\":\"Weingut\"},{\"@type\":\"BreadcrumbList\",\"@id\":\"https:\\\/\\\/www.martel.ch\\\/cms\\\/weinwissen\\\/weinmagazin\\\/unterwegs-im-rebberg\\\/sieht-man-dem-weingut-an-wie-der-wein-schmeckt\\\/#breadcrumb\",\"itemListElement\":[{\"@type\":\"ListItem\",\"position\":1,\"name\":\"Startseite\",\"item\":\"https:\\\/\\\/www.martel.ch\\\/cms\\\/\"},{\"@type\":\"ListItem\",\"position\":2,\"name\":\"Sieht man dem Weingut an, wie der Wein schmeckt?\"}]},{\"@type\":\"WebSite\",\"@id\":\"https:\\\/\\\/www.martel.ch\\\/cms\\\/#website\",\"url\":\"https:\\\/\\\/www.martel.ch\\\/cms\\\/\",\"name\":\"Martel\",\"description\":\"F\u00fcr Weinbegeisterte und die, die es werden m\u00f6chten.\",\"publisher\":{\"@id\":\"https:\\\/\\\/www.martel.ch\\\/cms\\\/#organization\"},\"potentialAction\":[{\"@type\":\"SearchAction\",\"target\":{\"@type\":\"EntryPoint\",\"urlTemplate\":\"https:\\\/\\\/www.martel.ch\\\/cms\\\/?s={search_term_string}\"},\"query-input\":{\"@type\":\"PropertyValueSpecification\",\"valueRequired\":true,\"valueName\":\"search_term_string\"}}],\"inLanguage\":\"de-CH\"},{\"@type\":\"Organization\",\"@id\":\"https:\\\/\\\/www.martel.ch\\\/cms\\\/#organization\",\"name\":\"Martel AG St.Gallen\",\"url\":\"https:\\\/\\\/www.martel.ch\\\/cms\\\/\",\"logo\":{\"@type\":\"ImageObject\",\"inLanguage\":\"de-CH\",\"@id\":\"https:\\\/\\\/www.martel.ch\\\/cms\\\/#\\\/schema\\\/logo\\\/image\\\/\",\"url\":\"https:\\\/\\\/www.martel.ch\\\/cms\\\/wp-content\\\/uploads\\\/2019\\\/02\\\/martel-logo.png\",\"contentUrl\":\"https:\\\/\\\/www.martel.ch\\\/cms\\\/wp-content\\\/uploads\\\/2019\\\/02\\\/martel-logo.png\",\"width\":600,\"height\":600,\"caption\":\"Martel AG St.Gallen\"},\"image\":{\"@id\":\"https:\\\/\\\/www.martel.ch\\\/cms\\\/#\\\/schema\\\/logo\\\/image\\\/\"},\"sameAs\":[\"https:\\\/\\\/www.facebook.com\\\/pages\\\/Martel-AG-St-Gallen\\\/233396026691876\",\"https:\\\/\\\/x.com\\\/martel_weinwelt\",\"https:\\\/\\\/www.instagram.com\\\/martel_weinwelt\\\/\",\"https:\\\/\\\/www.linkedin.com\\\/company\\\/martel-ag-st-gallen\",\"https:\\\/\\\/www.pinterest.ch\\\/martel_weinwelt\"]},{\"@type\":\"Person\",\"@id\":\"https:\\\/\\\/www.martel.ch\\\/cms\\\/#\\\/schema\\\/person\\\/069c454cc517ebd29520231edc45a0be\",\"name\":\"Marion Le Cras\",\"image\":{\"@type\":\"ImageObject\",\"inLanguage\":\"de-CH\",\"@id\":\"https:\\\/\\\/secure.gravatar.com\\\/avatar\\\/32f43465645b03a7e50566f0f225c1e0e7d0d0e6b58a54c8ecdcb6f47c285276?s=96&d=mm&r=gdc85fdeda40bc69daa2e6f197401fc9d\",\"url\":\"https:\\\/\\\/secure.gravatar.com\\\/avatar\\\/32f43465645b03a7e50566f0f225c1e0e7d0d0e6b58a54c8ecdcb6f47c285276?s=96&d=mm&r=g\",\"contentUrl\":\"https:\\\/\\\/secure.gravatar.com\\\/avatar\\\/32f43465645b03a7e50566f0f225c1e0e7d0d0e6b58a54c8ecdcb6f47c285276?s=96&d=mm&r=g\",\"caption\":\"Marion Le Cras\"}}]}<\/script>\n<!-- \/ Yoast SEO plugin. -->","yoast_head_json":{"title":"Sieht man dem Weingut an, wie der Wein schmeckt?","description":"Unterwegs im Burgund. Wir haben viel gesehen, probiert, gelernt und wir staunten, wie stark sich hier Weingut von Weingut unterscheidet.","robots":{"index":"index","follow":"follow","max-snippet":"max-snippet:-1","max-image-preview":"max-image-preview:large","max-video-preview":"max-video-preview:-1"},"canonical":"https:\/\/www.martel.ch\/cms\/weinwissen\/weinmagazin\/unterwegs-im-rebberg\/sieht-man-dem-weingut-an-wie-der-wein-schmeckt\/","og_locale":"de_DE","og_type":"article","og_title":"Sieht man dem Weingut an, wie der Wein schmeckt?","og_description":"Unterwegs im Burgund. Wir haben viel gesehen, probiert, gelernt und wir staunten, wie stark sich hier Weingut von Weingut unterscheidet.","og_url":"https:\/\/www.martel.ch\/cms\/weinwissen\/weinmagazin\/unterwegs-im-rebberg\/sieht-man-dem-weingut-an-wie-der-wein-schmeckt\/","og_site_name":"Martel","article_publisher":"https:\/\/www.facebook.com\/pages\/Martel-AG-St-Gallen\/233396026691876","article_published_time":"2023-01-09T08:09:23+00:00","article_modified_time":"2023-01-24T07:14:07+00:00","og_image":[{"width":854,"height":569,"url":"https:\/\/www.martel.ch\/cms\/wp-content\/uploads\/2022\/12\/2023_01_Story_Burgund_1-854x569.jpg","type":"image\/jpeg"}],"author":"Marion Le Cras","twitter_card":"summary_large_image","twitter_creator":"@martel_weinwelt","twitter_site":"@martel_weinwelt","twitter_misc":{"Geschrieben von":"Marion Le Cras","Gesch\u00e4tzte Lesezeit":"6\u00a0Minuten","Written by":"Marion Le Cras"},"schema":{"@context":"https:\/\/schema.org","@graph":[{"@type":"Article","@id":"https:\/\/www.martel.ch\/cms\/weinwissen\/weinmagazin\/unterwegs-im-rebberg\/sieht-man-dem-weingut-an-wie-der-wein-schmeckt\/#article","isPartOf":{"@id":"https:\/\/www.martel.ch\/cms\/weinwissen\/weinmagazin\/unterwegs-im-rebberg\/sieht-man-dem-weingut-an-wie-der-wein-schmeckt\/"},"author":{"name":"Marion Le Cras","@id":"https:\/\/www.martel.ch\/cms\/#\/schema\/person\/069c454cc517ebd29520231edc45a0be"},"headline":"Sieht man dem Weingut an, wie der Wein schmeckt?","datePublished":"2023-01-09T08:09:23+00:00","dateModified":"2023-01-24T07:14:07+00:00","mainEntityOfPage":{"@id":"https:\/\/www.martel.ch\/cms\/weinwissen\/weinmagazin\/unterwegs-im-rebberg\/sieht-man-dem-weingut-an-wie-der-wein-schmeckt\/"},"wordCount":1598,"publisher":{"@id":"https:\/\/www.martel.ch\/cms\/#organization"},"image":{"@id":"https:\/\/www.martel.ch\/cms\/weinwissen\/weinmagazin\/unterwegs-im-rebberg\/sieht-man-dem-weingut-an-wie-der-wein-schmeckt\/#primaryimage"},"thumbnailUrl":"https:\/\/www.martel.ch\/cms\/wp-content\/uploads\/2022\/12\/2023_01_Story_Burgund_1.jpg","articleSection":["Unterwegs im Rebberg"],"inLanguage":"de-CH"},{"@type":"WebPage","@id":"https:\/\/www.martel.ch\/cms\/weinwissen\/weinmagazin\/unterwegs-im-rebberg\/sieht-man-dem-weingut-an-wie-der-wein-schmeckt\/","url":"https:\/\/www.martel.ch\/cms\/weinwissen\/weinmagazin\/unterwegs-im-rebberg\/sieht-man-dem-weingut-an-wie-der-wein-schmeckt\/","name":"Sieht man dem Weingut an, wie der Wein schmeckt?","isPartOf":{"@id":"https:\/\/www.martel.ch\/cms\/#website"},"primaryImageOfPage":{"@id":"https:\/\/www.martel.ch\/cms\/weinwissen\/weinmagazin\/unterwegs-im-rebberg\/sieht-man-dem-weingut-an-wie-der-wein-schmeckt\/#primaryimage"},"image":{"@id":"https:\/\/www.martel.ch\/cms\/weinwissen\/weinmagazin\/unterwegs-im-rebberg\/sieht-man-dem-weingut-an-wie-der-wein-schmeckt\/#primaryimage"},"thumbnailUrl":"https:\/\/www.martel.ch\/cms\/wp-content\/uploads\/2022\/12\/2023_01_Story_Burgund_1.jpg","datePublished":"2023-01-09T08:09:23+00:00","dateModified":"2023-01-24T07:14:07+00:00","description":"Unterwegs im Burgund. Wir haben viel gesehen, probiert, gelernt und wir staunten, wie stark sich hier Weingut von Weingut unterscheidet.","breadcrumb":{"@id":"https:\/\/www.martel.ch\/cms\/weinwissen\/weinmagazin\/unterwegs-im-rebberg\/sieht-man-dem-weingut-an-wie-der-wein-schmeckt\/#breadcrumb"},"inLanguage":"de-CH","potentialAction":[{"@type":"ReadAction","target":["https:\/\/www.martel.ch\/cms\/weinwissen\/weinmagazin\/unterwegs-im-rebberg\/sieht-man-dem-weingut-an-wie-der-wein-schmeckt\/"]}]},{"@type":"ImageObject","inLanguage":"de-CH","@id":"https:\/\/www.martel.ch\/cms\/weinwissen\/weinmagazin\/unterwegs-im-rebberg\/sieht-man-dem-weingut-an-wie-der-wein-schmeckt\/#primaryimage","url":"https:\/\/www.martel.ch\/cms\/wp-content\/uploads\/2022\/12\/2023_01_Story_Burgund_1.jpg","contentUrl":"https:\/\/www.martel.ch\/cms\/wp-content\/uploads\/2022\/12\/2023_01_Story_Burgund_1.jpg","width":1999,"height":1333,"caption":"Weingut"},{"@type":"BreadcrumbList","@id":"https:\/\/www.martel.ch\/cms\/weinwissen\/weinmagazin\/unterwegs-im-rebberg\/sieht-man-dem-weingut-an-wie-der-wein-schmeckt\/#breadcrumb","itemListElement":[{"@type":"ListItem","position":1,"name":"Startseite","item":"https:\/\/www.martel.ch\/cms\/"},{"@type":"ListItem","position":2,"name":"Sieht man dem Weingut an, wie der Wein schmeckt?"}]},{"@type":"WebSite","@id":"https:\/\/www.martel.ch\/cms\/#website","url":"https:\/\/www.martel.ch\/cms\/","name":"Martel","description":"F\u00fcr Weinbegeisterte und die, die es werden m\u00f6chten.","publisher":{"@id":"https:\/\/www.martel.ch\/cms\/#organization"},"potentialAction":[{"@type":"SearchAction","target":{"@type":"EntryPoint","urlTemplate":"https:\/\/www.martel.ch\/cms\/?s={search_term_string}"},"query-input":{"@type":"PropertyValueSpecification","valueRequired":true,"valueName":"search_term_string"}}],"inLanguage":"de-CH"},{"@type":"Organization","@id":"https:\/\/www.martel.ch\/cms\/#organization","name":"Martel AG St.Gallen","url":"https:\/\/www.martel.ch\/cms\/","logo":{"@type":"ImageObject","inLanguage":"de-CH","@id":"https:\/\/www.martel.ch\/cms\/#\/schema\/logo\/image\/","url":"https:\/\/www.martel.ch\/cms\/wp-content\/uploads\/2019\/02\/martel-logo.png","contentUrl":"https:\/\/www.martel.ch\/cms\/wp-content\/uploads\/2019\/02\/martel-logo.png","width":600,"height":600,"caption":"Martel AG St.Gallen"},"image":{"@id":"https:\/\/www.martel.ch\/cms\/#\/schema\/logo\/image\/"},"sameAs":["https:\/\/www.facebook.com\/pages\/Martel-AG-St-Gallen\/233396026691876","https:\/\/x.com\/martel_weinwelt","https:\/\/www.instagram.com\/martel_weinwelt\/","https:\/\/www.linkedin.com\/company\/martel-ag-st-gallen","https:\/\/www.pinterest.ch\/martel_weinwelt"]},{"@type":"Person","@id":"https:\/\/www.martel.ch\/cms\/#\/schema\/person\/069c454cc517ebd29520231edc45a0be","name":"Marion Le Cras","image":{"@type":"ImageObject","inLanguage":"de-CH","@id":"https:\/\/secure.gravatar.com\/avatar\/32f43465645b03a7e50566f0f225c1e0e7d0d0e6b58a54c8ecdcb6f47c285276?s=96&d=mm&r=gdc85fdeda40bc69daa2e6f197401fc9d","url":"https:\/\/secure.gravatar.com\/avatar\/32f43465645b03a7e50566f0f225c1e0e7d0d0e6b58a54c8ecdcb6f47c285276?s=96&d=mm&r=g","contentUrl":"https:\/\/secure.gravatar.com\/avatar\/32f43465645b03a7e50566f0f225c1e0e7d0d0e6b58a54c8ecdcb6f47c285276?s=96&d=mm&r=g","caption":"Marion Le Cras"}}]}},"_links":{"self":[{"href":"https:\/\/www.martel.ch\/cms\/wp-json\/wp\/v2\/posts\/16588","targetHints":{"allow":["GET"]}}],"collection":[{"href":"https:\/\/www.martel.ch\/cms\/wp-json\/wp\/v2\/posts"}],"about":[{"href":"https:\/\/www.martel.ch\/cms\/wp-json\/wp\/v2\/types\/post"}],"author":[{"embeddable":true,"href":"https:\/\/www.martel.ch\/cms\/wp-json\/wp\/v2\/users\/50"}],"replies":[{"embeddable":true,"href":"https:\/\/www.martel.ch\/cms\/wp-json\/wp\/v2\/comments?post=16588"}],"version-history":[{"count":23,"href":"https:\/\/www.martel.ch\/cms\/wp-json\/wp\/v2\/posts\/16588\/revisions"}],"predecessor-version":[{"id":16821,"href":"https:\/\/www.martel.ch\/cms\/wp-json\/wp\/v2\/posts\/16588\/revisions\/16821"}],"wp:featuredmedia":[{"embeddable":true,"href":"https:\/\/www.martel.ch\/cms\/wp-json\/wp\/v2\/media\/16558"}],"wp:attachment":[{"href":"https:\/\/www.martel.ch\/cms\/wp-json\/wp\/v2\/media?parent=16588"}],"wp:term":[{"taxonomy":"category","embeddable":true,"href":"https:\/\/www.martel.ch\/cms\/wp-json\/wp\/v2\/categories?post=16588"},{"taxonomy":"post_tag","embeddable":true,"href":"https:\/\/www.martel.ch\/cms\/wp-json\/wp\/v2\/tags?post=16588"},{"taxonomy":"author","embeddable":true,"href":"https:\/\/www.martel.ch\/cms\/wp-json\/wp\/v2\/coauthors?post=16588"}],"curies":[{"name":"wp","href":"https:\/\/api.w.org\/{rel}","templated":true}]}}