{"id":1700,"date":"2020-06-18T15:18:38","date_gmt":"2020-06-18T13:18:38","guid":{"rendered":"\/cms\/?p=1700"},"modified":"2022-08-24T11:59:32","modified_gmt":"2022-08-24T09:59:32","slug":"jahrgangsbericht-bordeaux-2019","status":"publish","type":"post","link":"https:\/\/www.martel.ch\/cms\/weinwissen\/weinmagazin\/rueckblick\/jahrgangsbericht-bordeaux-2019\/","title":{"rendered":"Jahrgangsbericht Bordeaux 2019"},"content":{"rendered":"\n<p>Wir haben es geschafft: Trotz Corona-bedingter Einreisebeschr\u00e4nkungen konnten wir Anfang Juni nach Bordeaux reisen. Nicht wie \u00fcblich mit dem Flugzeug, sondern mit dem Auto. Die M\u00fchen haben sich aber dessen ungeachtet gelohnt. Wir sind von der <strong>Qualit\u00e4t des Jahrgangs 2019 schlicht begeistert<\/strong>. Auch wenn wir bereits mit recht grossen Erwartungen nach Bordeaux gereist sind, wurden diese sogar \u00fcbertroffen \u2013 umso mehr als sich die Preise \u00e4usserst positiv entwickelt haben.<\/p>\n\n\n\n<h2 class=\"wp-block-heading\">Preisentwicklung<\/h2>\n\n\n\n<p>Was bereits vor dem Start der Primeur-Kampagne gemunkelt wurde, ist eingetroffen: Gerade speziell bei den Cru Class\u00e9s sind die <strong>Preise gegen\u00fcber 2018 meist um 20% bis 35% gesunken.<\/strong> Eine solche Preissenkung ist bei einem so hervorragenden Jahrgang absolut aussergew\u00f6hnlich und l\u00e4sst die Weinherzen h\u00f6her schlagen.<\/p>\n\n\n\n<h2 class=\"wp-block-heading\">Rotweine<\/h2>\n\n\n\n<p>Bei den Grands Ch\u00e2teaux kann unisono von einem grossartigen Jahrgang gesprochen werden. Dies sowohl im M\u00e9doc als auch auf der rechten Seite der Gironde, im Libournais. Was besonders auff\u00e4llt, ist die Balance zwischen reiffruchtigen Aromen und einer belebenden Frische. Mit anderen Worten: Nicht wenige Weine besitzen k\u00fchlende Noten von Minze und Menthol.<\/p>\n\n\n\n<p>Die Weine der Grands Ch\u00e2teaux zeigen durchs Band eine hervorragende Gerbstoffqualit\u00e4t und keine Spur von Unreife oder Rustikalit\u00e4t. Bei den Petits Ch\u00e2teaux ist die Qualit\u00e4t etwas heterogener. Aber auch hier gibt es viele geniale Weine zu einem vern\u00fcnftigen Preis.<\/p>\n\n\n\n<p>Dar\u00fcber hinaus zeichnen sich viele Crus Class\u00e9s durch eine grosse Spannung und Tiefe aus und haben uns dementsprechend emotional ber\u00fchrt. Dazu geh\u00f6ren im M\u00e9doc sicherlich<\/p>\n\n\n\n<ul class=\"wp-block-list\"><li>Montrose in St. Est\u00e8phe<\/li><li>Mouton-Rothschild, Pichon Baron und Pontet-Canet in Pauillac<\/li><li>L\u00e9oville-Barton, L\u00e9oville-Poyferr\u00e9 und Gruaud-Larose in St. Julien<\/li><li>Margaux, Rauzan-S\u00e9gla und Brane-Cantenac in Margaux<\/li><\/ul>\n\n\n\n<p>Fast auf gleichem Niveau aber zu g\u00fcnstigeren Preisen k\u00f6nnen wir Clerc-Milon, Talbot und Malescot St. Exup\u00e9ry, La Lagune, Sociando-Mallet und Belle-Vue w\u00e4rmstens empfehlen.<\/p>\n\n\n\n<p>Etwas \u00fcberraschend war die hohe Qualit\u00e4t in den \u00abMerlot-lastigen\u00bb Appellationen St. Emilion und Pomerol. In den letzten Jahrg\u00e4ngen zeigten diese Weine h\u00e4ufig marmeladige, ja gar \u00fcberreife Aromen mit einer etwas erm\u00fcdenden Opulenz. 2019 hingegen wurden wir von ernsthafteren, klassischen Weinen mit st\u00fctzenden, gleichsam fast seidigen Gerbstoffen in den Bann gezogen, die aber ihre Herkunft nicht verbergen. So werden Sie in diesem Jahr mehrere zus\u00e4tzliche Angebote aus dem Libournais finden. Ganz toll degustiert haben wir<\/p>\n\n\n\n<ul class=\"wp-block-list\"><li>Canon, Canon-la-Gaffeli\u00e8re, la Mondotte, Quintus und Troplong-Mondot aus St.Emilion<\/li><li>Gazin und Beauregard aus Pomerol<\/li><\/ul>\n\n\n\n<p>In Pessac-L\u00e9ognan schliesslich hat uns bei den Rotweinen neben den ganz grossen Namen Haut-Brion und Mission-Haut-Brion vor allem Domaine de Chevalier begeistert.<\/p>\n\n\n\n<h2 class=\"wp-block-heading\">Weissweine<\/h2>\n\n\n\n<p>Nur selten sind im Bordeaux grosse Rotweinjahre auch sehr gute Weissweinjahre. Die Weissweine aus Pessac-L\u00e9ognan besitzen 2019 eine saftige, fein ziselierte S\u00e4ure, ein vielschichtiges, ausdrucksstarkes Aromenbild und gut integriertes Holz. Neben dem \u00e4usserst konstanten Domaine de Chevalier und dem raren Mission-Haut-Brion ist uns der Best-Buy Larrivet-Haut-Brion positiv aufgefallen.<\/p>\n\n\n\n<h2 class=\"wp-block-heading\">S\u00fcssweine<\/h2>\n\n\n\n<p>W\u00e4hrend im Vorfeld der Primeur-Kampagne \u00fcber mangelnde Botrytis bei den S\u00fcssweinen moniert wurde, erlebten wir mit Sauternes und Barsac demgegen\u00fcber eine weitere \u00dcberraschung. Dank mehr S\u00e4ure sind die Weine frisch und lebendig. Sie machen nach dem ersten Schluck richtig Lust auf mehr. Besonders aufgefallen ist uns, neben Doisy-V\u00e9drines, der grossartige Suduiraut, dem mit wohldosierter S\u00fcsse, toller Balance und einer beeindruckenden Spannung ein grosser Wurf gelungen ist.<\/p>\n\n\n\n<p>Zusammenfassend l\u00e4sst sich sagen, dass wir total begeistert sind und die Weine w\u00e4rmstens empfehlen k\u00f6nnen. Sie sind voller Energie und werden grosse Trinkfreude bereiten. Sant\u00e9.<\/p>\n\n\n\n<p><a class=\"link-buttonstyle\" href=\"https:\/\/www.martel.ch\/shop\/wein\/aktionen\/subskription-bordeaux-2019.html\" target=\"_blank\" rel=\"noopener noreferrer\">Zum Angebot<\/a><\/p>\n\n\n\n<figure class=\"wp-block-image alignnone size-full wp-image-1702\"><img loading=\"lazy\" decoding=\"async\" width=\"728\" height=\"485\" src=\"\/cms\/wp-content\/uploads\/2020\/06\/martel-unterwegs-bordeaux-3.jpg\" alt=\"Bordeaux 2019\" class=\"wp-image-1702\" srcset=\"https:\/\/www.martel.ch\/cms\/wp-content\/uploads\/2020\/06\/martel-unterwegs-bordeaux-3.jpg 728w, https:\/\/www.martel.ch\/cms\/wp-content\/uploads\/2020\/06\/martel-unterwegs-bordeaux-3-300x200.jpg 300w, https:\/\/www.martel.ch\/cms\/wp-content\/uploads\/2020\/06\/martel-unterwegs-bordeaux-3-332x221.jpg 332w, https:\/\/www.martel.ch\/cms\/wp-content\/uploads\/2020\/06\/martel-unterwegs-bordeaux-3-290x193.jpg 290w, https:\/\/www.martel.ch\/cms\/wp-content\/uploads\/2020\/06\/martel-unterwegs-bordeaux-3-446x297.jpg 446w, https:\/\/www.martel.ch\/cms\/wp-content\/uploads\/2020\/06\/martel-unterwegs-bordeaux-3-679x452.jpg 679w, https:\/\/www.martel.ch\/cms\/wp-content\/uploads\/2020\/06\/martel-unterwegs-bordeaux-3-554x369.jpg 554w, https:\/\/www.martel.ch\/cms\/wp-content\/uploads\/2020\/06\/martel-unterwegs-bordeaux-3-330x220.jpg 330w, https:\/\/www.martel.ch\/cms\/wp-content\/uploads\/2020\/06\/martel-unterwegs-bordeaux-3-400x266.jpg 400w, https:\/\/www.martel.ch\/cms\/wp-content\/uploads\/2020\/06\/martel-unterwegs-bordeaux-3-500x333.jpg 500w, https:\/\/www.martel.ch\/cms\/wp-content\/uploads\/2020\/06\/martel-unterwegs-bordeaux-3-359x239.jpg 359w, https:\/\/www.martel.ch\/cms\/wp-content\/uploads\/2020\/06\/martel-unterwegs-bordeaux-3-230x153.jpg 230w, https:\/\/www.martel.ch\/cms\/wp-content\/uploads\/2020\/06\/martel-unterwegs-bordeaux-3-680x453.jpg 680w, https:\/\/www.martel.ch\/cms\/wp-content\/uploads\/2020\/06\/martel-unterwegs-bordeaux-3-490x326.jpg 490w, https:\/\/www.martel.ch\/cms\/wp-content\/uploads\/2020\/06\/martel-unterwegs-bordeaux-3-370x246.jpg 370w\" sizes=\"auto, (max-width: 728px) 100vw, 728px\" \/><figcaption>Jan Martel und Philippe Gallusser beim Degustieren der Bordeaux Primeurs 2019<\/figcaption><\/figure>\n\n\n\n<figure class=\"wp-block-image\"><img loading=\"lazy\" decoding=\"async\" width=\"728\" height=\"485\" src=\"\/cms\/wp-content\/uploads\/2020\/06\/martel-unterwegs-bordeaux-1.jpg\" alt=\"Bordeaux 2019\" class=\"wp-image-1701\" srcset=\"https:\/\/www.martel.ch\/cms\/wp-content\/uploads\/2020\/06\/martel-unterwegs-bordeaux-1.jpg 728w, https:\/\/www.martel.ch\/cms\/wp-content\/uploads\/2020\/06\/martel-unterwegs-bordeaux-1-300x200.jpg 300w, https:\/\/www.martel.ch\/cms\/wp-content\/uploads\/2020\/06\/martel-unterwegs-bordeaux-1-332x221.jpg 332w, https:\/\/www.martel.ch\/cms\/wp-content\/uploads\/2020\/06\/martel-unterwegs-bordeaux-1-290x193.jpg 290w, https:\/\/www.martel.ch\/cms\/wp-content\/uploads\/2020\/06\/martel-unterwegs-bordeaux-1-446x297.jpg 446w, https:\/\/www.martel.ch\/cms\/wp-content\/uploads\/2020\/06\/martel-unterwegs-bordeaux-1-679x452.jpg 679w, https:\/\/www.martel.ch\/cms\/wp-content\/uploads\/2020\/06\/martel-unterwegs-bordeaux-1-554x369.jpg 554w, https:\/\/www.martel.ch\/cms\/wp-content\/uploads\/2020\/06\/martel-unterwegs-bordeaux-1-330x220.jpg 330w, https:\/\/www.martel.ch\/cms\/wp-content\/uploads\/2020\/06\/martel-unterwegs-bordeaux-1-400x266.jpg 400w, https:\/\/www.martel.ch\/cms\/wp-content\/uploads\/2020\/06\/martel-unterwegs-bordeaux-1-500x333.jpg 500w, https:\/\/www.martel.ch\/cms\/wp-content\/uploads\/2020\/06\/martel-unterwegs-bordeaux-1-359x239.jpg 359w, https:\/\/www.martel.ch\/cms\/wp-content\/uploads\/2020\/06\/martel-unterwegs-bordeaux-1-230x153.jpg 230w, https:\/\/www.martel.ch\/cms\/wp-content\/uploads\/2020\/06\/martel-unterwegs-bordeaux-1-680x453.jpg 680w, https:\/\/www.martel.ch\/cms\/wp-content\/uploads\/2020\/06\/martel-unterwegs-bordeaux-1-490x326.jpg 490w, https:\/\/www.martel.ch\/cms\/wp-content\/uploads\/2020\/06\/martel-unterwegs-bordeaux-1-370x246.jpg 370w\" sizes=\"auto, (max-width: 728px) 100vw, 728px\" \/><\/figure>\n\n\n\n<p><\/p>\n\n\n\n<div class=\"wp-block-buttons is-layout-flex wp-block-buttons-is-layout-flex\">\n<div class=\"wp-block-button\"><a class=\"wp-block-button__link\" href=\"https:\/\/www.martel.ch\/wein\/?filter=herkunft,frankreich~bordeaux\">Zu den Bordeaux-Weinen<\/a><\/div>\n<\/div>\n","protected":false},"excerpt":{"rendered":"","protected":false},"author":28,"featured_media":1703,"comment_status":"closed","ping_status":"closed","sticky":false,"template":"","format":"standard","meta":{"_acf_changed":false,"inline_featured_image":false,"footnotes":""},"categories":[449,431],"tags":[],"coauthors":[],"class_list":["post-1700","post","type-post","status-publish","format-standard","has-post-thumbnail","hentry","category-alle","category-rueckblick"],"acf":{"inhaltselemente":null},"yoast_head":"<!-- This site is optimized with the Yoast SEO plugin v27.5 - https:\/\/yoast.com\/product\/yoast-seo-wordpress\/ -->\n<title>Jahrgangsbericht Bordeaux 2019 | Martel Weine St.Gallen und Z\u00fcrich<\/title>\n<meta name=\"description\" content=\"Eben zur\u00fcck aus Bordeaux, sind wir von der Qualit\u00e4t des Jahrgangs 2019 schlicht begeistert. Unsere grossen Erwartungen wurden sogar \u00fcbertroffen.\" \/>\n<meta name=\"robots\" content=\"index, follow, max-snippet:-1, max-image-preview:large, max-video-preview:-1\" \/>\n<link rel=\"canonical\" href=\"https:\/\/www.martel.ch\/cms\/weinwissen\/weinmagazin\/rueckblick\/jahrgangsbericht-bordeaux-2019\/\" \/>\n<meta property=\"og:locale\" content=\"de_DE\" \/>\n<meta property=\"og:type\" content=\"article\" \/>\n<meta property=\"og:title\" content=\"Jahrgangsbericht Bordeaux 2019 | Martel Weine St.Gallen und Z\u00fcrich\" \/>\n<meta property=\"og:description\" content=\"Eben zur\u00fcck aus Bordeaux, sind wir von der Qualit\u00e4t des Jahrgangs 2019 schlicht begeistert. Unsere grossen Erwartungen wurden sogar \u00fcbertroffen.\" \/>\n<meta property=\"og:url\" content=\"https:\/\/www.martel.ch\/cms\/weinwissen\/weinmagazin\/rueckblick\/jahrgangsbericht-bordeaux-2019\/\" \/>\n<meta property=\"og:site_name\" content=\"Martel\" \/>\n<meta property=\"article:publisher\" content=\"https:\/\/www.facebook.com\/pages\/Martel-AG-St-Gallen\/233396026691876\" \/>\n<meta property=\"article:published_time\" content=\"2020-06-18T13:18:38+00:00\" \/>\n<meta property=\"article:modified_time\" content=\"2022-08-24T09:59:32+00:00\" \/>\n<meta property=\"og:image\" content=\"https:\/\/www.martel.ch\/cms\/wp-content\/uploads\/2020\/06\/martel-unterwegs-bordeaux.jpg\" \/>\n\t<meta property=\"og:image:width\" content=\"728\" \/>\n\t<meta property=\"og:image:height\" content=\"485\" \/>\n\t<meta property=\"og:image:type\" content=\"image\/jpeg\" \/>\n<meta name=\"author\" content=\"Philippe Gallusser\" \/>\n<meta name=\"twitter:card\" content=\"summary_large_image\" \/>\n<meta name=\"twitter:creator\" content=\"@martel_weinwelt\" \/>\n<meta name=\"twitter:site\" content=\"@martel_weinwelt\" \/>\n<meta name=\"twitter:label1\" content=\"Geschrieben von\" \/>\n\t<meta name=\"twitter:data1\" content=\"Philippe Gallusser\" \/>\n\t<meta name=\"twitter:label2\" content=\"Gesch\u00e4tzte Lesezeit\" \/>\n\t<meta name=\"twitter:data2\" content=\"4\u00a0Minuten\" \/>\n\t<meta name=\"twitter:label3\" content=\"Written by\" \/>\n\t<meta name=\"twitter:data3\" content=\"Philippe Gallusser\" \/>\n<script type=\"application\/ld+json\" class=\"yoast-schema-graph\">{\"@context\":\"https:\\\/\\\/schema.org\",\"@graph\":[{\"@type\":\"Article\",\"@id\":\"https:\\\/\\\/www.martel.ch\\\/cms\\\/weinwissen\\\/weinmagazin\\\/rueckblick\\\/jahrgangsbericht-bordeaux-2019\\\/#article\",\"isPartOf\":{\"@id\":\"https:\\\/\\\/www.martel.ch\\\/cms\\\/weinwissen\\\/weinmagazin\\\/rueckblick\\\/jahrgangsbericht-bordeaux-2019\\\/\"},\"author\":{\"name\":\"Philippe Gallusser\",\"@id\":\"https:\\\/\\\/www.martel.ch\\\/cms\\\/#\\\/schema\\\/person\\\/34a76687b8a26bc1a5fb3b22a287481a\"},\"headline\":\"Jahrgangsbericht Bordeaux 2019\",\"datePublished\":\"2020-06-18T13:18:38+00:00\",\"dateModified\":\"2022-08-24T09:59:32+00:00\",\"mainEntityOfPage\":{\"@id\":\"https:\\\/\\\/www.martel.ch\\\/cms\\\/weinwissen\\\/weinmagazin\\\/rueckblick\\\/jahrgangsbericht-bordeaux-2019\\\/\"},\"wordCount\":592,\"publisher\":{\"@id\":\"https:\\\/\\\/www.martel.ch\\\/cms\\\/#organization\"},\"image\":{\"@id\":\"https:\\\/\\\/www.martel.ch\\\/cms\\\/weinwissen\\\/weinmagazin\\\/rueckblick\\\/jahrgangsbericht-bordeaux-2019\\\/#primaryimage\"},\"thumbnailUrl\":\"https:\\\/\\\/www.martel.ch\\\/cms\\\/wp-content\\\/uploads\\\/2020\\\/06\\\/martel-unterwegs-bordeaux.jpg\",\"articleSection\":[\"Alle\",\"R\u00fcckblick\"],\"inLanguage\":\"de-CH\"},{\"@type\":\"WebPage\",\"@id\":\"https:\\\/\\\/www.martel.ch\\\/cms\\\/weinwissen\\\/weinmagazin\\\/rueckblick\\\/jahrgangsbericht-bordeaux-2019\\\/\",\"url\":\"https:\\\/\\\/www.martel.ch\\\/cms\\\/weinwissen\\\/weinmagazin\\\/rueckblick\\\/jahrgangsbericht-bordeaux-2019\\\/\",\"name\":\"Jahrgangsbericht Bordeaux 2019 | Martel Weine St.Gallen und Z\u00fcrich\",\"isPartOf\":{\"@id\":\"https:\\\/\\\/www.martel.ch\\\/cms\\\/#website\"},\"primaryImageOfPage\":{\"@id\":\"https:\\\/\\\/www.martel.ch\\\/cms\\\/weinwissen\\\/weinmagazin\\\/rueckblick\\\/jahrgangsbericht-bordeaux-2019\\\/#primaryimage\"},\"image\":{\"@id\":\"https:\\\/\\\/www.martel.ch\\\/cms\\\/weinwissen\\\/weinmagazin\\\/rueckblick\\\/jahrgangsbericht-bordeaux-2019\\\/#primaryimage\"},\"thumbnailUrl\":\"https:\\\/\\\/www.martel.ch\\\/cms\\\/wp-content\\\/uploads\\\/2020\\\/06\\\/martel-unterwegs-bordeaux.jpg\",\"datePublished\":\"2020-06-18T13:18:38+00:00\",\"dateModified\":\"2022-08-24T09:59:32+00:00\",\"description\":\"Eben zur\u00fcck aus Bordeaux, sind wir von der Qualit\u00e4t des Jahrgangs 2019 schlicht begeistert. Unsere grossen Erwartungen wurden sogar \u00fcbertroffen.\",\"breadcrumb\":{\"@id\":\"https:\\\/\\\/www.martel.ch\\\/cms\\\/weinwissen\\\/weinmagazin\\\/rueckblick\\\/jahrgangsbericht-bordeaux-2019\\\/#breadcrumb\"},\"inLanguage\":\"de-CH\",\"potentialAction\":[{\"@type\":\"ReadAction\",\"target\":[\"https:\\\/\\\/www.martel.ch\\\/cms\\\/weinwissen\\\/weinmagazin\\\/rueckblick\\\/jahrgangsbericht-bordeaux-2019\\\/\"]}]},{\"@type\":\"ImageObject\",\"inLanguage\":\"de-CH\",\"@id\":\"https:\\\/\\\/www.martel.ch\\\/cms\\\/weinwissen\\\/weinmagazin\\\/rueckblick\\\/jahrgangsbericht-bordeaux-2019\\\/#primaryimage\",\"url\":\"https:\\\/\\\/www.martel.ch\\\/cms\\\/wp-content\\\/uploads\\\/2020\\\/06\\\/martel-unterwegs-bordeaux.jpg\",\"contentUrl\":\"https:\\\/\\\/www.martel.ch\\\/cms\\\/wp-content\\\/uploads\\\/2020\\\/06\\\/martel-unterwegs-bordeaux.jpg\",\"width\":728,\"height\":485,\"caption\":\"Bordeaux 2019\"},{\"@type\":\"BreadcrumbList\",\"@id\":\"https:\\\/\\\/www.martel.ch\\\/cms\\\/weinwissen\\\/weinmagazin\\\/rueckblick\\\/jahrgangsbericht-bordeaux-2019\\\/#breadcrumb\",\"itemListElement\":[{\"@type\":\"ListItem\",\"position\":1,\"name\":\"Startseite\",\"item\":\"https:\\\/\\\/www.martel.ch\\\/cms\\\/\"},{\"@type\":\"ListItem\",\"position\":2,\"name\":\"Jahrgangsbericht Bordeaux 2019\"}]},{\"@type\":\"WebSite\",\"@id\":\"https:\\\/\\\/www.martel.ch\\\/cms\\\/#website\",\"url\":\"https:\\\/\\\/www.martel.ch\\\/cms\\\/\",\"name\":\"Martel\",\"description\":\"F\u00fcr Weinbegeisterte und die, die es werden m\u00f6chten.\",\"publisher\":{\"@id\":\"https:\\\/\\\/www.martel.ch\\\/cms\\\/#organization\"},\"potentialAction\":[{\"@type\":\"SearchAction\",\"target\":{\"@type\":\"EntryPoint\",\"urlTemplate\":\"https:\\\/\\\/www.martel.ch\\\/cms\\\/?s={search_term_string}\"},\"query-input\":{\"@type\":\"PropertyValueSpecification\",\"valueRequired\":true,\"valueName\":\"search_term_string\"}}],\"inLanguage\":\"de-CH\"},{\"@type\":\"Organization\",\"@id\":\"https:\\\/\\\/www.martel.ch\\\/cms\\\/#organization\",\"name\":\"Martel AG St.Gallen\",\"url\":\"https:\\\/\\\/www.martel.ch\\\/cms\\\/\",\"logo\":{\"@type\":\"ImageObject\",\"inLanguage\":\"de-CH\",\"@id\":\"https:\\\/\\\/www.martel.ch\\\/cms\\\/#\\\/schema\\\/logo\\\/image\\\/\",\"url\":\"https:\\\/\\\/www.martel.ch\\\/cms\\\/wp-content\\\/uploads\\\/2019\\\/02\\\/martel-logo.png\",\"contentUrl\":\"https:\\\/\\\/www.martel.ch\\\/cms\\\/wp-content\\\/uploads\\\/2019\\\/02\\\/martel-logo.png\",\"width\":600,\"height\":600,\"caption\":\"Martel AG St.Gallen\"},\"image\":{\"@id\":\"https:\\\/\\\/www.martel.ch\\\/cms\\\/#\\\/schema\\\/logo\\\/image\\\/\"},\"sameAs\":[\"https:\\\/\\\/www.facebook.com\\\/pages\\\/Martel-AG-St-Gallen\\\/233396026691876\",\"https:\\\/\\\/x.com\\\/martel_weinwelt\",\"https:\\\/\\\/www.instagram.com\\\/martel_weinwelt\\\/\",\"https:\\\/\\\/www.linkedin.com\\\/company\\\/martel-ag-st-gallen\",\"https:\\\/\\\/www.pinterest.ch\\\/martel_weinwelt\"]},{\"@type\":\"Person\",\"@id\":\"https:\\\/\\\/www.martel.ch\\\/cms\\\/#\\\/schema\\\/person\\\/34a76687b8a26bc1a5fb3b22a287481a\",\"name\":\"Philippe Gallusser\",\"image\":{\"@type\":\"ImageObject\",\"inLanguage\":\"de-CH\",\"@id\":\"https:\\\/\\\/secure.gravatar.com\\\/avatar\\\/663f232faa4b6a854f7df0a35e7f2efdc0c05f7bac7b8b1028518aa25a819773?s=96&d=mm&r=g85d574c6257a83706852700a377bf5a1\",\"url\":\"https:\\\/\\\/secure.gravatar.com\\\/avatar\\\/663f232faa4b6a854f7df0a35e7f2efdc0c05f7bac7b8b1028518aa25a819773?s=96&d=mm&r=g\",\"contentUrl\":\"https:\\\/\\\/secure.gravatar.com\\\/avatar\\\/663f232faa4b6a854f7df0a35e7f2efdc0c05f7bac7b8b1028518aa25a819773?s=96&d=mm&r=g\",\"caption\":\"Philippe Gallusser\"}}]}<\/script>\n<!-- \/ Yoast SEO plugin. -->","yoast_head_json":{"title":"Jahrgangsbericht Bordeaux 2019 | Martel Weine St.Gallen und Z\u00fcrich","description":"Eben zur\u00fcck aus Bordeaux, sind wir von der Qualit\u00e4t des Jahrgangs 2019 schlicht begeistert. Unsere grossen Erwartungen wurden sogar \u00fcbertroffen.","robots":{"index":"index","follow":"follow","max-snippet":"max-snippet:-1","max-image-preview":"max-image-preview:large","max-video-preview":"max-video-preview:-1"},"canonical":"https:\/\/www.martel.ch\/cms\/weinwissen\/weinmagazin\/rueckblick\/jahrgangsbericht-bordeaux-2019\/","og_locale":"de_DE","og_type":"article","og_title":"Jahrgangsbericht Bordeaux 2019 | Martel Weine St.Gallen und Z\u00fcrich","og_description":"Eben zur\u00fcck aus Bordeaux, sind wir von der Qualit\u00e4t des Jahrgangs 2019 schlicht begeistert. Unsere grossen Erwartungen wurden sogar \u00fcbertroffen.","og_url":"https:\/\/www.martel.ch\/cms\/weinwissen\/weinmagazin\/rueckblick\/jahrgangsbericht-bordeaux-2019\/","og_site_name":"Martel","article_publisher":"https:\/\/www.facebook.com\/pages\/Martel-AG-St-Gallen\/233396026691876","article_published_time":"2020-06-18T13:18:38+00:00","article_modified_time":"2022-08-24T09:59:32+00:00","og_image":[{"width":728,"height":485,"url":"https:\/\/www.martel.ch\/cms\/wp-content\/uploads\/2020\/06\/martel-unterwegs-bordeaux.jpg","type":"image\/jpeg"}],"author":"Philippe Gallusser","twitter_card":"summary_large_image","twitter_creator":"@martel_weinwelt","twitter_site":"@martel_weinwelt","twitter_misc":{"Geschrieben von":"Philippe Gallusser","Gesch\u00e4tzte Lesezeit":"4\u00a0Minuten","Written by":"Philippe Gallusser"},"schema":{"@context":"https:\/\/schema.org","@graph":[{"@type":"Article","@id":"https:\/\/www.martel.ch\/cms\/weinwissen\/weinmagazin\/rueckblick\/jahrgangsbericht-bordeaux-2019\/#article","isPartOf":{"@id":"https:\/\/www.martel.ch\/cms\/weinwissen\/weinmagazin\/rueckblick\/jahrgangsbericht-bordeaux-2019\/"},"author":{"name":"Philippe Gallusser","@id":"https:\/\/www.martel.ch\/cms\/#\/schema\/person\/34a76687b8a26bc1a5fb3b22a287481a"},"headline":"Jahrgangsbericht Bordeaux 2019","datePublished":"2020-06-18T13:18:38+00:00","dateModified":"2022-08-24T09:59:32+00:00","mainEntityOfPage":{"@id":"https:\/\/www.martel.ch\/cms\/weinwissen\/weinmagazin\/rueckblick\/jahrgangsbericht-bordeaux-2019\/"},"wordCount":592,"publisher":{"@id":"https:\/\/www.martel.ch\/cms\/#organization"},"image":{"@id":"https:\/\/www.martel.ch\/cms\/weinwissen\/weinmagazin\/rueckblick\/jahrgangsbericht-bordeaux-2019\/#primaryimage"},"thumbnailUrl":"https:\/\/www.martel.ch\/cms\/wp-content\/uploads\/2020\/06\/martel-unterwegs-bordeaux.jpg","articleSection":["Alle","R\u00fcckblick"],"inLanguage":"de-CH"},{"@type":"WebPage","@id":"https:\/\/www.martel.ch\/cms\/weinwissen\/weinmagazin\/rueckblick\/jahrgangsbericht-bordeaux-2019\/","url":"https:\/\/www.martel.ch\/cms\/weinwissen\/weinmagazin\/rueckblick\/jahrgangsbericht-bordeaux-2019\/","name":"Jahrgangsbericht Bordeaux 2019 | Martel Weine St.Gallen und Z\u00fcrich","isPartOf":{"@id":"https:\/\/www.martel.ch\/cms\/#website"},"primaryImageOfPage":{"@id":"https:\/\/www.martel.ch\/cms\/weinwissen\/weinmagazin\/rueckblick\/jahrgangsbericht-bordeaux-2019\/#primaryimage"},"image":{"@id":"https:\/\/www.martel.ch\/cms\/weinwissen\/weinmagazin\/rueckblick\/jahrgangsbericht-bordeaux-2019\/#primaryimage"},"thumbnailUrl":"https:\/\/www.martel.ch\/cms\/wp-content\/uploads\/2020\/06\/martel-unterwegs-bordeaux.jpg","datePublished":"2020-06-18T13:18:38+00:00","dateModified":"2022-08-24T09:59:32+00:00","description":"Eben zur\u00fcck aus Bordeaux, sind wir von der Qualit\u00e4t des Jahrgangs 2019 schlicht begeistert. Unsere grossen Erwartungen wurden sogar \u00fcbertroffen.","breadcrumb":{"@id":"https:\/\/www.martel.ch\/cms\/weinwissen\/weinmagazin\/rueckblick\/jahrgangsbericht-bordeaux-2019\/#breadcrumb"},"inLanguage":"de-CH","potentialAction":[{"@type":"ReadAction","target":["https:\/\/www.martel.ch\/cms\/weinwissen\/weinmagazin\/rueckblick\/jahrgangsbericht-bordeaux-2019\/"]}]},{"@type":"ImageObject","inLanguage":"de-CH","@id":"https:\/\/www.martel.ch\/cms\/weinwissen\/weinmagazin\/rueckblick\/jahrgangsbericht-bordeaux-2019\/#primaryimage","url":"https:\/\/www.martel.ch\/cms\/wp-content\/uploads\/2020\/06\/martel-unterwegs-bordeaux.jpg","contentUrl":"https:\/\/www.martel.ch\/cms\/wp-content\/uploads\/2020\/06\/martel-unterwegs-bordeaux.jpg","width":728,"height":485,"caption":"Bordeaux 2019"},{"@type":"BreadcrumbList","@id":"https:\/\/www.martel.ch\/cms\/weinwissen\/weinmagazin\/rueckblick\/jahrgangsbericht-bordeaux-2019\/#breadcrumb","itemListElement":[{"@type":"ListItem","position":1,"name":"Startseite","item":"https:\/\/www.martel.ch\/cms\/"},{"@type":"ListItem","position":2,"name":"Jahrgangsbericht Bordeaux 2019"}]},{"@type":"WebSite","@id":"https:\/\/www.martel.ch\/cms\/#website","url":"https:\/\/www.martel.ch\/cms\/","name":"Martel","description":"F\u00fcr Weinbegeisterte und die, die es werden m\u00f6chten.","publisher":{"@id":"https:\/\/www.martel.ch\/cms\/#organization"},"potentialAction":[{"@type":"SearchAction","target":{"@type":"EntryPoint","urlTemplate":"https:\/\/www.martel.ch\/cms\/?s={search_term_string}"},"query-input":{"@type":"PropertyValueSpecification","valueRequired":true,"valueName":"search_term_string"}}],"inLanguage":"de-CH"},{"@type":"Organization","@id":"https:\/\/www.martel.ch\/cms\/#organization","name":"Martel AG St.Gallen","url":"https:\/\/www.martel.ch\/cms\/","logo":{"@type":"ImageObject","inLanguage":"de-CH","@id":"https:\/\/www.martel.ch\/cms\/#\/schema\/logo\/image\/","url":"https:\/\/www.martel.ch\/cms\/wp-content\/uploads\/2019\/02\/martel-logo.png","contentUrl":"https:\/\/www.martel.ch\/cms\/wp-content\/uploads\/2019\/02\/martel-logo.png","width":600,"height":600,"caption":"Martel AG St.Gallen"},"image":{"@id":"https:\/\/www.martel.ch\/cms\/#\/schema\/logo\/image\/"},"sameAs":["https:\/\/www.facebook.com\/pages\/Martel-AG-St-Gallen\/233396026691876","https:\/\/x.com\/martel_weinwelt","https:\/\/www.instagram.com\/martel_weinwelt\/","https:\/\/www.linkedin.com\/company\/martel-ag-st-gallen","https:\/\/www.pinterest.ch\/martel_weinwelt"]},{"@type":"Person","@id":"https:\/\/www.martel.ch\/cms\/#\/schema\/person\/34a76687b8a26bc1a5fb3b22a287481a","name":"Philippe Gallusser","image":{"@type":"ImageObject","inLanguage":"de-CH","@id":"https:\/\/secure.gravatar.com\/avatar\/663f232faa4b6a854f7df0a35e7f2efdc0c05f7bac7b8b1028518aa25a819773?s=96&d=mm&r=g85d574c6257a83706852700a377bf5a1","url":"https:\/\/secure.gravatar.com\/avatar\/663f232faa4b6a854f7df0a35e7f2efdc0c05f7bac7b8b1028518aa25a819773?s=96&d=mm&r=g","contentUrl":"https:\/\/secure.gravatar.com\/avatar\/663f232faa4b6a854f7df0a35e7f2efdc0c05f7bac7b8b1028518aa25a819773?s=96&d=mm&r=g","caption":"Philippe Gallusser"}}]}},"_links":{"self":[{"href":"https:\/\/www.martel.ch\/cms\/wp-json\/wp\/v2\/posts\/1700","targetHints":{"allow":["GET"]}}],"collection":[{"href":"https:\/\/www.martel.ch\/cms\/wp-json\/wp\/v2\/posts"}],"about":[{"href":"https:\/\/www.martel.ch\/cms\/wp-json\/wp\/v2\/types\/post"}],"author":[{"embeddable":true,"href":"https:\/\/www.martel.ch\/cms\/wp-json\/wp\/v2\/users\/28"}],"replies":[{"embeddable":true,"href":"https:\/\/www.martel.ch\/cms\/wp-json\/wp\/v2\/comments?post=1700"}],"version-history":[{"count":4,"href":"https:\/\/www.martel.ch\/cms\/wp-json\/wp\/v2\/posts\/1700\/revisions"}],"predecessor-version":[{"id":14889,"href":"https:\/\/www.martel.ch\/cms\/wp-json\/wp\/v2\/posts\/1700\/revisions\/14889"}],"wp:featuredmedia":[{"embeddable":true,"href":"https:\/\/www.martel.ch\/cms\/wp-json\/wp\/v2\/media\/1703"}],"wp:attachment":[{"href":"https:\/\/www.martel.ch\/cms\/wp-json\/wp\/v2\/media?parent=1700"}],"wp:term":[{"taxonomy":"category","embeddable":true,"href":"https:\/\/www.martel.ch\/cms\/wp-json\/wp\/v2\/categories?post=1700"},{"taxonomy":"post_tag","embeddable":true,"href":"https:\/\/www.martel.ch\/cms\/wp-json\/wp\/v2\/tags?post=1700"},{"taxonomy":"author","embeddable":true,"href":"https:\/\/www.martel.ch\/cms\/wp-json\/wp\/v2\/coauthors?post=1700"}],"curies":[{"name":"wp","href":"https:\/\/api.w.org\/{rel}","templated":true}]}}