{"id":1758,"date":"2020-07-02T10:21:15","date_gmt":"2020-07-02T08:21:15","guid":{"rendered":"\/cms\/?p=1758"},"modified":"2022-08-24T11:56:29","modified_gmt":"2022-08-24T09:56:29","slug":"weinhandel-kommt-gut-u%cc%88ber-die-runden","status":"publish","type":"post","link":"https:\/\/www.martel.ch\/cms\/weinwissen\/weinmagazin\/unterwegs-im-rebberg\/weinhandel-kommt-gut-u%cc%88ber-die-runden\/","title":{"rendered":"Weinhandel kommt gut u\u0308ber die Runden"},"content":{"rendered":"\n<p>Trotz eines tempor\u00e4ren Totalausfalls der Gastronomie ist der Verkauf von Wein besser gelaufen als befu\u0308rchtet. Das zeigt eine Umfrage.<\/p>\n\n\n\n<p><strong>Thomas Griesser Kym<\/strong><\/p>\n\n\n\n<p>Randvolle Lager und ein geringerer Traubenbedarf im laufenden Jahr: Mit diesen Schwierigkeiten k\u00e4mpfen Weinkellereien wie beispielsweise Rutishauser in Scherzingen und viele Winzer (vgl. Ausgabe vom 23. Juni). \u00abIch verstehe das Problem\u00bb, sagt Ueli Schiess, Patron der Caratello Weine AG in St.Gallen. Sein Vorteil: \u00abWir haben keine Tanks.\u00bb Und: Die Einbussen in der Gastronomie w\u00e4hrend des Lockdowns sind zu einem guten Teil durch Privatkunden wettgemacht worden.<\/p>\n\n\n\n<p>So wie Schiess ist es in der Coronazeit vielen Weinh\u00e4ndlern ergangen, wenn man in der Ostschweizer Branche nachfragt. Mit dem Lockdown per 16. M\u00e4rz war der Absatzkanal der Gastronomie u\u0308ber Nacht weggebrochen \u2013 \u00abauf null\u00bb, sagt Schiess, der auf italienische Weine spezialisiert ist und normalerweise 70 Prozent seines Umsatzes mit der Gastronomie erwirtschaftet. <strong>\u00abVon einem Tag auf den anderen kam von Restaurants und Hotels aus der ganzen Schweiz keine Bestellung mehr herein\u00bb<\/strong>, erinnert sich Jan Martel, der den St.Galler Weinh\u00e4ndler Martel in fu\u0308nfter Generation fu\u0308hrt. Die Gastronomie steht bei Martel fu\u0308r die H\u00e4lfte der Verk\u00e4ufe. \u00c4hnliches berichtet Frank Beck, Inhaber der Weinhandlung Giardino del vino SA in Frauenfeld: \u00abDer Weinverkauf an die Gastronomie ist im Lockdown zusammengekracht.\u00bb<\/p>\n\n\n\n<p>Ein Drittel des Umsatzes erarbeitet Beck normalerweise mit Gastronomie und Grosshandel. Floriert hat hingegen der Verkauf an Privatkunden. Geschlossene Restaurants, abgesagte Feste und Feiern, keine Anl\u00e4sse wie Generalversammlungen, weit verbreitetes Homeoffice \u2013 all das hat dazu gefu\u0308hrt, dass die Menschen mehr Wein zu Hause konsumiert haben. Martel sagt: <strong>\u00abWir sind deutlich besser durch die Krise gekommen als erwartet.\u00bb<\/strong> Und dies obwohl er ab Mitte M\u00e4rz bis 10. Mai aus Vorsicht auch seine drei station\u00e4ren L\u00e4den in St.Gallen und Zu\u0308rich geschlossen hatte. Dafu\u0308r habe er im Onlineshop ein <strong>\u00abexplosives Wachstum\u00bb<\/strong> erlebt und dort <strong>\u00abmassiv mehr Umsatz\u00bb<\/strong> verzeichnet. Damit habe Martel den Umsatzausfall durch die Ladenschliessungen kompensiert und obendrein einen Teil des Ausfalls der Gastronomie. Geholfen habe sicher auch, dass man alle Weinbestellungen gratis verschickt habe, ab der ersten Flasche. Normalerweise gilt fu\u0308r Gratislieferung ein Mindestbestellwert von 600 Franken.<\/p>\n\n\n\n<p>Statt Tru\u0308bsal zu blasen, <strong>\u00abhaben sich viele Kunden in den eigenen vier W\u00e4nden etwas geg\u00f6nnt\u00bb<\/strong>, resu\u0308miert Martel, <strong>\u00abund dazu geh\u00f6rt oft auch ein guter Tropfen\u00bb<\/strong>. Als Beleg dafu\u0308r nennt er ausserdem eine <strong>\u00abhohe Nachfrage nach Rarit\u00e4ten\u00bb<\/strong>. Fu\u0308r Mitarbeitende im Aussendienst hatte Martel Kurzarbeit beantragt. Dieses Instrument hat auch Beck von Giardino del vino und Schiess von Caratello geholfen. Beck sagt, \u00abu\u0308ber alles gesehen haben wir etwas weniger verkauft als u\u0308blich, aber der Privatverkauf ist relativ gut geblieben\u00bb. Sein Fazit: \u00abWir hatten mit mehr Einbussen gerechnet.\u00bb Schiess sagt, das Mehr an Privatverk\u00e4ufen und das eine oder andere ungeplante Gesch\u00e4ft im Grosshandel mit Wiederverk\u00e4ufern, die teils fru\u0308her bestellt h\u00e4tten als sonst, h\u00e4tten die meisten Einbussen in der Gastronomie ausgeglichen. Und die verbliebene kleine Lu\u0308cke habe man dank Kurzarbeit u\u0308berbru\u0308ckt.<\/p>\n\n\n\n<p>Noch positiver t\u00f6nt es vom Bioweingut Lenz in Uesslingen-Buch n\u00f6rdlich von Frauenfeld. Karin und Roland Lenz vinifizieren in Iselisberg aus 34 Traubensorten u\u0308ber 40 Weine, alle in Bioqualit\u00e4t, und sie setzen auf pilzwiderstandsf\u00e4hige neue Sorten. Ihre Weine vermarkten sie zur H\u00e4lfte an Wiederverk\u00e4ufer wie Fachh\u00e4ndler oder Gastronomen, wobei Letztere aber wenig ausmachten und man im Fachhandel gut u\u0308ber die Runden gekommen sein. Den Verkauf an Privatkunden, der anderen H\u00e4lfte des Gesch\u00e4fts, habe man \u00abmassiv gesteigert\u00bb, sagt Karin Lenz. \u00abAn einzelnen Tagen haben wir bis zu 300 Prozent mehr verkauft als u\u0308blich.\u00bb Kurzarbeit war kein Thema. \u00abWir haben genug Arbeit gehabt.\u00bb Karin Lenz sagt gar: \u00abGesch\u00e4ftlich haben wir von der Krise profitiert.\u00bb Zu den Lenz-Kunden geh\u00f6rt unter anderem Delinat. Gegru\u0308ndet 1980 von Gesch\u00e4ftsleiter Karl Schefer in Speicher, hat der St.Galler Weinh\u00e4ndler 250 Weine aus biologischem Anbau im Sortiment. Marketing- und Verkaufsleiter Michel Fink sagt, im ersten Monat des Lockdowns habe man im Vorjahresvergleich doppelt so viele Onlinebestellungen erhalten. Das f\u00e4llt ins Gewicht, macht doch Delinat in der Schweiz 80 Prozent des Umsatzes im Versandhandel und in Deutschland und \u00d6sterreich nahezu 100 Prozent. Da fallen die geringeren Frequenzen in den acht Weinbars und -shops, die man gleichwohl \u00abstark gespu\u0308rt\u00bb habe, weniger ins Gewicht. Laut Fink hat Delinat auch von einem zweiten Faktor profitiert, \u00abder nochmals steigenden Nachfrage nach \u00f6kologisch hergestellten Produkten\u00bb. Fink sagt zudem: \u00abInsgesamt geh\u00f6ren etablierte Onlinewettbewerber zu den Gewinnern der Krise.\u00bb<\/p>\n\n\n\n<p>Das sieht auch Martel so. 1995 habe man den europaweit ersten Webshop fu\u0308r Wein er\u00f6ffnet, diesen Kanal stets gepflegt und ausgebaut. <strong>\u00abIn der Coronazeit hat er nun noch st\u00e4rker an Bedeutung gewonnen.\u00bb<\/strong> Martel \u00e4ussert sich u\u0308berzeugt: <strong>\u00abWir haben Marktanteile gewonnen.\u00bb<\/strong> Mittlerweile sind die Beizen unter Einhaltung von Abstandsregeln wieder offen, Homeoffice wird graduell reduziert, erste Feste und andere Anl\u00e4sse werden wieder geplant. Damit einher geht auch ein Ru\u0308ckgang der Onlineums\u00e4tze der Weinh\u00e4ndler, doch l\u00e4gen sie noch immer auf einem h\u00f6heren Niveau als vor Jahresfrist. Parallel dazu ziehen die Bestellungen aus der Gastronomie an, allerdings \u00abnur sehr langsam\u00bb, wie etwa Fink beobachtet. Schiess von Caratello sagt, \u00abwir helfen bestehenden Gastronomiekunden bei ihrem Neuanfang im Fall von Liquidit\u00e4tsproblemen, etwa mit verl\u00e4ngerten oder gestaffelten Zahlungsfristen\u00bb. Doch: \u00abDie meisten brauchen das gar nicht.\u00bb<br>Beck von Giardino del vino sagt, bei der Planung grosser privater Feste seien die Leute noch zuru\u0308ckhaltend, aber: \u00abVor kurzem ist eine erste Bestellung fu\u0308r einen Geburtstag hereingekommen.\u00bb<\/p>\n\n\n\n<p>Seinen Laden hatte er voru\u0308bergehend erst halbtags ge\u00f6ffnet. Martel beobachtet, dass seit der Wieder\u00f6ffnung seiner L\u00e4den am 11. Mai <strong>\u00abviele Kunden gerne wieder vorbeikommen\u00bb<\/strong>. Denn: <strong>\u00abEine Weinhandlung ist ein Begegnungsort, und Wein ist mit Emotionen verbunden.\u00bb<\/strong> Wie es weitergeht, h\u00e4ngt laut Karin Lenz stark von der Entwicklung der Wirtschaft und des Arbeitsmarkts ab. \u00abHier herrscht noch viel Ungewissheit.\u00bb<\/p>\n\n\n\n<p>Das weiss auch Jan Martel. Mut macht ihm der Ausblick auf die Sommerferien: <strong>\u00abViele Schweizer Hotels sind, wie ich von unseren Kunden h\u00f6re, sehr gut gebucht, besser als im Vorjahr.\u00bb<\/strong> Und grade in den Ferien geh\u00f6re fu\u0308r viele G\u00e4ste oft ein guter Schluck Wein dazu.<\/p>\n\n\n\n<div class=\"wp-block-buttons is-layout-flex wp-block-buttons-is-layout-flex\">\n<div class=\"wp-block-button\"><a class=\"wp-block-button__link\" href=\"https:\/\/www.martel.ch\/wein\/\">Entdecken Sie unser Weinsortiment<\/a><\/div>\n<\/div>\n","protected":false},"excerpt":{"rendered":"","protected":false},"author":31,"featured_media":1759,"comment_status":"closed","ping_status":"closed","sticky":false,"template":"","format":"standard","meta":{"_acf_changed":false,"inline_featured_image":false,"footnotes":""},"categories":[449,56],"tags":[],"coauthors":[],"class_list":["post-1758","post","type-post","status-publish","format-standard","has-post-thumbnail","hentry","category-alle","category-unterwegs-im-rebberg"],"acf":{"inhaltselemente":null},"yoast_head":"<!-- This site is optimized with the Yoast SEO plugin v27.5 - https:\/\/yoast.com\/product\/yoast-seo-wordpress\/ -->\n<title>Weinhandel kommt gut u\u0308ber die Runden | Martel Weine St.Gallen und Z\u00fcrich<\/title>\n<meta name=\"description\" content=\"Trotz eines tempor\u00e4ren Totalausfalls der Gastronomie ist der Verkauf von Wein besser gelaufen als befu\u0308rchtet. Das zeigt eine Umfrage.\" \/>\n<meta name=\"robots\" content=\"index, follow, max-snippet:-1, max-image-preview:large, max-video-preview:-1\" \/>\n<link rel=\"canonical\" href=\"https:\/\/www.martel.ch\/cms\/weinwissen\/weinmagazin\/unterwegs-im-rebberg\/weinhandel-kommt-gut-u\u0308ber-die-runden\/\" \/>\n<meta property=\"og:locale\" content=\"de_DE\" \/>\n<meta property=\"og:type\" content=\"article\" \/>\n<meta property=\"og:title\" content=\"Weinhandel kommt gut u\u0308ber die Runden | Martel Weine St.Gallen und Z\u00fcrich\" \/>\n<meta property=\"og:description\" content=\"Trotz eines tempor\u00e4ren Totalausfalls der Gastronomie ist der Verkauf von Wein besser gelaufen als befu\u0308rchtet. Das zeigt eine Umfrage.\" \/>\n<meta property=\"og:url\" content=\"https:\/\/www.martel.ch\/cms\/weinwissen\/weinmagazin\/unterwegs-im-rebberg\/weinhandel-kommt-gut-u\u0308ber-die-runden\/\" \/>\n<meta property=\"og:site_name\" content=\"Martel\" \/>\n<meta property=\"article:publisher\" content=\"https:\/\/www.facebook.com\/pages\/Martel-AG-St-Gallen\/233396026691876\" \/>\n<meta property=\"article:published_time\" content=\"2020-07-02T08:21:15+00:00\" \/>\n<meta property=\"article:modified_time\" content=\"2022-08-24T09:56:29+00:00\" \/>\n<meta property=\"og:image\" content=\"https:\/\/www.martel.ch\/cms\/wp-content\/uploads\/2020\/07\/martel-unterwegs-weinhandel.jpg\" \/>\n\t<meta property=\"og:image:width\" content=\"728\" \/>\n\t<meta property=\"og:image:height\" content=\"485\" \/>\n\t<meta property=\"og:image:type\" content=\"image\/jpeg\" \/>\n<meta name=\"author\" content=\"St.Galler Tagblatt\" \/>\n<meta name=\"twitter:card\" content=\"summary_large_image\" \/>\n<meta name=\"twitter:creator\" content=\"@martel_weinwelt\" \/>\n<meta name=\"twitter:site\" content=\"@martel_weinwelt\" \/>\n<meta name=\"twitter:label1\" content=\"Geschrieben von\" \/>\n\t<meta name=\"twitter:data1\" content=\"St.Galler Tagblatt\" \/>\n\t<meta name=\"twitter:label2\" content=\"Gesch\u00e4tzte Lesezeit\" \/>\n\t<meta name=\"twitter:data2\" content=\"6\u00a0Minuten\" \/>\n\t<meta name=\"twitter:label3\" content=\"Written by\" \/>\n\t<meta name=\"twitter:data3\" content=\"St.Galler Tagblatt\" \/>\n<script type=\"application\/ld+json\" class=\"yoast-schema-graph\">{\"@context\":\"https:\\\/\\\/schema.org\",\"@graph\":[{\"@type\":\"Article\",\"@id\":\"https:\\\/\\\/www.martel.ch\\\/cms\\\/weinwissen\\\/weinmagazin\\\/unterwegs-im-rebberg\\\/weinhandel-kommt-gut-u%cc%88ber-die-runden\\\/#article\",\"isPartOf\":{\"@id\":\"https:\\\/\\\/www.martel.ch\\\/cms\\\/weinwissen\\\/weinmagazin\\\/unterwegs-im-rebberg\\\/weinhandel-kommt-gut-u%cc%88ber-die-runden\\\/\"},\"author\":{\"name\":\"St.Galler Tagblatt\",\"@id\":\"https:\\\/\\\/www.martel.ch\\\/cms\\\/#\\\/schema\\\/person\\\/d192f34c89d56163f18d242c971fd297\"},\"headline\":\"Weinhandel kommt gut u\u0308ber die Runden\",\"datePublished\":\"2020-07-02T08:21:15+00:00\",\"dateModified\":\"2022-08-24T09:56:29+00:00\",\"mainEntityOfPage\":{\"@id\":\"https:\\\/\\\/www.martel.ch\\\/cms\\\/weinwissen\\\/weinmagazin\\\/unterwegs-im-rebberg\\\/weinhandel-kommt-gut-u%cc%88ber-die-runden\\\/\"},\"wordCount\":1041,\"publisher\":{\"@id\":\"https:\\\/\\\/www.martel.ch\\\/cms\\\/#organization\"},\"image\":{\"@id\":\"https:\\\/\\\/www.martel.ch\\\/cms\\\/weinwissen\\\/weinmagazin\\\/unterwegs-im-rebberg\\\/weinhandel-kommt-gut-u%cc%88ber-die-runden\\\/#primaryimage\"},\"thumbnailUrl\":\"https:\\\/\\\/www.martel.ch\\\/cms\\\/wp-content\\\/uploads\\\/2020\\\/07\\\/martel-unterwegs-weinhandel.jpg\",\"articleSection\":[\"Alle\",\"Unterwegs im Rebberg\"],\"inLanguage\":\"de-CH\"},{\"@type\":\"WebPage\",\"@id\":\"https:\\\/\\\/www.martel.ch\\\/cms\\\/weinwissen\\\/weinmagazin\\\/unterwegs-im-rebberg\\\/weinhandel-kommt-gut-u%cc%88ber-die-runden\\\/\",\"url\":\"https:\\\/\\\/www.martel.ch\\\/cms\\\/weinwissen\\\/weinmagazin\\\/unterwegs-im-rebberg\\\/weinhandel-kommt-gut-u%cc%88ber-die-runden\\\/\",\"name\":\"Weinhandel kommt gut u\u0308ber die Runden | Martel Weine St.Gallen und Z\u00fcrich\",\"isPartOf\":{\"@id\":\"https:\\\/\\\/www.martel.ch\\\/cms\\\/#website\"},\"primaryImageOfPage\":{\"@id\":\"https:\\\/\\\/www.martel.ch\\\/cms\\\/weinwissen\\\/weinmagazin\\\/unterwegs-im-rebberg\\\/weinhandel-kommt-gut-u%cc%88ber-die-runden\\\/#primaryimage\"},\"image\":{\"@id\":\"https:\\\/\\\/www.martel.ch\\\/cms\\\/weinwissen\\\/weinmagazin\\\/unterwegs-im-rebberg\\\/weinhandel-kommt-gut-u%cc%88ber-die-runden\\\/#primaryimage\"},\"thumbnailUrl\":\"https:\\\/\\\/www.martel.ch\\\/cms\\\/wp-content\\\/uploads\\\/2020\\\/07\\\/martel-unterwegs-weinhandel.jpg\",\"datePublished\":\"2020-07-02T08:21:15+00:00\",\"dateModified\":\"2022-08-24T09:56:29+00:00\",\"description\":\"Trotz eines tempor\u00e4ren Totalausfalls der Gastronomie ist der Verkauf von Wein besser gelaufen als befu\u0308rchtet. Das zeigt eine Umfrage.\",\"breadcrumb\":{\"@id\":\"https:\\\/\\\/www.martel.ch\\\/cms\\\/weinwissen\\\/weinmagazin\\\/unterwegs-im-rebberg\\\/weinhandel-kommt-gut-u%cc%88ber-die-runden\\\/#breadcrumb\"},\"inLanguage\":\"de-CH\",\"potentialAction\":[{\"@type\":\"ReadAction\",\"target\":[\"https:\\\/\\\/www.martel.ch\\\/cms\\\/weinwissen\\\/weinmagazin\\\/unterwegs-im-rebberg\\\/weinhandel-kommt-gut-u%cc%88ber-die-runden\\\/\"]}]},{\"@type\":\"ImageObject\",\"inLanguage\":\"de-CH\",\"@id\":\"https:\\\/\\\/www.martel.ch\\\/cms\\\/weinwissen\\\/weinmagazin\\\/unterwegs-im-rebberg\\\/weinhandel-kommt-gut-u%cc%88ber-die-runden\\\/#primaryimage\",\"url\":\"https:\\\/\\\/www.martel.ch\\\/cms\\\/wp-content\\\/uploads\\\/2020\\\/07\\\/martel-unterwegs-weinhandel.jpg\",\"contentUrl\":\"https:\\\/\\\/www.martel.ch\\\/cms\\\/wp-content\\\/uploads\\\/2020\\\/07\\\/martel-unterwegs-weinhandel.jpg\",\"width\":728,\"height\":485,\"caption\":\"Martel Lagerhaus\"},{\"@type\":\"BreadcrumbList\",\"@id\":\"https:\\\/\\\/www.martel.ch\\\/cms\\\/weinwissen\\\/weinmagazin\\\/unterwegs-im-rebberg\\\/weinhandel-kommt-gut-u%cc%88ber-die-runden\\\/#breadcrumb\",\"itemListElement\":[{\"@type\":\"ListItem\",\"position\":1,\"name\":\"Startseite\",\"item\":\"https:\\\/\\\/www.martel.ch\\\/cms\\\/\"},{\"@type\":\"ListItem\",\"position\":2,\"name\":\"Weinhandel kommt gut u\u0308ber die Runden\"}]},{\"@type\":\"WebSite\",\"@id\":\"https:\\\/\\\/www.martel.ch\\\/cms\\\/#website\",\"url\":\"https:\\\/\\\/www.martel.ch\\\/cms\\\/\",\"name\":\"Martel\",\"description\":\"F\u00fcr Weinbegeisterte und die, die es werden m\u00f6chten.\",\"publisher\":{\"@id\":\"https:\\\/\\\/www.martel.ch\\\/cms\\\/#organization\"},\"potentialAction\":[{\"@type\":\"SearchAction\",\"target\":{\"@type\":\"EntryPoint\",\"urlTemplate\":\"https:\\\/\\\/www.martel.ch\\\/cms\\\/?s={search_term_string}\"},\"query-input\":{\"@type\":\"PropertyValueSpecification\",\"valueRequired\":true,\"valueName\":\"search_term_string\"}}],\"inLanguage\":\"de-CH\"},{\"@type\":\"Organization\",\"@id\":\"https:\\\/\\\/www.martel.ch\\\/cms\\\/#organization\",\"name\":\"Martel AG St.Gallen\",\"url\":\"https:\\\/\\\/www.martel.ch\\\/cms\\\/\",\"logo\":{\"@type\":\"ImageObject\",\"inLanguage\":\"de-CH\",\"@id\":\"https:\\\/\\\/www.martel.ch\\\/cms\\\/#\\\/schema\\\/logo\\\/image\\\/\",\"url\":\"https:\\\/\\\/www.martel.ch\\\/cms\\\/wp-content\\\/uploads\\\/2019\\\/02\\\/martel-logo.png\",\"contentUrl\":\"https:\\\/\\\/www.martel.ch\\\/cms\\\/wp-content\\\/uploads\\\/2019\\\/02\\\/martel-logo.png\",\"width\":600,\"height\":600,\"caption\":\"Martel AG St.Gallen\"},\"image\":{\"@id\":\"https:\\\/\\\/www.martel.ch\\\/cms\\\/#\\\/schema\\\/logo\\\/image\\\/\"},\"sameAs\":[\"https:\\\/\\\/www.facebook.com\\\/pages\\\/Martel-AG-St-Gallen\\\/233396026691876\",\"https:\\\/\\\/x.com\\\/martel_weinwelt\",\"https:\\\/\\\/www.instagram.com\\\/martel_weinwelt\\\/\",\"https:\\\/\\\/www.linkedin.com\\\/company\\\/martel-ag-st-gallen\",\"https:\\\/\\\/www.pinterest.ch\\\/martel_weinwelt\"]},{\"@type\":\"Person\",\"@id\":\"https:\\\/\\\/www.martel.ch\\\/cms\\\/#\\\/schema\\\/person\\\/d192f34c89d56163f18d242c971fd297\",\"name\":\"St.Galler Tagblatt\",\"image\":{\"@type\":\"ImageObject\",\"inLanguage\":\"de-CH\",\"@id\":\"https:\\\/\\\/secure.gravatar.com\\\/avatar\\\/870bc271effb7cd8da75a80477768b90dcbad5ea6659b5d8ff00d98f17242a6d?s=96&d=mm&r=g31bd4dc105c31dbd861a45ffc6505fa3\",\"url\":\"https:\\\/\\\/secure.gravatar.com\\\/avatar\\\/870bc271effb7cd8da75a80477768b90dcbad5ea6659b5d8ff00d98f17242a6d?s=96&d=mm&r=g\",\"contentUrl\":\"https:\\\/\\\/secure.gravatar.com\\\/avatar\\\/870bc271effb7cd8da75a80477768b90dcbad5ea6659b5d8ff00d98f17242a6d?s=96&d=mm&r=g\",\"caption\":\"St.Galler Tagblatt\"}}]}<\/script>\n<!-- \/ Yoast SEO plugin. -->","yoast_head_json":{"title":"Weinhandel kommt gut u\u0308ber die Runden | Martel Weine St.Gallen und Z\u00fcrich","description":"Trotz eines tempor\u00e4ren Totalausfalls der Gastronomie ist der Verkauf von Wein besser gelaufen als befu\u0308rchtet. Das zeigt eine Umfrage.","robots":{"index":"index","follow":"follow","max-snippet":"max-snippet:-1","max-image-preview":"max-image-preview:large","max-video-preview":"max-video-preview:-1"},"canonical":"https:\/\/www.martel.ch\/cms\/weinwissen\/weinmagazin\/unterwegs-im-rebberg\/weinhandel-kommt-gut-u\u0308ber-die-runden\/","og_locale":"de_DE","og_type":"article","og_title":"Weinhandel kommt gut u\u0308ber die Runden | Martel Weine St.Gallen und Z\u00fcrich","og_description":"Trotz eines tempor\u00e4ren Totalausfalls der Gastronomie ist der Verkauf von Wein besser gelaufen als befu\u0308rchtet. Das zeigt eine Umfrage.","og_url":"https:\/\/www.martel.ch\/cms\/weinwissen\/weinmagazin\/unterwegs-im-rebberg\/weinhandel-kommt-gut-u\u0308ber-die-runden\/","og_site_name":"Martel","article_publisher":"https:\/\/www.facebook.com\/pages\/Martel-AG-St-Gallen\/233396026691876","article_published_time":"2020-07-02T08:21:15+00:00","article_modified_time":"2022-08-24T09:56:29+00:00","og_image":[{"width":728,"height":485,"url":"https:\/\/www.martel.ch\/cms\/wp-content\/uploads\/2020\/07\/martel-unterwegs-weinhandel.jpg","type":"image\/jpeg"}],"author":"St.Galler Tagblatt","twitter_card":"summary_large_image","twitter_creator":"@martel_weinwelt","twitter_site":"@martel_weinwelt","twitter_misc":{"Geschrieben von":"St.Galler Tagblatt","Gesch\u00e4tzte Lesezeit":"6\u00a0Minuten","Written by":"St.Galler Tagblatt"},"schema":{"@context":"https:\/\/schema.org","@graph":[{"@type":"Article","@id":"https:\/\/www.martel.ch\/cms\/weinwissen\/weinmagazin\/unterwegs-im-rebberg\/weinhandel-kommt-gut-u%cc%88ber-die-runden\/#article","isPartOf":{"@id":"https:\/\/www.martel.ch\/cms\/weinwissen\/weinmagazin\/unterwegs-im-rebberg\/weinhandel-kommt-gut-u%cc%88ber-die-runden\/"},"author":{"name":"St.Galler Tagblatt","@id":"https:\/\/www.martel.ch\/cms\/#\/schema\/person\/d192f34c89d56163f18d242c971fd297"},"headline":"Weinhandel kommt gut u\u0308ber die Runden","datePublished":"2020-07-02T08:21:15+00:00","dateModified":"2022-08-24T09:56:29+00:00","mainEntityOfPage":{"@id":"https:\/\/www.martel.ch\/cms\/weinwissen\/weinmagazin\/unterwegs-im-rebberg\/weinhandel-kommt-gut-u%cc%88ber-die-runden\/"},"wordCount":1041,"publisher":{"@id":"https:\/\/www.martel.ch\/cms\/#organization"},"image":{"@id":"https:\/\/www.martel.ch\/cms\/weinwissen\/weinmagazin\/unterwegs-im-rebberg\/weinhandel-kommt-gut-u%cc%88ber-die-runden\/#primaryimage"},"thumbnailUrl":"https:\/\/www.martel.ch\/cms\/wp-content\/uploads\/2020\/07\/martel-unterwegs-weinhandel.jpg","articleSection":["Alle","Unterwegs im Rebberg"],"inLanguage":"de-CH"},{"@type":"WebPage","@id":"https:\/\/www.martel.ch\/cms\/weinwissen\/weinmagazin\/unterwegs-im-rebberg\/weinhandel-kommt-gut-u%cc%88ber-die-runden\/","url":"https:\/\/www.martel.ch\/cms\/weinwissen\/weinmagazin\/unterwegs-im-rebberg\/weinhandel-kommt-gut-u%cc%88ber-die-runden\/","name":"Weinhandel kommt gut u\u0308ber die Runden | Martel Weine St.Gallen und Z\u00fcrich","isPartOf":{"@id":"https:\/\/www.martel.ch\/cms\/#website"},"primaryImageOfPage":{"@id":"https:\/\/www.martel.ch\/cms\/weinwissen\/weinmagazin\/unterwegs-im-rebberg\/weinhandel-kommt-gut-u%cc%88ber-die-runden\/#primaryimage"},"image":{"@id":"https:\/\/www.martel.ch\/cms\/weinwissen\/weinmagazin\/unterwegs-im-rebberg\/weinhandel-kommt-gut-u%cc%88ber-die-runden\/#primaryimage"},"thumbnailUrl":"https:\/\/www.martel.ch\/cms\/wp-content\/uploads\/2020\/07\/martel-unterwegs-weinhandel.jpg","datePublished":"2020-07-02T08:21:15+00:00","dateModified":"2022-08-24T09:56:29+00:00","description":"Trotz eines tempor\u00e4ren Totalausfalls der Gastronomie ist der Verkauf von Wein besser gelaufen als befu\u0308rchtet. Das zeigt eine Umfrage.","breadcrumb":{"@id":"https:\/\/www.martel.ch\/cms\/weinwissen\/weinmagazin\/unterwegs-im-rebberg\/weinhandel-kommt-gut-u%cc%88ber-die-runden\/#breadcrumb"},"inLanguage":"de-CH","potentialAction":[{"@type":"ReadAction","target":["https:\/\/www.martel.ch\/cms\/weinwissen\/weinmagazin\/unterwegs-im-rebberg\/weinhandel-kommt-gut-u%cc%88ber-die-runden\/"]}]},{"@type":"ImageObject","inLanguage":"de-CH","@id":"https:\/\/www.martel.ch\/cms\/weinwissen\/weinmagazin\/unterwegs-im-rebberg\/weinhandel-kommt-gut-u%cc%88ber-die-runden\/#primaryimage","url":"https:\/\/www.martel.ch\/cms\/wp-content\/uploads\/2020\/07\/martel-unterwegs-weinhandel.jpg","contentUrl":"https:\/\/www.martel.ch\/cms\/wp-content\/uploads\/2020\/07\/martel-unterwegs-weinhandel.jpg","width":728,"height":485,"caption":"Martel Lagerhaus"},{"@type":"BreadcrumbList","@id":"https:\/\/www.martel.ch\/cms\/weinwissen\/weinmagazin\/unterwegs-im-rebberg\/weinhandel-kommt-gut-u%cc%88ber-die-runden\/#breadcrumb","itemListElement":[{"@type":"ListItem","position":1,"name":"Startseite","item":"https:\/\/www.martel.ch\/cms\/"},{"@type":"ListItem","position":2,"name":"Weinhandel kommt gut u\u0308ber die Runden"}]},{"@type":"WebSite","@id":"https:\/\/www.martel.ch\/cms\/#website","url":"https:\/\/www.martel.ch\/cms\/","name":"Martel","description":"F\u00fcr Weinbegeisterte und die, die es werden m\u00f6chten.","publisher":{"@id":"https:\/\/www.martel.ch\/cms\/#organization"},"potentialAction":[{"@type":"SearchAction","target":{"@type":"EntryPoint","urlTemplate":"https:\/\/www.martel.ch\/cms\/?s={search_term_string}"},"query-input":{"@type":"PropertyValueSpecification","valueRequired":true,"valueName":"search_term_string"}}],"inLanguage":"de-CH"},{"@type":"Organization","@id":"https:\/\/www.martel.ch\/cms\/#organization","name":"Martel AG St.Gallen","url":"https:\/\/www.martel.ch\/cms\/","logo":{"@type":"ImageObject","inLanguage":"de-CH","@id":"https:\/\/www.martel.ch\/cms\/#\/schema\/logo\/image\/","url":"https:\/\/www.martel.ch\/cms\/wp-content\/uploads\/2019\/02\/martel-logo.png","contentUrl":"https:\/\/www.martel.ch\/cms\/wp-content\/uploads\/2019\/02\/martel-logo.png","width":600,"height":600,"caption":"Martel AG St.Gallen"},"image":{"@id":"https:\/\/www.martel.ch\/cms\/#\/schema\/logo\/image\/"},"sameAs":["https:\/\/www.facebook.com\/pages\/Martel-AG-St-Gallen\/233396026691876","https:\/\/x.com\/martel_weinwelt","https:\/\/www.instagram.com\/martel_weinwelt\/","https:\/\/www.linkedin.com\/company\/martel-ag-st-gallen","https:\/\/www.pinterest.ch\/martel_weinwelt"]},{"@type":"Person","@id":"https:\/\/www.martel.ch\/cms\/#\/schema\/person\/d192f34c89d56163f18d242c971fd297","name":"St.Galler Tagblatt","image":{"@type":"ImageObject","inLanguage":"de-CH","@id":"https:\/\/secure.gravatar.com\/avatar\/870bc271effb7cd8da75a80477768b90dcbad5ea6659b5d8ff00d98f17242a6d?s=96&d=mm&r=g31bd4dc105c31dbd861a45ffc6505fa3","url":"https:\/\/secure.gravatar.com\/avatar\/870bc271effb7cd8da75a80477768b90dcbad5ea6659b5d8ff00d98f17242a6d?s=96&d=mm&r=g","contentUrl":"https:\/\/secure.gravatar.com\/avatar\/870bc271effb7cd8da75a80477768b90dcbad5ea6659b5d8ff00d98f17242a6d?s=96&d=mm&r=g","caption":"St.Galler Tagblatt"}}]}},"_links":{"self":[{"href":"https:\/\/www.martel.ch\/cms\/wp-json\/wp\/v2\/posts\/1758","targetHints":{"allow":["GET"]}}],"collection":[{"href":"https:\/\/www.martel.ch\/cms\/wp-json\/wp\/v2\/posts"}],"about":[{"href":"https:\/\/www.martel.ch\/cms\/wp-json\/wp\/v2\/types\/post"}],"author":[{"embeddable":true,"href":"https:\/\/www.martel.ch\/cms\/wp-json\/wp\/v2\/users\/31"}],"replies":[{"embeddable":true,"href":"https:\/\/www.martel.ch\/cms\/wp-json\/wp\/v2\/comments?post=1758"}],"version-history":[{"count":5,"href":"https:\/\/www.martel.ch\/cms\/wp-json\/wp\/v2\/posts\/1758\/revisions"}],"predecessor-version":[{"id":14887,"href":"https:\/\/www.martel.ch\/cms\/wp-json\/wp\/v2\/posts\/1758\/revisions\/14887"}],"wp:featuredmedia":[{"embeddable":true,"href":"https:\/\/www.martel.ch\/cms\/wp-json\/wp\/v2\/media\/1759"}],"wp:attachment":[{"href":"https:\/\/www.martel.ch\/cms\/wp-json\/wp\/v2\/media?parent=1758"}],"wp:term":[{"taxonomy":"category","embeddable":true,"href":"https:\/\/www.martel.ch\/cms\/wp-json\/wp\/v2\/categories?post=1758"},{"taxonomy":"post_tag","embeddable":true,"href":"https:\/\/www.martel.ch\/cms\/wp-json\/wp\/v2\/tags?post=1758"},{"taxonomy":"author","embeddable":true,"href":"https:\/\/www.martel.ch\/cms\/wp-json\/wp\/v2\/coauthors?post=1758"}],"curies":[{"name":"wp","href":"https:\/\/api.w.org\/{rel}","templated":true}]}}