{"id":18671,"date":"2023-03-01T11:35:40","date_gmt":"2023-03-01T10:35:40","guid":{"rendered":"https:\/\/www.martel.ch\/cms\/?p=18671"},"modified":"2023-06-12T11:45:53","modified_gmt":"2023-06-12T09:45:53","slug":"corimbo-vinas-del-levante-2018","status":"publish","type":"post","link":"https:\/\/www.martel.ch\/cms\/weinwissen\/weinmagazin\/rueckblick\/corimbo-vinas-del-levante-2018\/","title":{"rendered":"Corimbo Vi\u00f1as del Levante 2018"},"content":{"rendered":"\n<p><strong>Caramba!<\/strong> Mir gef\u00e4llt in Spanien, wie die Menschen dort das Leben in vollen Z\u00fcgen geniessen und sichtbar stolz sind auf ihr Essen und ihren Wein. Noch so gern lasse ich mich in einer Tapas-Bar oder in einem Restaurant mitreissen von dieser \u00fcberschw\u00e4nglichen und manchmal fast \u00fcberbordenden Lebensfreude. Besonders in Erinnerung bleibt mir das laute Stimmengewirr sp\u00e4tnachts in historischen Zentren: Caramba!<\/p>\n\n\n\n<p>\u00abWichtig ist bei uns vor allem, dass man gemeinsam Zeit verbringt\u00bb, sagte mir k\u00fcrzlich eine Winzerin aus Spanien. Ein Beweis daf\u00fcr ist die spanische K\u00fcche, wo viel geteilt wird, Paella zum Beispiel. Gemeinsam das Leben feiern: Dazu geh\u00f6rt einfach ein guter, m\u00f6glichst typischer Wein.<\/p>\n\n\n\n<p>Der Corimbo Vi\u00f1as del Levante ist ein Lagenwein aus der erstklassigen Region Ribera del Duero, den wir bei unseren Freunden der Bodegas La Horra exklusiv f\u00fcr Schweizer Corimbo-Freunde sichern konnten. Wir bieten diesen einmaligen Wein zum Freundschaftspreis an \u2013 solange es davon hat und ohne die M\u00f6glichkeit, vom Wein nachzukaufen.<\/p>\n\n\n\n<p>Salud,<br>Jan Martel<\/p>\n\n\n\n<p><\/p>\n\n\n\n<p><strong>Diese Aktion ist abgelaufen. <\/strong><\/p>\n\n\n\n<p><\/p>\n\n\n\n<h2 class=\"wp-block-heading\">Unser Favorit<\/h2>\n\n\n\n<p><strong><br><\/strong>Die <strong>Corimbo-Weine<\/strong> stammen von der Bodegas La Horra im Ribera del Duero. Das Weingut geh\u00f6rt den gleichen Besitzern wie das bekannte Weingut <strong>Roda <\/strong>im Rioja. Eine langj\u00e4hrige und erfolgreiche Zusammenarbeit verbindet uns mit Agust\u00ecn Santolaya, der die beiden Bodegas f\u00fchrt. Bei der gemeinsamen Degustation der verschiedenen Corimbo-Lagen zusammen mit Agust\u00ecn reifte die Idee, als einmalige Aktion beim Jahrgang 2018 unsere bevorzugte Lage Vi\u00f1as del Levante separat f\u00fcr Martel abzuf\u00fcllen. Vi\u00f1as del Levante steht f\u00fcr \u201eRebberg des Morgenlands\u201c und heisst so, weil es die \u00f6stlichste Lage des Weinguts ist. Uns \u00fcberzeugten die Frische und Eleganz dieses Crus und seine f\u00fcr Ribera del Duero so typischen Tannine. Diese erstklassige Selektion steht f\u00fcr die langj\u00e4hrige Freundschaft der Bodega Roda und der Bodega La Horra mit Martel.<\/p>\n\n\n\n<h2 class=\"wp-block-heading\">Sommerfrische im Wein <\/h2>\n\n\n\n<p><strong><br><\/strong>2018 bescherten kalte Temperaturen und Schnee Anfang des Jahres den Reben die n\u00f6tige Winterruhe. Ein regenreicher Fr\u00fchling beschleunigte einerseits das Wachstum, andererseits sorgte er f\u00fcr ausreichend Wasserreserven im Boden f\u00fcr die kommenden trockenen und heissen Sommermonate. Dank der H\u00f6henlage des Ribera del Duero (die Corimbo-Reben liegen rund 800 Meter \u00fcber Meer) k\u00fchlen die Temperaturen \u00fcber Nacht stark ab. Dies hilft, Aromen und S\u00e4uren zu bewahren.<\/p>\n\n\n\n<p><\/p>\n\n\n\n<h2 class=\"wp-block-heading\">Typisch und langlebig<\/h2>\n\n\n\n<p><br>Ribera del Duero ist eines der besten Weingebiete Spaniens. Unser <strong>Corimbo Vi\u00f1as del Levante<\/strong> zeigt eine reife und gleichzeitig k\u00fchle Aromatik. Diese unterst\u00fctzt die Eleganz. Uns gefallen die typisch griffigen Tannine. Sie machen diesen Wein zum perfekten Essensbegleiter. Mit Jahrgang 2018 ist der Vi\u00f1as del Levante ein noch sehr junger Wein, der erst ganz am Anfang seiner Entwicklung steht. Er dankt es Ihnen, wenn Sie ihm noch zwei oder drei Jahre Zeit geben. Wenn Sie aber nicht widerstehen k\u00f6nnen, empfehlen wir Ihnen, die Flasche einige Stunden vor dem Geniessen zu dekantieren. Der Wein wird so milder und gewinnt an Ausdruck. Der Corimbo Vi\u00f1as del Levante reift sehr lange. Ein Wein, den Sie nur bei Martel erhalten. <\/p>\n\n\n\n<p><strong>Dieser Wein war schnell ausverkauft. <a href=\"https:\/\/www.martel.ch\/wein\/?filter=winzer,corimbo-la-horra\">Hier<\/a> finden Sie weitere Weine von Corimbo. <\/strong><\/p>\n","protected":false},"excerpt":{"rendered":"","protected":false},"author":2,"featured_media":18673,"comment_status":"closed","ping_status":"closed","sticky":false,"template":"","format":"standard","meta":{"_acf_changed":false,"inline_featured_image":false,"footnotes":""},"categories":[431],"tags":[],"coauthors":[474],"class_list":["post-18671","post","type-post","status-publish","format-standard","has-post-thumbnail","hentry","category-rueckblick"],"acf":{"inhaltselemente":null},"yoast_head":"<!-- This site is optimized with the Yoast SEO plugin v27.5 - https:\/\/yoast.com\/product\/yoast-seo-wordpress\/ -->\n<title>Corimbo Vi\u00f1as del Levante 2018 | Martel Weine<\/title>\n<meta name=\"description\" content=\"Corimbo Vi\u00f1as del Levante 2018 - Der Corimbo Vi\u00f1as del Levante ist ein Lagenwein aus der erstklassigen Region Ribera del Duero\" \/>\n<meta name=\"robots\" content=\"index, follow, max-snippet:-1, max-image-preview:large, max-video-preview:-1\" \/>\n<link rel=\"canonical\" href=\"https:\/\/www.martel.ch\/cms\/weinwissen\/weinmagazin\/rueckblick\/corimbo-vinas-del-levante-2018\/\" \/>\n<meta property=\"og:locale\" content=\"de_DE\" \/>\n<meta property=\"og:type\" content=\"article\" \/>\n<meta property=\"og:title\" content=\"Corimbo Vi\u00f1as del Levante 2018 | Martel Weine\" \/>\n<meta property=\"og:description\" content=\"Corimbo Vi\u00f1as del Levante 2018 - Der Corimbo Vi\u00f1as del Levante ist ein Lagenwein aus der erstklassigen Region Ribera del Duero\" \/>\n<meta property=\"og:url\" content=\"https:\/\/www.martel.ch\/cms\/weinwissen\/weinmagazin\/rueckblick\/corimbo-vinas-del-levante-2018\/\" \/>\n<meta property=\"og:site_name\" content=\"Martel\" \/>\n<meta property=\"article:publisher\" content=\"https:\/\/www.facebook.com\/pages\/Martel-AG-St-Gallen\/233396026691876\" \/>\n<meta property=\"article:published_time\" content=\"2023-03-01T10:35:40+00:00\" \/>\n<meta property=\"article:modified_time\" content=\"2023-06-12T09:45:53+00:00\" \/>\n<meta property=\"og:image\" content=\"https:\/\/www.martel.ch\/cms\/wp-content\/uploads\/2023\/03\/A6_05_Corimbo_Web2-854x569.jpg\" \/>\n\t<meta property=\"og:image:width\" content=\"854\" \/>\n\t<meta property=\"og:image:height\" content=\"569\" \/>\n\t<meta property=\"og:image:type\" content=\"image\/jpeg\" \/>\n<meta name=\"author\" content=\"Aktionstext\" \/>\n<meta name=\"twitter:card\" content=\"summary_large_image\" \/>\n<meta name=\"twitter:creator\" content=\"@martel_weinwelt\" \/>\n<meta name=\"twitter:site\" content=\"@martel_weinwelt\" \/>\n<meta name=\"twitter:label1\" content=\"Geschrieben von\" \/>\n\t<meta name=\"twitter:data1\" content=\"Aktionstext\" \/>\n\t<meta name=\"twitter:label2\" content=\"Gesch\u00e4tzte Lesezeit\" \/>\n\t<meta name=\"twitter:data2\" content=\"3\u00a0Minuten\" \/>\n\t<meta name=\"twitter:label3\" content=\"Written by\" \/>\n\t<meta name=\"twitter:data3\" content=\"Aktionstext\" \/>\n<script type=\"application\/ld+json\" class=\"yoast-schema-graph\">{\"@context\":\"https:\\\/\\\/schema.org\",\"@graph\":[{\"@type\":\"Article\",\"@id\":\"https:\\\/\\\/www.martel.ch\\\/cms\\\/weinwissen\\\/weinmagazin\\\/rueckblick\\\/corimbo-vinas-del-levante-2018\\\/#article\",\"isPartOf\":{\"@id\":\"https:\\\/\\\/www.martel.ch\\\/cms\\\/weinwissen\\\/weinmagazin\\\/rueckblick\\\/corimbo-vinas-del-levante-2018\\\/\"},\"author\":{\"name\":\"Aktionstext\",\"@id\":\"https:\\\/\\\/www.martel.ch\\\/cms\\\/#\\\/schema\\\/person\\\/3464c81d9493adb03d862579dda417cc\"},\"headline\":\"Corimbo Vi\u00f1as del Levante 2018\",\"datePublished\":\"2023-03-01T10:35:40+00:00\",\"dateModified\":\"2023-06-12T09:45:53+00:00\",\"mainEntityOfPage\":{\"@id\":\"https:\\\/\\\/www.martel.ch\\\/cms\\\/weinwissen\\\/weinmagazin\\\/rueckblick\\\/corimbo-vinas-del-levante-2018\\\/\"},\"wordCount\":523,\"publisher\":{\"@id\":\"https:\\\/\\\/www.martel.ch\\\/cms\\\/#organization\"},\"image\":{\"@id\":\"https:\\\/\\\/www.martel.ch\\\/cms\\\/weinwissen\\\/weinmagazin\\\/rueckblick\\\/corimbo-vinas-del-levante-2018\\\/#primaryimage\"},\"thumbnailUrl\":\"https:\\\/\\\/www.martel.ch\\\/cms\\\/wp-content\\\/uploads\\\/2023\\\/03\\\/A6_05_Corimbo_Web2.jpg\",\"articleSection\":[\"R\u00fcckblick\"],\"inLanguage\":\"de-CH\"},{\"@type\":\"WebPage\",\"@id\":\"https:\\\/\\\/www.martel.ch\\\/cms\\\/weinwissen\\\/weinmagazin\\\/rueckblick\\\/corimbo-vinas-del-levante-2018\\\/\",\"url\":\"https:\\\/\\\/www.martel.ch\\\/cms\\\/weinwissen\\\/weinmagazin\\\/rueckblick\\\/corimbo-vinas-del-levante-2018\\\/\",\"name\":\"Corimbo Vi\u00f1as del Levante 2018 | Martel Weine\",\"isPartOf\":{\"@id\":\"https:\\\/\\\/www.martel.ch\\\/cms\\\/#website\"},\"primaryImageOfPage\":{\"@id\":\"https:\\\/\\\/www.martel.ch\\\/cms\\\/weinwissen\\\/weinmagazin\\\/rueckblick\\\/corimbo-vinas-del-levante-2018\\\/#primaryimage\"},\"image\":{\"@id\":\"https:\\\/\\\/www.martel.ch\\\/cms\\\/weinwissen\\\/weinmagazin\\\/rueckblick\\\/corimbo-vinas-del-levante-2018\\\/#primaryimage\"},\"thumbnailUrl\":\"https:\\\/\\\/www.martel.ch\\\/cms\\\/wp-content\\\/uploads\\\/2023\\\/03\\\/A6_05_Corimbo_Web2.jpg\",\"datePublished\":\"2023-03-01T10:35:40+00:00\",\"dateModified\":\"2023-06-12T09:45:53+00:00\",\"description\":\"Corimbo Vi\u00f1as del Levante 2018 - Der Corimbo Vi\u00f1as del Levante ist ein Lagenwein aus der erstklassigen Region Ribera del Duero\",\"breadcrumb\":{\"@id\":\"https:\\\/\\\/www.martel.ch\\\/cms\\\/weinwissen\\\/weinmagazin\\\/rueckblick\\\/corimbo-vinas-del-levante-2018\\\/#breadcrumb\"},\"inLanguage\":\"de-CH\",\"potentialAction\":[{\"@type\":\"ReadAction\",\"target\":[\"https:\\\/\\\/www.martel.ch\\\/cms\\\/weinwissen\\\/weinmagazin\\\/rueckblick\\\/corimbo-vinas-del-levante-2018\\\/\"]}]},{\"@type\":\"ImageObject\",\"inLanguage\":\"de-CH\",\"@id\":\"https:\\\/\\\/www.martel.ch\\\/cms\\\/weinwissen\\\/weinmagazin\\\/rueckblick\\\/corimbo-vinas-del-levante-2018\\\/#primaryimage\",\"url\":\"https:\\\/\\\/www.martel.ch\\\/cms\\\/wp-content\\\/uploads\\\/2023\\\/03\\\/A6_05_Corimbo_Web2.jpg\",\"contentUrl\":\"https:\\\/\\\/www.martel.ch\\\/cms\\\/wp-content\\\/uploads\\\/2023\\\/03\\\/A6_05_Corimbo_Web2.jpg\",\"width\":2000,\"height\":1333,\"caption\":\"Corimbo Vi\u00f1as del Levante 2018\"},{\"@type\":\"BreadcrumbList\",\"@id\":\"https:\\\/\\\/www.martel.ch\\\/cms\\\/weinwissen\\\/weinmagazin\\\/rueckblick\\\/corimbo-vinas-del-levante-2018\\\/#breadcrumb\",\"itemListElement\":[{\"@type\":\"ListItem\",\"position\":1,\"name\":\"Startseite\",\"item\":\"https:\\\/\\\/www.martel.ch\\\/cms\\\/\"},{\"@type\":\"ListItem\",\"position\":2,\"name\":\"Corimbo Vi\u00f1as del Levante 2018\"}]},{\"@type\":\"WebSite\",\"@id\":\"https:\\\/\\\/www.martel.ch\\\/cms\\\/#website\",\"url\":\"https:\\\/\\\/www.martel.ch\\\/cms\\\/\",\"name\":\"Martel\",\"description\":\"F\u00fcr Weinbegeisterte und die, die es werden m\u00f6chten.\",\"publisher\":{\"@id\":\"https:\\\/\\\/www.martel.ch\\\/cms\\\/#organization\"},\"potentialAction\":[{\"@type\":\"SearchAction\",\"target\":{\"@type\":\"EntryPoint\",\"urlTemplate\":\"https:\\\/\\\/www.martel.ch\\\/cms\\\/?s={search_term_string}\"},\"query-input\":{\"@type\":\"PropertyValueSpecification\",\"valueRequired\":true,\"valueName\":\"search_term_string\"}}],\"inLanguage\":\"de-CH\"},{\"@type\":\"Organization\",\"@id\":\"https:\\\/\\\/www.martel.ch\\\/cms\\\/#organization\",\"name\":\"Martel AG St.Gallen\",\"url\":\"https:\\\/\\\/www.martel.ch\\\/cms\\\/\",\"logo\":{\"@type\":\"ImageObject\",\"inLanguage\":\"de-CH\",\"@id\":\"https:\\\/\\\/www.martel.ch\\\/cms\\\/#\\\/schema\\\/logo\\\/image\\\/\",\"url\":\"https:\\\/\\\/www.martel.ch\\\/cms\\\/wp-content\\\/uploads\\\/2019\\\/02\\\/martel-logo.png\",\"contentUrl\":\"https:\\\/\\\/www.martel.ch\\\/cms\\\/wp-content\\\/uploads\\\/2019\\\/02\\\/martel-logo.png\",\"width\":600,\"height\":600,\"caption\":\"Martel AG St.Gallen\"},\"image\":{\"@id\":\"https:\\\/\\\/www.martel.ch\\\/cms\\\/#\\\/schema\\\/logo\\\/image\\\/\"},\"sameAs\":[\"https:\\\/\\\/www.facebook.com\\\/pages\\\/Martel-AG-St-Gallen\\\/233396026691876\",\"https:\\\/\\\/x.com\\\/martel_weinwelt\",\"https:\\\/\\\/www.instagram.com\\\/martel_weinwelt\\\/\",\"https:\\\/\\\/www.linkedin.com\\\/company\\\/martel-ag-st-gallen\",\"https:\\\/\\\/www.pinterest.ch\\\/martel_weinwelt\"]},{\"@type\":\"Person\",\"@id\":\"https:\\\/\\\/www.martel.ch\\\/cms\\\/#\\\/schema\\\/person\\\/3464c81d9493adb03d862579dda417cc\",\"name\":\"Aktionstext\",\"image\":{\"@type\":\"ImageObject\",\"inLanguage\":\"de-CH\",\"@id\":\"https:\\\/\\\/secure.gravatar.com\\\/avatar\\\/d2fcd71efade94aaf5442b68e9c44d588bfbfa0e3529b37e084f2a91243a522d?s=96&d=mm&r=gd9adba075220666de6dbe752e08cf44c\",\"url\":\"https:\\\/\\\/secure.gravatar.com\\\/avatar\\\/d2fcd71efade94aaf5442b68e9c44d588bfbfa0e3529b37e084f2a91243a522d?s=96&d=mm&r=g\",\"contentUrl\":\"https:\\\/\\\/secure.gravatar.com\\\/avatar\\\/d2fcd71efade94aaf5442b68e9c44d588bfbfa0e3529b37e084f2a91243a522d?s=96&d=mm&r=g\",\"caption\":\"Aktionstext\"}}]}<\/script>\n<!-- \/ Yoast SEO plugin. -->","yoast_head_json":{"title":"Corimbo Vi\u00f1as del Levante 2018 | Martel Weine","description":"Corimbo Vi\u00f1as del Levante 2018 - Der Corimbo Vi\u00f1as del Levante ist ein Lagenwein aus der erstklassigen Region Ribera del Duero","robots":{"index":"index","follow":"follow","max-snippet":"max-snippet:-1","max-image-preview":"max-image-preview:large","max-video-preview":"max-video-preview:-1"},"canonical":"https:\/\/www.martel.ch\/cms\/weinwissen\/weinmagazin\/rueckblick\/corimbo-vinas-del-levante-2018\/","og_locale":"de_DE","og_type":"article","og_title":"Corimbo Vi\u00f1as del Levante 2018 | Martel Weine","og_description":"Corimbo Vi\u00f1as del Levante 2018 - Der Corimbo Vi\u00f1as del Levante ist ein Lagenwein aus der erstklassigen Region Ribera del Duero","og_url":"https:\/\/www.martel.ch\/cms\/weinwissen\/weinmagazin\/rueckblick\/corimbo-vinas-del-levante-2018\/","og_site_name":"Martel","article_publisher":"https:\/\/www.facebook.com\/pages\/Martel-AG-St-Gallen\/233396026691876","article_published_time":"2023-03-01T10:35:40+00:00","article_modified_time":"2023-06-12T09:45:53+00:00","og_image":[{"width":854,"height":569,"url":"https:\/\/www.martel.ch\/cms\/wp-content\/uploads\/2023\/03\/A6_05_Corimbo_Web2-854x569.jpg","type":"image\/jpeg"}],"author":"Aktionstext","twitter_card":"summary_large_image","twitter_creator":"@martel_weinwelt","twitter_site":"@martel_weinwelt","twitter_misc":{"Geschrieben von":"Aktionstext","Gesch\u00e4tzte Lesezeit":"3\u00a0Minuten","Written by":"Aktionstext"},"schema":{"@context":"https:\/\/schema.org","@graph":[{"@type":"Article","@id":"https:\/\/www.martel.ch\/cms\/weinwissen\/weinmagazin\/rueckblick\/corimbo-vinas-del-levante-2018\/#article","isPartOf":{"@id":"https:\/\/www.martel.ch\/cms\/weinwissen\/weinmagazin\/rueckblick\/corimbo-vinas-del-levante-2018\/"},"author":{"name":"Aktionstext","@id":"https:\/\/www.martel.ch\/cms\/#\/schema\/person\/3464c81d9493adb03d862579dda417cc"},"headline":"Corimbo Vi\u00f1as del Levante 2018","datePublished":"2023-03-01T10:35:40+00:00","dateModified":"2023-06-12T09:45:53+00:00","mainEntityOfPage":{"@id":"https:\/\/www.martel.ch\/cms\/weinwissen\/weinmagazin\/rueckblick\/corimbo-vinas-del-levante-2018\/"},"wordCount":523,"publisher":{"@id":"https:\/\/www.martel.ch\/cms\/#organization"},"image":{"@id":"https:\/\/www.martel.ch\/cms\/weinwissen\/weinmagazin\/rueckblick\/corimbo-vinas-del-levante-2018\/#primaryimage"},"thumbnailUrl":"https:\/\/www.martel.ch\/cms\/wp-content\/uploads\/2023\/03\/A6_05_Corimbo_Web2.jpg","articleSection":["R\u00fcckblick"],"inLanguage":"de-CH"},{"@type":"WebPage","@id":"https:\/\/www.martel.ch\/cms\/weinwissen\/weinmagazin\/rueckblick\/corimbo-vinas-del-levante-2018\/","url":"https:\/\/www.martel.ch\/cms\/weinwissen\/weinmagazin\/rueckblick\/corimbo-vinas-del-levante-2018\/","name":"Corimbo Vi\u00f1as del Levante 2018 | Martel Weine","isPartOf":{"@id":"https:\/\/www.martel.ch\/cms\/#website"},"primaryImageOfPage":{"@id":"https:\/\/www.martel.ch\/cms\/weinwissen\/weinmagazin\/rueckblick\/corimbo-vinas-del-levante-2018\/#primaryimage"},"image":{"@id":"https:\/\/www.martel.ch\/cms\/weinwissen\/weinmagazin\/rueckblick\/corimbo-vinas-del-levante-2018\/#primaryimage"},"thumbnailUrl":"https:\/\/www.martel.ch\/cms\/wp-content\/uploads\/2023\/03\/A6_05_Corimbo_Web2.jpg","datePublished":"2023-03-01T10:35:40+00:00","dateModified":"2023-06-12T09:45:53+00:00","description":"Corimbo Vi\u00f1as del Levante 2018 - Der Corimbo Vi\u00f1as del Levante ist ein Lagenwein aus der erstklassigen Region Ribera del Duero","breadcrumb":{"@id":"https:\/\/www.martel.ch\/cms\/weinwissen\/weinmagazin\/rueckblick\/corimbo-vinas-del-levante-2018\/#breadcrumb"},"inLanguage":"de-CH","potentialAction":[{"@type":"ReadAction","target":["https:\/\/www.martel.ch\/cms\/weinwissen\/weinmagazin\/rueckblick\/corimbo-vinas-del-levante-2018\/"]}]},{"@type":"ImageObject","inLanguage":"de-CH","@id":"https:\/\/www.martel.ch\/cms\/weinwissen\/weinmagazin\/rueckblick\/corimbo-vinas-del-levante-2018\/#primaryimage","url":"https:\/\/www.martel.ch\/cms\/wp-content\/uploads\/2023\/03\/A6_05_Corimbo_Web2.jpg","contentUrl":"https:\/\/www.martel.ch\/cms\/wp-content\/uploads\/2023\/03\/A6_05_Corimbo_Web2.jpg","width":2000,"height":1333,"caption":"Corimbo Vi\u00f1as del Levante 2018"},{"@type":"BreadcrumbList","@id":"https:\/\/www.martel.ch\/cms\/weinwissen\/weinmagazin\/rueckblick\/corimbo-vinas-del-levante-2018\/#breadcrumb","itemListElement":[{"@type":"ListItem","position":1,"name":"Startseite","item":"https:\/\/www.martel.ch\/cms\/"},{"@type":"ListItem","position":2,"name":"Corimbo Vi\u00f1as del Levante 2018"}]},{"@type":"WebSite","@id":"https:\/\/www.martel.ch\/cms\/#website","url":"https:\/\/www.martel.ch\/cms\/","name":"Martel","description":"F\u00fcr Weinbegeisterte und die, die es werden m\u00f6chten.","publisher":{"@id":"https:\/\/www.martel.ch\/cms\/#organization"},"potentialAction":[{"@type":"SearchAction","target":{"@type":"EntryPoint","urlTemplate":"https:\/\/www.martel.ch\/cms\/?s={search_term_string}"},"query-input":{"@type":"PropertyValueSpecification","valueRequired":true,"valueName":"search_term_string"}}],"inLanguage":"de-CH"},{"@type":"Organization","@id":"https:\/\/www.martel.ch\/cms\/#organization","name":"Martel AG St.Gallen","url":"https:\/\/www.martel.ch\/cms\/","logo":{"@type":"ImageObject","inLanguage":"de-CH","@id":"https:\/\/www.martel.ch\/cms\/#\/schema\/logo\/image\/","url":"https:\/\/www.martel.ch\/cms\/wp-content\/uploads\/2019\/02\/martel-logo.png","contentUrl":"https:\/\/www.martel.ch\/cms\/wp-content\/uploads\/2019\/02\/martel-logo.png","width":600,"height":600,"caption":"Martel AG St.Gallen"},"image":{"@id":"https:\/\/www.martel.ch\/cms\/#\/schema\/logo\/image\/"},"sameAs":["https:\/\/www.facebook.com\/pages\/Martel-AG-St-Gallen\/233396026691876","https:\/\/x.com\/martel_weinwelt","https:\/\/www.instagram.com\/martel_weinwelt\/","https:\/\/www.linkedin.com\/company\/martel-ag-st-gallen","https:\/\/www.pinterest.ch\/martel_weinwelt"]},{"@type":"Person","@id":"https:\/\/www.martel.ch\/cms\/#\/schema\/person\/3464c81d9493adb03d862579dda417cc","name":"Aktionstext","image":{"@type":"ImageObject","inLanguage":"de-CH","@id":"https:\/\/secure.gravatar.com\/avatar\/d2fcd71efade94aaf5442b68e9c44d588bfbfa0e3529b37e084f2a91243a522d?s=96&d=mm&r=gd9adba075220666de6dbe752e08cf44c","url":"https:\/\/secure.gravatar.com\/avatar\/d2fcd71efade94aaf5442b68e9c44d588bfbfa0e3529b37e084f2a91243a522d?s=96&d=mm&r=g","contentUrl":"https:\/\/secure.gravatar.com\/avatar\/d2fcd71efade94aaf5442b68e9c44d588bfbfa0e3529b37e084f2a91243a522d?s=96&d=mm&r=g","caption":"Aktionstext"}}]}},"_links":{"self":[{"href":"https:\/\/www.martel.ch\/cms\/wp-json\/wp\/v2\/posts\/18671","targetHints":{"allow":["GET"]}}],"collection":[{"href":"https:\/\/www.martel.ch\/cms\/wp-json\/wp\/v2\/posts"}],"about":[{"href":"https:\/\/www.martel.ch\/cms\/wp-json\/wp\/v2\/types\/post"}],"author":[{"embeddable":true,"href":"https:\/\/www.martel.ch\/cms\/wp-json\/wp\/v2\/users\/2"}],"replies":[{"embeddable":true,"href":"https:\/\/www.martel.ch\/cms\/wp-json\/wp\/v2\/comments?post=18671"}],"version-history":[{"count":5,"href":"https:\/\/www.martel.ch\/cms\/wp-json\/wp\/v2\/posts\/18671\/revisions"}],"predecessor-version":[{"id":18685,"href":"https:\/\/www.martel.ch\/cms\/wp-json\/wp\/v2\/posts\/18671\/revisions\/18685"}],"wp:featuredmedia":[{"embeddable":true,"href":"https:\/\/www.martel.ch\/cms\/wp-json\/wp\/v2\/media\/18673"}],"wp:attachment":[{"href":"https:\/\/www.martel.ch\/cms\/wp-json\/wp\/v2\/media?parent=18671"}],"wp:term":[{"taxonomy":"category","embeddable":true,"href":"https:\/\/www.martel.ch\/cms\/wp-json\/wp\/v2\/categories?post=18671"},{"taxonomy":"post_tag","embeddable":true,"href":"https:\/\/www.martel.ch\/cms\/wp-json\/wp\/v2\/tags?post=18671"},{"taxonomy":"author","embeddable":true,"href":"https:\/\/www.martel.ch\/cms\/wp-json\/wp\/v2\/coauthors?post=18671"}],"curies":[{"name":"wp","href":"https:\/\/api.w.org\/{rel}","templated":true}]}}