{"id":2050,"date":"2021-01-20T09:57:59","date_gmt":"2021-01-20T08:57:59","guid":{"rendered":"\/cms\/?p=2050"},"modified":"2022-08-24T11:38:07","modified_gmt":"2022-08-24T09:38:07","slug":"musik-im-weinkeller-ein-neuer-trend","status":"publish","type":"post","link":"https:\/\/www.martel.ch\/cms\/weinwissen\/weinmagazin\/martel-schenkt-ein\/musik-im-weinkeller-ein-neuer-trend\/","title":{"rendered":"Musik im Weinkeller \u2013 ein neuer Trend"},"content":{"rendered":"\n<p>Musik ist in unserem Leben stets pr\u00e4sent. Von Klassik \u00fcber Pop bis Rock. Aber warum h\u00f6ren wir Musik und was macht Musik mit uns?<\/p>\n\n\n\n<p>Musik kann uns zum Weinen bringen. Sie kann uns beim Sport zu H\u00f6chstleistungen antreiben. Sie beruhigt uns, macht uns gl\u00fccklich oder \u00e4ngstlich. Nur eines tut Musik nie: Sie l\u00e4sst uns niemals kalt. Die gleiche Eigenschaft wird auch dem Wein nachgesagt.<\/p>\n\n\n\n<h2 class=\"wp-block-heading\">Musik und Wein<\/h2>\n\n\n\n<p>Kann die Musik auch Wein beeinflussen? Einige Winzer sind davon \u00fcberzeugt.<\/p>\n\n\n\n<p>So zum Beispiel Mounir Saouma, der Produzent und Gutsleiter von Lucien Le Moine im Burgund und Rotem &amp; Mounir Saouma in Ch\u00e2teauneuf-du-Pape. Bei meinem ersten Besuch im Burgund konnte ich in seinem Weinkeller in Beaune vorbeischauen.<\/p>\n\n\n\n<p>Kaum \u00f6ffnete sich das Weinkeller-Tor, wurde ich von einer Bach-Arie berieselt. So fragte ich ihn neugierig, w\u00e4hrend wir die ersten Weine degustierten, warum im Hintergrund die ganze Zeit klassische Musik laufe.<\/p>\n\n\n\n<p>&#171;Der Wein wird rund um die Uhr beschallt&#187;, erkl\u00e4rte mir Mounir. &#171;Durch die Musik w\u00e4hrend des Reifeprozesses wird er harmonischer und ausgeglichener.&#187; Der Winzer ist \u00fcberzeugt, dass man den Wein w\u00e4hrend der Reifung in den Pi\u00e8ces, so wenig wie m\u00f6glich \u00abst\u00f6ren\u00bb (B\u00e2tonnage) soll.<\/p>\n\n\n\n<h2 class=\"wp-block-heading\">B\u00e2tonnage mit Musik<\/h2>\n\n\n\n<p>Die B\u00e2tonnage soll die klassische Musik mit ihren Schallwellen \u00fcbernehmen. Die Schallwellen sind Schwingungen, die sich nicht nur durch die Luft, sondern auch in Fl\u00fcssigkeiten, wie z.B. Wein in Holzf\u00e4ssern, ausbreiten k\u00f6nnen. Sie sollen helfen, die Hefen in der Schwebe zu halten. Somit haben sie eine Wirkung auf die Reifung des Weines. So jedenfalls lautet seine Hypothese.<\/p>\n\n\n\n<h2 class=\"wp-block-heading\">Die Wirkung von Musik<\/h2>\n\n\n\n<p>Die Wirkung von Musik auf biologische Systeme ist kein Novum. Musik ist ein sehr intensives und emotionales Kommunikationsmittel. Als solches findet sie auch in der Humanmedizin Anwendung, z.B. in der Musiktherapie.<\/p>\n\n\n\n<p>Sie wird auch in einem bestimmten Umfang bei Tieren angewendet. So ist die Beschallung von Milchk\u00fchen mit Musik zur Steigerung der Milchproduktion bekannt. W\u00e4hrend man bei den Hefen und Bakterien davon ausgehen kann, dass sie kein Geh\u00f6r haben, ist das bei K\u00fchen nat\u00fcrlich anders.<\/p>\n\n\n\n<p>Was sich da allerdings auf molekularer Ebene tut, ist v\u00f6llig unbekannt und Gegenstand der Forschung. Vielleicht geben ja so einfache Systeme wie G\u00e4rhefen oder -bakterien (z.B. malolaktische G\u00e4rung) eines Tages wichtige Aufschl\u00fcsse \u00fcber den Effekt der Musik in der Biologie.<\/p>\n\n\n\n<h2 class=\"wp-block-heading\">Ein neuer Trend<\/h2>\n\n\n\n<p>Es gibt sogar Winzer, die noch einen Schritt weiter gehen und Lautsprecher direkt in den Reifebeh\u00e4lter anbringen.<\/p>\n\n\n\n<p>Produzenten in Italien, Frankreich, \u00d6sterreich und S\u00fcdafrika lassen ihre Weinberge mit klassischer Musik beschallen. Dies soll die Pflanzen st\u00e4rken und das Traubengut fr\u00fcher reifen lassen. Zudem br\u00e4uchten sie weniger Schutzmittel gegen Sch\u00e4dlinge und Krankheiten.<\/p>\n\n\n\n<p>Leider muss ich die Liebhaber von Hardrock und Elektro Musik entt\u00e4uschen \u2013 praktische Versuche haben gezeigt, dass vor allem die klassische Musik f\u00fcr die Beschallung von Weinbergen und Weinkeller geeignet ist. Als Alternative liesse sich noch am ehesten Jazz anwenden.<\/p>\n\n\n\n<p>Ob mit oder ohne Musik &#8211; am Ende entscheidet der ganz pers\u00f6nliche Geschmack. Meiner ist von der Erstklassigkeit der Saouma Weine \u00fcberzeugt.<\/p>\n\n\n\n<div class=\"wp-block-buttons is-layout-flex wp-block-buttons-is-layout-flex\">\n<div class=\"wp-block-button\"><a class=\"wp-block-button__link\" href=\"https:\/\/www.martel.ch\/shop\/wein\/winzer\/rotem-+-mounir-saouma-lucien-le-moine.html\">Mounir Saoumas Weine im Shop<\/a><\/div>\n<\/div>\n","protected":false},"excerpt":{"rendered":"","protected":false},"author":38,"featured_media":2051,"comment_status":"closed","ping_status":"closed","sticky":false,"template":"","format":"standard","meta":{"_acf_changed":false,"inline_featured_image":false,"footnotes":""},"categories":[449,57],"tags":[],"coauthors":[],"class_list":["post-2050","post","type-post","status-publish","format-standard","has-post-thumbnail","hentry","category-alle","category-martel-schenkt-ein"],"acf":{"inhaltselemente":null},"yoast_head":"<!-- This site is optimized with the Yoast SEO plugin v27.5 - https:\/\/yoast.com\/product\/yoast-seo-wordpress\/ -->\n<title>Musik im Weinkeller \u2013 ein neuer Trend | Martel Weine St.Gallen und Z\u00fcrich<\/title>\n<meta name=\"description\" content=\"Musik ist in unserem Leben stets pr\u00e4sent. Kann die Musik auch Wein beeinflussen? Einige Winzer sind davon \u00fcberzeugt.\" \/>\n<meta name=\"robots\" content=\"index, follow, max-snippet:-1, max-image-preview:large, max-video-preview:-1\" \/>\n<link rel=\"canonical\" href=\"https:\/\/www.martel.ch\/cms\/weinwissen\/weinmagazin\/martel-schenkt-ein\/musik-im-weinkeller-ein-neuer-trend\/\" \/>\n<meta property=\"og:locale\" content=\"de_DE\" \/>\n<meta property=\"og:type\" content=\"article\" \/>\n<meta property=\"og:title\" content=\"Musik im Weinkeller \u2013 ein neuer Trend | Martel Weine St.Gallen und Z\u00fcrich\" \/>\n<meta property=\"og:description\" content=\"Musik ist in unserem Leben stets pr\u00e4sent. Kann die Musik auch Wein beeinflussen? Einige Winzer sind davon \u00fcberzeugt.\" \/>\n<meta property=\"og:url\" content=\"https:\/\/www.martel.ch\/cms\/weinwissen\/weinmagazin\/martel-schenkt-ein\/musik-im-weinkeller-ein-neuer-trend\/\" \/>\n<meta property=\"og:site_name\" content=\"Martel\" \/>\n<meta property=\"article:publisher\" content=\"https:\/\/www.facebook.com\/pages\/Martel-AG-St-Gallen\/233396026691876\" \/>\n<meta property=\"article:published_time\" content=\"2021-01-20T08:57:59+00:00\" \/>\n<meta property=\"article:modified_time\" content=\"2022-08-24T09:38:07+00:00\" \/>\n<meta property=\"og:image\" content=\"https:\/\/www.martel.ch\/cms\/wp-content\/uploads\/2021\/01\/martel-unterwegs-musik-im-weinkeller.jpg\" \/>\n\t<meta property=\"og:image:width\" content=\"728\" \/>\n\t<meta property=\"og:image:height\" content=\"485\" \/>\n\t<meta property=\"og:image:type\" content=\"image\/jpeg\" \/>\n<meta name=\"author\" content=\"Vito Corrado\" \/>\n<meta name=\"twitter:card\" content=\"summary_large_image\" \/>\n<meta name=\"twitter:creator\" content=\"@martel_weinwelt\" \/>\n<meta name=\"twitter:site\" content=\"@martel_weinwelt\" \/>\n<meta name=\"twitter:label1\" content=\"Geschrieben von\" \/>\n\t<meta name=\"twitter:data1\" content=\"Vito Corrado\" \/>\n\t<meta name=\"twitter:label2\" content=\"Gesch\u00e4tzte Lesezeit\" \/>\n\t<meta name=\"twitter:data2\" content=\"3\u00a0Minuten\" \/>\n\t<meta name=\"twitter:label3\" content=\"Written by\" \/>\n\t<meta name=\"twitter:data3\" content=\"Vito Corrado\" \/>\n<script type=\"application\/ld+json\" class=\"yoast-schema-graph\">{\"@context\":\"https:\\\/\\\/schema.org\",\"@graph\":[{\"@type\":\"Article\",\"@id\":\"https:\\\/\\\/www.martel.ch\\\/cms\\\/weinwissen\\\/weinmagazin\\\/martel-schenkt-ein\\\/musik-im-weinkeller-ein-neuer-trend\\\/#article\",\"isPartOf\":{\"@id\":\"https:\\\/\\\/www.martel.ch\\\/cms\\\/weinwissen\\\/weinmagazin\\\/martel-schenkt-ein\\\/musik-im-weinkeller-ein-neuer-trend\\\/\"},\"author\":{\"name\":\"Vito Corrado\",\"@id\":\"https:\\\/\\\/www.martel.ch\\\/cms\\\/#\\\/schema\\\/person\\\/29a39afd907d06fdb4c754df70cc8cbd\"},\"headline\":\"Musik im Weinkeller \u2013 ein neuer Trend\",\"datePublished\":\"2021-01-20T08:57:59+00:00\",\"dateModified\":\"2022-08-24T09:38:07+00:00\",\"mainEntityOfPage\":{\"@id\":\"https:\\\/\\\/www.martel.ch\\\/cms\\\/weinwissen\\\/weinmagazin\\\/martel-schenkt-ein\\\/musik-im-weinkeller-ein-neuer-trend\\\/\"},\"wordCount\":533,\"publisher\":{\"@id\":\"https:\\\/\\\/www.martel.ch\\\/cms\\\/#organization\"},\"image\":{\"@id\":\"https:\\\/\\\/www.martel.ch\\\/cms\\\/weinwissen\\\/weinmagazin\\\/martel-schenkt-ein\\\/musik-im-weinkeller-ein-neuer-trend\\\/#primaryimage\"},\"thumbnailUrl\":\"https:\\\/\\\/www.martel.ch\\\/cms\\\/wp-content\\\/uploads\\\/2021\\\/01\\\/martel-unterwegs-musik-im-weinkeller.jpg\",\"articleSection\":[\"Alle\",\"Martel schenkt ein\"],\"inLanguage\":\"de-CH\"},{\"@type\":\"WebPage\",\"@id\":\"https:\\\/\\\/www.martel.ch\\\/cms\\\/weinwissen\\\/weinmagazin\\\/martel-schenkt-ein\\\/musik-im-weinkeller-ein-neuer-trend\\\/\",\"url\":\"https:\\\/\\\/www.martel.ch\\\/cms\\\/weinwissen\\\/weinmagazin\\\/martel-schenkt-ein\\\/musik-im-weinkeller-ein-neuer-trend\\\/\",\"name\":\"Musik im Weinkeller \u2013 ein neuer Trend | Martel Weine St.Gallen und Z\u00fcrich\",\"isPartOf\":{\"@id\":\"https:\\\/\\\/www.martel.ch\\\/cms\\\/#website\"},\"primaryImageOfPage\":{\"@id\":\"https:\\\/\\\/www.martel.ch\\\/cms\\\/weinwissen\\\/weinmagazin\\\/martel-schenkt-ein\\\/musik-im-weinkeller-ein-neuer-trend\\\/#primaryimage\"},\"image\":{\"@id\":\"https:\\\/\\\/www.martel.ch\\\/cms\\\/weinwissen\\\/weinmagazin\\\/martel-schenkt-ein\\\/musik-im-weinkeller-ein-neuer-trend\\\/#primaryimage\"},\"thumbnailUrl\":\"https:\\\/\\\/www.martel.ch\\\/cms\\\/wp-content\\\/uploads\\\/2021\\\/01\\\/martel-unterwegs-musik-im-weinkeller.jpg\",\"datePublished\":\"2021-01-20T08:57:59+00:00\",\"dateModified\":\"2022-08-24T09:38:07+00:00\",\"description\":\"Musik ist in unserem Leben stets pr\u00e4sent. Kann die Musik auch Wein beeinflussen? Einige Winzer sind davon \u00fcberzeugt.\",\"breadcrumb\":{\"@id\":\"https:\\\/\\\/www.martel.ch\\\/cms\\\/weinwissen\\\/weinmagazin\\\/martel-schenkt-ein\\\/musik-im-weinkeller-ein-neuer-trend\\\/#breadcrumb\"},\"inLanguage\":\"de-CH\",\"potentialAction\":[{\"@type\":\"ReadAction\",\"target\":[\"https:\\\/\\\/www.martel.ch\\\/cms\\\/weinwissen\\\/weinmagazin\\\/martel-schenkt-ein\\\/musik-im-weinkeller-ein-neuer-trend\\\/\"]}]},{\"@type\":\"ImageObject\",\"inLanguage\":\"de-CH\",\"@id\":\"https:\\\/\\\/www.martel.ch\\\/cms\\\/weinwissen\\\/weinmagazin\\\/martel-schenkt-ein\\\/musik-im-weinkeller-ein-neuer-trend\\\/#primaryimage\",\"url\":\"https:\\\/\\\/www.martel.ch\\\/cms\\\/wp-content\\\/uploads\\\/2021\\\/01\\\/martel-unterwegs-musik-im-weinkeller.jpg\",\"contentUrl\":\"https:\\\/\\\/www.martel.ch\\\/cms\\\/wp-content\\\/uploads\\\/2021\\\/01\\\/martel-unterwegs-musik-im-weinkeller.jpg\",\"width\":728,\"height\":485,\"caption\":\"Musik im Weinkeller\"},{\"@type\":\"BreadcrumbList\",\"@id\":\"https:\\\/\\\/www.martel.ch\\\/cms\\\/weinwissen\\\/weinmagazin\\\/martel-schenkt-ein\\\/musik-im-weinkeller-ein-neuer-trend\\\/#breadcrumb\",\"itemListElement\":[{\"@type\":\"ListItem\",\"position\":1,\"name\":\"Startseite\",\"item\":\"https:\\\/\\\/www.martel.ch\\\/cms\\\/\"},{\"@type\":\"ListItem\",\"position\":2,\"name\":\"Musik im Weinkeller \u2013 ein neuer Trend\"}]},{\"@type\":\"WebSite\",\"@id\":\"https:\\\/\\\/www.martel.ch\\\/cms\\\/#website\",\"url\":\"https:\\\/\\\/www.martel.ch\\\/cms\\\/\",\"name\":\"Martel\",\"description\":\"F\u00fcr Weinbegeisterte und die, die es werden m\u00f6chten.\",\"publisher\":{\"@id\":\"https:\\\/\\\/www.martel.ch\\\/cms\\\/#organization\"},\"potentialAction\":[{\"@type\":\"SearchAction\",\"target\":{\"@type\":\"EntryPoint\",\"urlTemplate\":\"https:\\\/\\\/www.martel.ch\\\/cms\\\/?s={search_term_string}\"},\"query-input\":{\"@type\":\"PropertyValueSpecification\",\"valueRequired\":true,\"valueName\":\"search_term_string\"}}],\"inLanguage\":\"de-CH\"},{\"@type\":\"Organization\",\"@id\":\"https:\\\/\\\/www.martel.ch\\\/cms\\\/#organization\",\"name\":\"Martel AG St.Gallen\",\"url\":\"https:\\\/\\\/www.martel.ch\\\/cms\\\/\",\"logo\":{\"@type\":\"ImageObject\",\"inLanguage\":\"de-CH\",\"@id\":\"https:\\\/\\\/www.martel.ch\\\/cms\\\/#\\\/schema\\\/logo\\\/image\\\/\",\"url\":\"https:\\\/\\\/www.martel.ch\\\/cms\\\/wp-content\\\/uploads\\\/2019\\\/02\\\/martel-logo.png\",\"contentUrl\":\"https:\\\/\\\/www.martel.ch\\\/cms\\\/wp-content\\\/uploads\\\/2019\\\/02\\\/martel-logo.png\",\"width\":600,\"height\":600,\"caption\":\"Martel AG St.Gallen\"},\"image\":{\"@id\":\"https:\\\/\\\/www.martel.ch\\\/cms\\\/#\\\/schema\\\/logo\\\/image\\\/\"},\"sameAs\":[\"https:\\\/\\\/www.facebook.com\\\/pages\\\/Martel-AG-St-Gallen\\\/233396026691876\",\"https:\\\/\\\/x.com\\\/martel_weinwelt\",\"https:\\\/\\\/www.instagram.com\\\/martel_weinwelt\\\/\",\"https:\\\/\\\/www.linkedin.com\\\/company\\\/martel-ag-st-gallen\",\"https:\\\/\\\/www.pinterest.ch\\\/martel_weinwelt\"]},{\"@type\":\"Person\",\"@id\":\"https:\\\/\\\/www.martel.ch\\\/cms\\\/#\\\/schema\\\/person\\\/29a39afd907d06fdb4c754df70cc8cbd\",\"name\":\"Vito Corrado\",\"image\":{\"@type\":\"ImageObject\",\"inLanguage\":\"de-CH\",\"@id\":\"https:\\\/\\\/secure.gravatar.com\\\/avatar\\\/4f06591c5bf5a4d72bf931251d3781246296b75cc3ebf482f3fcffdbade0b480?s=96&d=mm&r=g0157511d182d808089e1a3b922a6a830\",\"url\":\"https:\\\/\\\/secure.gravatar.com\\\/avatar\\\/4f06591c5bf5a4d72bf931251d3781246296b75cc3ebf482f3fcffdbade0b480?s=96&d=mm&r=g\",\"contentUrl\":\"https:\\\/\\\/secure.gravatar.com\\\/avatar\\\/4f06591c5bf5a4d72bf931251d3781246296b75cc3ebf482f3fcffdbade0b480?s=96&d=mm&r=g\",\"caption\":\"Vito Corrado\"}}]}<\/script>\n<!-- \/ Yoast SEO plugin. -->","yoast_head_json":{"title":"Musik im Weinkeller \u2013 ein neuer Trend | Martel Weine St.Gallen und Z\u00fcrich","description":"Musik ist in unserem Leben stets pr\u00e4sent. Kann die Musik auch Wein beeinflussen? Einige Winzer sind davon \u00fcberzeugt.","robots":{"index":"index","follow":"follow","max-snippet":"max-snippet:-1","max-image-preview":"max-image-preview:large","max-video-preview":"max-video-preview:-1"},"canonical":"https:\/\/www.martel.ch\/cms\/weinwissen\/weinmagazin\/martel-schenkt-ein\/musik-im-weinkeller-ein-neuer-trend\/","og_locale":"de_DE","og_type":"article","og_title":"Musik im Weinkeller \u2013 ein neuer Trend | Martel Weine St.Gallen und Z\u00fcrich","og_description":"Musik ist in unserem Leben stets pr\u00e4sent. Kann die Musik auch Wein beeinflussen? Einige Winzer sind davon \u00fcberzeugt.","og_url":"https:\/\/www.martel.ch\/cms\/weinwissen\/weinmagazin\/martel-schenkt-ein\/musik-im-weinkeller-ein-neuer-trend\/","og_site_name":"Martel","article_publisher":"https:\/\/www.facebook.com\/pages\/Martel-AG-St-Gallen\/233396026691876","article_published_time":"2021-01-20T08:57:59+00:00","article_modified_time":"2022-08-24T09:38:07+00:00","og_image":[{"width":728,"height":485,"url":"https:\/\/www.martel.ch\/cms\/wp-content\/uploads\/2021\/01\/martel-unterwegs-musik-im-weinkeller.jpg","type":"image\/jpeg"}],"author":"Vito Corrado","twitter_card":"summary_large_image","twitter_creator":"@martel_weinwelt","twitter_site":"@martel_weinwelt","twitter_misc":{"Geschrieben von":"Vito Corrado","Gesch\u00e4tzte Lesezeit":"3\u00a0Minuten","Written by":"Vito Corrado"},"schema":{"@context":"https:\/\/schema.org","@graph":[{"@type":"Article","@id":"https:\/\/www.martel.ch\/cms\/weinwissen\/weinmagazin\/martel-schenkt-ein\/musik-im-weinkeller-ein-neuer-trend\/#article","isPartOf":{"@id":"https:\/\/www.martel.ch\/cms\/weinwissen\/weinmagazin\/martel-schenkt-ein\/musik-im-weinkeller-ein-neuer-trend\/"},"author":{"name":"Vito Corrado","@id":"https:\/\/www.martel.ch\/cms\/#\/schema\/person\/29a39afd907d06fdb4c754df70cc8cbd"},"headline":"Musik im Weinkeller \u2013 ein neuer Trend","datePublished":"2021-01-20T08:57:59+00:00","dateModified":"2022-08-24T09:38:07+00:00","mainEntityOfPage":{"@id":"https:\/\/www.martel.ch\/cms\/weinwissen\/weinmagazin\/martel-schenkt-ein\/musik-im-weinkeller-ein-neuer-trend\/"},"wordCount":533,"publisher":{"@id":"https:\/\/www.martel.ch\/cms\/#organization"},"image":{"@id":"https:\/\/www.martel.ch\/cms\/weinwissen\/weinmagazin\/martel-schenkt-ein\/musik-im-weinkeller-ein-neuer-trend\/#primaryimage"},"thumbnailUrl":"https:\/\/www.martel.ch\/cms\/wp-content\/uploads\/2021\/01\/martel-unterwegs-musik-im-weinkeller.jpg","articleSection":["Alle","Martel schenkt ein"],"inLanguage":"de-CH"},{"@type":"WebPage","@id":"https:\/\/www.martel.ch\/cms\/weinwissen\/weinmagazin\/martel-schenkt-ein\/musik-im-weinkeller-ein-neuer-trend\/","url":"https:\/\/www.martel.ch\/cms\/weinwissen\/weinmagazin\/martel-schenkt-ein\/musik-im-weinkeller-ein-neuer-trend\/","name":"Musik im Weinkeller \u2013 ein neuer Trend | Martel Weine St.Gallen und Z\u00fcrich","isPartOf":{"@id":"https:\/\/www.martel.ch\/cms\/#website"},"primaryImageOfPage":{"@id":"https:\/\/www.martel.ch\/cms\/weinwissen\/weinmagazin\/martel-schenkt-ein\/musik-im-weinkeller-ein-neuer-trend\/#primaryimage"},"image":{"@id":"https:\/\/www.martel.ch\/cms\/weinwissen\/weinmagazin\/martel-schenkt-ein\/musik-im-weinkeller-ein-neuer-trend\/#primaryimage"},"thumbnailUrl":"https:\/\/www.martel.ch\/cms\/wp-content\/uploads\/2021\/01\/martel-unterwegs-musik-im-weinkeller.jpg","datePublished":"2021-01-20T08:57:59+00:00","dateModified":"2022-08-24T09:38:07+00:00","description":"Musik ist in unserem Leben stets pr\u00e4sent. Kann die Musik auch Wein beeinflussen? Einige Winzer sind davon \u00fcberzeugt.","breadcrumb":{"@id":"https:\/\/www.martel.ch\/cms\/weinwissen\/weinmagazin\/martel-schenkt-ein\/musik-im-weinkeller-ein-neuer-trend\/#breadcrumb"},"inLanguage":"de-CH","potentialAction":[{"@type":"ReadAction","target":["https:\/\/www.martel.ch\/cms\/weinwissen\/weinmagazin\/martel-schenkt-ein\/musik-im-weinkeller-ein-neuer-trend\/"]}]},{"@type":"ImageObject","inLanguage":"de-CH","@id":"https:\/\/www.martel.ch\/cms\/weinwissen\/weinmagazin\/martel-schenkt-ein\/musik-im-weinkeller-ein-neuer-trend\/#primaryimage","url":"https:\/\/www.martel.ch\/cms\/wp-content\/uploads\/2021\/01\/martel-unterwegs-musik-im-weinkeller.jpg","contentUrl":"https:\/\/www.martel.ch\/cms\/wp-content\/uploads\/2021\/01\/martel-unterwegs-musik-im-weinkeller.jpg","width":728,"height":485,"caption":"Musik im Weinkeller"},{"@type":"BreadcrumbList","@id":"https:\/\/www.martel.ch\/cms\/weinwissen\/weinmagazin\/martel-schenkt-ein\/musik-im-weinkeller-ein-neuer-trend\/#breadcrumb","itemListElement":[{"@type":"ListItem","position":1,"name":"Startseite","item":"https:\/\/www.martel.ch\/cms\/"},{"@type":"ListItem","position":2,"name":"Musik im Weinkeller \u2013 ein neuer Trend"}]},{"@type":"WebSite","@id":"https:\/\/www.martel.ch\/cms\/#website","url":"https:\/\/www.martel.ch\/cms\/","name":"Martel","description":"F\u00fcr Weinbegeisterte und die, die es werden m\u00f6chten.","publisher":{"@id":"https:\/\/www.martel.ch\/cms\/#organization"},"potentialAction":[{"@type":"SearchAction","target":{"@type":"EntryPoint","urlTemplate":"https:\/\/www.martel.ch\/cms\/?s={search_term_string}"},"query-input":{"@type":"PropertyValueSpecification","valueRequired":true,"valueName":"search_term_string"}}],"inLanguage":"de-CH"},{"@type":"Organization","@id":"https:\/\/www.martel.ch\/cms\/#organization","name":"Martel AG St.Gallen","url":"https:\/\/www.martel.ch\/cms\/","logo":{"@type":"ImageObject","inLanguage":"de-CH","@id":"https:\/\/www.martel.ch\/cms\/#\/schema\/logo\/image\/","url":"https:\/\/www.martel.ch\/cms\/wp-content\/uploads\/2019\/02\/martel-logo.png","contentUrl":"https:\/\/www.martel.ch\/cms\/wp-content\/uploads\/2019\/02\/martel-logo.png","width":600,"height":600,"caption":"Martel AG St.Gallen"},"image":{"@id":"https:\/\/www.martel.ch\/cms\/#\/schema\/logo\/image\/"},"sameAs":["https:\/\/www.facebook.com\/pages\/Martel-AG-St-Gallen\/233396026691876","https:\/\/x.com\/martel_weinwelt","https:\/\/www.instagram.com\/martel_weinwelt\/","https:\/\/www.linkedin.com\/company\/martel-ag-st-gallen","https:\/\/www.pinterest.ch\/martel_weinwelt"]},{"@type":"Person","@id":"https:\/\/www.martel.ch\/cms\/#\/schema\/person\/29a39afd907d06fdb4c754df70cc8cbd","name":"Vito Corrado","image":{"@type":"ImageObject","inLanguage":"de-CH","@id":"https:\/\/secure.gravatar.com\/avatar\/4f06591c5bf5a4d72bf931251d3781246296b75cc3ebf482f3fcffdbade0b480?s=96&d=mm&r=g0157511d182d808089e1a3b922a6a830","url":"https:\/\/secure.gravatar.com\/avatar\/4f06591c5bf5a4d72bf931251d3781246296b75cc3ebf482f3fcffdbade0b480?s=96&d=mm&r=g","contentUrl":"https:\/\/secure.gravatar.com\/avatar\/4f06591c5bf5a4d72bf931251d3781246296b75cc3ebf482f3fcffdbade0b480?s=96&d=mm&r=g","caption":"Vito Corrado"}}]}},"_links":{"self":[{"href":"https:\/\/www.martel.ch\/cms\/wp-json\/wp\/v2\/posts\/2050","targetHints":{"allow":["GET"]}}],"collection":[{"href":"https:\/\/www.martel.ch\/cms\/wp-json\/wp\/v2\/posts"}],"about":[{"href":"https:\/\/www.martel.ch\/cms\/wp-json\/wp\/v2\/types\/post"}],"author":[{"embeddable":true,"href":"https:\/\/www.martel.ch\/cms\/wp-json\/wp\/v2\/users\/38"}],"replies":[{"embeddable":true,"href":"https:\/\/www.martel.ch\/cms\/wp-json\/wp\/v2\/comments?post=2050"}],"version-history":[{"count":3,"href":"https:\/\/www.martel.ch\/cms\/wp-json\/wp\/v2\/posts\/2050\/revisions"}],"predecessor-version":[{"id":14867,"href":"https:\/\/www.martel.ch\/cms\/wp-json\/wp\/v2\/posts\/2050\/revisions\/14867"}],"wp:featuredmedia":[{"embeddable":true,"href":"https:\/\/www.martel.ch\/cms\/wp-json\/wp\/v2\/media\/2051"}],"wp:attachment":[{"href":"https:\/\/www.martel.ch\/cms\/wp-json\/wp\/v2\/media?parent=2050"}],"wp:term":[{"taxonomy":"category","embeddable":true,"href":"https:\/\/www.martel.ch\/cms\/wp-json\/wp\/v2\/categories?post=2050"},{"taxonomy":"post_tag","embeddable":true,"href":"https:\/\/www.martel.ch\/cms\/wp-json\/wp\/v2\/tags?post=2050"},{"taxonomy":"author","embeddable":true,"href":"https:\/\/www.martel.ch\/cms\/wp-json\/wp\/v2\/coauthors?post=2050"}],"curies":[{"name":"wp","href":"https:\/\/api.w.org\/{rel}","templated":true}]}}