{"id":2073,"date":"2021-02-03T10:55:59","date_gmt":"2021-02-03T09:55:59","guid":{"rendered":"\/cms\/?p=2073"},"modified":"2022-08-24T11:36:19","modified_gmt":"2022-08-24T09:36:19","slug":"lara-haag-die-naechste-generation-auf-dem-weingut-schloss-lieser-steht-in-den-startloechern","status":"publish","type":"post","link":"https:\/\/www.martel.ch\/cms\/weinwissen\/weinmagazin\/winzer-in-der-presse\/lara-haag-die-naechste-generation-auf-dem-weingut-schloss-lieser-steht-in-den-startloechern\/","title":{"rendered":"Schloss Lieser: Die n\u00e4chste Generation in den Startl\u00f6chern"},"content":{"rendered":"\n<p>Der deutsche Winzer Thomas Haag hat Schloss Lieser an die Spitze der Anbauregion Mosel gef\u00fchrt. Seine Tochter Lara wird das Familien-Weingut dereinst mit ihrem Bruder Niklas \u00fcbernehmen. Sie stuft den Riesling als beste Weisswein-Sorte auf dem Planeten Wein ein.<\/p>\n\n\n\n<p>Die Region Mosel ist wohl eine der spektakul\u00e4rsten Landschaften. Steil- und Steilstlagen mit einer Neigung bis zu 80% pr\u00e4gen das Bild. Wer hier Weinbau betreibt, verrichtet Schwerarbeit, wird aber mit grandiosen Resultaten belohnt. Hier ist das Weingut Schloss Lieser zu Hause, das \u00fcber neun sogenannte Grosse Lagen mit einpr\u00e4gsamen Namen besitzt: Piesporter Goldtr\u00f6pfchen, Wehlener Sonnenuhr oder Brauneberger Juffer oder Graacher Himmelreich. Insgesamt sind es 24 Hektaren, praktisch ausschliesslich mit Riesling bepflanzt. Winzer Thomas Haag hat das traditionelle Gut vor mehr als 20 Jahren \u00fcbernommen und es an der Spitze in der Mosel etabliert.<\/p>\n\n\n\n<p>Jetzt steht die junge Generation in den Startl\u00f6chern. Tochter Lara und Sohn Niklas arbeiten im Familienbetrieb und werden dereinst die Verantwortung \u00fcbernehmen. \u00abIch werde in diesem Jahr erstmals meinen eigenen Wein produzieren\u00bb, freut sich die 28-j\u00e4hrige Lara Haag. Sie kehrte auf Umwegen ins Gut zur\u00fcck, wollte urspr\u00fcnglich Wirtschaftsingenieurin werden und kam dann bei einem Aufenthalt in Australien als Au-Pair auf den Geschmack des Weins.<\/p>\n\n\n\n<h2 class=\"wp-block-heading\">Ideale Basis f\u00fcr eine zuk\u00fcnftige Winzerin<\/h2>\n\n\n\n<p>Es folgten entsprechende Ausbildungen wie ein Sensorik-Studium an der Fachhochschule in Geisenheim, Praktika in einer Berliner Weinhandlung sowie beim Schweizer Anbieter Martel in St.Gallen und Z\u00fcrich sowie Aufenthalte in Kalifornien und Neuseeland. Schliesslich schloss Lara Haag das Diplom zur Weinakademikerin erfolgreich ab.<\/p>\n\n\n\n<p>Die Deutsche liebt den bodenst\u00e4ndigen Job. \u00abIch bin B\u00e4uerin und arbeite mit einem Naturprodukt\u00bb, hebt Haag die Vorz\u00fcge ihrer T\u00e4tigkeit hervor. Jetzt arbeitet sie nicht nur in den Rebbergen, sondern ist auf Schloss Lieser auch f\u00fcr das Marketing, den Vertrieb und den Export verantwortlich. Die vielf\u00e4ltigen Aufgaben kommen ihr entgegen, denn die Jungwinzerin kann nach eigener Sch\u00e4tzung nicht still sitzen und ist am liebsten immer aktiv.<\/p>\n\n\n\n<div class=\"widget\">\n<div>Langweilig wird es Haag nicht, denn Schloss Lieser produziert auf blauen Schieferverwitterungsb\u00f6den unz\u00e4hlige Weine in allen Kategorien und unterschiedlichen Stilistiken, trocken, rest- und edels\u00fcss, Gutsweine, Ortsweine, Grosse Gew\u00e4chse. Gerade an den Einstiegs-Tropfen sollte sich ein Winzer messen lassen, erkl\u00e4rt Lara Haag. Nur wenn im preisg\u00fcnstigen Bereich die Qualit\u00e4t stimme, sei auch der Rest auf einem hohen Niveau.<\/div>\n<\/div>\n\n\n\n<h2 class=\"wp-block-heading\">Top-Bewertung in allen massgebenden Weinbuch-F\u00fchrern Deutschlands<\/h2>\n\n\n\n<p>Diesbez\u00fcglich muss sich Schloss Lieser nicht verstecken: Kritiker haben die Kollektion der Grossen Gew\u00e4chse aus dem Jahrgang 2019 als die beste an der Mosel ausgezeichnet. In allen massgebenden Weinbuch-F\u00fchrern Deutschlands erh\u00e4lt der Familienbetrieb zudem die Top-Bewertung von f\u00fcnf Sternen. Und stets dreht sich alles um den Riesling. F\u00fcr Haag ist es die gr\u00f6sste Weisswein-Sorte auf dem Planeten Wein, weil sie die Herkunft auf die bestm\u00f6gliche Art und Weise ausdr\u00fccken k\u00f6nne. Riesling \u00fcberrasche stets mit vielen Facetten und sei einzigartig in Kombination mit den Schieferb\u00f6den.<\/p>\n\n\n\n<p>Lara Haag ist sich bewusst, dass sie in grosse Fussstapfen ihres erfolgreichen Vaters treten wird. Sie weiss aber auch, dass sie die Philosophie nicht wirklich \u00e4ndern muss. Auch im Keller nicht, wo man keine Hexereien vollzieht, um Spitzenweine zu keltern: das heisst spontane G\u00e4rung im Stahltank, keine Zus\u00e4tze, den Wein so naturbelassen wie m\u00f6glich ausbauen und reifen lassen. K\u00fcnftig plant Haag, in den Rebbergen noch verst\u00e4rkter in die \u00f6kologische Richtung zu gehen. Wie gut die Weine von Schloss Lieser bereits heute schmecken, zeigt eine ausgew\u00e4hlte Trouvaille:<\/p>\n\n\n\n<h2 class=\"wp-block-heading\">Riesling Kabinett Brauneberger Juffer 2019<br>Schloss Lieser, Fr. 19.80<\/h2>\n\n\n<div class=\"wp-block-image\">\n<figure class=\"aligncenter\"><img decoding=\"async\" src=\"\/cms\/wp-content\/uploads\/2021\/02\/liec717-e1612890286644-862x201.jpg\" alt=\"\" class=\"wp-image-2120\"\/><figcaption>\n<h2 class=\"figure__caption-title\"><img loading=\"lazy\" decoding=\"async\" class=\"wp-image-2120 size-medium aligncenter\" src=\"\/cms\/wp-content\/uploads\/2021\/02\/liec717-e1612890286644-862x201.jpg\" alt=\"\" width=\"862\" height=\"201\"><\/h2>\n<\/figcaption><\/figure>\n<\/div>\n\n\n<p>Das ist ein leichtf\u00fcssiger, dezent rests\u00fcsser Weisswein mit einem bescheidenen Alkoholgehalt von 8,5%. Er ist so klar wie Bergwasser. Sch\u00f6ne Aromatik mit intensiven Fruchtnoten, leicht mineralisch, gut eingebundene S\u00e4ure, elegant, gute L\u00e4nge. Seine Eigenschaften machen ihn zum idealen Aperitif-Getr\u00e4nk.<\/p>\n\n\n\n<div class=\"wp-block-buttons is-layout-flex wp-block-buttons-is-layout-flex\">\n<div class=\"wp-block-button\"><a class=\"wp-block-button__link\" href=\"https:\/\/www.martel.ch\/shop\/brauneberger-juffer-kabinett-liec720.html\">Hier geht es zum Riesling<\/a><\/div>\n<\/div>\n\n\n\n<div style=\"height:30px\" aria-hidden=\"true\" class=\"wp-block-spacer\"><\/div>\n\n\n\n<p>Keller, P. (03.02.2021): Weinkeller;\u00a0 NZZ am Sonntag Magazin<\/p>\n","protected":false},"excerpt":{"rendered":"","protected":false},"author":26,"featured_media":2137,"comment_status":"closed","ping_status":"closed","sticky":false,"template":"","format":"standard","meta":{"_acf_changed":false,"inline_featured_image":false,"footnotes":""},"categories":[449,64],"tags":[],"coauthors":[],"class_list":["post-2073","post","type-post","status-publish","format-standard","has-post-thumbnail","hentry","category-alle","category-winzer-in-der-presse"],"acf":{"inhaltselemente":null},"yoast_head":"<!-- This site is optimized with the Yoast SEO plugin v27.5 - https:\/\/yoast.com\/product\/yoast-seo-wordpress\/ -->\n<title>Schloss Lieser: Die n\u00e4chste Generation in den Startl\u00f6chern | Martel Weine St.Gallen und Z\u00fcrich<\/title>\n<meta name=\"description\" content=\"Mit Lara Haag steht die n\u00e4chste Generation von Schloss Lieser in den Startl\u00f6chern\" \/>\n<meta name=\"robots\" content=\"index, follow, max-snippet:-1, max-image-preview:large, max-video-preview:-1\" \/>\n<link rel=\"canonical\" href=\"https:\/\/www.martel.ch\/cms\/weinwissen\/weinmagazin\/winzer-in-der-presse\/lara-haag-die-naechste-generation-auf-dem-weingut-schloss-lieser-steht-in-den-startloechern\/\" \/>\n<meta property=\"og:locale\" content=\"de_DE\" \/>\n<meta property=\"og:type\" content=\"article\" \/>\n<meta property=\"og:title\" content=\"Schloss Lieser: Die n\u00e4chste Generation in den Startl\u00f6chern | Martel Weine St.Gallen und Z\u00fcrich\" \/>\n<meta property=\"og:description\" content=\"Mit Lara Haag steht die n\u00e4chste Generation von Schloss Lieser in den Startl\u00f6chern\" \/>\n<meta property=\"og:url\" content=\"https:\/\/www.martel.ch\/cms\/weinwissen\/weinmagazin\/winzer-in-der-presse\/lara-haag-die-naechste-generation-auf-dem-weingut-schloss-lieser-steht-in-den-startloechern\/\" \/>\n<meta property=\"og:site_name\" content=\"Martel\" \/>\n<meta property=\"article:publisher\" content=\"https:\/\/www.facebook.com\/pages\/Martel-AG-St-Gallen\/233396026691876\" \/>\n<meta property=\"article:published_time\" content=\"2021-02-03T09:55:59+00:00\" \/>\n<meta property=\"article:modified_time\" content=\"2022-08-24T09:36:19+00:00\" \/>\n<meta property=\"og:image\" content=\"https:\/\/www.martel.ch\/cms\/wp-content\/uploads\/2021\/02\/larahaag-4.jpg\" \/>\n\t<meta property=\"og:image:width\" content=\"1215\" \/>\n\t<meta property=\"og:image:height\" content=\"810\" \/>\n\t<meta property=\"og:image:type\" content=\"image\/jpeg\" \/>\n<meta name=\"author\" content=\"Peter Keller\" \/>\n<meta name=\"twitter:card\" content=\"summary_large_image\" \/>\n<meta name=\"twitter:creator\" content=\"@martel_weinwelt\" \/>\n<meta name=\"twitter:site\" content=\"@martel_weinwelt\" \/>\n<meta name=\"twitter:label1\" content=\"Geschrieben von\" \/>\n\t<meta name=\"twitter:data1\" content=\"Peter Keller\" \/>\n\t<meta name=\"twitter:label2\" content=\"Gesch\u00e4tzte Lesezeit\" \/>\n\t<meta name=\"twitter:data2\" content=\"4\u00a0Minuten\" \/>\n\t<meta name=\"twitter:label3\" content=\"Written by\" \/>\n\t<meta name=\"twitter:data3\" content=\"Peter Keller\" \/>\n<script type=\"application\/ld+json\" class=\"yoast-schema-graph\">{\"@context\":\"https:\\\/\\\/schema.org\",\"@graph\":[{\"@type\":\"Article\",\"@id\":\"https:\\\/\\\/www.martel.ch\\\/cms\\\/weinwissen\\\/weinmagazin\\\/winzer-in-der-presse\\\/lara-haag-die-naechste-generation-auf-dem-weingut-schloss-lieser-steht-in-den-startloechern\\\/#article\",\"isPartOf\":{\"@id\":\"https:\\\/\\\/www.martel.ch\\\/cms\\\/weinwissen\\\/weinmagazin\\\/winzer-in-der-presse\\\/lara-haag-die-naechste-generation-auf-dem-weingut-schloss-lieser-steht-in-den-startloechern\\\/\"},\"author\":{\"name\":\"Peter Keller\",\"@id\":\"https:\\\/\\\/www.martel.ch\\\/cms\\\/#\\\/schema\\\/person\\\/1f61b27bc2594fe7eecef00bddcfcbf9\"},\"headline\":\"Schloss Lieser: Die n\u00e4chste Generation in den Startl\u00f6chern\",\"datePublished\":\"2021-02-03T09:55:59+00:00\",\"dateModified\":\"2022-08-24T09:36:19+00:00\",\"mainEntityOfPage\":{\"@id\":\"https:\\\/\\\/www.martel.ch\\\/cms\\\/weinwissen\\\/weinmagazin\\\/winzer-in-der-presse\\\/lara-haag-die-naechste-generation-auf-dem-weingut-schloss-lieser-steht-in-den-startloechern\\\/\"},\"wordCount\":657,\"publisher\":{\"@id\":\"https:\\\/\\\/www.martel.ch\\\/cms\\\/#organization\"},\"image\":{\"@id\":\"https:\\\/\\\/www.martel.ch\\\/cms\\\/weinwissen\\\/weinmagazin\\\/winzer-in-der-presse\\\/lara-haag-die-naechste-generation-auf-dem-weingut-schloss-lieser-steht-in-den-startloechern\\\/#primaryimage\"},\"thumbnailUrl\":\"https:\\\/\\\/www.martel.ch\\\/cms\\\/wp-content\\\/uploads\\\/2021\\\/02\\\/larahaag-4.jpg\",\"articleSection\":[\"Alle\",\"Winzer in der Presse\"],\"inLanguage\":\"de-CH\"},{\"@type\":\"WebPage\",\"@id\":\"https:\\\/\\\/www.martel.ch\\\/cms\\\/weinwissen\\\/weinmagazin\\\/winzer-in-der-presse\\\/lara-haag-die-naechste-generation-auf-dem-weingut-schloss-lieser-steht-in-den-startloechern\\\/\",\"url\":\"https:\\\/\\\/www.martel.ch\\\/cms\\\/weinwissen\\\/weinmagazin\\\/winzer-in-der-presse\\\/lara-haag-die-naechste-generation-auf-dem-weingut-schloss-lieser-steht-in-den-startloechern\\\/\",\"name\":\"Schloss Lieser: Die n\u00e4chste Generation in den Startl\u00f6chern | Martel Weine St.Gallen und Z\u00fcrich\",\"isPartOf\":{\"@id\":\"https:\\\/\\\/www.martel.ch\\\/cms\\\/#website\"},\"primaryImageOfPage\":{\"@id\":\"https:\\\/\\\/www.martel.ch\\\/cms\\\/weinwissen\\\/weinmagazin\\\/winzer-in-der-presse\\\/lara-haag-die-naechste-generation-auf-dem-weingut-schloss-lieser-steht-in-den-startloechern\\\/#primaryimage\"},\"image\":{\"@id\":\"https:\\\/\\\/www.martel.ch\\\/cms\\\/weinwissen\\\/weinmagazin\\\/winzer-in-der-presse\\\/lara-haag-die-naechste-generation-auf-dem-weingut-schloss-lieser-steht-in-den-startloechern\\\/#primaryimage\"},\"thumbnailUrl\":\"https:\\\/\\\/www.martel.ch\\\/cms\\\/wp-content\\\/uploads\\\/2021\\\/02\\\/larahaag-4.jpg\",\"datePublished\":\"2021-02-03T09:55:59+00:00\",\"dateModified\":\"2022-08-24T09:36:19+00:00\",\"description\":\"Mit Lara Haag steht die n\u00e4chste Generation von Schloss Lieser in den Startl\u00f6chern\",\"breadcrumb\":{\"@id\":\"https:\\\/\\\/www.martel.ch\\\/cms\\\/weinwissen\\\/weinmagazin\\\/winzer-in-der-presse\\\/lara-haag-die-naechste-generation-auf-dem-weingut-schloss-lieser-steht-in-den-startloechern\\\/#breadcrumb\"},\"inLanguage\":\"de-CH\",\"potentialAction\":[{\"@type\":\"ReadAction\",\"target\":[\"https:\\\/\\\/www.martel.ch\\\/cms\\\/weinwissen\\\/weinmagazin\\\/winzer-in-der-presse\\\/lara-haag-die-naechste-generation-auf-dem-weingut-schloss-lieser-steht-in-den-startloechern\\\/\"]}]},{\"@type\":\"ImageObject\",\"inLanguage\":\"de-CH\",\"@id\":\"https:\\\/\\\/www.martel.ch\\\/cms\\\/weinwissen\\\/weinmagazin\\\/winzer-in-der-presse\\\/lara-haag-die-naechste-generation-auf-dem-weingut-schloss-lieser-steht-in-den-startloechern\\\/#primaryimage\",\"url\":\"https:\\\/\\\/www.martel.ch\\\/cms\\\/wp-content\\\/uploads\\\/2021\\\/02\\\/larahaag-4.jpg\",\"contentUrl\":\"https:\\\/\\\/www.martel.ch\\\/cms\\\/wp-content\\\/uploads\\\/2021\\\/02\\\/larahaag-4.jpg\",\"width\":1215,\"height\":810},{\"@type\":\"BreadcrumbList\",\"@id\":\"https:\\\/\\\/www.martel.ch\\\/cms\\\/weinwissen\\\/weinmagazin\\\/winzer-in-der-presse\\\/lara-haag-die-naechste-generation-auf-dem-weingut-schloss-lieser-steht-in-den-startloechern\\\/#breadcrumb\",\"itemListElement\":[{\"@type\":\"ListItem\",\"position\":1,\"name\":\"Startseite\",\"item\":\"https:\\\/\\\/www.martel.ch\\\/cms\\\/\"},{\"@type\":\"ListItem\",\"position\":2,\"name\":\"Schloss Lieser: Die n\u00e4chste Generation in den Startl\u00f6chern\"}]},{\"@type\":\"WebSite\",\"@id\":\"https:\\\/\\\/www.martel.ch\\\/cms\\\/#website\",\"url\":\"https:\\\/\\\/www.martel.ch\\\/cms\\\/\",\"name\":\"Martel\",\"description\":\"F\u00fcr Weinbegeisterte und die, die es werden m\u00f6chten.\",\"publisher\":{\"@id\":\"https:\\\/\\\/www.martel.ch\\\/cms\\\/#organization\"},\"potentialAction\":[{\"@type\":\"SearchAction\",\"target\":{\"@type\":\"EntryPoint\",\"urlTemplate\":\"https:\\\/\\\/www.martel.ch\\\/cms\\\/?s={search_term_string}\"},\"query-input\":{\"@type\":\"PropertyValueSpecification\",\"valueRequired\":true,\"valueName\":\"search_term_string\"}}],\"inLanguage\":\"de-CH\"},{\"@type\":\"Organization\",\"@id\":\"https:\\\/\\\/www.martel.ch\\\/cms\\\/#organization\",\"name\":\"Martel AG St.Gallen\",\"url\":\"https:\\\/\\\/www.martel.ch\\\/cms\\\/\",\"logo\":{\"@type\":\"ImageObject\",\"inLanguage\":\"de-CH\",\"@id\":\"https:\\\/\\\/www.martel.ch\\\/cms\\\/#\\\/schema\\\/logo\\\/image\\\/\",\"url\":\"https:\\\/\\\/www.martel.ch\\\/cms\\\/wp-content\\\/uploads\\\/2019\\\/02\\\/martel-logo.png\",\"contentUrl\":\"https:\\\/\\\/www.martel.ch\\\/cms\\\/wp-content\\\/uploads\\\/2019\\\/02\\\/martel-logo.png\",\"width\":600,\"height\":600,\"caption\":\"Martel AG St.Gallen\"},\"image\":{\"@id\":\"https:\\\/\\\/www.martel.ch\\\/cms\\\/#\\\/schema\\\/logo\\\/image\\\/\"},\"sameAs\":[\"https:\\\/\\\/www.facebook.com\\\/pages\\\/Martel-AG-St-Gallen\\\/233396026691876\",\"https:\\\/\\\/x.com\\\/martel_weinwelt\",\"https:\\\/\\\/www.instagram.com\\\/martel_weinwelt\\\/\",\"https:\\\/\\\/www.linkedin.com\\\/company\\\/martel-ag-st-gallen\",\"https:\\\/\\\/www.pinterest.ch\\\/martel_weinwelt\"]},{\"@type\":\"Person\",\"@id\":\"https:\\\/\\\/www.martel.ch\\\/cms\\\/#\\\/schema\\\/person\\\/1f61b27bc2594fe7eecef00bddcfcbf9\",\"name\":\"Peter Keller\",\"image\":{\"@type\":\"ImageObject\",\"inLanguage\":\"de-CH\",\"@id\":\"https:\\\/\\\/secure.gravatar.com\\\/avatar\\\/3517cfd720f2c9bb5b90e0cd0a311aa8c46e5dab426bb4c71034d7620300c623?s=96&d=mm&r=g30234642fb12b1696dfebc4901f48c5f\",\"url\":\"https:\\\/\\\/secure.gravatar.com\\\/avatar\\\/3517cfd720f2c9bb5b90e0cd0a311aa8c46e5dab426bb4c71034d7620300c623?s=96&d=mm&r=g\",\"contentUrl\":\"https:\\\/\\\/secure.gravatar.com\\\/avatar\\\/3517cfd720f2c9bb5b90e0cd0a311aa8c46e5dab426bb4c71034d7620300c623?s=96&d=mm&r=g\",\"caption\":\"Peter Keller\"}}]}<\/script>\n<!-- \/ Yoast SEO plugin. -->","yoast_head_json":{"title":"Schloss Lieser: Die n\u00e4chste Generation in den Startl\u00f6chern | Martel Weine St.Gallen und Z\u00fcrich","description":"Mit Lara Haag steht die n\u00e4chste Generation von Schloss Lieser in den Startl\u00f6chern","robots":{"index":"index","follow":"follow","max-snippet":"max-snippet:-1","max-image-preview":"max-image-preview:large","max-video-preview":"max-video-preview:-1"},"canonical":"https:\/\/www.martel.ch\/cms\/weinwissen\/weinmagazin\/winzer-in-der-presse\/lara-haag-die-naechste-generation-auf-dem-weingut-schloss-lieser-steht-in-den-startloechern\/","og_locale":"de_DE","og_type":"article","og_title":"Schloss Lieser: Die n\u00e4chste Generation in den Startl\u00f6chern | Martel Weine St.Gallen und Z\u00fcrich","og_description":"Mit Lara Haag steht die n\u00e4chste Generation von Schloss Lieser in den Startl\u00f6chern","og_url":"https:\/\/www.martel.ch\/cms\/weinwissen\/weinmagazin\/winzer-in-der-presse\/lara-haag-die-naechste-generation-auf-dem-weingut-schloss-lieser-steht-in-den-startloechern\/","og_site_name":"Martel","article_publisher":"https:\/\/www.facebook.com\/pages\/Martel-AG-St-Gallen\/233396026691876","article_published_time":"2021-02-03T09:55:59+00:00","article_modified_time":"2022-08-24T09:36:19+00:00","og_image":[{"width":1215,"height":810,"url":"https:\/\/www.martel.ch\/cms\/wp-content\/uploads\/2021\/02\/larahaag-4.jpg","type":"image\/jpeg"}],"author":"Peter Keller","twitter_card":"summary_large_image","twitter_creator":"@martel_weinwelt","twitter_site":"@martel_weinwelt","twitter_misc":{"Geschrieben von":"Peter Keller","Gesch\u00e4tzte Lesezeit":"4\u00a0Minuten","Written by":"Peter Keller"},"schema":{"@context":"https:\/\/schema.org","@graph":[{"@type":"Article","@id":"https:\/\/www.martel.ch\/cms\/weinwissen\/weinmagazin\/winzer-in-der-presse\/lara-haag-die-naechste-generation-auf-dem-weingut-schloss-lieser-steht-in-den-startloechern\/#article","isPartOf":{"@id":"https:\/\/www.martel.ch\/cms\/weinwissen\/weinmagazin\/winzer-in-der-presse\/lara-haag-die-naechste-generation-auf-dem-weingut-schloss-lieser-steht-in-den-startloechern\/"},"author":{"name":"Peter Keller","@id":"https:\/\/www.martel.ch\/cms\/#\/schema\/person\/1f61b27bc2594fe7eecef00bddcfcbf9"},"headline":"Schloss Lieser: Die n\u00e4chste Generation in den Startl\u00f6chern","datePublished":"2021-02-03T09:55:59+00:00","dateModified":"2022-08-24T09:36:19+00:00","mainEntityOfPage":{"@id":"https:\/\/www.martel.ch\/cms\/weinwissen\/weinmagazin\/winzer-in-der-presse\/lara-haag-die-naechste-generation-auf-dem-weingut-schloss-lieser-steht-in-den-startloechern\/"},"wordCount":657,"publisher":{"@id":"https:\/\/www.martel.ch\/cms\/#organization"},"image":{"@id":"https:\/\/www.martel.ch\/cms\/weinwissen\/weinmagazin\/winzer-in-der-presse\/lara-haag-die-naechste-generation-auf-dem-weingut-schloss-lieser-steht-in-den-startloechern\/#primaryimage"},"thumbnailUrl":"https:\/\/www.martel.ch\/cms\/wp-content\/uploads\/2021\/02\/larahaag-4.jpg","articleSection":["Alle","Winzer in der Presse"],"inLanguage":"de-CH"},{"@type":"WebPage","@id":"https:\/\/www.martel.ch\/cms\/weinwissen\/weinmagazin\/winzer-in-der-presse\/lara-haag-die-naechste-generation-auf-dem-weingut-schloss-lieser-steht-in-den-startloechern\/","url":"https:\/\/www.martel.ch\/cms\/weinwissen\/weinmagazin\/winzer-in-der-presse\/lara-haag-die-naechste-generation-auf-dem-weingut-schloss-lieser-steht-in-den-startloechern\/","name":"Schloss Lieser: Die n\u00e4chste Generation in den Startl\u00f6chern | Martel Weine St.Gallen und Z\u00fcrich","isPartOf":{"@id":"https:\/\/www.martel.ch\/cms\/#website"},"primaryImageOfPage":{"@id":"https:\/\/www.martel.ch\/cms\/weinwissen\/weinmagazin\/winzer-in-der-presse\/lara-haag-die-naechste-generation-auf-dem-weingut-schloss-lieser-steht-in-den-startloechern\/#primaryimage"},"image":{"@id":"https:\/\/www.martel.ch\/cms\/weinwissen\/weinmagazin\/winzer-in-der-presse\/lara-haag-die-naechste-generation-auf-dem-weingut-schloss-lieser-steht-in-den-startloechern\/#primaryimage"},"thumbnailUrl":"https:\/\/www.martel.ch\/cms\/wp-content\/uploads\/2021\/02\/larahaag-4.jpg","datePublished":"2021-02-03T09:55:59+00:00","dateModified":"2022-08-24T09:36:19+00:00","description":"Mit Lara Haag steht die n\u00e4chste Generation von Schloss Lieser in den Startl\u00f6chern","breadcrumb":{"@id":"https:\/\/www.martel.ch\/cms\/weinwissen\/weinmagazin\/winzer-in-der-presse\/lara-haag-die-naechste-generation-auf-dem-weingut-schloss-lieser-steht-in-den-startloechern\/#breadcrumb"},"inLanguage":"de-CH","potentialAction":[{"@type":"ReadAction","target":["https:\/\/www.martel.ch\/cms\/weinwissen\/weinmagazin\/winzer-in-der-presse\/lara-haag-die-naechste-generation-auf-dem-weingut-schloss-lieser-steht-in-den-startloechern\/"]}]},{"@type":"ImageObject","inLanguage":"de-CH","@id":"https:\/\/www.martel.ch\/cms\/weinwissen\/weinmagazin\/winzer-in-der-presse\/lara-haag-die-naechste-generation-auf-dem-weingut-schloss-lieser-steht-in-den-startloechern\/#primaryimage","url":"https:\/\/www.martel.ch\/cms\/wp-content\/uploads\/2021\/02\/larahaag-4.jpg","contentUrl":"https:\/\/www.martel.ch\/cms\/wp-content\/uploads\/2021\/02\/larahaag-4.jpg","width":1215,"height":810},{"@type":"BreadcrumbList","@id":"https:\/\/www.martel.ch\/cms\/weinwissen\/weinmagazin\/winzer-in-der-presse\/lara-haag-die-naechste-generation-auf-dem-weingut-schloss-lieser-steht-in-den-startloechern\/#breadcrumb","itemListElement":[{"@type":"ListItem","position":1,"name":"Startseite","item":"https:\/\/www.martel.ch\/cms\/"},{"@type":"ListItem","position":2,"name":"Schloss Lieser: Die n\u00e4chste Generation in den Startl\u00f6chern"}]},{"@type":"WebSite","@id":"https:\/\/www.martel.ch\/cms\/#website","url":"https:\/\/www.martel.ch\/cms\/","name":"Martel","description":"F\u00fcr Weinbegeisterte und die, die es werden m\u00f6chten.","publisher":{"@id":"https:\/\/www.martel.ch\/cms\/#organization"},"potentialAction":[{"@type":"SearchAction","target":{"@type":"EntryPoint","urlTemplate":"https:\/\/www.martel.ch\/cms\/?s={search_term_string}"},"query-input":{"@type":"PropertyValueSpecification","valueRequired":true,"valueName":"search_term_string"}}],"inLanguage":"de-CH"},{"@type":"Organization","@id":"https:\/\/www.martel.ch\/cms\/#organization","name":"Martel AG St.Gallen","url":"https:\/\/www.martel.ch\/cms\/","logo":{"@type":"ImageObject","inLanguage":"de-CH","@id":"https:\/\/www.martel.ch\/cms\/#\/schema\/logo\/image\/","url":"https:\/\/www.martel.ch\/cms\/wp-content\/uploads\/2019\/02\/martel-logo.png","contentUrl":"https:\/\/www.martel.ch\/cms\/wp-content\/uploads\/2019\/02\/martel-logo.png","width":600,"height":600,"caption":"Martel AG St.Gallen"},"image":{"@id":"https:\/\/www.martel.ch\/cms\/#\/schema\/logo\/image\/"},"sameAs":["https:\/\/www.facebook.com\/pages\/Martel-AG-St-Gallen\/233396026691876","https:\/\/x.com\/martel_weinwelt","https:\/\/www.instagram.com\/martel_weinwelt\/","https:\/\/www.linkedin.com\/company\/martel-ag-st-gallen","https:\/\/www.pinterest.ch\/martel_weinwelt"]},{"@type":"Person","@id":"https:\/\/www.martel.ch\/cms\/#\/schema\/person\/1f61b27bc2594fe7eecef00bddcfcbf9","name":"Peter Keller","image":{"@type":"ImageObject","inLanguage":"de-CH","@id":"https:\/\/secure.gravatar.com\/avatar\/3517cfd720f2c9bb5b90e0cd0a311aa8c46e5dab426bb4c71034d7620300c623?s=96&d=mm&r=g30234642fb12b1696dfebc4901f48c5f","url":"https:\/\/secure.gravatar.com\/avatar\/3517cfd720f2c9bb5b90e0cd0a311aa8c46e5dab426bb4c71034d7620300c623?s=96&d=mm&r=g","contentUrl":"https:\/\/secure.gravatar.com\/avatar\/3517cfd720f2c9bb5b90e0cd0a311aa8c46e5dab426bb4c71034d7620300c623?s=96&d=mm&r=g","caption":"Peter Keller"}}]}},"_links":{"self":[{"href":"https:\/\/www.martel.ch\/cms\/wp-json\/wp\/v2\/posts\/2073","targetHints":{"allow":["GET"]}}],"collection":[{"href":"https:\/\/www.martel.ch\/cms\/wp-json\/wp\/v2\/posts"}],"about":[{"href":"https:\/\/www.martel.ch\/cms\/wp-json\/wp\/v2\/types\/post"}],"author":[{"embeddable":true,"href":"https:\/\/www.martel.ch\/cms\/wp-json\/wp\/v2\/users\/26"}],"replies":[{"embeddable":true,"href":"https:\/\/www.martel.ch\/cms\/wp-json\/wp\/v2\/comments?post=2073"}],"version-history":[{"count":4,"href":"https:\/\/www.martel.ch\/cms\/wp-json\/wp\/v2\/posts\/2073\/revisions"}],"predecessor-version":[{"id":14865,"href":"https:\/\/www.martel.ch\/cms\/wp-json\/wp\/v2\/posts\/2073\/revisions\/14865"}],"wp:featuredmedia":[{"embeddable":true,"href":"https:\/\/www.martel.ch\/cms\/wp-json\/wp\/v2\/media\/2137"}],"wp:attachment":[{"href":"https:\/\/www.martel.ch\/cms\/wp-json\/wp\/v2\/media?parent=2073"}],"wp:term":[{"taxonomy":"category","embeddable":true,"href":"https:\/\/www.martel.ch\/cms\/wp-json\/wp\/v2\/categories?post=2073"},{"taxonomy":"post_tag","embeddable":true,"href":"https:\/\/www.martel.ch\/cms\/wp-json\/wp\/v2\/tags?post=2073"},{"taxonomy":"author","embeddable":true,"href":"https:\/\/www.martel.ch\/cms\/wp-json\/wp\/v2\/coauthors?post=2073"}],"curies":[{"name":"wp","href":"https:\/\/api.w.org\/{rel}","templated":true}]}}