{"id":2081,"date":"2021-02-09T11:22:13","date_gmt":"2021-02-09T10:22:13","guid":{"rendered":"\/cms\/?p=2081"},"modified":"2022-08-24T11:33:27","modified_gmt":"2022-08-24T09:33:27","slug":"wie-ich-mich-in-den-wein-verliebte","status":"publish","type":"post","link":"https:\/\/www.martel.ch\/cms\/weinwissen\/weinmagazin\/martel-schenkt-ein\/wie-ich-mich-in-den-wein-verliebte\/","title":{"rendered":"Wie ich mich in den Wein verliebte\u2026"},"content":{"rendered":"\n<p>Zum Wein kam ich aus einer Not heraus. Im Anschluss an die Sekundarschule war die Verkehrsschule mein Ziel, Bahnhofsvorstand bei der SBB meine ambitionierte Vision. Doch mit der Aufnahmepr\u00fcfung in die Verkehrsschule klappte es nicht. So brauchte ich am Ende meiner Schulzeit im Fr\u00fchling 1976 schnell eine Lehrstelle. Der Zufall meinte es gut mit mir: In meiner Schule war eine kaufm\u00e4nnische Lehrstelle ausgeschrieben. Weder kannte ich die St. Galler Weinhandlung, die diese Stelle in meiner Schule ausgeschrieben hatte, noch hatte ich bis anhin auch nur einen Tropfen Wein getrunken (klar, ich war ja noch nicht einmal 16 Jahre alt). Trotzdem und \u00fcberraschenderweise wurde ich eingestellt. Das war der Beginn einer langen und lehrreichen Liebesgeschichte.<\/p>\n\n\n\n<h2 class=\"wp-block-heading\">Lehrjahre sind keine Herrenjahre &#8211; auch nicht in der Weinbranche<\/h2>\n\n\n\n<p>Offen gestanden: Die Anfangszeit meiner Lehre war nicht wirklich begeisternd und auch die \u2013 aus heutiger Sicht so spannende und reizvolle \u2013 Weinwelt interessierte mich damals wohl nur m\u00e4ssig. Wein und ich, das war nicht Liebe auf den ersten Blick. Wir gingen es langsam an. Nach und nach begann ich, mich aber daf\u00fcr zu interessieren und so wurde das Jahr 1976 dann noch in weiterer Hinsicht schicksalhaft f\u00fcr mich und meine Liebe zum Wein.<\/p>\n\n\n\n<h2 class=\"wp-block-heading\">Der Jahrgang, der alles ver\u00e4nderte<\/h2>\n\n\n\n<p>1976, der erste Burgunder-Jahrgang, den ich probieren konnte. Ich erinnere mich genau an diesen Fr\u00fchlingssonntag 1978: Rosine und Bruno Ponnelle besuchten uns mit einem Haufen Muster im Gep\u00e4ck. Mit der Kellerei Pierre Ponnelle bestritten wir damals das ganze Burgund-Gesch\u00e4ft. Am Morgen hatte ich mit der Knabenmusik die Prozession am Weissen Sonntag begleitet. Am Nachmittag setzte ich mich im Degustationsraum in eine Ecke, probierte und h\u00f6rte vor allem zu. Es machte Klick: Offenbar war es damals um mich geschehen und seither haben mich das Burgund und seine Weine nicht mehr losgelassen. Ich war fasziniert von der Vielfalt dieser Weine, gewonnen aus der gleichen Traubensorte, Pinot Noir. Diese Faszination ist bis heute geblieben, nicht nur vom Burgund.<\/p>\n\n\n\n<h2 class=\"wp-block-heading\">Die Degustation, die alles ver\u00e4nderte<\/h2>\n\n\n\n<p>1976 wurde gleich noch einmal entscheidend f\u00fcr meine Beziehung zu Wein. Denn das Jahr meines Einstiegs ins Weingesch\u00e4ft war auch das Jahr, in dem der englische Weinh\u00e4ndler Steven Spurrier in Paris eine Vergleichsdegustation mit kalifornischen und franz\u00f6sischen Weinen veranstaltete, heute besser bekannt als \u00abJudgement of Paris\u00bb<em>. <\/em>Kalifornische Weine machten v\u00f6llig \u00fcberraschend das Rennen. Nachdem bei der Revanche 1979 wieder kalifornische Weine obenauf schwangen, stiegen wir gross ins Gesch\u00e4ft mit kalifornischen Weinen ein. Die Begegnung mit diesen Weinen erweiterte meinen Horizont enorm.<\/p>\n\n\n\n<h2 class=\"wp-block-heading\">Das Angebot, das alles ver\u00e4nderte<\/h2>\n\n\n\n<p>Als mir Walter Schug, er war Winemaker von Joseph Phelps Vineyards, dann auch noch anbot, bei ihm im Napa Valley eine Stage zu absolvieren, sagte ich begeistert und neugierig zu. Ich lernte viel bei dieser Arbeit, erfasste langsam die Zusammenh\u00e4nge des Weinbaus und vor allem lernte ich, Wein besser zu verstehen. Einkaufsreisen rund um die Welt \u00fcber die letzten 40 Jahre hinweg sowie Gespr\u00e4che und Degustationen mit einigen der besten Winzer f\u00f6rderten meine Passion. So wurde die Beziehung zwischen dem Wein und mir \u00fcber all die Jahre immer enger und intensiver. Das \u00fcber Weiterbildungen angeeignete Wissen unterst\u00fctzte meine Freude und meine Liebe dazu noch.<\/p>\n\n\n\n<p>Klar gibt es Momente, an denen sich mir ein Wein als unnahbare Diva vorstellt, nicht zeigt, was er ist, er alles andere als gespr\u00e4chig ist und tief unten im Glas sitzt. Aber oft umarmt er mich dann in ein paar Jahren daf\u00fcr umso inniger und genau solche Momente sind das, was ich an dem Faszinosum Wein so unendlich sch\u00e4tze.<\/p>\n\n\n\n<p>Martin Schwarz, Leiter Einkauf<\/p>\n\n\n\n<p><\/p>\n\n\n\n<div class=\"wp-block-buttons is-layout-flex wp-block-buttons-is-layout-flex\">\n<div class=\"wp-block-button\"><a class=\"wp-block-button__link\" href=\"https:\/\/www.martel.ch\/wein\/\">Zum Weinsortiment<\/a><\/div>\n<\/div>\n","protected":false},"excerpt":{"rendered":"","protected":false},"author":19,"featured_media":2136,"comment_status":"closed","ping_status":"closed","sticky":false,"template":"","format":"standard","meta":{"_acf_changed":false,"inline_featured_image":false,"footnotes":""},"categories":[449,57],"tags":[],"coauthors":[],"class_list":["post-2081","post","type-post","status-publish","format-standard","has-post-thumbnail","hentry","category-alle","category-martel-schenkt-ein"],"acf":{"inhaltselemente":null},"yoast_head":"<!-- This site is optimized with the Yoast SEO plugin v27.5 - https:\/\/yoast.com\/product\/yoast-seo-wordpress\/ -->\n<title>Wie ich mich in den Wein verliebte\u2026 | Martel Weine St.Gallen und Z\u00fcrich<\/title>\n<meta name=\"description\" content=\"Wie Martin Schwarz, Einkaufschef der Martel AG St.Gallen seine Liebe zum Wein entdeckte.\" \/>\n<meta name=\"robots\" content=\"index, follow, max-snippet:-1, max-image-preview:large, max-video-preview:-1\" \/>\n<link rel=\"canonical\" href=\"https:\/\/www.martel.ch\/cms\/weinwissen\/weinmagazin\/martel-schenkt-ein\/wie-ich-mich-in-den-wein-verliebte\/\" \/>\n<meta property=\"og:locale\" content=\"de_DE\" \/>\n<meta property=\"og:type\" content=\"article\" \/>\n<meta property=\"og:title\" content=\"Wie ich mich in den Wein verliebte\u2026 | Martel Weine St.Gallen und Z\u00fcrich\" \/>\n<meta property=\"og:description\" content=\"Wie Martin Schwarz, Einkaufschef der Martel AG St.Gallen seine Liebe zum Wein entdeckte.\" \/>\n<meta property=\"og:url\" content=\"https:\/\/www.martel.ch\/cms\/weinwissen\/weinmagazin\/martel-schenkt-ein\/wie-ich-mich-in-den-wein-verliebte\/\" \/>\n<meta property=\"og:site_name\" content=\"Martel\" \/>\n<meta property=\"article:publisher\" content=\"https:\/\/www.facebook.com\/pages\/Martel-AG-St-Gallen\/233396026691876\" \/>\n<meta property=\"article:published_time\" content=\"2021-02-09T10:22:13+00:00\" \/>\n<meta property=\"article:modified_time\" content=\"2022-08-24T09:33:27+00:00\" \/>\n<meta property=\"og:image\" content=\"https:\/\/www.martel.ch\/cms\/wp-content\/uploads\/2021\/02\/Martins-Liebe-zum-Wein_1-4.jpg\" \/>\n\t<meta property=\"og:image:width\" content=\"1215\" \/>\n\t<meta property=\"og:image:height\" content=\"810\" \/>\n\t<meta property=\"og:image:type\" content=\"image\/jpeg\" \/>\n<meta name=\"author\" content=\"Martin Schwarz\" \/>\n<meta name=\"twitter:card\" content=\"summary_large_image\" \/>\n<meta name=\"twitter:creator\" content=\"@martel_weinwelt\" \/>\n<meta name=\"twitter:site\" content=\"@martel_weinwelt\" \/>\n<meta name=\"twitter:label1\" content=\"Geschrieben von\" \/>\n\t<meta name=\"twitter:data1\" content=\"Martin Schwarz\" \/>\n\t<meta name=\"twitter:label2\" content=\"Gesch\u00e4tzte Lesezeit\" \/>\n\t<meta name=\"twitter:data2\" content=\"4\u00a0Minuten\" \/>\n\t<meta name=\"twitter:label3\" content=\"Written by\" \/>\n\t<meta name=\"twitter:data3\" content=\"Martin Schwarz\" \/>\n<script type=\"application\/ld+json\" class=\"yoast-schema-graph\">{\"@context\":\"https:\\\/\\\/schema.org\",\"@graph\":[{\"@type\":\"Article\",\"@id\":\"https:\\\/\\\/www.martel.ch\\\/cms\\\/weinwissen\\\/weinmagazin\\\/martel-schenkt-ein\\\/wie-ich-mich-in-den-wein-verliebte\\\/#article\",\"isPartOf\":{\"@id\":\"https:\\\/\\\/www.martel.ch\\\/cms\\\/weinwissen\\\/weinmagazin\\\/martel-schenkt-ein\\\/wie-ich-mich-in-den-wein-verliebte\\\/\"},\"author\":{\"name\":\"Martin Schwarz\",\"@id\":\"https:\\\/\\\/www.martel.ch\\\/cms\\\/#\\\/schema\\\/person\\\/242aaac9919dbc0e603f4bb5da15fe1f\"},\"headline\":\"Wie ich mich in den Wein verliebte\u2026\",\"datePublished\":\"2021-02-09T10:22:13+00:00\",\"dateModified\":\"2022-08-24T09:33:27+00:00\",\"mainEntityOfPage\":{\"@id\":\"https:\\\/\\\/www.martel.ch\\\/cms\\\/weinwissen\\\/weinmagazin\\\/martel-schenkt-ein\\\/wie-ich-mich-in-den-wein-verliebte\\\/\"},\"wordCount\":601,\"publisher\":{\"@id\":\"https:\\\/\\\/www.martel.ch\\\/cms\\\/#organization\"},\"image\":{\"@id\":\"https:\\\/\\\/www.martel.ch\\\/cms\\\/weinwissen\\\/weinmagazin\\\/martel-schenkt-ein\\\/wie-ich-mich-in-den-wein-verliebte\\\/#primaryimage\"},\"thumbnailUrl\":\"https:\\\/\\\/www.martel.ch\\\/cms\\\/wp-content\\\/uploads\\\/2021\\\/02\\\/Martins-Liebe-zum-Wein_1-4.jpg\",\"articleSection\":[\"Alle\",\"Martel schenkt ein\"],\"inLanguage\":\"de-CH\"},{\"@type\":\"WebPage\",\"@id\":\"https:\\\/\\\/www.martel.ch\\\/cms\\\/weinwissen\\\/weinmagazin\\\/martel-schenkt-ein\\\/wie-ich-mich-in-den-wein-verliebte\\\/\",\"url\":\"https:\\\/\\\/www.martel.ch\\\/cms\\\/weinwissen\\\/weinmagazin\\\/martel-schenkt-ein\\\/wie-ich-mich-in-den-wein-verliebte\\\/\",\"name\":\"Wie ich mich in den Wein verliebte\u2026 | Martel Weine St.Gallen und Z\u00fcrich\",\"isPartOf\":{\"@id\":\"https:\\\/\\\/www.martel.ch\\\/cms\\\/#website\"},\"primaryImageOfPage\":{\"@id\":\"https:\\\/\\\/www.martel.ch\\\/cms\\\/weinwissen\\\/weinmagazin\\\/martel-schenkt-ein\\\/wie-ich-mich-in-den-wein-verliebte\\\/#primaryimage\"},\"image\":{\"@id\":\"https:\\\/\\\/www.martel.ch\\\/cms\\\/weinwissen\\\/weinmagazin\\\/martel-schenkt-ein\\\/wie-ich-mich-in-den-wein-verliebte\\\/#primaryimage\"},\"thumbnailUrl\":\"https:\\\/\\\/www.martel.ch\\\/cms\\\/wp-content\\\/uploads\\\/2021\\\/02\\\/Martins-Liebe-zum-Wein_1-4.jpg\",\"datePublished\":\"2021-02-09T10:22:13+00:00\",\"dateModified\":\"2022-08-24T09:33:27+00:00\",\"description\":\"Wie Martin Schwarz, Einkaufschef der Martel AG St.Gallen seine Liebe zum Wein entdeckte.\",\"breadcrumb\":{\"@id\":\"https:\\\/\\\/www.martel.ch\\\/cms\\\/weinwissen\\\/weinmagazin\\\/martel-schenkt-ein\\\/wie-ich-mich-in-den-wein-verliebte\\\/#breadcrumb\"},\"inLanguage\":\"de-CH\",\"potentialAction\":[{\"@type\":\"ReadAction\",\"target\":[\"https:\\\/\\\/www.martel.ch\\\/cms\\\/weinwissen\\\/weinmagazin\\\/martel-schenkt-ein\\\/wie-ich-mich-in-den-wein-verliebte\\\/\"]}]},{\"@type\":\"ImageObject\",\"inLanguage\":\"de-CH\",\"@id\":\"https:\\\/\\\/www.martel.ch\\\/cms\\\/weinwissen\\\/weinmagazin\\\/martel-schenkt-ein\\\/wie-ich-mich-in-den-wein-verliebte\\\/#primaryimage\",\"url\":\"https:\\\/\\\/www.martel.ch\\\/cms\\\/wp-content\\\/uploads\\\/2021\\\/02\\\/Martins-Liebe-zum-Wein_1-4.jpg\",\"contentUrl\":\"https:\\\/\\\/www.martel.ch\\\/cms\\\/wp-content\\\/uploads\\\/2021\\\/02\\\/Martins-Liebe-zum-Wein_1-4.jpg\",\"width\":1215,\"height\":810},{\"@type\":\"BreadcrumbList\",\"@id\":\"https:\\\/\\\/www.martel.ch\\\/cms\\\/weinwissen\\\/weinmagazin\\\/martel-schenkt-ein\\\/wie-ich-mich-in-den-wein-verliebte\\\/#breadcrumb\",\"itemListElement\":[{\"@type\":\"ListItem\",\"position\":1,\"name\":\"Startseite\",\"item\":\"https:\\\/\\\/www.martel.ch\\\/cms\\\/\"},{\"@type\":\"ListItem\",\"position\":2,\"name\":\"Wie ich mich in den Wein verliebte\u2026\"}]},{\"@type\":\"WebSite\",\"@id\":\"https:\\\/\\\/www.martel.ch\\\/cms\\\/#website\",\"url\":\"https:\\\/\\\/www.martel.ch\\\/cms\\\/\",\"name\":\"Martel\",\"description\":\"F\u00fcr Weinbegeisterte und die, die es werden m\u00f6chten.\",\"publisher\":{\"@id\":\"https:\\\/\\\/www.martel.ch\\\/cms\\\/#organization\"},\"potentialAction\":[{\"@type\":\"SearchAction\",\"target\":{\"@type\":\"EntryPoint\",\"urlTemplate\":\"https:\\\/\\\/www.martel.ch\\\/cms\\\/?s={search_term_string}\"},\"query-input\":{\"@type\":\"PropertyValueSpecification\",\"valueRequired\":true,\"valueName\":\"search_term_string\"}}],\"inLanguage\":\"de-CH\"},{\"@type\":\"Organization\",\"@id\":\"https:\\\/\\\/www.martel.ch\\\/cms\\\/#organization\",\"name\":\"Martel AG St.Gallen\",\"url\":\"https:\\\/\\\/www.martel.ch\\\/cms\\\/\",\"logo\":{\"@type\":\"ImageObject\",\"inLanguage\":\"de-CH\",\"@id\":\"https:\\\/\\\/www.martel.ch\\\/cms\\\/#\\\/schema\\\/logo\\\/image\\\/\",\"url\":\"https:\\\/\\\/www.martel.ch\\\/cms\\\/wp-content\\\/uploads\\\/2019\\\/02\\\/martel-logo.png\",\"contentUrl\":\"https:\\\/\\\/www.martel.ch\\\/cms\\\/wp-content\\\/uploads\\\/2019\\\/02\\\/martel-logo.png\",\"width\":600,\"height\":600,\"caption\":\"Martel AG St.Gallen\"},\"image\":{\"@id\":\"https:\\\/\\\/www.martel.ch\\\/cms\\\/#\\\/schema\\\/logo\\\/image\\\/\"},\"sameAs\":[\"https:\\\/\\\/www.facebook.com\\\/pages\\\/Martel-AG-St-Gallen\\\/233396026691876\",\"https:\\\/\\\/x.com\\\/martel_weinwelt\",\"https:\\\/\\\/www.instagram.com\\\/martel_weinwelt\\\/\",\"https:\\\/\\\/www.linkedin.com\\\/company\\\/martel-ag-st-gallen\",\"https:\\\/\\\/www.pinterest.ch\\\/martel_weinwelt\"]},{\"@type\":\"Person\",\"@id\":\"https:\\\/\\\/www.martel.ch\\\/cms\\\/#\\\/schema\\\/person\\\/242aaac9919dbc0e603f4bb5da15fe1f\",\"name\":\"Martin Schwarz\",\"image\":{\"@type\":\"ImageObject\",\"inLanguage\":\"de-CH\",\"@id\":\"https:\\\/\\\/secure.gravatar.com\\\/avatar\\\/b0946d337c5a3e313bb28fb25ac2ec718df289589b16e615e281744f7ccbb787?s=96&d=mm&r=g6e77f0a16ef7d6a3f20a076aefde484c\",\"url\":\"https:\\\/\\\/secure.gravatar.com\\\/avatar\\\/b0946d337c5a3e313bb28fb25ac2ec718df289589b16e615e281744f7ccbb787?s=96&d=mm&r=g\",\"contentUrl\":\"https:\\\/\\\/secure.gravatar.com\\\/avatar\\\/b0946d337c5a3e313bb28fb25ac2ec718df289589b16e615e281744f7ccbb787?s=96&d=mm&r=g\",\"caption\":\"Martin Schwarz\"}}]}<\/script>\n<!-- \/ Yoast SEO plugin. -->","yoast_head_json":{"title":"Wie ich mich in den Wein verliebte\u2026 | Martel Weine St.Gallen und Z\u00fcrich","description":"Wie Martin Schwarz, Einkaufschef der Martel AG St.Gallen seine Liebe zum Wein entdeckte.","robots":{"index":"index","follow":"follow","max-snippet":"max-snippet:-1","max-image-preview":"max-image-preview:large","max-video-preview":"max-video-preview:-1"},"canonical":"https:\/\/www.martel.ch\/cms\/weinwissen\/weinmagazin\/martel-schenkt-ein\/wie-ich-mich-in-den-wein-verliebte\/","og_locale":"de_DE","og_type":"article","og_title":"Wie ich mich in den Wein verliebte\u2026 | Martel Weine St.Gallen und Z\u00fcrich","og_description":"Wie Martin Schwarz, Einkaufschef der Martel AG St.Gallen seine Liebe zum Wein entdeckte.","og_url":"https:\/\/www.martel.ch\/cms\/weinwissen\/weinmagazin\/martel-schenkt-ein\/wie-ich-mich-in-den-wein-verliebte\/","og_site_name":"Martel","article_publisher":"https:\/\/www.facebook.com\/pages\/Martel-AG-St-Gallen\/233396026691876","article_published_time":"2021-02-09T10:22:13+00:00","article_modified_time":"2022-08-24T09:33:27+00:00","og_image":[{"width":1215,"height":810,"url":"https:\/\/www.martel.ch\/cms\/wp-content\/uploads\/2021\/02\/Martins-Liebe-zum-Wein_1-4.jpg","type":"image\/jpeg"}],"author":"Martin Schwarz","twitter_card":"summary_large_image","twitter_creator":"@martel_weinwelt","twitter_site":"@martel_weinwelt","twitter_misc":{"Geschrieben von":"Martin Schwarz","Gesch\u00e4tzte Lesezeit":"4\u00a0Minuten","Written by":"Martin Schwarz"},"schema":{"@context":"https:\/\/schema.org","@graph":[{"@type":"Article","@id":"https:\/\/www.martel.ch\/cms\/weinwissen\/weinmagazin\/martel-schenkt-ein\/wie-ich-mich-in-den-wein-verliebte\/#article","isPartOf":{"@id":"https:\/\/www.martel.ch\/cms\/weinwissen\/weinmagazin\/martel-schenkt-ein\/wie-ich-mich-in-den-wein-verliebte\/"},"author":{"name":"Martin Schwarz","@id":"https:\/\/www.martel.ch\/cms\/#\/schema\/person\/242aaac9919dbc0e603f4bb5da15fe1f"},"headline":"Wie ich mich in den Wein verliebte\u2026","datePublished":"2021-02-09T10:22:13+00:00","dateModified":"2022-08-24T09:33:27+00:00","mainEntityOfPage":{"@id":"https:\/\/www.martel.ch\/cms\/weinwissen\/weinmagazin\/martel-schenkt-ein\/wie-ich-mich-in-den-wein-verliebte\/"},"wordCount":601,"publisher":{"@id":"https:\/\/www.martel.ch\/cms\/#organization"},"image":{"@id":"https:\/\/www.martel.ch\/cms\/weinwissen\/weinmagazin\/martel-schenkt-ein\/wie-ich-mich-in-den-wein-verliebte\/#primaryimage"},"thumbnailUrl":"https:\/\/www.martel.ch\/cms\/wp-content\/uploads\/2021\/02\/Martins-Liebe-zum-Wein_1-4.jpg","articleSection":["Alle","Martel schenkt ein"],"inLanguage":"de-CH"},{"@type":"WebPage","@id":"https:\/\/www.martel.ch\/cms\/weinwissen\/weinmagazin\/martel-schenkt-ein\/wie-ich-mich-in-den-wein-verliebte\/","url":"https:\/\/www.martel.ch\/cms\/weinwissen\/weinmagazin\/martel-schenkt-ein\/wie-ich-mich-in-den-wein-verliebte\/","name":"Wie ich mich in den Wein verliebte\u2026 | Martel Weine St.Gallen und Z\u00fcrich","isPartOf":{"@id":"https:\/\/www.martel.ch\/cms\/#website"},"primaryImageOfPage":{"@id":"https:\/\/www.martel.ch\/cms\/weinwissen\/weinmagazin\/martel-schenkt-ein\/wie-ich-mich-in-den-wein-verliebte\/#primaryimage"},"image":{"@id":"https:\/\/www.martel.ch\/cms\/weinwissen\/weinmagazin\/martel-schenkt-ein\/wie-ich-mich-in-den-wein-verliebte\/#primaryimage"},"thumbnailUrl":"https:\/\/www.martel.ch\/cms\/wp-content\/uploads\/2021\/02\/Martins-Liebe-zum-Wein_1-4.jpg","datePublished":"2021-02-09T10:22:13+00:00","dateModified":"2022-08-24T09:33:27+00:00","description":"Wie Martin Schwarz, Einkaufschef der Martel AG St.Gallen seine Liebe zum Wein entdeckte.","breadcrumb":{"@id":"https:\/\/www.martel.ch\/cms\/weinwissen\/weinmagazin\/martel-schenkt-ein\/wie-ich-mich-in-den-wein-verliebte\/#breadcrumb"},"inLanguage":"de-CH","potentialAction":[{"@type":"ReadAction","target":["https:\/\/www.martel.ch\/cms\/weinwissen\/weinmagazin\/martel-schenkt-ein\/wie-ich-mich-in-den-wein-verliebte\/"]}]},{"@type":"ImageObject","inLanguage":"de-CH","@id":"https:\/\/www.martel.ch\/cms\/weinwissen\/weinmagazin\/martel-schenkt-ein\/wie-ich-mich-in-den-wein-verliebte\/#primaryimage","url":"https:\/\/www.martel.ch\/cms\/wp-content\/uploads\/2021\/02\/Martins-Liebe-zum-Wein_1-4.jpg","contentUrl":"https:\/\/www.martel.ch\/cms\/wp-content\/uploads\/2021\/02\/Martins-Liebe-zum-Wein_1-4.jpg","width":1215,"height":810},{"@type":"BreadcrumbList","@id":"https:\/\/www.martel.ch\/cms\/weinwissen\/weinmagazin\/martel-schenkt-ein\/wie-ich-mich-in-den-wein-verliebte\/#breadcrumb","itemListElement":[{"@type":"ListItem","position":1,"name":"Startseite","item":"https:\/\/www.martel.ch\/cms\/"},{"@type":"ListItem","position":2,"name":"Wie ich mich in den Wein verliebte\u2026"}]},{"@type":"WebSite","@id":"https:\/\/www.martel.ch\/cms\/#website","url":"https:\/\/www.martel.ch\/cms\/","name":"Martel","description":"F\u00fcr Weinbegeisterte und die, die es werden m\u00f6chten.","publisher":{"@id":"https:\/\/www.martel.ch\/cms\/#organization"},"potentialAction":[{"@type":"SearchAction","target":{"@type":"EntryPoint","urlTemplate":"https:\/\/www.martel.ch\/cms\/?s={search_term_string}"},"query-input":{"@type":"PropertyValueSpecification","valueRequired":true,"valueName":"search_term_string"}}],"inLanguage":"de-CH"},{"@type":"Organization","@id":"https:\/\/www.martel.ch\/cms\/#organization","name":"Martel AG St.Gallen","url":"https:\/\/www.martel.ch\/cms\/","logo":{"@type":"ImageObject","inLanguage":"de-CH","@id":"https:\/\/www.martel.ch\/cms\/#\/schema\/logo\/image\/","url":"https:\/\/www.martel.ch\/cms\/wp-content\/uploads\/2019\/02\/martel-logo.png","contentUrl":"https:\/\/www.martel.ch\/cms\/wp-content\/uploads\/2019\/02\/martel-logo.png","width":600,"height":600,"caption":"Martel AG St.Gallen"},"image":{"@id":"https:\/\/www.martel.ch\/cms\/#\/schema\/logo\/image\/"},"sameAs":["https:\/\/www.facebook.com\/pages\/Martel-AG-St-Gallen\/233396026691876","https:\/\/x.com\/martel_weinwelt","https:\/\/www.instagram.com\/martel_weinwelt\/","https:\/\/www.linkedin.com\/company\/martel-ag-st-gallen","https:\/\/www.pinterest.ch\/martel_weinwelt"]},{"@type":"Person","@id":"https:\/\/www.martel.ch\/cms\/#\/schema\/person\/242aaac9919dbc0e603f4bb5da15fe1f","name":"Martin Schwarz","image":{"@type":"ImageObject","inLanguage":"de-CH","@id":"https:\/\/secure.gravatar.com\/avatar\/b0946d337c5a3e313bb28fb25ac2ec718df289589b16e615e281744f7ccbb787?s=96&d=mm&r=g6e77f0a16ef7d6a3f20a076aefde484c","url":"https:\/\/secure.gravatar.com\/avatar\/b0946d337c5a3e313bb28fb25ac2ec718df289589b16e615e281744f7ccbb787?s=96&d=mm&r=g","contentUrl":"https:\/\/secure.gravatar.com\/avatar\/b0946d337c5a3e313bb28fb25ac2ec718df289589b16e615e281744f7ccbb787?s=96&d=mm&r=g","caption":"Martin Schwarz"}}]}},"_links":{"self":[{"href":"https:\/\/www.martel.ch\/cms\/wp-json\/wp\/v2\/posts\/2081","targetHints":{"allow":["GET"]}}],"collection":[{"href":"https:\/\/www.martel.ch\/cms\/wp-json\/wp\/v2\/posts"}],"about":[{"href":"https:\/\/www.martel.ch\/cms\/wp-json\/wp\/v2\/types\/post"}],"author":[{"embeddable":true,"href":"https:\/\/www.martel.ch\/cms\/wp-json\/wp\/v2\/users\/19"}],"replies":[{"embeddable":true,"href":"https:\/\/www.martel.ch\/cms\/wp-json\/wp\/v2\/comments?post=2081"}],"version-history":[{"count":3,"href":"https:\/\/www.martel.ch\/cms\/wp-json\/wp\/v2\/posts\/2081\/revisions"}],"predecessor-version":[{"id":14862,"href":"https:\/\/www.martel.ch\/cms\/wp-json\/wp\/v2\/posts\/2081\/revisions\/14862"}],"wp:featuredmedia":[{"embeddable":true,"href":"https:\/\/www.martel.ch\/cms\/wp-json\/wp\/v2\/media\/2136"}],"wp:attachment":[{"href":"https:\/\/www.martel.ch\/cms\/wp-json\/wp\/v2\/media?parent=2081"}],"wp:term":[{"taxonomy":"category","embeddable":true,"href":"https:\/\/www.martel.ch\/cms\/wp-json\/wp\/v2\/categories?post=2081"},{"taxonomy":"post_tag","embeddable":true,"href":"https:\/\/www.martel.ch\/cms\/wp-json\/wp\/v2\/tags?post=2081"},{"taxonomy":"author","embeddable":true,"href":"https:\/\/www.martel.ch\/cms\/wp-json\/wp\/v2\/coauthors?post=2081"}],"curies":[{"name":"wp","href":"https:\/\/api.w.org\/{rel}","templated":true}]}}