{"id":2154,"date":"2021-03-09T09:47:06","date_gmt":"2021-03-09T08:47:06","guid":{"rendered":"\/cms\/?p=2154"},"modified":"2022-09-15T10:57:20","modified_gmt":"2022-09-15T08:57:20","slug":"chateau-lafleur-a-pomerol-und-martel","status":"publish","type":"post","link":"https:\/\/www.martel.ch\/cms\/weinwissen\/weinmagazin\/martel-schenkt-ein\/chateau-lafleur-a-pomerol-und-martel\/","title":{"rendered":"Ch\u00e2teau Lafleur \u00e0 Pomerol und Martel"},"content":{"rendered":"\n<p>Wenn man 100 Weinliebhaber nach dem besten Weingut in Pomerol befragen wu\u0308rde, w\u00e4re Ch\u00e2teau Lafleur wohl ein heisser Anw\u00e4rter auf den ersten Platz. Dieses Ch\u00e2teau nimmt aber auch weit u\u0308ber die Region hinaus einen einzigartigen Stellenwert im Kreis der fu\u0308hrenden Weingu\u0308ter der Welt ein.<\/p>\n\n\n\n<h2 class=\"wp-block-heading\">Ann\u00e4herung im Lockdown<\/h2>\n\n\n\n<p>Wir alle erinnern uns nur ungern an den ersten harten Lockdown im Fru\u0308hling 2020 zuru\u0308ck. Trotzdem ist er in unserem Fall im positiven Sinn mitverantwortlich fu\u0308r die neue Partnerschaft mit Ch\u00e2teau Lafleur. In dieser unwirklichen und reisefreien Periode verbrachten wir mehr Zeit vor dem Bildschirm als gew\u00f6hnlich und so kamen wir digital miteinander in Kontakt.<\/p>\n\n\n\n<h2 class=\"wp-block-heading\">Gemeinsame Leidenschaft<\/h2>\n\n\n\n<p>Aus diesem ersten Austausch zwischen dem Weingutsleiter Omri Ram und mir ergaben sich Emails, Telefongespr\u00e4che und Videokonferenzen. Wir spu\u0308rten sofort, dass wir die Leidenschaft fu\u0308r grossartige Weine, inspirierende Ideen und das langfristige Denken eines Familienunternehmens teilen. Schliesslich blicken sowohl Lafleur als auch Martel auf fu\u0308nf Generationen Weingeschichte zuru\u0308ck \u2013 das verbindet.<\/p>\n\n\n\n<h2 class=\"wp-block-heading\">Botschafter eines \u00abmonument historique\u00bb<\/h2>\n\n\n\n<p>Im Sommer 2020 war es dann Zeit fu\u0308r ein erstes Treffen in Pomerol. Das gute Gefu\u0308hl fu\u0308reinander best\u00e4tigte sich. Der Funken sprang u\u0308ber und wir entschieden, gemeinsame Wege zu gehen. <strong>So k\u00f6nnen wir Ihnen heute voller Stolz mitteilen, dass wir ab sofort Botschafter dieses \u00abmonument historique\u00bb sind und wir in dieser Funktion die Weine von Ch\u00e2teau Lafleur exklusiv fu\u0308r die Deutschschweiz und das Tessin vertreten. Mit dabei sind auch die Weine des zweiten Weingutes: Ch\u00e2teau Grand Village.<\/strong><\/p>\n\n\n\n<p>Nachfolgend erfahren Sie mehr \u00fcber die Geschichte von Ch\u00e2teau Lafleur und \u00fcber die grossartigen Weine. <strong>Zudem haben Sie die M\u00f6glichkeit, sich bereits fu\u0308r die Subskriptionen des Jahrgangs 2020 (findet im Sommer 2021 statt) anzumelden.<br><\/strong><\/p>\n\n\n\n<p>Wir w\u00fcnschen Ihnen viel Vergn\u00fcgen und Freude beim Genuss.<\/p>\n\n\n\n<p>Jan Martel<\/p>\n\n\n\n<figure class=\"wp-block-image\"><img loading=\"lazy\" decoding=\"async\" width=\"728\" height=\"485\" src=\"\/cms\/wp-content\/uploads\/2021\/03\/A6_03_MEX-2_Cha\u0302teau-Lafleur_Alte-Jahrga\u0308nge_Bild_Blog-3.jpg\" alt=\"Ch\u00e2teau Lafleur\" class=\"wp-image-2155\" srcset=\"https:\/\/www.martel.ch\/cms\/wp-content\/uploads\/2021\/03\/A6_03_MEX-2_Cha\u0302teau-Lafleur_Alte-Jahrga\u0308nge_Bild_Blog-3.jpg 728w, https:\/\/www.martel.ch\/cms\/wp-content\/uploads\/2021\/03\/A6_03_MEX-2_Cha\u0302teau-Lafleur_Alte-Jahrga\u0308nge_Bild_Blog-3-300x200.jpg 300w, https:\/\/www.martel.ch\/cms\/wp-content\/uploads\/2021\/03\/A6_03_MEX-2_Cha\u0302teau-Lafleur_Alte-Jahrga\u0308nge_Bild_Blog-3-332x221.jpg 332w, https:\/\/www.martel.ch\/cms\/wp-content\/uploads\/2021\/03\/A6_03_MEX-2_Cha\u0302teau-Lafleur_Alte-Jahrga\u0308nge_Bild_Blog-3-290x193.jpg 290w, https:\/\/www.martel.ch\/cms\/wp-content\/uploads\/2021\/03\/A6_03_MEX-2_Cha\u0302teau-Lafleur_Alte-Jahrga\u0308nge_Bild_Blog-3-446x297.jpg 446w, https:\/\/www.martel.ch\/cms\/wp-content\/uploads\/2021\/03\/A6_03_MEX-2_Cha\u0302teau-Lafleur_Alte-Jahrga\u0308nge_Bild_Blog-3-679x452.jpg 679w, https:\/\/www.martel.ch\/cms\/wp-content\/uploads\/2021\/03\/A6_03_MEX-2_Cha\u0302teau-Lafleur_Alte-Jahrga\u0308nge_Bild_Blog-3-554x369.jpg 554w, https:\/\/www.martel.ch\/cms\/wp-content\/uploads\/2021\/03\/A6_03_MEX-2_Cha\u0302teau-Lafleur_Alte-Jahrga\u0308nge_Bild_Blog-3-330x220.jpg 330w, https:\/\/www.martel.ch\/cms\/wp-content\/uploads\/2021\/03\/A6_03_MEX-2_Cha\u0302teau-Lafleur_Alte-Jahrga\u0308nge_Bild_Blog-3-400x266.jpg 400w, https:\/\/www.martel.ch\/cms\/wp-content\/uploads\/2021\/03\/A6_03_MEX-2_Cha\u0302teau-Lafleur_Alte-Jahrga\u0308nge_Bild_Blog-3-500x333.jpg 500w, https:\/\/www.martel.ch\/cms\/wp-content\/uploads\/2021\/03\/A6_03_MEX-2_Cha\u0302teau-Lafleur_Alte-Jahrga\u0308nge_Bild_Blog-3-359x239.jpg 359w, https:\/\/www.martel.ch\/cms\/wp-content\/uploads\/2021\/03\/A6_03_MEX-2_Cha\u0302teau-Lafleur_Alte-Jahrga\u0308nge_Bild_Blog-3-230x153.jpg 230w, https:\/\/www.martel.ch\/cms\/wp-content\/uploads\/2021\/03\/A6_03_MEX-2_Cha\u0302teau-Lafleur_Alte-Jahrga\u0308nge_Bild_Blog-3-680x453.jpg 680w, https:\/\/www.martel.ch\/cms\/wp-content\/uploads\/2021\/03\/A6_03_MEX-2_Cha\u0302teau-Lafleur_Alte-Jahrga\u0308nge_Bild_Blog-3-490x326.jpg 490w, https:\/\/www.martel.ch\/cms\/wp-content\/uploads\/2021\/03\/A6_03_MEX-2_Cha\u0302teau-Lafleur_Alte-Jahrga\u0308nge_Bild_Blog-3-370x246.jpg 370w\" sizes=\"auto, (max-width: 728px) 100vw, 728px\" \/><\/figure>\n\n\n\n<h2 class=\"wp-block-heading\">Die Geschichte von Ch\u00e2teau Lafleur<\/h2>\n\n\n\n<p>Gegru\u0308ndet wurde das Weingut Ch\u00e2teau Lafleur an dem Tag, als Henri Greloud 1872 ein bezauberndes kleines Stu\u0308ck Land in Pomerol kaufte. \u00dcber die Jahre wurde der Rebberg perfektioniert und gleich daneben ein Haus mit Keller gebaut. Das gesamte Anwesen erhielt den Namen Lafleur.<\/p>\n\n\n\n<p>In der Folge entstanden in den Jahren 1945, 1947, 1950, 1961 oder 1982 legend\u00e4re Weine, die international fu\u0308r grosses Aufsehen sorgten. Das Interesse an den Weinen dieses magischen Weingutes ist bis heute ungebrochen und so fu\u0308hrt mit Sylvie, Jacques, Julie und Baptiste Guinaudeau (Bild oben) bereits die fu\u0308nfte Familiengeneration diese Erfolgsgeschichte fort.<\/p>\n\n\n\n<figure class=\"wp-block-image size-full\"><img loading=\"lazy\" decoding=\"async\" width=\"728\" height=\"485\" src=\"https:\/\/www.martel.ch\/cms\/wp-content\/uploads\/2021\/03\/A6_03_MEX-2_Cha\u0302teau-Lafleur-Alte-Jahrga\u0308nge_Bild_Blog-4.jpg\" alt=\"Ch\u00e2teau Lafleur\" class=\"wp-image-2157\" srcset=\"https:\/\/www.martel.ch\/cms\/wp-content\/uploads\/2021\/03\/A6_03_MEX-2_Cha\u0302teau-Lafleur-Alte-Jahrga\u0308nge_Bild_Blog-4.jpg 728w, https:\/\/www.martel.ch\/cms\/wp-content\/uploads\/2021\/03\/A6_03_MEX-2_Cha\u0302teau-Lafleur-Alte-Jahrga\u0308nge_Bild_Blog-4-300x200.jpg 300w, https:\/\/www.martel.ch\/cms\/wp-content\/uploads\/2021\/03\/A6_03_MEX-2_Cha\u0302teau-Lafleur-Alte-Jahrga\u0308nge_Bild_Blog-4-332x221.jpg 332w, https:\/\/www.martel.ch\/cms\/wp-content\/uploads\/2021\/03\/A6_03_MEX-2_Cha\u0302teau-Lafleur-Alte-Jahrga\u0308nge_Bild_Blog-4-290x193.jpg 290w, https:\/\/www.martel.ch\/cms\/wp-content\/uploads\/2021\/03\/A6_03_MEX-2_Cha\u0302teau-Lafleur-Alte-Jahrga\u0308nge_Bild_Blog-4-446x297.jpg 446w, https:\/\/www.martel.ch\/cms\/wp-content\/uploads\/2021\/03\/A6_03_MEX-2_Cha\u0302teau-Lafleur-Alte-Jahrga\u0308nge_Bild_Blog-4-679x452.jpg 679w, https:\/\/www.martel.ch\/cms\/wp-content\/uploads\/2021\/03\/A6_03_MEX-2_Cha\u0302teau-Lafleur-Alte-Jahrga\u0308nge_Bild_Blog-4-554x369.jpg 554w, https:\/\/www.martel.ch\/cms\/wp-content\/uploads\/2021\/03\/A6_03_MEX-2_Cha\u0302teau-Lafleur-Alte-Jahrga\u0308nge_Bild_Blog-4-330x220.jpg 330w, https:\/\/www.martel.ch\/cms\/wp-content\/uploads\/2021\/03\/A6_03_MEX-2_Cha\u0302teau-Lafleur-Alte-Jahrga\u0308nge_Bild_Blog-4-400x266.jpg 400w, https:\/\/www.martel.ch\/cms\/wp-content\/uploads\/2021\/03\/A6_03_MEX-2_Cha\u0302teau-Lafleur-Alte-Jahrga\u0308nge_Bild_Blog-4-500x333.jpg 500w, https:\/\/www.martel.ch\/cms\/wp-content\/uploads\/2021\/03\/A6_03_MEX-2_Cha\u0302teau-Lafleur-Alte-Jahrga\u0308nge_Bild_Blog-4-359x239.jpg 359w, https:\/\/www.martel.ch\/cms\/wp-content\/uploads\/2021\/03\/A6_03_MEX-2_Cha\u0302teau-Lafleur-Alte-Jahrga\u0308nge_Bild_Blog-4-230x153.jpg 230w, https:\/\/www.martel.ch\/cms\/wp-content\/uploads\/2021\/03\/A6_03_MEX-2_Cha\u0302teau-Lafleur-Alte-Jahrga\u0308nge_Bild_Blog-4-680x453.jpg 680w, https:\/\/www.martel.ch\/cms\/wp-content\/uploads\/2021\/03\/A6_03_MEX-2_Cha\u0302teau-Lafleur-Alte-Jahrga\u0308nge_Bild_Blog-4-490x326.jpg 490w, https:\/\/www.martel.ch\/cms\/wp-content\/uploads\/2021\/03\/A6_03_MEX-2_Cha\u0302teau-Lafleur-Alte-Jahrga\u0308nge_Bild_Blog-4-370x246.jpg 370w\" sizes=\"auto, (max-width: 728px) 100vw, 728px\" \/><\/figure>\n\n\n\n<h2 class=\"wp-block-heading\">Ein Blick in den Rebberg<\/h2>\n\n\n\n<p>Um eine bessere Vorstellung fu\u0308r die Komplexit\u00e4t dieser Weine zu bekommen, muss man einen genauen Blick in den Weinberg richten. Die Reben sind auf drei unterschiedlichen B\u00f6den gepflanzt: Im Nordwesten bestimmt sandigtoniger Kies den Boden, im Su\u0308den und Osten herrscht der tonige Kies vor und im Herzen des Weinberges findet man wiederum viel kiesigen Sand. Diese seltene Kombination auf einer Totalfl\u00e4che von lediglich 4,5 ha aufgeteilt in 24(!) Parzellen erkl\u00e4rt zusammen mit dem hohen Anteil an Cabernet Franc einen Teil der Einzigartigkeit von Lafleur. Die lediglich rund 21\u2018000 Rebst\u00f6cke sind durchschnittlich 40 Jahre alt und Sie k\u00f6nnen uns glauben: <strong>Bei Lafleur kennt man jeden einzelnen Rebstock \u00abpers\u00f6nlich\u00bb.<\/strong> Passion und Perfektion sind nicht nur Worte, bei Ch\u00e2teau Lafleur werden sie mit h\u00f6chster Pr\u00e4zision und Kontinuit\u00e4t gelebt \u2013 <strong>ein Ort, an dem Geschichte geschrieben wird.<\/strong><\/p>\n\n\n\n<h2 class=\"wp-block-heading\">Die Weine<\/h2>\n\n\n\n<p><i>Neben den zwei grossen Pomerol Ch\u00e2teau Lafleur und Les Pens\u00e9es produziert das Team rund um Omri Ram mit Leidenschaft je zwei weitere Weiss- und Rotweine (Grand Village).<\/i><\/p>\n\n\n\n<p><strong>Ch\u00e2teau Lafleur, Pomerol<\/strong><br><em>Merlot, Cabernet Franc \u2013 3.75 ha<\/em><br>Etwas untypisch fu\u0308r Pomerol sind beim Grand Vin von Lafleur<br>die mageren Kiesb\u00f6den. So k\u00f6nnte man bei der Degustation<br>auf einen grossen Pauillac vom linken Gironde-Ufer schliessen:<br>Zuru\u0308ckhaltende, sehr noble Nase, der Gaumen extrem fein mit<br>dicht gewobenen Gerbstoffen, grosse Spannung und viel Tiefgang.<br>Kurzum: Eine Sleeping Beauty, die auch in 50 Jahren noch beru\u0308hrt.<\/p>\n\n\n\n<p><strong>Les Pens\u00e9es, Pomerol<\/strong><br><em>Merlot, Cabernet Franc \u2013 0.7 ha<\/em><br>Bis 1999 war der Pens\u00e9es der Zweitwein. Seither ist der Wein ein<br>eigener Cru vom Zentrum des Rebberges. Der Boden zeigt mit<br>seinem hohen, reichhaltigen Lehmanteil Pomerol-Charakteristika.<br>So ist der Pens\u00e9es ein typischer Vertreter dieser Appellation mit<br>ausladender Pflaumenwu\u0308rze und perfekt integriertem Holz. Seidige<br>Gerbstoffe, Dichte und bet\u00f6rende Sinnlichkeit erwarten Sie.<\/p>\n\n\n\n<p><strong>Les Perri\u00e8res, Bordeaux Sup\u00e9rieur<\/strong><br><em>Cabernet Franc, Merlot \u2013 3 ha<\/em><br>Vielschichtig, ausgewogen, frisch, pr\u00e4zise und mit einer sch\u00f6nen<br>Dichte und Konzentration, so pr\u00e4sentiert sich der Les Perri\u00e8res<br>2019. 59% Cabernet Franc, 41% Merlot. Der Wein stammt aus der<br>Appellation Fronsac, wo flache Tonb\u00f6den auf massivem Kalkstein<br>liegen. Eine solche Umgebung liebt der Cabernet Franc.<\/p>\n\n\n\n<p><strong>Les Champs Libres, Bordeaux blanc<\/strong><br><em>Sauvignon Blanc, S\u00e9millon \u2013 0.7 ha<\/em><br>Was fu\u0308r ein grossartiger Weisswein aus der Region Fronsac!<br>Vielschichtige Nase, kr\u00e4uterig und dezente Frucht, dazu gut<br>eingebundenes Holz. Der Champs Libre besitzt ein tolles S\u00e4ure-<br>Ru\u0308ckgrat, ist profund und begeistert mit seiner Mineralit\u00e4t, welche<br>sich in Form von Salzigkeit und Feuerstein-Noten zeigt.<\/p>\n\n\n\n<p><strong>Grand Village Blanc, Bordeaux blanc<\/strong><br><em>Sauvignon Blanc, S\u00e9millon \u2013 2.3 ha<\/em><br>Der Grand Village Blanc 2018 u\u0308berzeugt mit seiner reiffruchtigen<br>Aromatik, weicher Textur, sowie einer reifen, saftigen S\u00e4ure. 75%<br>Sauvignon Blanc, 25% Semillon. Etwas schlanker als 2018 macht<br>der Grand Village Blanc 2019 richtig Spass: Aromen von Ananas<br>und Wiesenblumen, viel Frische, Spannung und eine beschwingte<br>Leichtigkeit! 74% Sauvignon Blanc, 26% Semillon. Top Value!<\/p>\n\n\n\n<p><strong>Grand Village Rouge, Bordeaux Sup\u00e9rieur<\/strong><br><em>Merlot, Cabernet Franc &#8211; 14 ha<\/em><br>Der Grand Village Rouge aus dem Grossartigen Jahr 2016 zeigt<br>bet\u00f6rende Noten von blauen und schwarzen Fru\u0308chten, Kraft und<br>Rasse und endet auf einem langen Abgang. 86% Merlot, 14%<br>Cabernet Franc. Der 2019er wirkt etwas ku\u0308hler und rotfruchtiger in<br>der Aromatik, bezaubert mit einem herrlichen Trinkfluss und einer<br>tollen Gerbstoffstruktur. 81% Merlot, 19% Cabernet Franc.<\/p>\n\n\n\n<p><\/p>\n\n\n\n<div class=\"wp-block-buttons is-layout-flex wp-block-buttons-is-layout-flex\">\n<div class=\"wp-block-button\"><a class=\"wp-block-button__link\" href=\"https:\/\/www.martel.ch\/shop\/chateau-lafleur-lfl67xx.html\">Interesse anmelden<\/a><\/div>\n<\/div>\n","protected":false},"excerpt":{"rendered":"","protected":false},"author":15,"featured_media":2158,"comment_status":"closed","ping_status":"closed","sticky":false,"template":"","format":"standard","meta":{"_acf_changed":false,"inline_featured_image":false,"footnotes":""},"categories":[449,57],"tags":[],"coauthors":[],"class_list":["post-2154","post","type-post","status-publish","format-standard","has-post-thumbnail","hentry","category-alle","category-martel-schenkt-ein"],"acf":{"inhaltselemente":null},"yoast_head":"<!-- This site is optimized with the Yoast SEO plugin v27.5 - https:\/\/yoast.com\/product\/yoast-seo-wordpress\/ -->\n<title>Ch\u00e2teau Lafleur \u00e0 Pomerol und Martel | Martel Weine St.Gallen und Z\u00fcrich<\/title>\n<meta name=\"description\" content=\"Ch\u00e2teau Lafleur \u00e0 Pomerol und Martel - Von Spitzenweinen fasziniert zu sein, heisst immer auch etwas verliebt zu sein. So betrachten auch wir unsere Weine nicht als Ware, sondern als Gesamtkunstwerke, denen wir uns von der Auswahl bis zum Transport in Ihren Keller mit Engagement und Sorgfalt widmen.\" \/>\n<meta name=\"robots\" content=\"index, follow, max-snippet:-1, max-image-preview:large, max-video-preview:-1\" \/>\n<link rel=\"canonical\" href=\"https:\/\/www.martel.ch\/cms\/weinwissen\/weinmagazin\/martel-schenkt-ein\/chateau-lafleur-a-pomerol-und-martel\/\" \/>\n<meta property=\"og:locale\" content=\"de_DE\" \/>\n<meta property=\"og:type\" content=\"article\" \/>\n<meta property=\"og:title\" content=\"Ch\u00e2teau Lafleur \u00e0 Pomerol und Martel | Martel Weine St.Gallen und Z\u00fcrich\" \/>\n<meta property=\"og:description\" content=\"Ch\u00e2teau Lafleur \u00e0 Pomerol und Martel - Von Spitzenweinen fasziniert zu sein, heisst immer auch etwas verliebt zu sein. So betrachten auch wir unsere Weine nicht als Ware, sondern als Gesamtkunstwerke, denen wir uns von der Auswahl bis zum Transport in Ihren Keller mit Engagement und Sorgfalt widmen.\" \/>\n<meta property=\"og:url\" content=\"https:\/\/www.martel.ch\/cms\/weinwissen\/weinmagazin\/martel-schenkt-ein\/chateau-lafleur-a-pomerol-und-martel\/\" \/>\n<meta property=\"og:site_name\" content=\"Martel\" \/>\n<meta property=\"article:publisher\" content=\"https:\/\/www.facebook.com\/pages\/Martel-AG-St-Gallen\/233396026691876\" \/>\n<meta property=\"article:published_time\" content=\"2021-03-09T08:47:06+00:00\" \/>\n<meta property=\"article:modified_time\" content=\"2022-09-15T08:57:20+00:00\" \/>\n<meta property=\"og:image\" content=\"https:\/\/www.martel.ch\/cms\/wp-content\/uploads\/2021\/03\/A6_03_MEX-2_Cha\u0302teau-Lafleur-Alte-Jahrga\u0308nge_Bild_Blog.jpg\" \/>\n\t<meta property=\"og:image:width\" content=\"1215\" \/>\n\t<meta property=\"og:image:height\" content=\"810\" \/>\n\t<meta property=\"og:image:type\" content=\"image\/jpeg\" \/>\n<meta name=\"author\" content=\"Jan Martel\" \/>\n<meta name=\"twitter:card\" content=\"summary_large_image\" \/>\n<meta name=\"twitter:creator\" content=\"@martel_weinwelt\" \/>\n<meta name=\"twitter:site\" content=\"@martel_weinwelt\" \/>\n<meta name=\"twitter:label1\" content=\"Geschrieben von\" \/>\n\t<meta name=\"twitter:data1\" content=\"Jan Martel\" \/>\n\t<meta name=\"twitter:label2\" content=\"Gesch\u00e4tzte Lesezeit\" \/>\n\t<meta name=\"twitter:data2\" content=\"6\u00a0Minuten\" \/>\n\t<meta name=\"twitter:label3\" content=\"Written by\" \/>\n\t<meta name=\"twitter:data3\" content=\"Jan Martel\" \/>\n<script type=\"application\/ld+json\" class=\"yoast-schema-graph\">{\"@context\":\"https:\\\/\\\/schema.org\",\"@graph\":[{\"@type\":\"Article\",\"@id\":\"https:\\\/\\\/www.martel.ch\\\/cms\\\/weinwissen\\\/weinmagazin\\\/martel-schenkt-ein\\\/chateau-lafleur-a-pomerol-und-martel\\\/#article\",\"isPartOf\":{\"@id\":\"https:\\\/\\\/www.martel.ch\\\/cms\\\/weinwissen\\\/weinmagazin\\\/martel-schenkt-ein\\\/chateau-lafleur-a-pomerol-und-martel\\\/\"},\"author\":{\"name\":\"Jan Martel\",\"@id\":\"https:\\\/\\\/www.martel.ch\\\/cms\\\/#\\\/schema\\\/person\\\/cbc16648d3984d50ff005b14cb054d60\"},\"headline\":\"Ch\u00e2teau Lafleur \u00e0 Pomerol und Martel\",\"datePublished\":\"2021-03-09T08:47:06+00:00\",\"dateModified\":\"2022-09-15T08:57:20+00:00\",\"mainEntityOfPage\":{\"@id\":\"https:\\\/\\\/www.martel.ch\\\/cms\\\/weinwissen\\\/weinmagazin\\\/martel-schenkt-ein\\\/chateau-lafleur-a-pomerol-und-martel\\\/\"},\"wordCount\":939,\"publisher\":{\"@id\":\"https:\\\/\\\/www.martel.ch\\\/cms\\\/#organization\"},\"image\":{\"@id\":\"https:\\\/\\\/www.martel.ch\\\/cms\\\/weinwissen\\\/weinmagazin\\\/martel-schenkt-ein\\\/chateau-lafleur-a-pomerol-und-martel\\\/#primaryimage\"},\"thumbnailUrl\":\"https:\\\/\\\/www.martel.ch\\\/cms\\\/wp-content\\\/uploads\\\/2021\\\/03\\\/A6_03_MEX-2_Cha\u0302teau-Lafleur-Alte-Jahrga\u0308nge_Bild_Blog.jpg\",\"articleSection\":[\"Alle\",\"Martel schenkt ein\"],\"inLanguage\":\"de-CH\"},{\"@type\":\"WebPage\",\"@id\":\"https:\\\/\\\/www.martel.ch\\\/cms\\\/weinwissen\\\/weinmagazin\\\/martel-schenkt-ein\\\/chateau-lafleur-a-pomerol-und-martel\\\/\",\"url\":\"https:\\\/\\\/www.martel.ch\\\/cms\\\/weinwissen\\\/weinmagazin\\\/martel-schenkt-ein\\\/chateau-lafleur-a-pomerol-und-martel\\\/\",\"name\":\"Ch\u00e2teau Lafleur \u00e0 Pomerol und Martel | Martel Weine St.Gallen und Z\u00fcrich\",\"isPartOf\":{\"@id\":\"https:\\\/\\\/www.martel.ch\\\/cms\\\/#website\"},\"primaryImageOfPage\":{\"@id\":\"https:\\\/\\\/www.martel.ch\\\/cms\\\/weinwissen\\\/weinmagazin\\\/martel-schenkt-ein\\\/chateau-lafleur-a-pomerol-und-martel\\\/#primaryimage\"},\"image\":{\"@id\":\"https:\\\/\\\/www.martel.ch\\\/cms\\\/weinwissen\\\/weinmagazin\\\/martel-schenkt-ein\\\/chateau-lafleur-a-pomerol-und-martel\\\/#primaryimage\"},\"thumbnailUrl\":\"https:\\\/\\\/www.martel.ch\\\/cms\\\/wp-content\\\/uploads\\\/2021\\\/03\\\/A6_03_MEX-2_Cha\u0302teau-Lafleur-Alte-Jahrga\u0308nge_Bild_Blog.jpg\",\"datePublished\":\"2021-03-09T08:47:06+00:00\",\"dateModified\":\"2022-09-15T08:57:20+00:00\",\"description\":\"Ch\u00e2teau Lafleur \u00e0 Pomerol und Martel - Von Spitzenweinen fasziniert zu sein, heisst immer auch etwas verliebt zu sein. So betrachten auch wir unsere Weine nicht als Ware, sondern als Gesamtkunstwerke, denen wir uns von der Auswahl bis zum Transport in Ihren Keller mit Engagement und Sorgfalt widmen.\",\"breadcrumb\":{\"@id\":\"https:\\\/\\\/www.martel.ch\\\/cms\\\/weinwissen\\\/weinmagazin\\\/martel-schenkt-ein\\\/chateau-lafleur-a-pomerol-und-martel\\\/#breadcrumb\"},\"inLanguage\":\"de-CH\",\"potentialAction\":[{\"@type\":\"ReadAction\",\"target\":[\"https:\\\/\\\/www.martel.ch\\\/cms\\\/weinwissen\\\/weinmagazin\\\/martel-schenkt-ein\\\/chateau-lafleur-a-pomerol-und-martel\\\/\"]}]},{\"@type\":\"ImageObject\",\"inLanguage\":\"de-CH\",\"@id\":\"https:\\\/\\\/www.martel.ch\\\/cms\\\/weinwissen\\\/weinmagazin\\\/martel-schenkt-ein\\\/chateau-lafleur-a-pomerol-und-martel\\\/#primaryimage\",\"url\":\"https:\\\/\\\/www.martel.ch\\\/cms\\\/wp-content\\\/uploads\\\/2021\\\/03\\\/A6_03_MEX-2_Cha\u0302teau-Lafleur-Alte-Jahrga\u0308nge_Bild_Blog.jpg\",\"contentUrl\":\"https:\\\/\\\/www.martel.ch\\\/cms\\\/wp-content\\\/uploads\\\/2021\\\/03\\\/A6_03_MEX-2_Cha\u0302teau-Lafleur-Alte-Jahrga\u0308nge_Bild_Blog.jpg\",\"width\":1215,\"height\":810,\"caption\":\"Ch\u00e2teau Lafleur\"},{\"@type\":\"BreadcrumbList\",\"@id\":\"https:\\\/\\\/www.martel.ch\\\/cms\\\/weinwissen\\\/weinmagazin\\\/martel-schenkt-ein\\\/chateau-lafleur-a-pomerol-und-martel\\\/#breadcrumb\",\"itemListElement\":[{\"@type\":\"ListItem\",\"position\":1,\"name\":\"Startseite\",\"item\":\"https:\\\/\\\/www.martel.ch\\\/cms\\\/\"},{\"@type\":\"ListItem\",\"position\":2,\"name\":\"Ch\u00e2teau Lafleur \u00e0 Pomerol und Martel\"}]},{\"@type\":\"WebSite\",\"@id\":\"https:\\\/\\\/www.martel.ch\\\/cms\\\/#website\",\"url\":\"https:\\\/\\\/www.martel.ch\\\/cms\\\/\",\"name\":\"Martel\",\"description\":\"F\u00fcr Weinbegeisterte und die, die es werden m\u00f6chten.\",\"publisher\":{\"@id\":\"https:\\\/\\\/www.martel.ch\\\/cms\\\/#organization\"},\"potentialAction\":[{\"@type\":\"SearchAction\",\"target\":{\"@type\":\"EntryPoint\",\"urlTemplate\":\"https:\\\/\\\/www.martel.ch\\\/cms\\\/?s={search_term_string}\"},\"query-input\":{\"@type\":\"PropertyValueSpecification\",\"valueRequired\":true,\"valueName\":\"search_term_string\"}}],\"inLanguage\":\"de-CH\"},{\"@type\":\"Organization\",\"@id\":\"https:\\\/\\\/www.martel.ch\\\/cms\\\/#organization\",\"name\":\"Martel AG St.Gallen\",\"url\":\"https:\\\/\\\/www.martel.ch\\\/cms\\\/\",\"logo\":{\"@type\":\"ImageObject\",\"inLanguage\":\"de-CH\",\"@id\":\"https:\\\/\\\/www.martel.ch\\\/cms\\\/#\\\/schema\\\/logo\\\/image\\\/\",\"url\":\"https:\\\/\\\/www.martel.ch\\\/cms\\\/wp-content\\\/uploads\\\/2019\\\/02\\\/martel-logo.png\",\"contentUrl\":\"https:\\\/\\\/www.martel.ch\\\/cms\\\/wp-content\\\/uploads\\\/2019\\\/02\\\/martel-logo.png\",\"width\":600,\"height\":600,\"caption\":\"Martel AG St.Gallen\"},\"image\":{\"@id\":\"https:\\\/\\\/www.martel.ch\\\/cms\\\/#\\\/schema\\\/logo\\\/image\\\/\"},\"sameAs\":[\"https:\\\/\\\/www.facebook.com\\\/pages\\\/Martel-AG-St-Gallen\\\/233396026691876\",\"https:\\\/\\\/x.com\\\/martel_weinwelt\",\"https:\\\/\\\/www.instagram.com\\\/martel_weinwelt\\\/\",\"https:\\\/\\\/www.linkedin.com\\\/company\\\/martel-ag-st-gallen\",\"https:\\\/\\\/www.pinterest.ch\\\/martel_weinwelt\"]},{\"@type\":\"Person\",\"@id\":\"https:\\\/\\\/www.martel.ch\\\/cms\\\/#\\\/schema\\\/person\\\/cbc16648d3984d50ff005b14cb054d60\",\"name\":\"Jan Martel\",\"image\":{\"@type\":\"ImageObject\",\"inLanguage\":\"de-CH\",\"@id\":\"https:\\\/\\\/secure.gravatar.com\\\/avatar\\\/e2f99006a9b0efa84a6ef8cebcd2f0c39d821e1290b05ce9d016d9b673ccf7e6?s=96&d=mm&r=g9660bfd36a10ceb04b5ee7394896f0ae\",\"url\":\"https:\\\/\\\/secure.gravatar.com\\\/avatar\\\/e2f99006a9b0efa84a6ef8cebcd2f0c39d821e1290b05ce9d016d9b673ccf7e6?s=96&d=mm&r=g\",\"contentUrl\":\"https:\\\/\\\/secure.gravatar.com\\\/avatar\\\/e2f99006a9b0efa84a6ef8cebcd2f0c39d821e1290b05ce9d016d9b673ccf7e6?s=96&d=mm&r=g\",\"caption\":\"Jan Martel\"}}]}<\/script>\n<!-- \/ Yoast SEO plugin. -->","yoast_head_json":{"title":"Ch\u00e2teau Lafleur \u00e0 Pomerol und Martel | Martel Weine St.Gallen und Z\u00fcrich","description":"Ch\u00e2teau Lafleur \u00e0 Pomerol und Martel - Von Spitzenweinen fasziniert zu sein, heisst immer auch etwas verliebt zu sein. So betrachten auch wir unsere Weine nicht als Ware, sondern als Gesamtkunstwerke, denen wir uns von der Auswahl bis zum Transport in Ihren Keller mit Engagement und Sorgfalt widmen.","robots":{"index":"index","follow":"follow","max-snippet":"max-snippet:-1","max-image-preview":"max-image-preview:large","max-video-preview":"max-video-preview:-1"},"canonical":"https:\/\/www.martel.ch\/cms\/weinwissen\/weinmagazin\/martel-schenkt-ein\/chateau-lafleur-a-pomerol-und-martel\/","og_locale":"de_DE","og_type":"article","og_title":"Ch\u00e2teau Lafleur \u00e0 Pomerol und Martel | Martel Weine St.Gallen und Z\u00fcrich","og_description":"Ch\u00e2teau Lafleur \u00e0 Pomerol und Martel - Von Spitzenweinen fasziniert zu sein, heisst immer auch etwas verliebt zu sein. So betrachten auch wir unsere Weine nicht als Ware, sondern als Gesamtkunstwerke, denen wir uns von der Auswahl bis zum Transport in Ihren Keller mit Engagement und Sorgfalt widmen.","og_url":"https:\/\/www.martel.ch\/cms\/weinwissen\/weinmagazin\/martel-schenkt-ein\/chateau-lafleur-a-pomerol-und-martel\/","og_site_name":"Martel","article_publisher":"https:\/\/www.facebook.com\/pages\/Martel-AG-St-Gallen\/233396026691876","article_published_time":"2021-03-09T08:47:06+00:00","article_modified_time":"2022-09-15T08:57:20+00:00","og_image":[{"width":1215,"height":810,"url":"https:\/\/www.martel.ch\/cms\/wp-content\/uploads\/2021\/03\/A6_03_MEX-2_Cha\u0302teau-Lafleur-Alte-Jahrga\u0308nge_Bild_Blog.jpg","type":"image\/jpeg"}],"author":"Jan Martel","twitter_card":"summary_large_image","twitter_creator":"@martel_weinwelt","twitter_site":"@martel_weinwelt","twitter_misc":{"Geschrieben von":"Jan Martel","Gesch\u00e4tzte Lesezeit":"6\u00a0Minuten","Written by":"Jan Martel"},"schema":{"@context":"https:\/\/schema.org","@graph":[{"@type":"Article","@id":"https:\/\/www.martel.ch\/cms\/weinwissen\/weinmagazin\/martel-schenkt-ein\/chateau-lafleur-a-pomerol-und-martel\/#article","isPartOf":{"@id":"https:\/\/www.martel.ch\/cms\/weinwissen\/weinmagazin\/martel-schenkt-ein\/chateau-lafleur-a-pomerol-und-martel\/"},"author":{"name":"Jan Martel","@id":"https:\/\/www.martel.ch\/cms\/#\/schema\/person\/cbc16648d3984d50ff005b14cb054d60"},"headline":"Ch\u00e2teau Lafleur \u00e0 Pomerol und Martel","datePublished":"2021-03-09T08:47:06+00:00","dateModified":"2022-09-15T08:57:20+00:00","mainEntityOfPage":{"@id":"https:\/\/www.martel.ch\/cms\/weinwissen\/weinmagazin\/martel-schenkt-ein\/chateau-lafleur-a-pomerol-und-martel\/"},"wordCount":939,"publisher":{"@id":"https:\/\/www.martel.ch\/cms\/#organization"},"image":{"@id":"https:\/\/www.martel.ch\/cms\/weinwissen\/weinmagazin\/martel-schenkt-ein\/chateau-lafleur-a-pomerol-und-martel\/#primaryimage"},"thumbnailUrl":"https:\/\/www.martel.ch\/cms\/wp-content\/uploads\/2021\/03\/A6_03_MEX-2_Cha\u0302teau-Lafleur-Alte-Jahrga\u0308nge_Bild_Blog.jpg","articleSection":["Alle","Martel schenkt ein"],"inLanguage":"de-CH"},{"@type":"WebPage","@id":"https:\/\/www.martel.ch\/cms\/weinwissen\/weinmagazin\/martel-schenkt-ein\/chateau-lafleur-a-pomerol-und-martel\/","url":"https:\/\/www.martel.ch\/cms\/weinwissen\/weinmagazin\/martel-schenkt-ein\/chateau-lafleur-a-pomerol-und-martel\/","name":"Ch\u00e2teau Lafleur \u00e0 Pomerol und Martel | Martel Weine St.Gallen und Z\u00fcrich","isPartOf":{"@id":"https:\/\/www.martel.ch\/cms\/#website"},"primaryImageOfPage":{"@id":"https:\/\/www.martel.ch\/cms\/weinwissen\/weinmagazin\/martel-schenkt-ein\/chateau-lafleur-a-pomerol-und-martel\/#primaryimage"},"image":{"@id":"https:\/\/www.martel.ch\/cms\/weinwissen\/weinmagazin\/martel-schenkt-ein\/chateau-lafleur-a-pomerol-und-martel\/#primaryimage"},"thumbnailUrl":"https:\/\/www.martel.ch\/cms\/wp-content\/uploads\/2021\/03\/A6_03_MEX-2_Cha\u0302teau-Lafleur-Alte-Jahrga\u0308nge_Bild_Blog.jpg","datePublished":"2021-03-09T08:47:06+00:00","dateModified":"2022-09-15T08:57:20+00:00","description":"Ch\u00e2teau Lafleur \u00e0 Pomerol und Martel - Von Spitzenweinen fasziniert zu sein, heisst immer auch etwas verliebt zu sein. So betrachten auch wir unsere Weine nicht als Ware, sondern als Gesamtkunstwerke, denen wir uns von der Auswahl bis zum Transport in Ihren Keller mit Engagement und Sorgfalt widmen.","breadcrumb":{"@id":"https:\/\/www.martel.ch\/cms\/weinwissen\/weinmagazin\/martel-schenkt-ein\/chateau-lafleur-a-pomerol-und-martel\/#breadcrumb"},"inLanguage":"de-CH","potentialAction":[{"@type":"ReadAction","target":["https:\/\/www.martel.ch\/cms\/weinwissen\/weinmagazin\/martel-schenkt-ein\/chateau-lafleur-a-pomerol-und-martel\/"]}]},{"@type":"ImageObject","inLanguage":"de-CH","@id":"https:\/\/www.martel.ch\/cms\/weinwissen\/weinmagazin\/martel-schenkt-ein\/chateau-lafleur-a-pomerol-und-martel\/#primaryimage","url":"https:\/\/www.martel.ch\/cms\/wp-content\/uploads\/2021\/03\/A6_03_MEX-2_Cha\u0302teau-Lafleur-Alte-Jahrga\u0308nge_Bild_Blog.jpg","contentUrl":"https:\/\/www.martel.ch\/cms\/wp-content\/uploads\/2021\/03\/A6_03_MEX-2_Cha\u0302teau-Lafleur-Alte-Jahrga\u0308nge_Bild_Blog.jpg","width":1215,"height":810,"caption":"Ch\u00e2teau Lafleur"},{"@type":"BreadcrumbList","@id":"https:\/\/www.martel.ch\/cms\/weinwissen\/weinmagazin\/martel-schenkt-ein\/chateau-lafleur-a-pomerol-und-martel\/#breadcrumb","itemListElement":[{"@type":"ListItem","position":1,"name":"Startseite","item":"https:\/\/www.martel.ch\/cms\/"},{"@type":"ListItem","position":2,"name":"Ch\u00e2teau Lafleur \u00e0 Pomerol und Martel"}]},{"@type":"WebSite","@id":"https:\/\/www.martel.ch\/cms\/#website","url":"https:\/\/www.martel.ch\/cms\/","name":"Martel","description":"F\u00fcr Weinbegeisterte und die, die es werden m\u00f6chten.","publisher":{"@id":"https:\/\/www.martel.ch\/cms\/#organization"},"potentialAction":[{"@type":"SearchAction","target":{"@type":"EntryPoint","urlTemplate":"https:\/\/www.martel.ch\/cms\/?s={search_term_string}"},"query-input":{"@type":"PropertyValueSpecification","valueRequired":true,"valueName":"search_term_string"}}],"inLanguage":"de-CH"},{"@type":"Organization","@id":"https:\/\/www.martel.ch\/cms\/#organization","name":"Martel AG St.Gallen","url":"https:\/\/www.martel.ch\/cms\/","logo":{"@type":"ImageObject","inLanguage":"de-CH","@id":"https:\/\/www.martel.ch\/cms\/#\/schema\/logo\/image\/","url":"https:\/\/www.martel.ch\/cms\/wp-content\/uploads\/2019\/02\/martel-logo.png","contentUrl":"https:\/\/www.martel.ch\/cms\/wp-content\/uploads\/2019\/02\/martel-logo.png","width":600,"height":600,"caption":"Martel AG St.Gallen"},"image":{"@id":"https:\/\/www.martel.ch\/cms\/#\/schema\/logo\/image\/"},"sameAs":["https:\/\/www.facebook.com\/pages\/Martel-AG-St-Gallen\/233396026691876","https:\/\/x.com\/martel_weinwelt","https:\/\/www.instagram.com\/martel_weinwelt\/","https:\/\/www.linkedin.com\/company\/martel-ag-st-gallen","https:\/\/www.pinterest.ch\/martel_weinwelt"]},{"@type":"Person","@id":"https:\/\/www.martel.ch\/cms\/#\/schema\/person\/cbc16648d3984d50ff005b14cb054d60","name":"Jan Martel","image":{"@type":"ImageObject","inLanguage":"de-CH","@id":"https:\/\/secure.gravatar.com\/avatar\/e2f99006a9b0efa84a6ef8cebcd2f0c39d821e1290b05ce9d016d9b673ccf7e6?s=96&d=mm&r=g9660bfd36a10ceb04b5ee7394896f0ae","url":"https:\/\/secure.gravatar.com\/avatar\/e2f99006a9b0efa84a6ef8cebcd2f0c39d821e1290b05ce9d016d9b673ccf7e6?s=96&d=mm&r=g","contentUrl":"https:\/\/secure.gravatar.com\/avatar\/e2f99006a9b0efa84a6ef8cebcd2f0c39d821e1290b05ce9d016d9b673ccf7e6?s=96&d=mm&r=g","caption":"Jan Martel"}}]}},"_links":{"self":[{"href":"https:\/\/www.martel.ch\/cms\/wp-json\/wp\/v2\/posts\/2154","targetHints":{"allow":["GET"]}}],"collection":[{"href":"https:\/\/www.martel.ch\/cms\/wp-json\/wp\/v2\/posts"}],"about":[{"href":"https:\/\/www.martel.ch\/cms\/wp-json\/wp\/v2\/types\/post"}],"author":[{"embeddable":true,"href":"https:\/\/www.martel.ch\/cms\/wp-json\/wp\/v2\/users\/15"}],"replies":[{"embeddable":true,"href":"https:\/\/www.martel.ch\/cms\/wp-json\/wp\/v2\/comments?post=2154"}],"version-history":[{"count":6,"href":"https:\/\/www.martel.ch\/cms\/wp-json\/wp\/v2\/posts\/2154\/revisions"}],"predecessor-version":[{"id":15458,"href":"https:\/\/www.martel.ch\/cms\/wp-json\/wp\/v2\/posts\/2154\/revisions\/15458"}],"wp:featuredmedia":[{"embeddable":true,"href":"https:\/\/www.martel.ch\/cms\/wp-json\/wp\/v2\/media\/2158"}],"wp:attachment":[{"href":"https:\/\/www.martel.ch\/cms\/wp-json\/wp\/v2\/media?parent=2154"}],"wp:term":[{"taxonomy":"category","embeddable":true,"href":"https:\/\/www.martel.ch\/cms\/wp-json\/wp\/v2\/categories?post=2154"},{"taxonomy":"post_tag","embeddable":true,"href":"https:\/\/www.martel.ch\/cms\/wp-json\/wp\/v2\/tags?post=2154"},{"taxonomy":"author","embeddable":true,"href":"https:\/\/www.martel.ch\/cms\/wp-json\/wp\/v2\/coauthors?post=2154"}],"curies":[{"name":"wp","href":"https:\/\/api.w.org\/{rel}","templated":true}]}}