{"id":2277,"date":"2021-04-06T08:28:29","date_gmt":"2021-04-06T06:28:29","guid":{"rendered":"\/cms\/?p=2277"},"modified":"2022-08-24T11:20:30","modified_gmt":"2022-08-24T09:20:30","slug":"rose-zeit-ist-martel-zeit","status":"publish","type":"post","link":"https:\/\/www.martel.ch\/cms\/weinwissen\/weinmagazin\/rueckblick\/rose-zeit-ist-martel-zeit\/","title":{"rendered":"Ros\u00e9-Zeit ist Martel-Zeit"},"content":{"rendered":"\n<p>Der S\u00fcden Frankreichs ist ber\u00fchmt f\u00fcr seine Ros\u00e9-Weine und so lechzen wir dieser Tage nicht nur nach &#171;Libert\u00e9&#187; und &#171;Savoir-vivre&#187;, sondern sp\u00fcren es auch bereits in der Brust: das Ros\u00e9-Herzklopfen. W\u00e4rmere Tage, l\u00e4ngere Abende, Freunde, ein Grillfest, frische Weine. Dennoch betrachten wir sie nicht durch die rosafarbene Brille. Denn, egal ob aus S\u00fcdfrankreich, S\u00fcditalien, Spanien, aus Neuenburg, \u00d6sterreich oder sogar der Champagne: Ros\u00e9-Zeit ist Martel-Zeit.<\/p>\n\n\n\n<p>Und weil dem so ist, nehmen wir uns die Zeit und achten \u2013 abseits des allgemein geltenden Ros\u00e9-Hypes \u2013 besonders genau auf anhaltende Qualit\u00e4t. Diese ist bei der Familie Bisol, mit der wir bereits seit dem letzten Jahrtausend eng zusammenarbeiten, eindeutig gegeben. Neu in der Martel-Familie: der Jeio Prosecco Ros\u00e9 brut. Feinfruchtig, leicht, frisch und w\u00fcrzig. Ein prickelnder Anblick, mild und rund im Abgang. Zugegeben, wir haben den Narren an dieser rosa-schillernden Form des Schaumweines gefressen. Aber nicht nur zum Ap\u00e9ro!<\/p>\n\n\n\n<p>Ros\u00e9, Rosado und Rosato k\u00f6nnen durchaus k\u00f6rperbetont und selbstbewusst erscheinen. Eine Pr\u00e4senz, die hervorragend zu Fischspezialit\u00e4ten aus heimischen Seen, zu leichten, asiatisch inspirierten Gerichten oder zu einer (warum nicht?) selbstgemachten Pizza passt. Grilliertes Gem\u00fcse? Eine Tavolata? Unkomplizierter Genuss bei gleichzeitig vollem Geschmack. Aus unserer Sicht das ideale Pairing f\u00fcr Abende, an denen G\u00e4ste und Gastgeber ihre Beine getrost strecken k\u00f6nnen. Die Ros\u00e9-Zeit ist angebrochen \u2013 und mit ihr ein St\u00fcck \u00abSavoir-vivre\u00bb f\u00fcr Zuhause.<\/p>\n\n\n\n<p>Sant\u00e9.<\/p>\n\n\n\n<p><\/p>\n\n\n\n<div class=\"wp-block-buttons is-layout-flex wp-block-buttons-is-layout-flex\">\n<div class=\"wp-block-button\"><a class=\"wp-block-button__link\" href=\"https:\/\/www.martel.ch\/wein\/?filter=sortiment,wein~rose\">Zu unserem Ros\u00e9-Sortiment<\/a><\/div>\n<\/div>\n","protected":false},"excerpt":{"rendered":"","protected":false},"author":2,"featured_media":2198,"comment_status":"closed","ping_status":"closed","sticky":false,"template":"","format":"standard","meta":{"_acf_changed":false,"inline_featured_image":false,"footnotes":""},"categories":[449,431],"tags":[],"coauthors":[],"class_list":["post-2277","post","type-post","status-publish","format-standard","has-post-thumbnail","hentry","category-alle","category-rueckblick"],"acf":{"inhaltselemente":null},"yoast_head":"<!-- This site is optimized with the Yoast SEO plugin v27.5 - https:\/\/yoast.com\/product\/yoast-seo-wordpress\/ -->\n<title>Ros\u00e9-Zeit ist Martel-Zeit | Martel Weine St.Gallen und Z\u00fcrich<\/title>\n<meta name=\"description\" content=\"W\u00e4rmere Tage, l\u00e4ngere Abende, Freunde, ein Grillfest, frische Weine. Wir sp\u00fcren es in der Brust: das Ros\u00e9-Herzklopfen.\" \/>\n<meta name=\"robots\" content=\"index, follow, max-snippet:-1, max-image-preview:large, max-video-preview:-1\" \/>\n<link rel=\"canonical\" href=\"https:\/\/www.martel.ch\/cms\/weinwissen\/weinmagazin\/rueckblick\/rose-zeit-ist-martel-zeit\/\" \/>\n<meta property=\"og:locale\" content=\"de_DE\" \/>\n<meta property=\"og:type\" content=\"article\" \/>\n<meta property=\"og:title\" content=\"Ros\u00e9-Zeit ist Martel-Zeit | Martel Weine St.Gallen und Z\u00fcrich\" \/>\n<meta property=\"og:description\" content=\"W\u00e4rmere Tage, l\u00e4ngere Abende, Freunde, ein Grillfest, frische Weine. Wir sp\u00fcren es in der Brust: das Ros\u00e9-Herzklopfen.\" \/>\n<meta property=\"og:url\" content=\"https:\/\/www.martel.ch\/cms\/weinwissen\/weinmagazin\/rueckblick\/rose-zeit-ist-martel-zeit\/\" \/>\n<meta property=\"og:site_name\" content=\"Martel\" \/>\n<meta property=\"article:publisher\" content=\"https:\/\/www.facebook.com\/pages\/Martel-AG-St-Gallen\/233396026691876\" \/>\n<meta property=\"article:published_time\" content=\"2021-04-06T06:28:29+00:00\" \/>\n<meta property=\"article:modified_time\" content=\"2022-08-24T09:20:30+00:00\" \/>\n<meta property=\"og:image\" content=\"https:\/\/www.martel.ch\/cms\/wp-content\/uploads\/2021\/03\/A9_04_Web_Rose\u0301_Blog.jpg\" \/>\n\t<meta property=\"og:image:width\" content=\"1215\" \/>\n\t<meta property=\"og:image:height\" content=\"810\" \/>\n\t<meta property=\"og:image:type\" content=\"image\/jpeg\" \/>\n<meta name=\"author\" content=\"Aktionstext\" \/>\n<meta name=\"twitter:card\" content=\"summary_large_image\" \/>\n<meta name=\"twitter:creator\" content=\"@martel_weinwelt\" \/>\n<meta name=\"twitter:site\" content=\"@martel_weinwelt\" \/>\n<meta name=\"twitter:label1\" content=\"Geschrieben von\" \/>\n\t<meta name=\"twitter:data1\" content=\"Aktionstext\" \/>\n\t<meta name=\"twitter:label2\" content=\"Gesch\u00e4tzte Lesezeit\" \/>\n\t<meta name=\"twitter:data2\" content=\"2\u00a0Minuten\" \/>\n\t<meta name=\"twitter:label3\" content=\"Written by\" \/>\n\t<meta name=\"twitter:data3\" content=\"Aktionstext\" \/>\n<script type=\"application\/ld+json\" class=\"yoast-schema-graph\">{\"@context\":\"https:\\\/\\\/schema.org\",\"@graph\":[{\"@type\":\"Article\",\"@id\":\"https:\\\/\\\/www.martel.ch\\\/cms\\\/weinwissen\\\/weinmagazin\\\/rueckblick\\\/rose-zeit-ist-martel-zeit\\\/#article\",\"isPartOf\":{\"@id\":\"https:\\\/\\\/www.martel.ch\\\/cms\\\/weinwissen\\\/weinmagazin\\\/rueckblick\\\/rose-zeit-ist-martel-zeit\\\/\"},\"author\":{\"name\":\"Aktionstext\",\"@id\":\"https:\\\/\\\/www.martel.ch\\\/cms\\\/#\\\/schema\\\/person\\\/3464c81d9493adb03d862579dda417cc\"},\"headline\":\"Ros\u00e9-Zeit ist Martel-Zeit\",\"datePublished\":\"2021-04-06T06:28:29+00:00\",\"dateModified\":\"2022-08-24T09:20:30+00:00\",\"mainEntityOfPage\":{\"@id\":\"https:\\\/\\\/www.martel.ch\\\/cms\\\/weinwissen\\\/weinmagazin\\\/rueckblick\\\/rose-zeit-ist-martel-zeit\\\/\"},\"wordCount\":251,\"publisher\":{\"@id\":\"https:\\\/\\\/www.martel.ch\\\/cms\\\/#organization\"},\"image\":{\"@id\":\"https:\\\/\\\/www.martel.ch\\\/cms\\\/weinwissen\\\/weinmagazin\\\/rueckblick\\\/rose-zeit-ist-martel-zeit\\\/#primaryimage\"},\"thumbnailUrl\":\"https:\\\/\\\/www.martel.ch\\\/cms\\\/wp-content\\\/uploads\\\/2021\\\/03\\\/A9_04_Web_Rose\u0301_Blog.jpg\",\"articleSection\":[\"Alle\",\"R\u00fcckblick\"],\"inLanguage\":\"de-CH\"},{\"@type\":\"WebPage\",\"@id\":\"https:\\\/\\\/www.martel.ch\\\/cms\\\/weinwissen\\\/weinmagazin\\\/rueckblick\\\/rose-zeit-ist-martel-zeit\\\/\",\"url\":\"https:\\\/\\\/www.martel.ch\\\/cms\\\/weinwissen\\\/weinmagazin\\\/rueckblick\\\/rose-zeit-ist-martel-zeit\\\/\",\"name\":\"Ros\u00e9-Zeit ist Martel-Zeit | Martel Weine St.Gallen und Z\u00fcrich\",\"isPartOf\":{\"@id\":\"https:\\\/\\\/www.martel.ch\\\/cms\\\/#website\"},\"primaryImageOfPage\":{\"@id\":\"https:\\\/\\\/www.martel.ch\\\/cms\\\/weinwissen\\\/weinmagazin\\\/rueckblick\\\/rose-zeit-ist-martel-zeit\\\/#primaryimage\"},\"image\":{\"@id\":\"https:\\\/\\\/www.martel.ch\\\/cms\\\/weinwissen\\\/weinmagazin\\\/rueckblick\\\/rose-zeit-ist-martel-zeit\\\/#primaryimage\"},\"thumbnailUrl\":\"https:\\\/\\\/www.martel.ch\\\/cms\\\/wp-content\\\/uploads\\\/2021\\\/03\\\/A9_04_Web_Rose\u0301_Blog.jpg\",\"datePublished\":\"2021-04-06T06:28:29+00:00\",\"dateModified\":\"2022-08-24T09:20:30+00:00\",\"description\":\"W\u00e4rmere Tage, l\u00e4ngere Abende, Freunde, ein Grillfest, frische Weine. Wir sp\u00fcren es in der Brust: das Ros\u00e9-Herzklopfen.\",\"breadcrumb\":{\"@id\":\"https:\\\/\\\/www.martel.ch\\\/cms\\\/weinwissen\\\/weinmagazin\\\/rueckblick\\\/rose-zeit-ist-martel-zeit\\\/#breadcrumb\"},\"inLanguage\":\"de-CH\",\"potentialAction\":[{\"@type\":\"ReadAction\",\"target\":[\"https:\\\/\\\/www.martel.ch\\\/cms\\\/weinwissen\\\/weinmagazin\\\/rueckblick\\\/rose-zeit-ist-martel-zeit\\\/\"]}]},{\"@type\":\"ImageObject\",\"inLanguage\":\"de-CH\",\"@id\":\"https:\\\/\\\/www.martel.ch\\\/cms\\\/weinwissen\\\/weinmagazin\\\/rueckblick\\\/rose-zeit-ist-martel-zeit\\\/#primaryimage\",\"url\":\"https:\\\/\\\/www.martel.ch\\\/cms\\\/wp-content\\\/uploads\\\/2021\\\/03\\\/A9_04_Web_Rose\u0301_Blog.jpg\",\"contentUrl\":\"https:\\\/\\\/www.martel.ch\\\/cms\\\/wp-content\\\/uploads\\\/2021\\\/03\\\/A9_04_Web_Rose\u0301_Blog.jpg\",\"width\":1215,\"height\":810,\"caption\":\"Ros\u00e9\"},{\"@type\":\"BreadcrumbList\",\"@id\":\"https:\\\/\\\/www.martel.ch\\\/cms\\\/weinwissen\\\/weinmagazin\\\/rueckblick\\\/rose-zeit-ist-martel-zeit\\\/#breadcrumb\",\"itemListElement\":[{\"@type\":\"ListItem\",\"position\":1,\"name\":\"Startseite\",\"item\":\"https:\\\/\\\/www.martel.ch\\\/cms\\\/\"},{\"@type\":\"ListItem\",\"position\":2,\"name\":\"Ros\u00e9-Zeit ist Martel-Zeit\"}]},{\"@type\":\"WebSite\",\"@id\":\"https:\\\/\\\/www.martel.ch\\\/cms\\\/#website\",\"url\":\"https:\\\/\\\/www.martel.ch\\\/cms\\\/\",\"name\":\"Martel\",\"description\":\"F\u00fcr Weinbegeisterte und die, die es werden m\u00f6chten.\",\"publisher\":{\"@id\":\"https:\\\/\\\/www.martel.ch\\\/cms\\\/#organization\"},\"potentialAction\":[{\"@type\":\"SearchAction\",\"target\":{\"@type\":\"EntryPoint\",\"urlTemplate\":\"https:\\\/\\\/www.martel.ch\\\/cms\\\/?s={search_term_string}\"},\"query-input\":{\"@type\":\"PropertyValueSpecification\",\"valueRequired\":true,\"valueName\":\"search_term_string\"}}],\"inLanguage\":\"de-CH\"},{\"@type\":\"Organization\",\"@id\":\"https:\\\/\\\/www.martel.ch\\\/cms\\\/#organization\",\"name\":\"Martel AG St.Gallen\",\"url\":\"https:\\\/\\\/www.martel.ch\\\/cms\\\/\",\"logo\":{\"@type\":\"ImageObject\",\"inLanguage\":\"de-CH\",\"@id\":\"https:\\\/\\\/www.martel.ch\\\/cms\\\/#\\\/schema\\\/logo\\\/image\\\/\",\"url\":\"https:\\\/\\\/www.martel.ch\\\/cms\\\/wp-content\\\/uploads\\\/2019\\\/02\\\/martel-logo.png\",\"contentUrl\":\"https:\\\/\\\/www.martel.ch\\\/cms\\\/wp-content\\\/uploads\\\/2019\\\/02\\\/martel-logo.png\",\"width\":600,\"height\":600,\"caption\":\"Martel AG St.Gallen\"},\"image\":{\"@id\":\"https:\\\/\\\/www.martel.ch\\\/cms\\\/#\\\/schema\\\/logo\\\/image\\\/\"},\"sameAs\":[\"https:\\\/\\\/www.facebook.com\\\/pages\\\/Martel-AG-St-Gallen\\\/233396026691876\",\"https:\\\/\\\/x.com\\\/martel_weinwelt\",\"https:\\\/\\\/www.instagram.com\\\/martel_weinwelt\\\/\",\"https:\\\/\\\/www.linkedin.com\\\/company\\\/martel-ag-st-gallen\",\"https:\\\/\\\/www.pinterest.ch\\\/martel_weinwelt\"]},{\"@type\":\"Person\",\"@id\":\"https:\\\/\\\/www.martel.ch\\\/cms\\\/#\\\/schema\\\/person\\\/3464c81d9493adb03d862579dda417cc\",\"name\":\"Aktionstext\",\"image\":{\"@type\":\"ImageObject\",\"inLanguage\":\"de-CH\",\"@id\":\"https:\\\/\\\/secure.gravatar.com\\\/avatar\\\/d2fcd71efade94aaf5442b68e9c44d588bfbfa0e3529b37e084f2a91243a522d?s=96&d=mm&r=gd9adba075220666de6dbe752e08cf44c\",\"url\":\"https:\\\/\\\/secure.gravatar.com\\\/avatar\\\/d2fcd71efade94aaf5442b68e9c44d588bfbfa0e3529b37e084f2a91243a522d?s=96&d=mm&r=g\",\"contentUrl\":\"https:\\\/\\\/secure.gravatar.com\\\/avatar\\\/d2fcd71efade94aaf5442b68e9c44d588bfbfa0e3529b37e084f2a91243a522d?s=96&d=mm&r=g\",\"caption\":\"Aktionstext\"}}]}<\/script>\n<!-- \/ Yoast SEO plugin. -->","yoast_head_json":{"title":"Ros\u00e9-Zeit ist Martel-Zeit | Martel Weine St.Gallen und Z\u00fcrich","description":"W\u00e4rmere Tage, l\u00e4ngere Abende, Freunde, ein Grillfest, frische Weine. Wir sp\u00fcren es in der Brust: das Ros\u00e9-Herzklopfen.","robots":{"index":"index","follow":"follow","max-snippet":"max-snippet:-1","max-image-preview":"max-image-preview:large","max-video-preview":"max-video-preview:-1"},"canonical":"https:\/\/www.martel.ch\/cms\/weinwissen\/weinmagazin\/rueckblick\/rose-zeit-ist-martel-zeit\/","og_locale":"de_DE","og_type":"article","og_title":"Ros\u00e9-Zeit ist Martel-Zeit | Martel Weine St.Gallen und Z\u00fcrich","og_description":"W\u00e4rmere Tage, l\u00e4ngere Abende, Freunde, ein Grillfest, frische Weine. Wir sp\u00fcren es in der Brust: das Ros\u00e9-Herzklopfen.","og_url":"https:\/\/www.martel.ch\/cms\/weinwissen\/weinmagazin\/rueckblick\/rose-zeit-ist-martel-zeit\/","og_site_name":"Martel","article_publisher":"https:\/\/www.facebook.com\/pages\/Martel-AG-St-Gallen\/233396026691876","article_published_time":"2021-04-06T06:28:29+00:00","article_modified_time":"2022-08-24T09:20:30+00:00","og_image":[{"width":1215,"height":810,"url":"https:\/\/www.martel.ch\/cms\/wp-content\/uploads\/2021\/03\/A9_04_Web_Rose\u0301_Blog.jpg","type":"image\/jpeg"}],"author":"Aktionstext","twitter_card":"summary_large_image","twitter_creator":"@martel_weinwelt","twitter_site":"@martel_weinwelt","twitter_misc":{"Geschrieben von":"Aktionstext","Gesch\u00e4tzte Lesezeit":"2\u00a0Minuten","Written by":"Aktionstext"},"schema":{"@context":"https:\/\/schema.org","@graph":[{"@type":"Article","@id":"https:\/\/www.martel.ch\/cms\/weinwissen\/weinmagazin\/rueckblick\/rose-zeit-ist-martel-zeit\/#article","isPartOf":{"@id":"https:\/\/www.martel.ch\/cms\/weinwissen\/weinmagazin\/rueckblick\/rose-zeit-ist-martel-zeit\/"},"author":{"name":"Aktionstext","@id":"https:\/\/www.martel.ch\/cms\/#\/schema\/person\/3464c81d9493adb03d862579dda417cc"},"headline":"Ros\u00e9-Zeit ist Martel-Zeit","datePublished":"2021-04-06T06:28:29+00:00","dateModified":"2022-08-24T09:20:30+00:00","mainEntityOfPage":{"@id":"https:\/\/www.martel.ch\/cms\/weinwissen\/weinmagazin\/rueckblick\/rose-zeit-ist-martel-zeit\/"},"wordCount":251,"publisher":{"@id":"https:\/\/www.martel.ch\/cms\/#organization"},"image":{"@id":"https:\/\/www.martel.ch\/cms\/weinwissen\/weinmagazin\/rueckblick\/rose-zeit-ist-martel-zeit\/#primaryimage"},"thumbnailUrl":"https:\/\/www.martel.ch\/cms\/wp-content\/uploads\/2021\/03\/A9_04_Web_Rose\u0301_Blog.jpg","articleSection":["Alle","R\u00fcckblick"],"inLanguage":"de-CH"},{"@type":"WebPage","@id":"https:\/\/www.martel.ch\/cms\/weinwissen\/weinmagazin\/rueckblick\/rose-zeit-ist-martel-zeit\/","url":"https:\/\/www.martel.ch\/cms\/weinwissen\/weinmagazin\/rueckblick\/rose-zeit-ist-martel-zeit\/","name":"Ros\u00e9-Zeit ist Martel-Zeit | Martel Weine St.Gallen und Z\u00fcrich","isPartOf":{"@id":"https:\/\/www.martel.ch\/cms\/#website"},"primaryImageOfPage":{"@id":"https:\/\/www.martel.ch\/cms\/weinwissen\/weinmagazin\/rueckblick\/rose-zeit-ist-martel-zeit\/#primaryimage"},"image":{"@id":"https:\/\/www.martel.ch\/cms\/weinwissen\/weinmagazin\/rueckblick\/rose-zeit-ist-martel-zeit\/#primaryimage"},"thumbnailUrl":"https:\/\/www.martel.ch\/cms\/wp-content\/uploads\/2021\/03\/A9_04_Web_Rose\u0301_Blog.jpg","datePublished":"2021-04-06T06:28:29+00:00","dateModified":"2022-08-24T09:20:30+00:00","description":"W\u00e4rmere Tage, l\u00e4ngere Abende, Freunde, ein Grillfest, frische Weine. Wir sp\u00fcren es in der Brust: das Ros\u00e9-Herzklopfen.","breadcrumb":{"@id":"https:\/\/www.martel.ch\/cms\/weinwissen\/weinmagazin\/rueckblick\/rose-zeit-ist-martel-zeit\/#breadcrumb"},"inLanguage":"de-CH","potentialAction":[{"@type":"ReadAction","target":["https:\/\/www.martel.ch\/cms\/weinwissen\/weinmagazin\/rueckblick\/rose-zeit-ist-martel-zeit\/"]}]},{"@type":"ImageObject","inLanguage":"de-CH","@id":"https:\/\/www.martel.ch\/cms\/weinwissen\/weinmagazin\/rueckblick\/rose-zeit-ist-martel-zeit\/#primaryimage","url":"https:\/\/www.martel.ch\/cms\/wp-content\/uploads\/2021\/03\/A9_04_Web_Rose\u0301_Blog.jpg","contentUrl":"https:\/\/www.martel.ch\/cms\/wp-content\/uploads\/2021\/03\/A9_04_Web_Rose\u0301_Blog.jpg","width":1215,"height":810,"caption":"Ros\u00e9"},{"@type":"BreadcrumbList","@id":"https:\/\/www.martel.ch\/cms\/weinwissen\/weinmagazin\/rueckblick\/rose-zeit-ist-martel-zeit\/#breadcrumb","itemListElement":[{"@type":"ListItem","position":1,"name":"Startseite","item":"https:\/\/www.martel.ch\/cms\/"},{"@type":"ListItem","position":2,"name":"Ros\u00e9-Zeit ist Martel-Zeit"}]},{"@type":"WebSite","@id":"https:\/\/www.martel.ch\/cms\/#website","url":"https:\/\/www.martel.ch\/cms\/","name":"Martel","description":"F\u00fcr Weinbegeisterte und die, die es werden m\u00f6chten.","publisher":{"@id":"https:\/\/www.martel.ch\/cms\/#organization"},"potentialAction":[{"@type":"SearchAction","target":{"@type":"EntryPoint","urlTemplate":"https:\/\/www.martel.ch\/cms\/?s={search_term_string}"},"query-input":{"@type":"PropertyValueSpecification","valueRequired":true,"valueName":"search_term_string"}}],"inLanguage":"de-CH"},{"@type":"Organization","@id":"https:\/\/www.martel.ch\/cms\/#organization","name":"Martel AG St.Gallen","url":"https:\/\/www.martel.ch\/cms\/","logo":{"@type":"ImageObject","inLanguage":"de-CH","@id":"https:\/\/www.martel.ch\/cms\/#\/schema\/logo\/image\/","url":"https:\/\/www.martel.ch\/cms\/wp-content\/uploads\/2019\/02\/martel-logo.png","contentUrl":"https:\/\/www.martel.ch\/cms\/wp-content\/uploads\/2019\/02\/martel-logo.png","width":600,"height":600,"caption":"Martel AG St.Gallen"},"image":{"@id":"https:\/\/www.martel.ch\/cms\/#\/schema\/logo\/image\/"},"sameAs":["https:\/\/www.facebook.com\/pages\/Martel-AG-St-Gallen\/233396026691876","https:\/\/x.com\/martel_weinwelt","https:\/\/www.instagram.com\/martel_weinwelt\/","https:\/\/www.linkedin.com\/company\/martel-ag-st-gallen","https:\/\/www.pinterest.ch\/martel_weinwelt"]},{"@type":"Person","@id":"https:\/\/www.martel.ch\/cms\/#\/schema\/person\/3464c81d9493adb03d862579dda417cc","name":"Aktionstext","image":{"@type":"ImageObject","inLanguage":"de-CH","@id":"https:\/\/secure.gravatar.com\/avatar\/d2fcd71efade94aaf5442b68e9c44d588bfbfa0e3529b37e084f2a91243a522d?s=96&d=mm&r=gd9adba075220666de6dbe752e08cf44c","url":"https:\/\/secure.gravatar.com\/avatar\/d2fcd71efade94aaf5442b68e9c44d588bfbfa0e3529b37e084f2a91243a522d?s=96&d=mm&r=g","contentUrl":"https:\/\/secure.gravatar.com\/avatar\/d2fcd71efade94aaf5442b68e9c44d588bfbfa0e3529b37e084f2a91243a522d?s=96&d=mm&r=g","caption":"Aktionstext"}}]}},"_links":{"self":[{"href":"https:\/\/www.martel.ch\/cms\/wp-json\/wp\/v2\/posts\/2277","targetHints":{"allow":["GET"]}}],"collection":[{"href":"https:\/\/www.martel.ch\/cms\/wp-json\/wp\/v2\/posts"}],"about":[{"href":"https:\/\/www.martel.ch\/cms\/wp-json\/wp\/v2\/types\/post"}],"author":[{"embeddable":true,"href":"https:\/\/www.martel.ch\/cms\/wp-json\/wp\/v2\/users\/2"}],"replies":[{"embeddable":true,"href":"https:\/\/www.martel.ch\/cms\/wp-json\/wp\/v2\/comments?post=2277"}],"version-history":[{"count":3,"href":"https:\/\/www.martel.ch\/cms\/wp-json\/wp\/v2\/posts\/2277\/revisions"}],"predecessor-version":[{"id":14855,"href":"https:\/\/www.martel.ch\/cms\/wp-json\/wp\/v2\/posts\/2277\/revisions\/14855"}],"wp:featuredmedia":[{"embeddable":true,"href":"https:\/\/www.martel.ch\/cms\/wp-json\/wp\/v2\/media\/2198"}],"wp:attachment":[{"href":"https:\/\/www.martel.ch\/cms\/wp-json\/wp\/v2\/media?parent=2277"}],"wp:term":[{"taxonomy":"category","embeddable":true,"href":"https:\/\/www.martel.ch\/cms\/wp-json\/wp\/v2\/categories?post=2277"},{"taxonomy":"post_tag","embeddable":true,"href":"https:\/\/www.martel.ch\/cms\/wp-json\/wp\/v2\/tags?post=2277"},{"taxonomy":"author","embeddable":true,"href":"https:\/\/www.martel.ch\/cms\/wp-json\/wp\/v2\/coauthors?post=2277"}],"curies":[{"name":"wp","href":"https:\/\/api.w.org\/{rel}","templated":true}]}}