{"id":2604,"date":"2021-09-29T10:25:01","date_gmt":"2021-09-29T08:25:01","guid":{"rendered":"\/cms\/?p=2604"},"modified":"2022-08-24T10:44:09","modified_gmt":"2022-08-24T08:44:09","slug":"mysterium-trinkreife-reif-oder-nicht-reif-das-ist-hier-die-frage","status":"publish","type":"post","link":"https:\/\/www.martel.ch\/cms\/weinwissen\/weinmagazin\/martel-schenkt-ein\/mysterium-trinkreife-reif-oder-nicht-reif-das-ist-hier-die-frage\/","title":{"rendered":"Mysterium Trinkreife: Reif oder nicht reif \u2013 das ist hier die Frage"},"content":{"rendered":"\n<p>Das Thema Trinkreife besch\u00e4ftigt Weingeniesser und -sammler auf der ganzen Welt. Trinkt man einen besonderen Wein zu fr\u00fch, zeigt er sich verschlossen, unnahbar und unharmonisch. Die Gerbstoffe sind noch trocknend und die Aromatik vergleichsweise eindimensional. Trinkt man ihn zu sp\u00e4t, verliert er seinen Druck, seine Frische und Frucht. Er ist oxidiert und im schlimmsten Fall nicht mehr geniessbar.<\/p>\n\n\n\n<h2 class=\"wp-block-heading\">Die pers\u00f6nliche Pr\u00e4ferenz entscheidet<\/h2>\n\n\n\n<p>Wie so oft in der Weinwelt gilt auch bei der Trinkreife: Es kommt auf den Geschmack des Geniessers an. W\u00e4hrend der Eine fruchtige noch etwas ungest\u00fcme und rassige Weine liebt, bevorzugt der Andere Terti\u00e4raromen, abgerundete Gerbstoffe und eine milde S\u00e4ure. Gl\u00fccklicherweise besitzen die meisten grossen Weine ein relativ grosses Zeitfenster. Um den ganzen Lebenszyklus eines bestimmten Weines zu beobachten, macht es Sinn, mehrere Flaschen zu erwerben. Nur so erlebt man den Wein mit all seinen Facetten. Viele Weine sind in ihrer Jugend ein Genuss, verschliessen sich aber dann und wachsen erst nach mehreren Jahren zu ihrer wahren Gr\u00f6sse heran.<\/p>\n\n\n\n<h2 class=\"wp-block-heading\">Die Einflussfaktoren<\/h2>\n\n\n\n<p>Generell kann man sagen: Je mehr Extrakt, S\u00e4ure, Restzucker, Tannin und\/oder Alkohol ein Wein besitzt, desto l\u00e4nger kann er gelagert werden. Vorausgesetzt, er macht dies unter k\u00fchlen und abgedunkelten Einkellerungsbedingungen. Die zuvor genannten Faktoren sind aber noch bei weitem keine Garantie f\u00fcr ein grosses Reifepotential. Hier kommt neben dem K\u00f6nnen des Winzers auch etwas Magie ins Spiel: Es ist das Zusammenspiel aller Einfl\u00fcsse und die Hochwertigkeit des Ursprungsmaterials einerseits. Andrerseits sind es aber auch softe Faktoren wie Tiefgr\u00fcndigkeit, Finesse, Spannung und Balance, die einem Wein ein langes Leben einhauchen. So besassen grosse rote Burgunder aus den 60er-Jahren auch in ihrer Jugend eher wenig Tannin, keine Rests\u00fcsse sowie moderate S\u00e4ure und Alkohol. Und trotzdem gibt es Beispiele von noch jungen, frischen und lebendigen Exemplaren, welchen man nie eine solch monumentale Lebensdauer zugetraut h\u00e4tte.<\/p>\n\n\n\n<h2 class=\"wp-block-heading\">Best of Trinkreife \u2013 welche Weine eignen sich zur Lagerung?<\/h2>\n\n\n\n<p>Als der ultimative Lagerwein schlechthin \u2013 nur eine Begr\u00fcndung f\u00fcr dessen Weltruhm \u2013 wird <a href=\"https:\/\/www.martel.ch\/shop\/wein\/herkunft\/frankreich\/bordeaux.html\" target=\"_blank\" rel=\"noopener\">Bordeaux<\/a> angesehen. Insbesondere aus den Top-Appellationen des M\u00e9doc. Legend\u00e4r sollen bei Ch\u00e2teau Lafite-Rothschild auch heute noch die Jahrg\u00e4nge 1811 und 1870 sein. Schade, dass ich diese nie geniessen konnte. Weitere bekannte Regionen f\u00fcr Rotweine mit ausgezeichnetem Reifepotential sind neben dem schon genannten <a href=\"https:\/\/www.martel.ch\/shop\/wein\/herkunft\/frankreich\/burgund.html\" target=\"_blank\" rel=\"noopener\">Burgund<\/a> das provenzalische Bandol, Hermitage, C\u00f4te-R\u00f4tie, Rioja, Barolo, Brunello di Montalcino und das kalifornische <a href=\"https:\/\/www.martel.ch\/shop\/wein\/herkunft\/usa\/kalifornien\/napa-valley.html\" target=\"_blank\" rel=\"noopener\">Napa Valley<\/a> sein. Bei den Rebsorten eignen sich vor allem tannin- und extraktstarke Sorten wie Cabernet Sauvignon, Syrah, Malbec, Tannat, Nebbiolo und Sangiovese.<\/p>\n\n\n\n<p>Abgesehen von grossen weissen Burgundern, Riesling, Chenin Blanc und Gr\u00fcnem Veltliner besitzen Rotweine generell eine h\u00f6here Lebensdauer als trockene Weissweine. Es gibt aber erstaunliche Ausnahmen. Wer schon einen gereiften D\u00e9zaley (Chasselas) aus dem letzten Jahrtausend verkostet hat, weiss, was wir meinen: Die Weine zeigen eine burgundische Stilistik, Viskosit\u00e4t und enorme Komplexit\u00e4t.<\/p>\n\n\n\n<p>Schliesslich eignen sich auch S\u00fcssweine sehr gut zur Einkellerung. Zum einen edelfaule Preziosen dank des hohen Zucker- und S\u00e4uregehalts. Zum anderen aufgespritete Weine wie Portwein und Madeira dank des erh\u00f6hten Extrakt- und Alkoholgehalts. Auch hier gibt es unz\u00e4hlige Beispiele aus den letzten Jahrhunderten, die auch heute noch allerh\u00f6chsten Genuss bieten sollen. So zum Beispiel der legend\u00e4re Vintage Port-Jahrgang 1900, Ch\u00e2teau D\u2019Yquem 1811 und 1847 sowie deutsche Trockenbeerenauslesen bis zur\u00fcck in die 1790er Jahre.<\/p>\n\n\n\n<p>Leider werden wir alle wohl eher weniger schnell in den Genuss dieser zuvor genannten Weine kommen. Und doch bin ich mir sicher, dass auch in Ihrem Keller der ein oder anderen Schatz liegt, der in Ihrem Kopf Fragen aufwirft: <strong>Wie gross ist das Reifepotential? Wie lange kann der Wein gelagert werden? Oder wann kommt der Wein in seine Trinkreife?<\/strong> Die passenden Antworten dazu bietet unsere allumfassende <a href=\"https:\/\/www.martel.ch\/shop\/jahrgangstabelle\">Jahrgangs- und Trinkreifetabelle<\/a>.<\/p>\n\n\n\n<p><\/p>\n\n\n\n<div class=\"wp-block-buttons is-layout-flex wp-block-buttons-is-layout-flex\">\n<div class=\"wp-block-button\"><a class=\"wp-block-button__link\" href=\"https:\/\/www.martel.ch\/wein\/?filter=herkunft,frankreich~bordeaux\">Weine mit der Herkunft Bordeaux<\/a><\/div>\n<\/div>\n","protected":false},"excerpt":{"rendered":"","protected":false},"author":28,"featured_media":2606,"comment_status":"closed","ping_status":"closed","sticky":false,"template":"","format":"standard","meta":{"_acf_changed":false,"inline_featured_image":false,"footnotes":""},"categories":[449,57],"tags":[],"coauthors":[],"class_list":["post-2604","post","type-post","status-publish","format-standard","has-post-thumbnail","hentry","category-alle","category-martel-schenkt-ein"],"acf":{"inhaltselemente":null},"yoast_head":"<!-- This site is optimized with the Yoast SEO plugin v27.5 - https:\/\/yoast.com\/product\/yoast-seo-wordpress\/ -->\n<title>Mysterium Trinkreife: Reif oder nicht reif \u2013 das ist hier die Frage | Martel Weine St.Gallen und Z\u00fcrich<\/title>\n<meta name=\"description\" content=\"Das Thema Trinkreife besch\u00e4ftigt Weingeniesser auf der ganzen Welt. Wie lange kann der Wein gelagert werden?\" \/>\n<meta name=\"robots\" content=\"index, follow, max-snippet:-1, max-image-preview:large, max-video-preview:-1\" \/>\n<link rel=\"canonical\" href=\"https:\/\/www.martel.ch\/cms\/weinwissen\/weinmagazin\/martel-schenkt-ein\/mysterium-trinkreife-reif-oder-nicht-reif-das-ist-hier-die-frage\/\" \/>\n<meta property=\"og:locale\" content=\"de_DE\" \/>\n<meta property=\"og:type\" content=\"article\" \/>\n<meta property=\"og:title\" content=\"Mysterium Trinkreife: Reif oder nicht reif \u2013 das ist hier die Frage | Martel Weine St.Gallen und Z\u00fcrich\" \/>\n<meta property=\"og:description\" content=\"Das Thema Trinkreife besch\u00e4ftigt Weingeniesser auf der ganzen Welt. Wie lange kann der Wein gelagert werden?\" \/>\n<meta property=\"og:url\" content=\"https:\/\/www.martel.ch\/cms\/weinwissen\/weinmagazin\/martel-schenkt-ein\/mysterium-trinkreife-reif-oder-nicht-reif-das-ist-hier-die-frage\/\" \/>\n<meta property=\"og:site_name\" content=\"Martel\" \/>\n<meta property=\"article:publisher\" content=\"https:\/\/www.facebook.com\/pages\/Martel-AG-St-Gallen\/233396026691876\" \/>\n<meta property=\"article:published_time\" content=\"2021-09-29T08:25:01+00:00\" \/>\n<meta property=\"article:modified_time\" content=\"2022-08-24T08:44:09+00:00\" \/>\n<meta property=\"og:image\" content=\"https:\/\/www.martel.ch\/cms\/wp-content\/uploads\/2021\/09\/2021-10-blog-trinkreife-bild.jpg-1024x683.jpg\" \/>\n\t<meta property=\"og:image:width\" content=\"1024\" \/>\n\t<meta property=\"og:image:height\" content=\"683\" \/>\n\t<meta property=\"og:image:type\" content=\"image\/jpeg\" \/>\n<meta name=\"author\" content=\"Philippe Gallusser\" \/>\n<meta name=\"twitter:card\" content=\"summary_large_image\" \/>\n<meta name=\"twitter:creator\" content=\"@martel_weinwelt\" \/>\n<meta name=\"twitter:site\" content=\"@martel_weinwelt\" \/>\n<meta name=\"twitter:label1\" content=\"Geschrieben von\" \/>\n\t<meta name=\"twitter:data1\" content=\"Philippe Gallusser\" \/>\n\t<meta name=\"twitter:label2\" content=\"Gesch\u00e4tzte Lesezeit\" \/>\n\t<meta name=\"twitter:data2\" content=\"4\u00a0Minuten\" \/>\n\t<meta name=\"twitter:label3\" content=\"Written by\" \/>\n\t<meta name=\"twitter:data3\" content=\"Philippe Gallusser\" \/>\n<script type=\"application\/ld+json\" class=\"yoast-schema-graph\">{\"@context\":\"https:\\\/\\\/schema.org\",\"@graph\":[{\"@type\":\"Article\",\"@id\":\"https:\\\/\\\/www.martel.ch\\\/cms\\\/weinwissen\\\/weinmagazin\\\/martel-schenkt-ein\\\/mysterium-trinkreife-reif-oder-nicht-reif-das-ist-hier-die-frage\\\/#article\",\"isPartOf\":{\"@id\":\"https:\\\/\\\/www.martel.ch\\\/cms\\\/weinwissen\\\/weinmagazin\\\/martel-schenkt-ein\\\/mysterium-trinkreife-reif-oder-nicht-reif-das-ist-hier-die-frage\\\/\"},\"author\":{\"name\":\"Philippe Gallusser\",\"@id\":\"https:\\\/\\\/www.martel.ch\\\/cms\\\/#\\\/schema\\\/person\\\/34a76687b8a26bc1a5fb3b22a287481a\"},\"headline\":\"Mysterium Trinkreife: Reif oder nicht reif \u2013 das ist hier die Frage\",\"datePublished\":\"2021-09-29T08:25:01+00:00\",\"dateModified\":\"2022-08-24T08:44:09+00:00\",\"mainEntityOfPage\":{\"@id\":\"https:\\\/\\\/www.martel.ch\\\/cms\\\/weinwissen\\\/weinmagazin\\\/martel-schenkt-ein\\\/mysterium-trinkreife-reif-oder-nicht-reif-das-ist-hier-die-frage\\\/\"},\"wordCount\":644,\"publisher\":{\"@id\":\"https:\\\/\\\/www.martel.ch\\\/cms\\\/#organization\"},\"image\":{\"@id\":\"https:\\\/\\\/www.martel.ch\\\/cms\\\/weinwissen\\\/weinmagazin\\\/martel-schenkt-ein\\\/mysterium-trinkreife-reif-oder-nicht-reif-das-ist-hier-die-frage\\\/#primaryimage\"},\"thumbnailUrl\":\"https:\\\/\\\/www.martel.ch\\\/cms\\\/wp-content\\\/uploads\\\/2021\\\/09\\\/2021-10-blog-trinkreife-bild.jpg.jpg\",\"articleSection\":[\"Alle\",\"Martel schenkt ein\"],\"inLanguage\":\"de-CH\"},{\"@type\":\"WebPage\",\"@id\":\"https:\\\/\\\/www.martel.ch\\\/cms\\\/weinwissen\\\/weinmagazin\\\/martel-schenkt-ein\\\/mysterium-trinkreife-reif-oder-nicht-reif-das-ist-hier-die-frage\\\/\",\"url\":\"https:\\\/\\\/www.martel.ch\\\/cms\\\/weinwissen\\\/weinmagazin\\\/martel-schenkt-ein\\\/mysterium-trinkreife-reif-oder-nicht-reif-das-ist-hier-die-frage\\\/\",\"name\":\"Mysterium Trinkreife: Reif oder nicht reif \u2013 das ist hier die Frage | Martel Weine St.Gallen und Z\u00fcrich\",\"isPartOf\":{\"@id\":\"https:\\\/\\\/www.martel.ch\\\/cms\\\/#website\"},\"primaryImageOfPage\":{\"@id\":\"https:\\\/\\\/www.martel.ch\\\/cms\\\/weinwissen\\\/weinmagazin\\\/martel-schenkt-ein\\\/mysterium-trinkreife-reif-oder-nicht-reif-das-ist-hier-die-frage\\\/#primaryimage\"},\"image\":{\"@id\":\"https:\\\/\\\/www.martel.ch\\\/cms\\\/weinwissen\\\/weinmagazin\\\/martel-schenkt-ein\\\/mysterium-trinkreife-reif-oder-nicht-reif-das-ist-hier-die-frage\\\/#primaryimage\"},\"thumbnailUrl\":\"https:\\\/\\\/www.martel.ch\\\/cms\\\/wp-content\\\/uploads\\\/2021\\\/09\\\/2021-10-blog-trinkreife-bild.jpg.jpg\",\"datePublished\":\"2021-09-29T08:25:01+00:00\",\"dateModified\":\"2022-08-24T08:44:09+00:00\",\"description\":\"Das Thema Trinkreife besch\u00e4ftigt Weingeniesser auf der ganzen Welt. Wie lange kann der Wein gelagert werden?\",\"breadcrumb\":{\"@id\":\"https:\\\/\\\/www.martel.ch\\\/cms\\\/weinwissen\\\/weinmagazin\\\/martel-schenkt-ein\\\/mysterium-trinkreife-reif-oder-nicht-reif-das-ist-hier-die-frage\\\/#breadcrumb\"},\"inLanguage\":\"de-CH\",\"potentialAction\":[{\"@type\":\"ReadAction\",\"target\":[\"https:\\\/\\\/www.martel.ch\\\/cms\\\/weinwissen\\\/weinmagazin\\\/martel-schenkt-ein\\\/mysterium-trinkreife-reif-oder-nicht-reif-das-ist-hier-die-frage\\\/\"]}]},{\"@type\":\"ImageObject\",\"inLanguage\":\"de-CH\",\"@id\":\"https:\\\/\\\/www.martel.ch\\\/cms\\\/weinwissen\\\/weinmagazin\\\/martel-schenkt-ein\\\/mysterium-trinkreife-reif-oder-nicht-reif-das-ist-hier-die-frage\\\/#primaryimage\",\"url\":\"https:\\\/\\\/www.martel.ch\\\/cms\\\/wp-content\\\/uploads\\\/2021\\\/09\\\/2021-10-blog-trinkreife-bild.jpg.jpg\",\"contentUrl\":\"https:\\\/\\\/www.martel.ch\\\/cms\\\/wp-content\\\/uploads\\\/2021\\\/09\\\/2021-10-blog-trinkreife-bild.jpg.jpg\",\"width\":1728,\"height\":1152,\"caption\":\"Trinkreife Jahrgangstabelle\"},{\"@type\":\"BreadcrumbList\",\"@id\":\"https:\\\/\\\/www.martel.ch\\\/cms\\\/weinwissen\\\/weinmagazin\\\/martel-schenkt-ein\\\/mysterium-trinkreife-reif-oder-nicht-reif-das-ist-hier-die-frage\\\/#breadcrumb\",\"itemListElement\":[{\"@type\":\"ListItem\",\"position\":1,\"name\":\"Startseite\",\"item\":\"https:\\\/\\\/www.martel.ch\\\/cms\\\/\"},{\"@type\":\"ListItem\",\"position\":2,\"name\":\"Mysterium Trinkreife: Reif oder nicht reif \u2013 das ist hier die Frage\"}]},{\"@type\":\"WebSite\",\"@id\":\"https:\\\/\\\/www.martel.ch\\\/cms\\\/#website\",\"url\":\"https:\\\/\\\/www.martel.ch\\\/cms\\\/\",\"name\":\"Martel\",\"description\":\"F\u00fcr Weinbegeisterte und die, die es werden m\u00f6chten.\",\"publisher\":{\"@id\":\"https:\\\/\\\/www.martel.ch\\\/cms\\\/#organization\"},\"potentialAction\":[{\"@type\":\"SearchAction\",\"target\":{\"@type\":\"EntryPoint\",\"urlTemplate\":\"https:\\\/\\\/www.martel.ch\\\/cms\\\/?s={search_term_string}\"},\"query-input\":{\"@type\":\"PropertyValueSpecification\",\"valueRequired\":true,\"valueName\":\"search_term_string\"}}],\"inLanguage\":\"de-CH\"},{\"@type\":\"Organization\",\"@id\":\"https:\\\/\\\/www.martel.ch\\\/cms\\\/#organization\",\"name\":\"Martel AG St.Gallen\",\"url\":\"https:\\\/\\\/www.martel.ch\\\/cms\\\/\",\"logo\":{\"@type\":\"ImageObject\",\"inLanguage\":\"de-CH\",\"@id\":\"https:\\\/\\\/www.martel.ch\\\/cms\\\/#\\\/schema\\\/logo\\\/image\\\/\",\"url\":\"https:\\\/\\\/www.martel.ch\\\/cms\\\/wp-content\\\/uploads\\\/2019\\\/02\\\/martel-logo.png\",\"contentUrl\":\"https:\\\/\\\/www.martel.ch\\\/cms\\\/wp-content\\\/uploads\\\/2019\\\/02\\\/martel-logo.png\",\"width\":600,\"height\":600,\"caption\":\"Martel AG St.Gallen\"},\"image\":{\"@id\":\"https:\\\/\\\/www.martel.ch\\\/cms\\\/#\\\/schema\\\/logo\\\/image\\\/\"},\"sameAs\":[\"https:\\\/\\\/www.facebook.com\\\/pages\\\/Martel-AG-St-Gallen\\\/233396026691876\",\"https:\\\/\\\/x.com\\\/martel_weinwelt\",\"https:\\\/\\\/www.instagram.com\\\/martel_weinwelt\\\/\",\"https:\\\/\\\/www.linkedin.com\\\/company\\\/martel-ag-st-gallen\",\"https:\\\/\\\/www.pinterest.ch\\\/martel_weinwelt\"]},{\"@type\":\"Person\",\"@id\":\"https:\\\/\\\/www.martel.ch\\\/cms\\\/#\\\/schema\\\/person\\\/34a76687b8a26bc1a5fb3b22a287481a\",\"name\":\"Philippe Gallusser\",\"image\":{\"@type\":\"ImageObject\",\"inLanguage\":\"de-CH\",\"@id\":\"https:\\\/\\\/secure.gravatar.com\\\/avatar\\\/663f232faa4b6a854f7df0a35e7f2efdc0c05f7bac7b8b1028518aa25a819773?s=96&d=mm&r=g85d574c6257a83706852700a377bf5a1\",\"url\":\"https:\\\/\\\/secure.gravatar.com\\\/avatar\\\/663f232faa4b6a854f7df0a35e7f2efdc0c05f7bac7b8b1028518aa25a819773?s=96&d=mm&r=g\",\"contentUrl\":\"https:\\\/\\\/secure.gravatar.com\\\/avatar\\\/663f232faa4b6a854f7df0a35e7f2efdc0c05f7bac7b8b1028518aa25a819773?s=96&d=mm&r=g\",\"caption\":\"Philippe Gallusser\"}}]}<\/script>\n<!-- \/ Yoast SEO plugin. -->","yoast_head_json":{"title":"Mysterium Trinkreife: Reif oder nicht reif \u2013 das ist hier die Frage | Martel Weine St.Gallen und Z\u00fcrich","description":"Das Thema Trinkreife besch\u00e4ftigt Weingeniesser auf der ganzen Welt. Wie lange kann der Wein gelagert werden?","robots":{"index":"index","follow":"follow","max-snippet":"max-snippet:-1","max-image-preview":"max-image-preview:large","max-video-preview":"max-video-preview:-1"},"canonical":"https:\/\/www.martel.ch\/cms\/weinwissen\/weinmagazin\/martel-schenkt-ein\/mysterium-trinkreife-reif-oder-nicht-reif-das-ist-hier-die-frage\/","og_locale":"de_DE","og_type":"article","og_title":"Mysterium Trinkreife: Reif oder nicht reif \u2013 das ist hier die Frage | Martel Weine St.Gallen und Z\u00fcrich","og_description":"Das Thema Trinkreife besch\u00e4ftigt Weingeniesser auf der ganzen Welt. Wie lange kann der Wein gelagert werden?","og_url":"https:\/\/www.martel.ch\/cms\/weinwissen\/weinmagazin\/martel-schenkt-ein\/mysterium-trinkreife-reif-oder-nicht-reif-das-ist-hier-die-frage\/","og_site_name":"Martel","article_publisher":"https:\/\/www.facebook.com\/pages\/Martel-AG-St-Gallen\/233396026691876","article_published_time":"2021-09-29T08:25:01+00:00","article_modified_time":"2022-08-24T08:44:09+00:00","og_image":[{"width":1024,"height":683,"url":"https:\/\/www.martel.ch\/cms\/wp-content\/uploads\/2021\/09\/2021-10-blog-trinkreife-bild.jpg-1024x683.jpg","type":"image\/jpeg"}],"author":"Philippe Gallusser","twitter_card":"summary_large_image","twitter_creator":"@martel_weinwelt","twitter_site":"@martel_weinwelt","twitter_misc":{"Geschrieben von":"Philippe Gallusser","Gesch\u00e4tzte Lesezeit":"4\u00a0Minuten","Written by":"Philippe Gallusser"},"schema":{"@context":"https:\/\/schema.org","@graph":[{"@type":"Article","@id":"https:\/\/www.martel.ch\/cms\/weinwissen\/weinmagazin\/martel-schenkt-ein\/mysterium-trinkreife-reif-oder-nicht-reif-das-ist-hier-die-frage\/#article","isPartOf":{"@id":"https:\/\/www.martel.ch\/cms\/weinwissen\/weinmagazin\/martel-schenkt-ein\/mysterium-trinkreife-reif-oder-nicht-reif-das-ist-hier-die-frage\/"},"author":{"name":"Philippe Gallusser","@id":"https:\/\/www.martel.ch\/cms\/#\/schema\/person\/34a76687b8a26bc1a5fb3b22a287481a"},"headline":"Mysterium Trinkreife: Reif oder nicht reif \u2013 das ist hier die Frage","datePublished":"2021-09-29T08:25:01+00:00","dateModified":"2022-08-24T08:44:09+00:00","mainEntityOfPage":{"@id":"https:\/\/www.martel.ch\/cms\/weinwissen\/weinmagazin\/martel-schenkt-ein\/mysterium-trinkreife-reif-oder-nicht-reif-das-ist-hier-die-frage\/"},"wordCount":644,"publisher":{"@id":"https:\/\/www.martel.ch\/cms\/#organization"},"image":{"@id":"https:\/\/www.martel.ch\/cms\/weinwissen\/weinmagazin\/martel-schenkt-ein\/mysterium-trinkreife-reif-oder-nicht-reif-das-ist-hier-die-frage\/#primaryimage"},"thumbnailUrl":"https:\/\/www.martel.ch\/cms\/wp-content\/uploads\/2021\/09\/2021-10-blog-trinkreife-bild.jpg.jpg","articleSection":["Alle","Martel schenkt ein"],"inLanguage":"de-CH"},{"@type":"WebPage","@id":"https:\/\/www.martel.ch\/cms\/weinwissen\/weinmagazin\/martel-schenkt-ein\/mysterium-trinkreife-reif-oder-nicht-reif-das-ist-hier-die-frage\/","url":"https:\/\/www.martel.ch\/cms\/weinwissen\/weinmagazin\/martel-schenkt-ein\/mysterium-trinkreife-reif-oder-nicht-reif-das-ist-hier-die-frage\/","name":"Mysterium Trinkreife: Reif oder nicht reif \u2013 das ist hier die Frage | Martel Weine St.Gallen und Z\u00fcrich","isPartOf":{"@id":"https:\/\/www.martel.ch\/cms\/#website"},"primaryImageOfPage":{"@id":"https:\/\/www.martel.ch\/cms\/weinwissen\/weinmagazin\/martel-schenkt-ein\/mysterium-trinkreife-reif-oder-nicht-reif-das-ist-hier-die-frage\/#primaryimage"},"image":{"@id":"https:\/\/www.martel.ch\/cms\/weinwissen\/weinmagazin\/martel-schenkt-ein\/mysterium-trinkreife-reif-oder-nicht-reif-das-ist-hier-die-frage\/#primaryimage"},"thumbnailUrl":"https:\/\/www.martel.ch\/cms\/wp-content\/uploads\/2021\/09\/2021-10-blog-trinkreife-bild.jpg.jpg","datePublished":"2021-09-29T08:25:01+00:00","dateModified":"2022-08-24T08:44:09+00:00","description":"Das Thema Trinkreife besch\u00e4ftigt Weingeniesser auf der ganzen Welt. Wie lange kann der Wein gelagert werden?","breadcrumb":{"@id":"https:\/\/www.martel.ch\/cms\/weinwissen\/weinmagazin\/martel-schenkt-ein\/mysterium-trinkreife-reif-oder-nicht-reif-das-ist-hier-die-frage\/#breadcrumb"},"inLanguage":"de-CH","potentialAction":[{"@type":"ReadAction","target":["https:\/\/www.martel.ch\/cms\/weinwissen\/weinmagazin\/martel-schenkt-ein\/mysterium-trinkreife-reif-oder-nicht-reif-das-ist-hier-die-frage\/"]}]},{"@type":"ImageObject","inLanguage":"de-CH","@id":"https:\/\/www.martel.ch\/cms\/weinwissen\/weinmagazin\/martel-schenkt-ein\/mysterium-trinkreife-reif-oder-nicht-reif-das-ist-hier-die-frage\/#primaryimage","url":"https:\/\/www.martel.ch\/cms\/wp-content\/uploads\/2021\/09\/2021-10-blog-trinkreife-bild.jpg.jpg","contentUrl":"https:\/\/www.martel.ch\/cms\/wp-content\/uploads\/2021\/09\/2021-10-blog-trinkreife-bild.jpg.jpg","width":1728,"height":1152,"caption":"Trinkreife Jahrgangstabelle"},{"@type":"BreadcrumbList","@id":"https:\/\/www.martel.ch\/cms\/weinwissen\/weinmagazin\/martel-schenkt-ein\/mysterium-trinkreife-reif-oder-nicht-reif-das-ist-hier-die-frage\/#breadcrumb","itemListElement":[{"@type":"ListItem","position":1,"name":"Startseite","item":"https:\/\/www.martel.ch\/cms\/"},{"@type":"ListItem","position":2,"name":"Mysterium Trinkreife: Reif oder nicht reif \u2013 das ist hier die Frage"}]},{"@type":"WebSite","@id":"https:\/\/www.martel.ch\/cms\/#website","url":"https:\/\/www.martel.ch\/cms\/","name":"Martel","description":"F\u00fcr Weinbegeisterte und die, die es werden m\u00f6chten.","publisher":{"@id":"https:\/\/www.martel.ch\/cms\/#organization"},"potentialAction":[{"@type":"SearchAction","target":{"@type":"EntryPoint","urlTemplate":"https:\/\/www.martel.ch\/cms\/?s={search_term_string}"},"query-input":{"@type":"PropertyValueSpecification","valueRequired":true,"valueName":"search_term_string"}}],"inLanguage":"de-CH"},{"@type":"Organization","@id":"https:\/\/www.martel.ch\/cms\/#organization","name":"Martel AG St.Gallen","url":"https:\/\/www.martel.ch\/cms\/","logo":{"@type":"ImageObject","inLanguage":"de-CH","@id":"https:\/\/www.martel.ch\/cms\/#\/schema\/logo\/image\/","url":"https:\/\/www.martel.ch\/cms\/wp-content\/uploads\/2019\/02\/martel-logo.png","contentUrl":"https:\/\/www.martel.ch\/cms\/wp-content\/uploads\/2019\/02\/martel-logo.png","width":600,"height":600,"caption":"Martel AG St.Gallen"},"image":{"@id":"https:\/\/www.martel.ch\/cms\/#\/schema\/logo\/image\/"},"sameAs":["https:\/\/www.facebook.com\/pages\/Martel-AG-St-Gallen\/233396026691876","https:\/\/x.com\/martel_weinwelt","https:\/\/www.instagram.com\/martel_weinwelt\/","https:\/\/www.linkedin.com\/company\/martel-ag-st-gallen","https:\/\/www.pinterest.ch\/martel_weinwelt"]},{"@type":"Person","@id":"https:\/\/www.martel.ch\/cms\/#\/schema\/person\/34a76687b8a26bc1a5fb3b22a287481a","name":"Philippe Gallusser","image":{"@type":"ImageObject","inLanguage":"de-CH","@id":"https:\/\/secure.gravatar.com\/avatar\/663f232faa4b6a854f7df0a35e7f2efdc0c05f7bac7b8b1028518aa25a819773?s=96&d=mm&r=g85d574c6257a83706852700a377bf5a1","url":"https:\/\/secure.gravatar.com\/avatar\/663f232faa4b6a854f7df0a35e7f2efdc0c05f7bac7b8b1028518aa25a819773?s=96&d=mm&r=g","contentUrl":"https:\/\/secure.gravatar.com\/avatar\/663f232faa4b6a854f7df0a35e7f2efdc0c05f7bac7b8b1028518aa25a819773?s=96&d=mm&r=g","caption":"Philippe Gallusser"}}]}},"_links":{"self":[{"href":"https:\/\/www.martel.ch\/cms\/wp-json\/wp\/v2\/posts\/2604","targetHints":{"allow":["GET"]}}],"collection":[{"href":"https:\/\/www.martel.ch\/cms\/wp-json\/wp\/v2\/posts"}],"about":[{"href":"https:\/\/www.martel.ch\/cms\/wp-json\/wp\/v2\/types\/post"}],"author":[{"embeddable":true,"href":"https:\/\/www.martel.ch\/cms\/wp-json\/wp\/v2\/users\/28"}],"replies":[{"embeddable":true,"href":"https:\/\/www.martel.ch\/cms\/wp-json\/wp\/v2\/comments?post=2604"}],"version-history":[{"count":4,"href":"https:\/\/www.martel.ch\/cms\/wp-json\/wp\/v2\/posts\/2604\/revisions"}],"predecessor-version":[{"id":14834,"href":"https:\/\/www.martel.ch\/cms\/wp-json\/wp\/v2\/posts\/2604\/revisions\/14834"}],"wp:featuredmedia":[{"embeddable":true,"href":"https:\/\/www.martel.ch\/cms\/wp-json\/wp\/v2\/media\/2606"}],"wp:attachment":[{"href":"https:\/\/www.martel.ch\/cms\/wp-json\/wp\/v2\/media?parent=2604"}],"wp:term":[{"taxonomy":"category","embeddable":true,"href":"https:\/\/www.martel.ch\/cms\/wp-json\/wp\/v2\/categories?post=2604"},{"taxonomy":"post_tag","embeddable":true,"href":"https:\/\/www.martel.ch\/cms\/wp-json\/wp\/v2\/tags?post=2604"},{"taxonomy":"author","embeddable":true,"href":"https:\/\/www.martel.ch\/cms\/wp-json\/wp\/v2\/coauthors?post=2604"}],"curies":[{"name":"wp","href":"https:\/\/api.w.org\/{rel}","templated":true}]}}