{"id":26691,"date":"2024-10-29T08:06:34","date_gmt":"2024-10-29T07:06:34","guid":{"rendered":"https:\/\/www.martel.ch\/cms\/?p=26691"},"modified":"2025-06-19T09:44:06","modified_gmt":"2025-06-19T07:44:06","slug":"willkommen-im-piemont","status":"publish","type":"post","link":"https:\/\/www.martel.ch\/cms\/weinwissen\/weinmagazin\/unterwegs-im-rebberg\/willkommen-im-piemont\/","title":{"rendered":"Willkommen im Piemont!"},"content":{"rendered":"\n<p><strong>Piemont, wir kommen! Das Martel-Team ist viel unterwegs, um die Weinregionen besser kennenzulernen und mit den Winzerinnen und Winzern in engem Kontakt zu bleiben. So l\u00e4sst sich Weinkultur am besten vermitteln. Im Fr\u00fchjahr war eine Gruppe von Martel-Mitarbeitenden im Piemont unterwegs.<\/strong><style>@font-face&amp;amp;amp;amp;lt;br>\t{font-family:\"Cambria Math\";&amp;amp;amp;amp;lt;br>\tpanose-1:2 4 5 3 5 4 6 3 2 4;&amp;amp;amp;amp;lt;br>\tmso-font-charset:0;&amp;amp;amp;amp;lt;br>\tmso-generic-font-family:roman;&amp;amp;amp;amp;lt;br>\tmso-font-pitch:variable;&amp;amp;amp;amp;lt;br>\tmso-font-signature:-536870145 1107305727 0 0 415 0;}@font-face&amp;amp;amp;amp;lt;br>\t{font-family:Aptos;&amp;amp;amp;amp;lt;br>\tpanose-1:2 11 0 4 2 2 2 2 2 4;&amp;amp;amp;amp;lt;br>\tmso-font-charset:0;&amp;amp;amp;amp;lt;br>\tmso-generic-font-family:swiss;&amp;amp;amp;amp;lt;br>\tmso-font-pitch:variable;&amp;amp;amp;amp;lt;br>\tmso-font-signature:536871559 3 0 0 415 0;}@font-face&amp;amp;amp;amp;lt;br>\t{font-family:TheSans;&amp;amp;amp;amp;lt;br>\tpanose-1:2 11 5 2 5 3 2 2 2 3;&amp;amp;amp;amp;lt;br>\tmso-font-charset:77;&amp;amp;amp;amp;lt;br>\tmso-generic-font-family:swiss;&amp;amp;amp;amp;lt;br>\tmso-font-format:other;&amp;amp;amp;amp;lt;br>\tmso-font-pitch:variable;&amp;amp;amp;amp;lt;br>\tmso-font-signature:-1610612609 1342234875 0 0 403 0;}p.MsoNormal, li.MsoNormal, div.MsoNormal&amp;amp;amp;amp;lt;br>\t{mso-style-unhide:no;&amp;amp;amp;amp;lt;br>\tmso-style-qformat:yes;&amp;amp;amp;amp;lt;br>\tmso-style-parent:\"\";&amp;amp;amp;amp;lt;br>\tmargin:0cm;&amp;amp;amp;amp;lt;br>\tmso-pagination:widow-orphan;&amp;amp;amp;amp;lt;br>\tfont-size:12.0pt;&amp;amp;amp;amp;lt;br>\tfont-family:\"Aptos\",sans-serif;&amp;amp;amp;amp;lt;br>\tmso-ascii-font-family:Aptos;&amp;amp;amp;amp;lt;br>\tmso-ascii-theme-font:minor-latin;&amp;amp;amp;amp;lt;br>\tmso-fareast-font-family:Aptos;&amp;amp;amp;amp;lt;br>\tmso-fareast-theme-font:minor-latin;&amp;amp;amp;amp;lt;br>\tmso-hansi-font-family:Aptos;&amp;amp;amp;amp;lt;br>\tmso-hansi-theme-font:minor-latin;&amp;amp;amp;amp;lt;br>\tmso-bidi-font-family:\"Times New Roman\";&amp;amp;amp;amp;lt;br>\tmso-bidi-theme-font:minor-bidi;&amp;amp;amp;amp;lt;br>\tmso-font-kerning:1.0pt;&amp;amp;amp;amp;lt;br>\tmso-ligatures:standardcontextual;&amp;amp;amp;amp;lt;br>\tmso-fareast-language:EN-US;}.MsoChpDefault&amp;amp;amp;amp;lt;br>\t{mso-style-type:export-only;&amp;amp;amp;amp;lt;br>\tmso-default-props:yes;&amp;amp;amp;amp;lt;br>\tfont-family:\"Aptos\",sans-serif;&amp;amp;amp;amp;lt;br>\tmso-ascii-font-family:Aptos;&amp;amp;amp;amp;lt;br>\tmso-ascii-theme-font:minor-latin;&amp;amp;amp;amp;lt;br>\tmso-fareast-font-family:Aptos;&amp;amp;amp;amp;lt;br>\tmso-fareast-theme-font:minor-latin;&amp;amp;amp;amp;lt;br>\tmso-hansi-font-family:Aptos;&amp;amp;amp;amp;lt;br>\tmso-hansi-theme-font:minor-latin;&amp;amp;amp;amp;lt;br>\tmso-bdi-font-family:\"Times New Roman\";&amp;amp;amp;amp;lt;br>\tmso-bidi-theme-font:minor-bidi;&amp;amp;amp;amp;lt;br>\tmso-fareast-language:EN-US;}div.WordSection1&amp;amp;amp;amp;lt;br>\t{page:WordSecti<\/style><\/p>\n","protected":false},"excerpt":{"rendered":"","protected":false},"author":9,"featured_media":26655,"comment_status":"closed","ping_status":"closed","sticky":false,"template":"","format":"standard","meta":{"_acf_changed":false,"inline_featured_image":false,"footnotes":""},"categories":[56],"tags":[],"coauthors":[483],"class_list":["post-26691","post","type-post","status-publish","format-standard","has-post-thumbnail","hentry","category-unterwegs-im-rebberg"],"acf":{"inhaltselemente":[{"acf_fc_layout":"image_image_text","image_image_text_titel_left":"Aush\u00e4ngeschild der Roero-Region","image_image_text_titel_typ_left":"2","image_image_text_titel_fake_left":false,"image_image_text_link_left":"","image_image_text_link_left_area":false,"image_image_text_bild_left":26643,"image_image_text_content_left":"Benvenuti! Annalisa Negro begr\u00fcsst uns herzlich. Die Winzerfamilie Negro ist seit 1670 (!) im Weinbau t\u00e4tig und geh\u00f6rt damit zu den \u00e4ltesten Betrieben der Region. Doch auf dem Weingut ist nichts altmodisch. Das sehen wir bei unserem Besuch bei <strong>Angelo Negro<\/strong>: Hier werden zeitgem\u00e4sse, sortentypische Weine mit biologischen Methoden erzeugt. Arneis und Nebbiolo von hoher Qualit\u00e4t zu fairen Preisen.","image_image_text_video_left":"","image_image_text_teaser_left":{"image_image_text_teaser_left_titel":"","image_image_text_teaser_left_titel_typ":"2","image_image_text_teaser_left_titel_fake":false,"image_image_text_teaser_left_link":""},"image_image_text_icon_left":"","image_image_text_icon_bg_left":"martel-rot","image_image_text_titel_right":"","image_image_text_titel_typ_right":"2","image_image_text_titel_fake_right":false,"image_image_text_link_right":"","image_image_text_link_right_area":false,"image_image_text_bild_right":26667,"image_image_text_content_right":"Uns gef\u00e4llt der Arneis Serra Lupini, der zwar leicht wirkt, aber durchaus K\u00f6rper hat. Ideal als Aperitivo oder zu leichten Gerichten. Dass Arneis hervorragend reifen kann, beweist der Lagenwein Perdaudin. Seit einigen Jahren besitzt die Familie Negro auch hervorragende Weinberge in der 4 Hektar grossen Lage Basarin. Diese liegt an einem S\u00fcdhang in der Barbaresco-Gemeinde Neive. Die Vinifikation und der traditionelle Ausbau erfolgen vor Ort. Das Ergebnis ist ein kr\u00e4ftiger, tiefgr\u00fcndiger Barbaresco mit grossem Lagerpotenzial. Wir lieben diesen Barbaresco, weil er gleichzeitig komplex, weich und zug\u00e4nglich ist. Zudem sehr fair im Preis.\r\n\r\n&nbsp;","image_image_text_video_right":"","image_image_text_teaser_right":{"image_image_text_teaser_right_titel":"","image_image_text_teaser_right_titel_typ":"2","image_image_text_teaser_right_titel_fake":false,"image_image_text_teaser_right_link":""},"image_image_text_icon_right":"","image_image_text_icon_bg_right":"martel-rot","image_image_text_offset":true,"image_image_text_bgcolor":false},{"acf_fc_layout":"einspalter_text","einspalter_text_titel":"","einspalter_text_titel_typ":"2","einspalter_text_titel_fake":false,"einspalter_text_subtitle":"","einspalter_text_content":"<a class=\"btn btn-primary\" href=\"https:\/\/www.martel.ch\/winzer\/italien\/piemont\/barbaresco\/negro-angelo-figli\/\" target=\"_blank\" rel=\"noopener\">Weingut Negro<\/a>","einspalter_bgcolor":false,"einspalter_layout_lines_top_bottom":false,"einspalter_collapse":false},{"acf_fc_layout":"image_image_text","image_image_text_titel_left":"Barolo, oho! ","image_image_text_titel_typ_left":"2","image_image_text_titel_fake_left":false,"image_image_text_link_left":"","image_image_text_link_left_area":false,"image_image_text_bild_left":26661,"image_image_text_content_left":"Weiter geht\u2019s ins klassische Barologebiet. Die Cantina <strong>Marcarini<\/strong> liegt im Zentrum von La Morra, einem h\u00fcbschen Weindorf in Sichtweite von Barolo. Von der kleinen Weinhandlung direkt an der belebten Gasse zum Aussichtspunkt des Dorfes f\u00fchrt eine Treppe in die Betriebsr\u00e4ume und den Weinkeller. Hier atmet alles Geschichte \u2013 und doch sp\u00fcrt man den frischen Wind, der durch die alten Mauern weht.","image_image_text_video_left":"","image_image_text_teaser_left":{"image_image_text_teaser_left_titel":"","image_image_text_teaser_left_titel_typ":"2","image_image_text_teaser_left_titel_fake":false,"image_image_text_teaser_left_link":""},"image_image_text_icon_left":"","image_image_text_icon_bg_left":"martel-rot","image_image_text_titel_right":"","image_image_text_titel_typ_right":"2","image_image_text_titel_fake_right":false,"image_image_text_link_right":"","image_image_text_link_right_area":false,"image_image_text_bild_right":26658,"image_image_text_content_right":"Das Weingut befindet sich mitten im \u00dcbergang von der 5. zur 6. Generation. Manuel Marchetti \u00fcbergibt das Zepter mittelfristig an den Sohn Andrea und die T\u00f6chter Chiara und Elisa. Grosse Investitionen sind geplant. Ein neuer Keller soll mehr Platz bieten und die Abl\u00e4ufe vereinfachen. Am traditionellen Stil der Weine will man festhalten. Gut so! Wir lieben die Marcarini-Weine so, wie sie sind. Der Stil tendiert in burgundische Richtung. Lange G\u00e4rzeit und klassischer Ausbau im grossen Eichenfass sorgen f\u00fcr milde Tannine und ein eher helles Granatrot. Marcarinis Brunate ist ein rares Barolo-Urgestein und enorm lagerf\u00e4hig.","image_image_text_video_right":"","image_image_text_teaser_right":{"image_image_text_teaser_right_titel":"","image_image_text_teaser_right_titel_typ":"2","image_image_text_teaser_right_titel_fake":false,"image_image_text_teaser_right_link":""},"image_image_text_icon_right":"","image_image_text_icon_bg_right":"martel-rot","image_image_text_offset":true,"image_image_text_bgcolor":true},{"acf_fc_layout":"einspalter_text","einspalter_text_titel":"","einspalter_text_titel_typ":"2","einspalter_text_titel_fake":false,"einspalter_text_subtitle":"","einspalter_text_content":"<a class=\"btn btn-primary\" href=\"https:\/\/www.martel.ch\/winzer\/italien\/piemont\/langhe\/poderi-marcarini\/\" target=\"_blank\" rel=\"noopener\">Poderi Marcarini<\/a>","einspalter_bgcolor":true,"einspalter_layout_lines_top_bottom":false,"einspalter_collapse":false},{"acf_fc_layout":"einspalter_text","einspalter_text_titel":"Vorteilhafte Klimaerw\u00e4rmung im Piemont","einspalter_text_titel_typ":"2","einspalter_text_titel_fake":false,"einspalter_text_subtitle":"","einspalter_text_content":"Die h\u00f6heren Temperaturen im Piemont lassen die Trauben besser reifen. Davon profitiert vor allem der Nebbiolo, die Hauptsorte im Barolo-Gebiet. Perfekt reife Tannine machen den Nebbiolo fr\u00fcher zug\u00e4nglich, ohne dass er an Eleganz und Struktur verliert. Heute m\u00fcssen die Winzer bei der Weinbereitung weniger extrahieren, also \u00abmit Gewalt arbeiten\u00bb, um erstklassige Ergebnisse zu erzielen. In vielen anderen Betrieben ist die Maischestandzeit k\u00fcrzer als fr\u00fcher und die G\u00e4rung erfolgt bei k\u00fchleren Temperaturen. Die schonende Behandlung wirkt sich positiv auf die Qualit\u00e4t der Weine aus. Der Nebbiolo hat nach wie vor viel sortentypisches Tannin, das wahrnehmbar bleibt und f\u00fcr ein hohes Reifepotenzial sorgt.","einspalter_bgcolor":false,"einspalter_layout_lines_top_bottom":true,"einspalter_collapse":false},{"acf_fc_layout":"image_image_text","image_image_text_titel_left":"Ein seltenes Ereignis \u2013 ein neuer Barolo! ","image_image_text_titel_typ_left":"2","image_image_text_titel_fake_left":false,"image_image_text_link_left":"","image_image_text_link_left_area":false,"image_image_text_bild_left":26685,"image_image_text_content_left":"Mit<strong> Oddero<\/strong> f\u00fchren wir einen weiteren piemontesischen Spitzenbetrieb im Sortiment. Einzigartig ist Odderos umfangreiches Lagenportfolio, das sich \u00fcber das gesamte Barolo-Gebiet und dar\u00fcber hinaus erstreckt \u2013 bis ins s\u00fcdliche Monferrato, wo die Familie Oddero einen erstklassigen Barbera Nizza produziert.","image_image_text_video_left":"","image_image_text_teaser_left":{"image_image_text_teaser_left_titel":"","image_image_text_teaser_left_titel_typ":"2","image_image_text_teaser_left_titel_fake":false,"image_image_text_teaser_left_link":""},"image_image_text_icon_left":"","image_image_text_icon_bg_left":"martel-rot","image_image_text_titel_right":"","image_image_text_titel_typ_right":"2","image_image_text_titel_fake_right":false,"image_image_text_link_right":"","image_image_text_link_right_area":false,"image_image_text_bild_right":26688,"image_image_text_content_right":"Isabella Oddero und ihr Cousin Pietro sind als n\u00e4chste Generation bereits stark im Betrieb in La Morra engagiert und zeigen schon jetzt Mut zu Neuem. Seit 2018 produziert der Betrieb biologisch, ohne jedoch biozertifiziert zu sein.\r\n\r\nBei unserem Besuch auf dem grossz\u00fcgigen und geschmackvollen Weingut erleben wir eine der seltenen Barolo-Premieren. Oddero hat einen neuen Barolo im Programm: \u00abMonvigliero\u00bb heisst der Spitzenwein. Er stammt von alten Reben aus dem Dorf Verduno.\u00a0 Der Wein ist eine eigenst\u00e4ndige Pers\u00f6nlichkeit im klassischen Barolo-Stil. Oddero produziert nur 2'300 Flaschen und 100 Magnums. Einige davon sind zuf\u00e4lligerweise bei Martel erh\u00e4ltlich.","image_image_text_video_right":"","image_image_text_teaser_right":{"image_image_text_teaser_right_titel":"","image_image_text_teaser_right_titel_typ":"2","image_image_text_teaser_right_titel_fake":false,"image_image_text_teaser_right_link":""},"image_image_text_icon_right":"","image_image_text_icon_bg_right":"martel-rot","image_image_text_offset":true,"image_image_text_bgcolor":true},{"acf_fc_layout":"einspalter_text","einspalter_text_titel":"","einspalter_text_titel_typ":"2","einspalter_text_titel_fake":false,"einspalter_text_subtitle":"","einspalter_text_content":"<a class=\"btn btn-primary\" href=\"https:\/\/www.martel.ch\/winzer\/italien\/piemont\/langhe\/oddero-poderi-e-cantine\/\" target=\"_blank\" rel=\"noopener\">Winzerportrait Oddero<\/a>","einspalter_bgcolor":true,"einspalter_layout_lines_top_bottom":false,"einspalter_collapse":false},{"acf_fc_layout":"image_image_text","image_image_text_titel_left":"Wiederentdeckung Nascetta","image_image_text_titel_typ_left":"2","image_image_text_titel_fake_left":false,"image_image_text_link_left":"","image_image_text_link_left_area":false,"image_image_text_bild_left":26646,"image_image_text_content_left":"Der renommierte Barolo-Produzent <strong>Elvio Cogno <\/strong>gilt als Beispiel einer modernen Kellerei, in denen Nebbiolo im traditionellen Stil entstehen. Hier ist der Empfang ungezwungen. Man kennt sich. Cogno und Martel arbeiten bereits seit 50 Jahren (!) zusammen. Auf dem Weingut gilt pr\u00e4zise und saubere Arbeit als Grundlage f\u00fcr klare, pure Weine. Im Keller ist alles perfekt organisiert und extrem sauber. Die Azienda kann auch Weisswein. Spannend ist die autochthone weisse Traubensorte Nascetta, die wiederentdeckt wurde und von Cogno erst seit wenigen Jahren gepflegt wird. Ein frischer Wein mit einer gewissen \u00c4hnlichkeit zum Riesling. Wir sind begeistert.","image_image_text_video_left":"","image_image_text_teaser_left":{"image_image_text_teaser_left_titel":"","image_image_text_teaser_left_titel_typ":"2","image_image_text_teaser_left_titel_fake":false,"image_image_text_teaser_left_link":""},"image_image_text_icon_left":"","image_image_text_icon_bg_left":"martel-rot","image_image_text_titel_right":"","image_image_text_titel_typ_right":"2","image_image_text_titel_fake_right":false,"image_image_text_link_right":"","image_image_text_link_right_area":false,"image_image_text_bild_right":26714,"image_image_text_content_right":"Der mit Abstand wichtigste Wein bei Cogno bleibt jedoch Barolo. Cogno produziert an besten Lagen im Piemont besonders elegante, finessenreiche und t\u00e4nzerische Weine, die uns ber\u00fchren. Der Barolo von der historischen Lage Ravera ist ihr wichtigster Wein. Mit dem nur 2 ha grossen Rebberg Bricco Pernice konnte sich Valter eine der besten Lagen in Novello sichern. Vigna Elena ist eine 1ha grosse Lage im Ravera Rebberg die mit dem Nebbiolo Klon Rose bepflanzt ist. Der Wein ist Elena Cogno gewidmet, der Tochter der heutigen Weingutsbesitzer Nadia Cogno und Valter Vissore. Elena und ihr Ehemann sind im Betrieb engagiert und wollen diesen sp\u00e4ter einmal im \u00e4hnlichen Stil und mit frischen Ideen weiterf\u00fchren. Das freut uns. Martel und das Piemont: Die gemeinsame Reise geht weiter.","image_image_text_video_right":"","image_image_text_teaser_right":{"image_image_text_teaser_right_titel":"","image_image_text_teaser_right_titel_typ":"2","image_image_text_teaser_right_titel_fake":false,"image_image_text_teaser_right_link":""},"image_image_text_icon_right":"","image_image_text_icon_bg_right":"martel-rot","image_image_text_offset":true,"image_image_text_bgcolor":false},{"acf_fc_layout":"image_image_text","image_image_text_titel_left":"","image_image_text_titel_typ_left":"2","image_image_text_titel_fake_left":false,"image_image_text_link_left":"","image_image_text_link_left_area":false,"image_image_text_bild_left":"","image_image_text_content_left":"<a class=\"btn btn-primary\" href=\"https:\/\/www.martel.ch\/winzer\/italien\/piemont\/langhe\/elvio-cogno\/\" target=\"_blank\" rel=\"noopener\">Mehr zu Elvio Cogno<\/a>\r\n\r\n&nbsp;\r\n\r\n<a class=\"btn btn-arrow\" href=\"https:\/\/www.martel.ch\/cms\/weinwissen\/unser-piemont\/\">Martel Piemont-Welt<\/a>","image_image_text_video_left":"","image_image_text_teaser_left":{"image_image_text_teaser_left_titel":"","image_image_text_teaser_left_titel_typ":"2","image_image_text_teaser_left_titel_fake":false,"image_image_text_teaser_left_link":""},"image_image_text_icon_left":"","image_image_text_icon_bg_left":"martel-rot","image_image_text_titel_right":"","image_image_text_titel_typ_right":"2","image_image_text_titel_fake_right":false,"image_image_text_link_right":"","image_image_text_link_right_area":false,"image_image_text_bild_right":"","image_image_text_content_right":"","image_image_text_video_right":"","image_image_text_teaser_right":{"image_image_text_teaser_right_titel":"","image_image_text_teaser_right_titel_typ":"2","image_image_text_teaser_right_titel_fake":false,"image_image_text_teaser_right_link":""},"image_image_text_icon_right":"","image_image_text_icon_bg_right":"martel-rot","image_image_text_offset":false,"image_image_text_bgcolor":false}]},"yoast_head":"<!-- This site is optimized with the Yoast SEO plugin v27.5 - https:\/\/yoast.com\/product\/yoast-seo-wordpress\/ -->\n<title>Willkommen im Piemont! |<\/title>\n<meta name=\"description\" content=\"Hallo Piemont, wir kommen! Das Martel-Team war in der Weinregion Piemont unterwegs und ist mit vielen Eindr\u00fccken zur\u00fcckgekehrt.\" \/>\n<meta name=\"robots\" content=\"index, follow, max-snippet:-1, max-image-preview:large, max-video-preview:-1\" \/>\n<link rel=\"canonical\" href=\"https:\/\/www.martel.ch\/cms\/weinwissen\/weinmagazin\/unterwegs-im-rebberg\/willkommen-im-piemont\/\" \/>\n<meta property=\"og:locale\" content=\"de_DE\" \/>\n<meta property=\"og:type\" content=\"article\" \/>\n<meta property=\"og:title\" content=\"Willkommen im Piemont! |\" \/>\n<meta property=\"og:description\" content=\"Hallo Piemont, wir kommen! Das Martel-Team war in der Weinregion Piemont unterwegs und ist mit vielen Eindr\u00fccken zur\u00fcckgekehrt.\" \/>\n<meta property=\"og:url\" content=\"https:\/\/www.martel.ch\/cms\/weinwissen\/weinmagazin\/unterwegs-im-rebberg\/willkommen-im-piemont\/\" \/>\n<meta property=\"og:site_name\" content=\"Martel\" \/>\n<meta property=\"article:publisher\" content=\"https:\/\/www.facebook.com\/pages\/Martel-AG-St-Gallen\/233396026691876\" \/>\n<meta property=\"article:published_time\" content=\"2024-10-29T07:06:34+00:00\" \/>\n<meta property=\"article:modified_time\" content=\"2025-06-19T07:44:06+00:00\" \/>\n<meta property=\"og:image\" content=\"https:\/\/www.martel.ch\/cms\/wp-content\/uploads\/2024\/10\/martel-piemont-cogno-4.jpg\" \/>\n\t<meta property=\"og:image:width\" content=\"2000\" \/>\n\t<meta property=\"og:image:height\" content=\"1333\" \/>\n\t<meta property=\"og:image:type\" content=\"image\/jpeg\" \/>\n<meta name=\"author\" content=\"Christine Schmidhauser\" \/>\n<meta name=\"twitter:card\" content=\"summary_large_image\" \/>\n<meta name=\"twitter:creator\" content=\"@martel_weinwelt\" \/>\n<meta name=\"twitter:site\" content=\"@martel_weinwelt\" \/>\n<meta name=\"twitter:label1\" content=\"Geschrieben von\" \/>\n\t<meta name=\"twitter:data1\" content=\"Christine Schmidhauser\" \/>\n\t<meta name=\"twitter:label2\" content=\"Gesch\u00e4tzte Lesezeit\" \/>\n\t<meta name=\"twitter:data2\" content=\"1\u00a0Minute\" \/>\n\t<meta name=\"twitter:label3\" content=\"Written by\" \/>\n\t<meta name=\"twitter:data3\" content=\"Christine Schmidhauser\" \/>\n<script type=\"application\/ld+json\" class=\"yoast-schema-graph\">{\"@context\":\"https:\\\/\\\/schema.org\",\"@graph\":[{\"@type\":\"Article\",\"@id\":\"https:\\\/\\\/www.martel.ch\\\/cms\\\/weinwissen\\\/weinmagazin\\\/unterwegs-im-rebberg\\\/willkommen-im-piemont\\\/#article\",\"isPartOf\":{\"@id\":\"https:\\\/\\\/www.martel.ch\\\/cms\\\/weinwissen\\\/weinmagazin\\\/unterwegs-im-rebberg\\\/willkommen-im-piemont\\\/\"},\"author\":{\"name\":\"Christine Schmidhauser\",\"@id\":\"https:\\\/\\\/www.martel.ch\\\/cms\\\/#\\\/schema\\\/person\\\/75ae58bf0401bdd788662226a5c7a44e\"},\"headline\":\"Willkommen im Piemont!\",\"datePublished\":\"2024-10-29T07:06:34+00:00\",\"dateModified\":\"2025-06-19T07:44:06+00:00\",\"mainEntityOfPage\":{\"@id\":\"https:\\\/\\\/www.martel.ch\\\/cms\\\/weinwissen\\\/weinmagazin\\\/unterwegs-im-rebberg\\\/willkommen-im-piemont\\\/\"},\"wordCount\":46,\"publisher\":{\"@id\":\"https:\\\/\\\/www.martel.ch\\\/cms\\\/#organization\"},\"image\":{\"@id\":\"https:\\\/\\\/www.martel.ch\\\/cms\\\/weinwissen\\\/weinmagazin\\\/unterwegs-im-rebberg\\\/willkommen-im-piemont\\\/#primaryimage\"},\"thumbnailUrl\":\"https:\\\/\\\/www.martel.ch\\\/cms\\\/wp-content\\\/uploads\\\/2024\\\/10\\\/martel-piemont-cogno-4.jpg\",\"articleSection\":[\"Unterwegs im Rebberg\"],\"inLanguage\":\"de-CH\"},{\"@type\":\"WebPage\",\"@id\":\"https:\\\/\\\/www.martel.ch\\\/cms\\\/weinwissen\\\/weinmagazin\\\/unterwegs-im-rebberg\\\/willkommen-im-piemont\\\/\",\"url\":\"https:\\\/\\\/www.martel.ch\\\/cms\\\/weinwissen\\\/weinmagazin\\\/unterwegs-im-rebberg\\\/willkommen-im-piemont\\\/\",\"name\":\"Willkommen im Piemont! |\",\"isPartOf\":{\"@id\":\"https:\\\/\\\/www.martel.ch\\\/cms\\\/#website\"},\"primaryImageOfPage\":{\"@id\":\"https:\\\/\\\/www.martel.ch\\\/cms\\\/weinwissen\\\/weinmagazin\\\/unterwegs-im-rebberg\\\/willkommen-im-piemont\\\/#primaryimage\"},\"image\":{\"@id\":\"https:\\\/\\\/www.martel.ch\\\/cms\\\/weinwissen\\\/weinmagazin\\\/unterwegs-im-rebberg\\\/willkommen-im-piemont\\\/#primaryimage\"},\"thumbnailUrl\":\"https:\\\/\\\/www.martel.ch\\\/cms\\\/wp-content\\\/uploads\\\/2024\\\/10\\\/martel-piemont-cogno-4.jpg\",\"datePublished\":\"2024-10-29T07:06:34+00:00\",\"dateModified\":\"2025-06-19T07:44:06+00:00\",\"description\":\"Hallo Piemont, wir kommen! Das Martel-Team war in der Weinregion Piemont unterwegs und ist mit vielen Eindr\u00fccken zur\u00fcckgekehrt.\",\"breadcrumb\":{\"@id\":\"https:\\\/\\\/www.martel.ch\\\/cms\\\/weinwissen\\\/weinmagazin\\\/unterwegs-im-rebberg\\\/willkommen-im-piemont\\\/#breadcrumb\"},\"inLanguage\":\"de-CH\",\"potentialAction\":[{\"@type\":\"ReadAction\",\"target\":[\"https:\\\/\\\/www.martel.ch\\\/cms\\\/weinwissen\\\/weinmagazin\\\/unterwegs-im-rebberg\\\/willkommen-im-piemont\\\/\"]}]},{\"@type\":\"ImageObject\",\"inLanguage\":\"de-CH\",\"@id\":\"https:\\\/\\\/www.martel.ch\\\/cms\\\/weinwissen\\\/weinmagazin\\\/unterwegs-im-rebberg\\\/willkommen-im-piemont\\\/#primaryimage\",\"url\":\"https:\\\/\\\/www.martel.ch\\\/cms\\\/wp-content\\\/uploads\\\/2024\\\/10\\\/martel-piemont-cogno-4.jpg\",\"contentUrl\":\"https:\\\/\\\/www.martel.ch\\\/cms\\\/wp-content\\\/uploads\\\/2024\\\/10\\\/martel-piemont-cogno-4.jpg\",\"width\":2000,\"height\":1333,\"caption\":\"Martel Team zu Besuch bei Cogno\"},{\"@type\":\"BreadcrumbList\",\"@id\":\"https:\\\/\\\/www.martel.ch\\\/cms\\\/weinwissen\\\/weinmagazin\\\/unterwegs-im-rebberg\\\/willkommen-im-piemont\\\/#breadcrumb\",\"itemListElement\":[{\"@type\":\"ListItem\",\"position\":1,\"name\":\"Startseite\",\"item\":\"https:\\\/\\\/www.martel.ch\\\/cms\\\/\"},{\"@type\":\"ListItem\",\"position\":2,\"name\":\"Willkommen im Piemont!\"}]},{\"@type\":\"WebSite\",\"@id\":\"https:\\\/\\\/www.martel.ch\\\/cms\\\/#website\",\"url\":\"https:\\\/\\\/www.martel.ch\\\/cms\\\/\",\"name\":\"Martel\",\"description\":\"F\u00fcr Weinbegeisterte und die, die es werden m\u00f6chten.\",\"publisher\":{\"@id\":\"https:\\\/\\\/www.martel.ch\\\/cms\\\/#organization\"},\"potentialAction\":[{\"@type\":\"SearchAction\",\"target\":{\"@type\":\"EntryPoint\",\"urlTemplate\":\"https:\\\/\\\/www.martel.ch\\\/cms\\\/?s={search_term_string}\"},\"query-input\":{\"@type\":\"PropertyValueSpecification\",\"valueRequired\":true,\"valueName\":\"search_term_string\"}}],\"inLanguage\":\"de-CH\"},{\"@type\":\"Organization\",\"@id\":\"https:\\\/\\\/www.martel.ch\\\/cms\\\/#organization\",\"name\":\"Martel AG St.Gallen\",\"url\":\"https:\\\/\\\/www.martel.ch\\\/cms\\\/\",\"logo\":{\"@type\":\"ImageObject\",\"inLanguage\":\"de-CH\",\"@id\":\"https:\\\/\\\/www.martel.ch\\\/cms\\\/#\\\/schema\\\/logo\\\/image\\\/\",\"url\":\"https:\\\/\\\/www.martel.ch\\\/cms\\\/wp-content\\\/uploads\\\/2019\\\/02\\\/martel-logo.png\",\"contentUrl\":\"https:\\\/\\\/www.martel.ch\\\/cms\\\/wp-content\\\/uploads\\\/2019\\\/02\\\/martel-logo.png\",\"width\":600,\"height\":600,\"caption\":\"Martel AG St.Gallen\"},\"image\":{\"@id\":\"https:\\\/\\\/www.martel.ch\\\/cms\\\/#\\\/schema\\\/logo\\\/image\\\/\"},\"sameAs\":[\"https:\\\/\\\/www.facebook.com\\\/pages\\\/Martel-AG-St-Gallen\\\/233396026691876\",\"https:\\\/\\\/x.com\\\/martel_weinwelt\",\"https:\\\/\\\/www.instagram.com\\\/martel_weinwelt\\\/\",\"https:\\\/\\\/www.linkedin.com\\\/company\\\/martel-ag-st-gallen\",\"https:\\\/\\\/www.pinterest.ch\\\/martel_weinwelt\"]},{\"@type\":\"Person\",\"@id\":\"https:\\\/\\\/www.martel.ch\\\/cms\\\/#\\\/schema\\\/person\\\/75ae58bf0401bdd788662226a5c7a44e\",\"name\":\"Christine Schmidhauser\",\"image\":{\"@type\":\"ImageObject\",\"inLanguage\":\"de-CH\",\"@id\":\"https:\\\/\\\/secure.gravatar.com\\\/avatar\\\/e9525b6da2f5c910040e0765dd1fc97501b5ffdb1b95a4cbe344eabae1d43450?s=96&d=mm&r=gd8a7746e5e898d1ab05c0ce6bbf3d9f2\",\"url\":\"https:\\\/\\\/secure.gravatar.com\\\/avatar\\\/e9525b6da2f5c910040e0765dd1fc97501b5ffdb1b95a4cbe344eabae1d43450?s=96&d=mm&r=g\",\"contentUrl\":\"https:\\\/\\\/secure.gravatar.com\\\/avatar\\\/e9525b6da2f5c910040e0765dd1fc97501b5ffdb1b95a4cbe344eabae1d43450?s=96&d=mm&r=g\",\"caption\":\"Christine Schmidhauser\"}}]}<\/script>\n<!-- \/ Yoast SEO plugin. -->","yoast_head_json":{"title":"Willkommen im Piemont! |","description":"Hallo Piemont, wir kommen! Das Martel-Team war in der Weinregion Piemont unterwegs und ist mit vielen Eindr\u00fccken zur\u00fcckgekehrt.","robots":{"index":"index","follow":"follow","max-snippet":"max-snippet:-1","max-image-preview":"max-image-preview:large","max-video-preview":"max-video-preview:-1"},"canonical":"https:\/\/www.martel.ch\/cms\/weinwissen\/weinmagazin\/unterwegs-im-rebberg\/willkommen-im-piemont\/","og_locale":"de_DE","og_type":"article","og_title":"Willkommen im Piemont! |","og_description":"Hallo Piemont, wir kommen! Das Martel-Team war in der Weinregion Piemont unterwegs und ist mit vielen Eindr\u00fccken zur\u00fcckgekehrt.","og_url":"https:\/\/www.martel.ch\/cms\/weinwissen\/weinmagazin\/unterwegs-im-rebberg\/willkommen-im-piemont\/","og_site_name":"Martel","article_publisher":"https:\/\/www.facebook.com\/pages\/Martel-AG-St-Gallen\/233396026691876","article_published_time":"2024-10-29T07:06:34+00:00","article_modified_time":"2025-06-19T07:44:06+00:00","og_image":[{"width":2000,"height":1333,"url":"https:\/\/www.martel.ch\/cms\/wp-content\/uploads\/2024\/10\/martel-piemont-cogno-4.jpg","type":"image\/jpeg"}],"author":"Christine Schmidhauser","twitter_card":"summary_large_image","twitter_creator":"@martel_weinwelt","twitter_site":"@martel_weinwelt","twitter_misc":{"Geschrieben von":"Christine Schmidhauser","Gesch\u00e4tzte Lesezeit":"1\u00a0Minute","Written by":"Christine Schmidhauser"},"schema":{"@context":"https:\/\/schema.org","@graph":[{"@type":"Article","@id":"https:\/\/www.martel.ch\/cms\/weinwissen\/weinmagazin\/unterwegs-im-rebberg\/willkommen-im-piemont\/#article","isPartOf":{"@id":"https:\/\/www.martel.ch\/cms\/weinwissen\/weinmagazin\/unterwegs-im-rebberg\/willkommen-im-piemont\/"},"author":{"name":"Christine Schmidhauser","@id":"https:\/\/www.martel.ch\/cms\/#\/schema\/person\/75ae58bf0401bdd788662226a5c7a44e"},"headline":"Willkommen im Piemont!","datePublished":"2024-10-29T07:06:34+00:00","dateModified":"2025-06-19T07:44:06+00:00","mainEntityOfPage":{"@id":"https:\/\/www.martel.ch\/cms\/weinwissen\/weinmagazin\/unterwegs-im-rebberg\/willkommen-im-piemont\/"},"wordCount":46,"publisher":{"@id":"https:\/\/www.martel.ch\/cms\/#organization"},"image":{"@id":"https:\/\/www.martel.ch\/cms\/weinwissen\/weinmagazin\/unterwegs-im-rebberg\/willkommen-im-piemont\/#primaryimage"},"thumbnailUrl":"https:\/\/www.martel.ch\/cms\/wp-content\/uploads\/2024\/10\/martel-piemont-cogno-4.jpg","articleSection":["Unterwegs im Rebberg"],"inLanguage":"de-CH"},{"@type":"WebPage","@id":"https:\/\/www.martel.ch\/cms\/weinwissen\/weinmagazin\/unterwegs-im-rebberg\/willkommen-im-piemont\/","url":"https:\/\/www.martel.ch\/cms\/weinwissen\/weinmagazin\/unterwegs-im-rebberg\/willkommen-im-piemont\/","name":"Willkommen im Piemont! |","isPartOf":{"@id":"https:\/\/www.martel.ch\/cms\/#website"},"primaryImageOfPage":{"@id":"https:\/\/www.martel.ch\/cms\/weinwissen\/weinmagazin\/unterwegs-im-rebberg\/willkommen-im-piemont\/#primaryimage"},"image":{"@id":"https:\/\/www.martel.ch\/cms\/weinwissen\/weinmagazin\/unterwegs-im-rebberg\/willkommen-im-piemont\/#primaryimage"},"thumbnailUrl":"https:\/\/www.martel.ch\/cms\/wp-content\/uploads\/2024\/10\/martel-piemont-cogno-4.jpg","datePublished":"2024-10-29T07:06:34+00:00","dateModified":"2025-06-19T07:44:06+00:00","description":"Hallo Piemont, wir kommen! Das Martel-Team war in der Weinregion Piemont unterwegs und ist mit vielen Eindr\u00fccken zur\u00fcckgekehrt.","breadcrumb":{"@id":"https:\/\/www.martel.ch\/cms\/weinwissen\/weinmagazin\/unterwegs-im-rebberg\/willkommen-im-piemont\/#breadcrumb"},"inLanguage":"de-CH","potentialAction":[{"@type":"ReadAction","target":["https:\/\/www.martel.ch\/cms\/weinwissen\/weinmagazin\/unterwegs-im-rebberg\/willkommen-im-piemont\/"]}]},{"@type":"ImageObject","inLanguage":"de-CH","@id":"https:\/\/www.martel.ch\/cms\/weinwissen\/weinmagazin\/unterwegs-im-rebberg\/willkommen-im-piemont\/#primaryimage","url":"https:\/\/www.martel.ch\/cms\/wp-content\/uploads\/2024\/10\/martel-piemont-cogno-4.jpg","contentUrl":"https:\/\/www.martel.ch\/cms\/wp-content\/uploads\/2024\/10\/martel-piemont-cogno-4.jpg","width":2000,"height":1333,"caption":"Martel Team zu Besuch bei Cogno"},{"@type":"BreadcrumbList","@id":"https:\/\/www.martel.ch\/cms\/weinwissen\/weinmagazin\/unterwegs-im-rebberg\/willkommen-im-piemont\/#breadcrumb","itemListElement":[{"@type":"ListItem","position":1,"name":"Startseite","item":"https:\/\/www.martel.ch\/cms\/"},{"@type":"ListItem","position":2,"name":"Willkommen im Piemont!"}]},{"@type":"WebSite","@id":"https:\/\/www.martel.ch\/cms\/#website","url":"https:\/\/www.martel.ch\/cms\/","name":"Martel","description":"F\u00fcr Weinbegeisterte und die, die es werden m\u00f6chten.","publisher":{"@id":"https:\/\/www.martel.ch\/cms\/#organization"},"potentialAction":[{"@type":"SearchAction","target":{"@type":"EntryPoint","urlTemplate":"https:\/\/www.martel.ch\/cms\/?s={search_term_string}"},"query-input":{"@type":"PropertyValueSpecification","valueRequired":true,"valueName":"search_term_string"}}],"inLanguage":"de-CH"},{"@type":"Organization","@id":"https:\/\/www.martel.ch\/cms\/#organization","name":"Martel AG St.Gallen","url":"https:\/\/www.martel.ch\/cms\/","logo":{"@type":"ImageObject","inLanguage":"de-CH","@id":"https:\/\/www.martel.ch\/cms\/#\/schema\/logo\/image\/","url":"https:\/\/www.martel.ch\/cms\/wp-content\/uploads\/2019\/02\/martel-logo.png","contentUrl":"https:\/\/www.martel.ch\/cms\/wp-content\/uploads\/2019\/02\/martel-logo.png","width":600,"height":600,"caption":"Martel AG St.Gallen"},"image":{"@id":"https:\/\/www.martel.ch\/cms\/#\/schema\/logo\/image\/"},"sameAs":["https:\/\/www.facebook.com\/pages\/Martel-AG-St-Gallen\/233396026691876","https:\/\/x.com\/martel_weinwelt","https:\/\/www.instagram.com\/martel_weinwelt\/","https:\/\/www.linkedin.com\/company\/martel-ag-st-gallen","https:\/\/www.pinterest.ch\/martel_weinwelt"]},{"@type":"Person","@id":"https:\/\/www.martel.ch\/cms\/#\/schema\/person\/75ae58bf0401bdd788662226a5c7a44e","name":"Christine Schmidhauser","image":{"@type":"ImageObject","inLanguage":"de-CH","@id":"https:\/\/secure.gravatar.com\/avatar\/e9525b6da2f5c910040e0765dd1fc97501b5ffdb1b95a4cbe344eabae1d43450?s=96&d=mm&r=gd8a7746e5e898d1ab05c0ce6bbf3d9f2","url":"https:\/\/secure.gravatar.com\/avatar\/e9525b6da2f5c910040e0765dd1fc97501b5ffdb1b95a4cbe344eabae1d43450?s=96&d=mm&r=g","contentUrl":"https:\/\/secure.gravatar.com\/avatar\/e9525b6da2f5c910040e0765dd1fc97501b5ffdb1b95a4cbe344eabae1d43450?s=96&d=mm&r=g","caption":"Christine Schmidhauser"}}]}},"_links":{"self":[{"href":"https:\/\/www.martel.ch\/cms\/wp-json\/wp\/v2\/posts\/26691","targetHints":{"allow":["GET"]}}],"collection":[{"href":"https:\/\/www.martel.ch\/cms\/wp-json\/wp\/v2\/posts"}],"about":[{"href":"https:\/\/www.martel.ch\/cms\/wp-json\/wp\/v2\/types\/post"}],"author":[{"embeddable":true,"href":"https:\/\/www.martel.ch\/cms\/wp-json\/wp\/v2\/users\/9"}],"replies":[{"embeddable":true,"href":"https:\/\/www.martel.ch\/cms\/wp-json\/wp\/v2\/comments?post=26691"}],"version-history":[{"count":10,"href":"https:\/\/www.martel.ch\/cms\/wp-json\/wp\/v2\/posts\/26691\/revisions"}],"predecessor-version":[{"id":30234,"href":"https:\/\/www.martel.ch\/cms\/wp-json\/wp\/v2\/posts\/26691\/revisions\/30234"}],"wp:featuredmedia":[{"embeddable":true,"href":"https:\/\/www.martel.ch\/cms\/wp-json\/wp\/v2\/media\/26655"}],"wp:attachment":[{"href":"https:\/\/www.martel.ch\/cms\/wp-json\/wp\/v2\/media?parent=26691"}],"wp:term":[{"taxonomy":"category","embeddable":true,"href":"https:\/\/www.martel.ch\/cms\/wp-json\/wp\/v2\/categories?post=26691"},{"taxonomy":"post_tag","embeddable":true,"href":"https:\/\/www.martel.ch\/cms\/wp-json\/wp\/v2\/tags?post=26691"},{"taxonomy":"author","embeddable":true,"href":"https:\/\/www.martel.ch\/cms\/wp-json\/wp\/v2\/coauthors?post=26691"}],"curies":[{"name":"wp","href":"https:\/\/api.w.org\/{rel}","templated":true}]}}