{"id":634,"date":"2017-11-23T12:07:38","date_gmt":"2017-11-23T11:07:38","guid":{"rendered":"\/cms\/?p=634"},"modified":"2022-08-24T15:00:46","modified_gmt":"2022-08-24T13:00:46","slug":"die-kreidekeller-der-champagne","status":"publish","type":"post","link":"https:\/\/www.martel.ch\/cms\/weinwissen\/weinmagazin\/martel-schenkt-ein\/die-kreidekeller-der-champagne\/","title":{"rendered":"Die Kreidekeller der Champagne"},"content":{"rendered":"\n<p>Das kleine aber weltber\u00fchmte Anbaugebiet der Champagne liegt s\u00fcd\u00f6stlich von Paris. Zur Zeit der R\u00f6mer lebten hier keltische Belger. Diese bauten die Siedlung Dorocorter, runde Burg. Heute ist Reims eine wundersch\u00f6ne Schaumwein-Stadt mit eleganten Gesch\u00e4ften und h\u00fcbschen Bistros. Die uralten und beeindruckenden Bauten im Herzen von Reims geh\u00f6ren inzwischen zum Weltkulturerbe der UNESCO.<\/p>\n\n\n\n<p>Damit eine solche Stadt entstehen kann, brauchte es viel Baumaterial. Dieses fand sich vor \u00fcber 2\u2018000 Jahren direkt vor Ort in den weichen Kreidesteinb\u00f6den. Diese B\u00f6den wurden im wahrsten Sinne des Wortes in eine Art Appenzeller K\u00e4se verwandelt. Tausende Tagel\u00f6hner schufteten im Kreideabbau das wertvolle Baumaterial ab. Zur\u00fcck blieb ein riesiges<br>Netzwerk an Grotten, Hohlr\u00e4umen und langen unterirdischen G\u00e4ngen durch das Kreidegestein. Diese Gew\u00f6lbe-Unterwelt geriet, wie der Weinbau \u00fcbrigens auch, nach dem Abzug der R\u00f6mer in Vergessenheit. Die Grotten wurden von Spinnen und Flederm\u00e4usen besiedelt und blieben w\u00e4hrend Jahrhunderten ungenutzt bis im Mittelalter die Benediktiner den Weinbau neu entdeckten und aus Zufall zum Schaumwein fanden. Das klassische Champagner-Verfahren entstand.<\/p>\n\n\n\n<p>Da es dazumal noch keine Klimaanlagen gab, erinnerten sich die M\u00f6nche der vor vielen Jahrhunderten erstellten Grotten und Stollen im Untergrund. Die Flederm\u00e4use wurden verscheucht und die nat\u00fcrlich k\u00fchlen R\u00e4ume als Weinkeller genutzt.<\/p>\n\n\n\n<p>Die geheimnisvollen Keller entstanden wegen ben\u00f6tigtem Aushubmaterial f\u00fcr den Bau des Ortes und waren lange vor dem Schaumwein da. Sie pr\u00e4gen den Mythos Champagner seit Jahrhunderten. Der Ur-Vater der \u201em\u00e9thode champenoise\u201c Dom Pierre P\u00e9rignon meinte einst: \u201eIch trinke Sterne.\u201c Sterne aus jahrtausendalten Kreidekellern. Und was trinken Sie morgen?<\/p>\n\n\n\n<div class=\"wp-block-buttons is-layout-flex wp-block-buttons-is-layout-flex\">\n<div class=\"wp-block-button\"><a class=\"wp-block-button__link\" href=\"https:\/\/www.martel.ch\/wein\/?filter=herkunft,frankreich~champagne\">Weine aus der Region Champagne<\/a><\/div>\n<\/div>\n","protected":false},"excerpt":{"rendered":"","protected":false},"author":15,"featured_media":716,"comment_status":"closed","ping_status":"closed","sticky":false,"template":"","format":"standard","meta":{"_acf_changed":false,"inline_featured_image":false,"footnotes":""},"categories":[449,57],"tags":[],"coauthors":[],"class_list":["post-634","post","type-post","status-publish","format-standard","has-post-thumbnail","hentry","category-alle","category-martel-schenkt-ein"],"acf":{"inhaltselemente":null},"yoast_head":"<!-- This site is optimized with the Yoast SEO plugin v27.5 - https:\/\/yoast.com\/product\/yoast-seo-wordpress\/ -->\n<title>Die Kreidekeller der Champagne | Martel Weine St.Gallen und Z\u00fcrich<\/title>\n<meta name=\"description\" content=\"Die Kreidekeller der Champagne - Von Spitzenweinen fasziniert zu sein, heisst immer auch etwas verliebt zu sein. So betrachten auch wir unsere Weine nicht als Ware, sondern als Gesamtkunstwerke, denen wir uns von der Auswahl bis zum Transport in Ihren Keller mit Engagement und Sorgfalt widmen.\" \/>\n<meta name=\"robots\" content=\"index, follow, max-snippet:-1, max-image-preview:large, max-video-preview:-1\" \/>\n<link rel=\"canonical\" href=\"https:\/\/www.martel.ch\/cms\/weinwissen\/weinmagazin\/martel-schenkt-ein\/die-kreidekeller-der-champagne\/\" \/>\n<meta property=\"og:locale\" content=\"de_DE\" \/>\n<meta property=\"og:type\" content=\"article\" \/>\n<meta property=\"og:title\" content=\"Die Kreidekeller der Champagne | Martel Weine St.Gallen und Z\u00fcrich\" \/>\n<meta property=\"og:description\" content=\"Die Kreidekeller der Champagne - Von Spitzenweinen fasziniert zu sein, heisst immer auch etwas verliebt zu sein. So betrachten auch wir unsere Weine nicht als Ware, sondern als Gesamtkunstwerke, denen wir uns von der Auswahl bis zum Transport in Ihren Keller mit Engagement und Sorgfalt widmen.\" \/>\n<meta property=\"og:url\" content=\"https:\/\/www.martel.ch\/cms\/weinwissen\/weinmagazin\/martel-schenkt-ein\/die-kreidekeller-der-champagne\/\" \/>\n<meta property=\"og:site_name\" content=\"Martel\" \/>\n<meta property=\"article:publisher\" content=\"https:\/\/www.facebook.com\/pages\/Martel-AG-St-Gallen\/233396026691876\" \/>\n<meta property=\"article:published_time\" content=\"2017-11-23T11:07:38+00:00\" \/>\n<meta property=\"article:modified_time\" content=\"2022-08-24T13:00:46+00:00\" \/>\n<meta property=\"og:image\" content=\"https:\/\/www.martel.ch\/cms\/wp-content\/uploads\/2019\/02\/martel-blog-martel-schenkt-ein-kreidekeller.jpg\" \/>\n\t<meta property=\"og:image:width\" content=\"728\" \/>\n\t<meta property=\"og:image:height\" content=\"485\" \/>\n\t<meta property=\"og:image:type\" content=\"image\/jpeg\" \/>\n<meta name=\"author\" content=\"Jan Martel\" \/>\n<meta name=\"twitter:card\" content=\"summary_large_image\" \/>\n<meta name=\"twitter:creator\" content=\"@martel_weinwelt\" \/>\n<meta name=\"twitter:site\" content=\"@martel_weinwelt\" \/>\n<meta name=\"twitter:label1\" content=\"Geschrieben von\" \/>\n\t<meta name=\"twitter:data1\" content=\"Jan Martel\" \/>\n\t<meta name=\"twitter:label2\" content=\"Gesch\u00e4tzte Lesezeit\" \/>\n\t<meta name=\"twitter:data2\" content=\"1\u00a0Minute\" \/>\n\t<meta name=\"twitter:label3\" content=\"Written by\" \/>\n\t<meta name=\"twitter:data3\" content=\"Jan Martel\" \/>\n<script type=\"application\/ld+json\" class=\"yoast-schema-graph\">{\"@context\":\"https:\\\/\\\/schema.org\",\"@graph\":[{\"@type\":\"Article\",\"@id\":\"https:\\\/\\\/www.martel.ch\\\/cms\\\/weinwissen\\\/weinmagazin\\\/martel-schenkt-ein\\\/die-kreidekeller-der-champagne\\\/#article\",\"isPartOf\":{\"@id\":\"https:\\\/\\\/www.martel.ch\\\/cms\\\/weinwissen\\\/weinmagazin\\\/martel-schenkt-ein\\\/die-kreidekeller-der-champagne\\\/\"},\"author\":{\"name\":\"Jan Martel\",\"@id\":\"https:\\\/\\\/www.martel.ch\\\/cms\\\/#\\\/schema\\\/person\\\/cbc16648d3984d50ff005b14cb054d60\"},\"headline\":\"Die Kreidekeller der Champagne\",\"datePublished\":\"2017-11-23T11:07:38+00:00\",\"dateModified\":\"2022-08-24T13:00:46+00:00\",\"mainEntityOfPage\":{\"@id\":\"https:\\\/\\\/www.martel.ch\\\/cms\\\/weinwissen\\\/weinmagazin\\\/martel-schenkt-ein\\\/die-kreidekeller-der-champagne\\\/\"},\"wordCount\":279,\"publisher\":{\"@id\":\"https:\\\/\\\/www.martel.ch\\\/cms\\\/#organization\"},\"image\":{\"@id\":\"https:\\\/\\\/www.martel.ch\\\/cms\\\/weinwissen\\\/weinmagazin\\\/martel-schenkt-ein\\\/die-kreidekeller-der-champagne\\\/#primaryimage\"},\"thumbnailUrl\":\"https:\\\/\\\/www.martel.ch\\\/cms\\\/wp-content\\\/uploads\\\/2019\\\/02\\\/martel-blog-martel-schenkt-ein-kreidekeller.jpg\",\"articleSection\":[\"Alle\",\"Martel schenkt ein\"],\"inLanguage\":\"de-CH\"},{\"@type\":\"WebPage\",\"@id\":\"https:\\\/\\\/www.martel.ch\\\/cms\\\/weinwissen\\\/weinmagazin\\\/martel-schenkt-ein\\\/die-kreidekeller-der-champagne\\\/\",\"url\":\"https:\\\/\\\/www.martel.ch\\\/cms\\\/weinwissen\\\/weinmagazin\\\/martel-schenkt-ein\\\/die-kreidekeller-der-champagne\\\/\",\"name\":\"Die Kreidekeller der Champagne | Martel Weine St.Gallen und Z\u00fcrich\",\"isPartOf\":{\"@id\":\"https:\\\/\\\/www.martel.ch\\\/cms\\\/#website\"},\"primaryImageOfPage\":{\"@id\":\"https:\\\/\\\/www.martel.ch\\\/cms\\\/weinwissen\\\/weinmagazin\\\/martel-schenkt-ein\\\/die-kreidekeller-der-champagne\\\/#primaryimage\"},\"image\":{\"@id\":\"https:\\\/\\\/www.martel.ch\\\/cms\\\/weinwissen\\\/weinmagazin\\\/martel-schenkt-ein\\\/die-kreidekeller-der-champagne\\\/#primaryimage\"},\"thumbnailUrl\":\"https:\\\/\\\/www.martel.ch\\\/cms\\\/wp-content\\\/uploads\\\/2019\\\/02\\\/martel-blog-martel-schenkt-ein-kreidekeller.jpg\",\"datePublished\":\"2017-11-23T11:07:38+00:00\",\"dateModified\":\"2022-08-24T13:00:46+00:00\",\"description\":\"Die Kreidekeller der Champagne - Von Spitzenweinen fasziniert zu sein, heisst immer auch etwas verliebt zu sein. So betrachten auch wir unsere Weine nicht als Ware, sondern als Gesamtkunstwerke, denen wir uns von der Auswahl bis zum Transport in Ihren Keller mit Engagement und Sorgfalt widmen.\",\"breadcrumb\":{\"@id\":\"https:\\\/\\\/www.martel.ch\\\/cms\\\/weinwissen\\\/weinmagazin\\\/martel-schenkt-ein\\\/die-kreidekeller-der-champagne\\\/#breadcrumb\"},\"inLanguage\":\"de-CH\",\"potentialAction\":[{\"@type\":\"ReadAction\",\"target\":[\"https:\\\/\\\/www.martel.ch\\\/cms\\\/weinwissen\\\/weinmagazin\\\/martel-schenkt-ein\\\/die-kreidekeller-der-champagne\\\/\"]}]},{\"@type\":\"ImageObject\",\"inLanguage\":\"de-CH\",\"@id\":\"https:\\\/\\\/www.martel.ch\\\/cms\\\/weinwissen\\\/weinmagazin\\\/martel-schenkt-ein\\\/die-kreidekeller-der-champagne\\\/#primaryimage\",\"url\":\"https:\\\/\\\/www.martel.ch\\\/cms\\\/wp-content\\\/uploads\\\/2019\\\/02\\\/martel-blog-martel-schenkt-ein-kreidekeller.jpg\",\"contentUrl\":\"https:\\\/\\\/www.martel.ch\\\/cms\\\/wp-content\\\/uploads\\\/2019\\\/02\\\/martel-blog-martel-schenkt-ein-kreidekeller.jpg\",\"width\":728,\"height\":485,\"caption\":\"Die Kreidekeller der Champagne\"},{\"@type\":\"BreadcrumbList\",\"@id\":\"https:\\\/\\\/www.martel.ch\\\/cms\\\/weinwissen\\\/weinmagazin\\\/martel-schenkt-ein\\\/die-kreidekeller-der-champagne\\\/#breadcrumb\",\"itemListElement\":[{\"@type\":\"ListItem\",\"position\":1,\"name\":\"Startseite\",\"item\":\"https:\\\/\\\/www.martel.ch\\\/cms\\\/\"},{\"@type\":\"ListItem\",\"position\":2,\"name\":\"Die Kreidekeller der Champagne\"}]},{\"@type\":\"WebSite\",\"@id\":\"https:\\\/\\\/www.martel.ch\\\/cms\\\/#website\",\"url\":\"https:\\\/\\\/www.martel.ch\\\/cms\\\/\",\"name\":\"Martel\",\"description\":\"F\u00fcr Weinbegeisterte und die, die es werden m\u00f6chten.\",\"publisher\":{\"@id\":\"https:\\\/\\\/www.martel.ch\\\/cms\\\/#organization\"},\"potentialAction\":[{\"@type\":\"SearchAction\",\"target\":{\"@type\":\"EntryPoint\",\"urlTemplate\":\"https:\\\/\\\/www.martel.ch\\\/cms\\\/?s={search_term_string}\"},\"query-input\":{\"@type\":\"PropertyValueSpecification\",\"valueRequired\":true,\"valueName\":\"search_term_string\"}}],\"inLanguage\":\"de-CH\"},{\"@type\":\"Organization\",\"@id\":\"https:\\\/\\\/www.martel.ch\\\/cms\\\/#organization\",\"name\":\"Martel AG St.Gallen\",\"url\":\"https:\\\/\\\/www.martel.ch\\\/cms\\\/\",\"logo\":{\"@type\":\"ImageObject\",\"inLanguage\":\"de-CH\",\"@id\":\"https:\\\/\\\/www.martel.ch\\\/cms\\\/#\\\/schema\\\/logo\\\/image\\\/\",\"url\":\"https:\\\/\\\/www.martel.ch\\\/cms\\\/wp-content\\\/uploads\\\/2019\\\/02\\\/martel-logo.png\",\"contentUrl\":\"https:\\\/\\\/www.martel.ch\\\/cms\\\/wp-content\\\/uploads\\\/2019\\\/02\\\/martel-logo.png\",\"width\":600,\"height\":600,\"caption\":\"Martel AG St.Gallen\"},\"image\":{\"@id\":\"https:\\\/\\\/www.martel.ch\\\/cms\\\/#\\\/schema\\\/logo\\\/image\\\/\"},\"sameAs\":[\"https:\\\/\\\/www.facebook.com\\\/pages\\\/Martel-AG-St-Gallen\\\/233396026691876\",\"https:\\\/\\\/x.com\\\/martel_weinwelt\",\"https:\\\/\\\/www.instagram.com\\\/martel_weinwelt\\\/\",\"https:\\\/\\\/www.linkedin.com\\\/company\\\/martel-ag-st-gallen\",\"https:\\\/\\\/www.pinterest.ch\\\/martel_weinwelt\"]},{\"@type\":\"Person\",\"@id\":\"https:\\\/\\\/www.martel.ch\\\/cms\\\/#\\\/schema\\\/person\\\/cbc16648d3984d50ff005b14cb054d60\",\"name\":\"Jan Martel\",\"image\":{\"@type\":\"ImageObject\",\"inLanguage\":\"de-CH\",\"@id\":\"https:\\\/\\\/secure.gravatar.com\\\/avatar\\\/e2f99006a9b0efa84a6ef8cebcd2f0c39d821e1290b05ce9d016d9b673ccf7e6?s=96&d=mm&r=g9660bfd36a10ceb04b5ee7394896f0ae\",\"url\":\"https:\\\/\\\/secure.gravatar.com\\\/avatar\\\/e2f99006a9b0efa84a6ef8cebcd2f0c39d821e1290b05ce9d016d9b673ccf7e6?s=96&d=mm&r=g\",\"contentUrl\":\"https:\\\/\\\/secure.gravatar.com\\\/avatar\\\/e2f99006a9b0efa84a6ef8cebcd2f0c39d821e1290b05ce9d016d9b673ccf7e6?s=96&d=mm&r=g\",\"caption\":\"Jan Martel\"}}]}<\/script>\n<!-- \/ Yoast SEO plugin. -->","yoast_head_json":{"title":"Die Kreidekeller der Champagne | Martel Weine St.Gallen und Z\u00fcrich","description":"Die Kreidekeller der Champagne - Von Spitzenweinen fasziniert zu sein, heisst immer auch etwas verliebt zu sein. So betrachten auch wir unsere Weine nicht als Ware, sondern als Gesamtkunstwerke, denen wir uns von der Auswahl bis zum Transport in Ihren Keller mit Engagement und Sorgfalt widmen.","robots":{"index":"index","follow":"follow","max-snippet":"max-snippet:-1","max-image-preview":"max-image-preview:large","max-video-preview":"max-video-preview:-1"},"canonical":"https:\/\/www.martel.ch\/cms\/weinwissen\/weinmagazin\/martel-schenkt-ein\/die-kreidekeller-der-champagne\/","og_locale":"de_DE","og_type":"article","og_title":"Die Kreidekeller der Champagne | Martel Weine St.Gallen und Z\u00fcrich","og_description":"Die Kreidekeller der Champagne - Von Spitzenweinen fasziniert zu sein, heisst immer auch etwas verliebt zu sein. So betrachten auch wir unsere Weine nicht als Ware, sondern als Gesamtkunstwerke, denen wir uns von der Auswahl bis zum Transport in Ihren Keller mit Engagement und Sorgfalt widmen.","og_url":"https:\/\/www.martel.ch\/cms\/weinwissen\/weinmagazin\/martel-schenkt-ein\/die-kreidekeller-der-champagne\/","og_site_name":"Martel","article_publisher":"https:\/\/www.facebook.com\/pages\/Martel-AG-St-Gallen\/233396026691876","article_published_time":"2017-11-23T11:07:38+00:00","article_modified_time":"2022-08-24T13:00:46+00:00","og_image":[{"width":728,"height":485,"url":"https:\/\/www.martel.ch\/cms\/wp-content\/uploads\/2019\/02\/martel-blog-martel-schenkt-ein-kreidekeller.jpg","type":"image\/jpeg"}],"author":"Jan Martel","twitter_card":"summary_large_image","twitter_creator":"@martel_weinwelt","twitter_site":"@martel_weinwelt","twitter_misc":{"Geschrieben von":"Jan Martel","Gesch\u00e4tzte Lesezeit":"1\u00a0Minute","Written by":"Jan Martel"},"schema":{"@context":"https:\/\/schema.org","@graph":[{"@type":"Article","@id":"https:\/\/www.martel.ch\/cms\/weinwissen\/weinmagazin\/martel-schenkt-ein\/die-kreidekeller-der-champagne\/#article","isPartOf":{"@id":"https:\/\/www.martel.ch\/cms\/weinwissen\/weinmagazin\/martel-schenkt-ein\/die-kreidekeller-der-champagne\/"},"author":{"name":"Jan Martel","@id":"https:\/\/www.martel.ch\/cms\/#\/schema\/person\/cbc16648d3984d50ff005b14cb054d60"},"headline":"Die Kreidekeller der Champagne","datePublished":"2017-11-23T11:07:38+00:00","dateModified":"2022-08-24T13:00:46+00:00","mainEntityOfPage":{"@id":"https:\/\/www.martel.ch\/cms\/weinwissen\/weinmagazin\/martel-schenkt-ein\/die-kreidekeller-der-champagne\/"},"wordCount":279,"publisher":{"@id":"https:\/\/www.martel.ch\/cms\/#organization"},"image":{"@id":"https:\/\/www.martel.ch\/cms\/weinwissen\/weinmagazin\/martel-schenkt-ein\/die-kreidekeller-der-champagne\/#primaryimage"},"thumbnailUrl":"https:\/\/www.martel.ch\/cms\/wp-content\/uploads\/2019\/02\/martel-blog-martel-schenkt-ein-kreidekeller.jpg","articleSection":["Alle","Martel schenkt ein"],"inLanguage":"de-CH"},{"@type":"WebPage","@id":"https:\/\/www.martel.ch\/cms\/weinwissen\/weinmagazin\/martel-schenkt-ein\/die-kreidekeller-der-champagne\/","url":"https:\/\/www.martel.ch\/cms\/weinwissen\/weinmagazin\/martel-schenkt-ein\/die-kreidekeller-der-champagne\/","name":"Die Kreidekeller der Champagne | Martel Weine St.Gallen und Z\u00fcrich","isPartOf":{"@id":"https:\/\/www.martel.ch\/cms\/#website"},"primaryImageOfPage":{"@id":"https:\/\/www.martel.ch\/cms\/weinwissen\/weinmagazin\/martel-schenkt-ein\/die-kreidekeller-der-champagne\/#primaryimage"},"image":{"@id":"https:\/\/www.martel.ch\/cms\/weinwissen\/weinmagazin\/martel-schenkt-ein\/die-kreidekeller-der-champagne\/#primaryimage"},"thumbnailUrl":"https:\/\/www.martel.ch\/cms\/wp-content\/uploads\/2019\/02\/martel-blog-martel-schenkt-ein-kreidekeller.jpg","datePublished":"2017-11-23T11:07:38+00:00","dateModified":"2022-08-24T13:00:46+00:00","description":"Die Kreidekeller der Champagne - Von Spitzenweinen fasziniert zu sein, heisst immer auch etwas verliebt zu sein. So betrachten auch wir unsere Weine nicht als Ware, sondern als Gesamtkunstwerke, denen wir uns von der Auswahl bis zum Transport in Ihren Keller mit Engagement und Sorgfalt widmen.","breadcrumb":{"@id":"https:\/\/www.martel.ch\/cms\/weinwissen\/weinmagazin\/martel-schenkt-ein\/die-kreidekeller-der-champagne\/#breadcrumb"},"inLanguage":"de-CH","potentialAction":[{"@type":"ReadAction","target":["https:\/\/www.martel.ch\/cms\/weinwissen\/weinmagazin\/martel-schenkt-ein\/die-kreidekeller-der-champagne\/"]}]},{"@type":"ImageObject","inLanguage":"de-CH","@id":"https:\/\/www.martel.ch\/cms\/weinwissen\/weinmagazin\/martel-schenkt-ein\/die-kreidekeller-der-champagne\/#primaryimage","url":"https:\/\/www.martel.ch\/cms\/wp-content\/uploads\/2019\/02\/martel-blog-martel-schenkt-ein-kreidekeller.jpg","contentUrl":"https:\/\/www.martel.ch\/cms\/wp-content\/uploads\/2019\/02\/martel-blog-martel-schenkt-ein-kreidekeller.jpg","width":728,"height":485,"caption":"Die Kreidekeller der Champagne"},{"@type":"BreadcrumbList","@id":"https:\/\/www.martel.ch\/cms\/weinwissen\/weinmagazin\/martel-schenkt-ein\/die-kreidekeller-der-champagne\/#breadcrumb","itemListElement":[{"@type":"ListItem","position":1,"name":"Startseite","item":"https:\/\/www.martel.ch\/cms\/"},{"@type":"ListItem","position":2,"name":"Die Kreidekeller der Champagne"}]},{"@type":"WebSite","@id":"https:\/\/www.martel.ch\/cms\/#website","url":"https:\/\/www.martel.ch\/cms\/","name":"Martel","description":"F\u00fcr Weinbegeisterte und die, die es werden m\u00f6chten.","publisher":{"@id":"https:\/\/www.martel.ch\/cms\/#organization"},"potentialAction":[{"@type":"SearchAction","target":{"@type":"EntryPoint","urlTemplate":"https:\/\/www.martel.ch\/cms\/?s={search_term_string}"},"query-input":{"@type":"PropertyValueSpecification","valueRequired":true,"valueName":"search_term_string"}}],"inLanguage":"de-CH"},{"@type":"Organization","@id":"https:\/\/www.martel.ch\/cms\/#organization","name":"Martel AG St.Gallen","url":"https:\/\/www.martel.ch\/cms\/","logo":{"@type":"ImageObject","inLanguage":"de-CH","@id":"https:\/\/www.martel.ch\/cms\/#\/schema\/logo\/image\/","url":"https:\/\/www.martel.ch\/cms\/wp-content\/uploads\/2019\/02\/martel-logo.png","contentUrl":"https:\/\/www.martel.ch\/cms\/wp-content\/uploads\/2019\/02\/martel-logo.png","width":600,"height":600,"caption":"Martel AG St.Gallen"},"image":{"@id":"https:\/\/www.martel.ch\/cms\/#\/schema\/logo\/image\/"},"sameAs":["https:\/\/www.facebook.com\/pages\/Martel-AG-St-Gallen\/233396026691876","https:\/\/x.com\/martel_weinwelt","https:\/\/www.instagram.com\/martel_weinwelt\/","https:\/\/www.linkedin.com\/company\/martel-ag-st-gallen","https:\/\/www.pinterest.ch\/martel_weinwelt"]},{"@type":"Person","@id":"https:\/\/www.martel.ch\/cms\/#\/schema\/person\/cbc16648d3984d50ff005b14cb054d60","name":"Jan Martel","image":{"@type":"ImageObject","inLanguage":"de-CH","@id":"https:\/\/secure.gravatar.com\/avatar\/e2f99006a9b0efa84a6ef8cebcd2f0c39d821e1290b05ce9d016d9b673ccf7e6?s=96&d=mm&r=g9660bfd36a10ceb04b5ee7394896f0ae","url":"https:\/\/secure.gravatar.com\/avatar\/e2f99006a9b0efa84a6ef8cebcd2f0c39d821e1290b05ce9d016d9b673ccf7e6?s=96&d=mm&r=g","contentUrl":"https:\/\/secure.gravatar.com\/avatar\/e2f99006a9b0efa84a6ef8cebcd2f0c39d821e1290b05ce9d016d9b673ccf7e6?s=96&d=mm&r=g","caption":"Jan Martel"}}]}},"_links":{"self":[{"href":"https:\/\/www.martel.ch\/cms\/wp-json\/wp\/v2\/posts\/634","targetHints":{"allow":["GET"]}}],"collection":[{"href":"https:\/\/www.martel.ch\/cms\/wp-json\/wp\/v2\/posts"}],"about":[{"href":"https:\/\/www.martel.ch\/cms\/wp-json\/wp\/v2\/types\/post"}],"author":[{"embeddable":true,"href":"https:\/\/www.martel.ch\/cms\/wp-json\/wp\/v2\/users\/15"}],"replies":[{"embeddable":true,"href":"https:\/\/www.martel.ch\/cms\/wp-json\/wp\/v2\/comments?post=634"}],"version-history":[{"count":2,"href":"https:\/\/www.martel.ch\/cms\/wp-json\/wp\/v2\/posts\/634\/revisions"}],"predecessor-version":[{"id":14981,"href":"https:\/\/www.martel.ch\/cms\/wp-json\/wp\/v2\/posts\/634\/revisions\/14981"}],"wp:featuredmedia":[{"embeddable":true,"href":"https:\/\/www.martel.ch\/cms\/wp-json\/wp\/v2\/media\/716"}],"wp:attachment":[{"href":"https:\/\/www.martel.ch\/cms\/wp-json\/wp\/v2\/media?parent=634"}],"wp:term":[{"taxonomy":"category","embeddable":true,"href":"https:\/\/www.martel.ch\/cms\/wp-json\/wp\/v2\/categories?post=634"},{"taxonomy":"post_tag","embeddable":true,"href":"https:\/\/www.martel.ch\/cms\/wp-json\/wp\/v2\/tags?post=634"},{"taxonomy":"author","embeddable":true,"href":"https:\/\/www.martel.ch\/cms\/wp-json\/wp\/v2\/coauthors?post=634"}],"curies":[{"name":"wp","href":"https:\/\/api.w.org\/{rel}","templated":true}]}}