{"id":725,"date":"2019-04-08T13:57:42","date_gmt":"2019-04-08T11:57:42","guid":{"rendered":"\/cms\/?p=725"},"modified":"2022-08-24T14:39:07","modified_gmt":"2022-08-24T12:39:07","slug":"der-jahrgang-2017-im-burgund","status":"publish","type":"post","link":"https:\/\/www.martel.ch\/cms\/weinwissen\/weinmagazin\/rueckblick\/der-jahrgang-2017-im-burgund\/","title":{"rendered":"Der Jahrgang 2017 im Burgund"},"content":{"rendered":"\n<p>Ende M\u00e4rz besuchten wir einige unserer Winzer im Burgund, um die Eink\u00e4ufe des Jahrgangs 2017 abzuschliessen. Es waren herrliche Tage mit viel Sonne, blauem Himmel, bl\u00fchenden Magnolienb\u00e4umen und vor allem auch mit fr\u00f6hlichen, gut gelaunten Winzern. Denn anders als in den Vorjahren konnte die Mehrheit der Betriebe endlich wieder eine normale Ernte einbringen. <strong>Und auch die Qualit\u00e4t des Jahrgangs ist \u00fcberzeugend, sowohl bei den Weiss-, als auch bei den Rotweinen.<\/strong><\/p>\n\n\n\n<figure class=\"wp-block-image\"><img loading=\"lazy\" decoding=\"async\" width=\"728\" height=\"485\" src=\"\/cms\/wp-content\/uploads\/2019\/04\/martel-unterwegs-burgund-fruehling.jpg\" alt=\"Fr\u00fchling im Burgund\" class=\"wp-image-739\" srcset=\"https:\/\/www.martel.ch\/cms\/wp-content\/uploads\/2019\/04\/martel-unterwegs-burgund-fruehling.jpg 728w, https:\/\/www.martel.ch\/cms\/wp-content\/uploads\/2019\/04\/martel-unterwegs-burgund-fruehling-300x200.jpg 300w, https:\/\/www.martel.ch\/cms\/wp-content\/uploads\/2019\/04\/martel-unterwegs-burgund-fruehling-332x221.jpg 332w, https:\/\/www.martel.ch\/cms\/wp-content\/uploads\/2019\/04\/martel-unterwegs-burgund-fruehling-290x193.jpg 290w, https:\/\/www.martel.ch\/cms\/wp-content\/uploads\/2019\/04\/martel-unterwegs-burgund-fruehling-446x297.jpg 446w, https:\/\/www.martel.ch\/cms\/wp-content\/uploads\/2019\/04\/martel-unterwegs-burgund-fruehling-679x452.jpg 679w, https:\/\/www.martel.ch\/cms\/wp-content\/uploads\/2019\/04\/martel-unterwegs-burgund-fruehling-554x369.jpg 554w, https:\/\/www.martel.ch\/cms\/wp-content\/uploads\/2019\/04\/martel-unterwegs-burgund-fruehling-330x220.jpg 330w, https:\/\/www.martel.ch\/cms\/wp-content\/uploads\/2019\/04\/martel-unterwegs-burgund-fruehling-400x266.jpg 400w, https:\/\/www.martel.ch\/cms\/wp-content\/uploads\/2019\/04\/martel-unterwegs-burgund-fruehling-500x333.jpg 500w, https:\/\/www.martel.ch\/cms\/wp-content\/uploads\/2019\/04\/martel-unterwegs-burgund-fruehling-359x239.jpg 359w, https:\/\/www.martel.ch\/cms\/wp-content\/uploads\/2019\/04\/martel-unterwegs-burgund-fruehling-230x153.jpg 230w, https:\/\/www.martel.ch\/cms\/wp-content\/uploads\/2019\/04\/martel-unterwegs-burgund-fruehling-680x453.jpg 680w, https:\/\/www.martel.ch\/cms\/wp-content\/uploads\/2019\/04\/martel-unterwegs-burgund-fruehling-490x326.jpg 490w\" sizes=\"auto, (max-width: 728px) 100vw, 728px\" \/><\/figure>\n\n\n\n<h2 class=\"wp-block-heading\">Domaine de l&#8217;Arlot, Nuits St. Georges<\/h2>\n\n\n\n<p>2017 brachte \u00e4usserst charmante Burgunder hervor. \u201eToute en finesse et en \u00e9l\u00e9gance\u201c, wie sich <strong>G\u00e9raldine Godot<\/strong> von der <strong>Domaine de L\u2019Arlot<\/strong> ausdr\u00fcckt. \u00ab Und endlich wieder ein Jahrgang, der das L\u00e4cheln in die Gesichter der Winzer zur\u00fcckbringt\u00bb. Die Rotweine, mit feiner und doch intensiver Frucht, erinnern in etwa an 2014. Die Weine aus einfachen Pinot Noir Lagen sind eigentlich schon jetzt trinkbereit. An Charme sind sie wirklich kaum zu \u00fcberbieten und dennoch lassen Weine aus den grossen Lagen nichts zu w\u00fcnschen \u00fcbrig an Konzentration und Tiefe. Und sie haben in der Regel etwas mehr Gewicht als der schon zitierte Jahrgang 2014. Ausschlaggebend daf\u00fcr waren vor allem viel Sonnenschein und dann aber auch gen\u00fcgend Regen zum richtigen Zeitpunkt. So konnte man in den ersten Septembertagen super gesundes Traubengut ernten.<\/p>\n\n\n\n<figure class=\"wp-block-image alignnone wp-image-727 size-full\"><img loading=\"lazy\" decoding=\"async\" width=\"728\" height=\"485\" src=\"\/cms\/wp-content\/uploads\/2019\/04\/martel-unterwegs-burgund-domaine-de-larlot-geraldine-godot.jpg\" alt=\"Domaine de l'Arlot G\u00e9raldine Godot\" class=\"wp-image-727\" srcset=\"https:\/\/www.martel.ch\/cms\/wp-content\/uploads\/2019\/04\/martel-unterwegs-burgund-domaine-de-larlot-geraldine-godot.jpg 728w, https:\/\/www.martel.ch\/cms\/wp-content\/uploads\/2019\/04\/martel-unterwegs-burgund-domaine-de-larlot-geraldine-godot-300x200.jpg 300w, https:\/\/www.martel.ch\/cms\/wp-content\/uploads\/2019\/04\/martel-unterwegs-burgund-domaine-de-larlot-geraldine-godot-332x221.jpg 332w, https:\/\/www.martel.ch\/cms\/wp-content\/uploads\/2019\/04\/martel-unterwegs-burgund-domaine-de-larlot-geraldine-godot-290x193.jpg 290w, https:\/\/www.martel.ch\/cms\/wp-content\/uploads\/2019\/04\/martel-unterwegs-burgund-domaine-de-larlot-geraldine-godot-446x297.jpg 446w, https:\/\/www.martel.ch\/cms\/wp-content\/uploads\/2019\/04\/martel-unterwegs-burgund-domaine-de-larlot-geraldine-godot-679x452.jpg 679w, https:\/\/www.martel.ch\/cms\/wp-content\/uploads\/2019\/04\/martel-unterwegs-burgund-domaine-de-larlot-geraldine-godot-554x369.jpg 554w, https:\/\/www.martel.ch\/cms\/wp-content\/uploads\/2019\/04\/martel-unterwegs-burgund-domaine-de-larlot-geraldine-godot-330x220.jpg 330w, https:\/\/www.martel.ch\/cms\/wp-content\/uploads\/2019\/04\/martel-unterwegs-burgund-domaine-de-larlot-geraldine-godot-400x266.jpg 400w, https:\/\/www.martel.ch\/cms\/wp-content\/uploads\/2019\/04\/martel-unterwegs-burgund-domaine-de-larlot-geraldine-godot-500x333.jpg 500w, https:\/\/www.martel.ch\/cms\/wp-content\/uploads\/2019\/04\/martel-unterwegs-burgund-domaine-de-larlot-geraldine-godot-359x239.jpg 359w, https:\/\/www.martel.ch\/cms\/wp-content\/uploads\/2019\/04\/martel-unterwegs-burgund-domaine-de-larlot-geraldine-godot-230x153.jpg 230w, https:\/\/www.martel.ch\/cms\/wp-content\/uploads\/2019\/04\/martel-unterwegs-burgund-domaine-de-larlot-geraldine-godot-680x453.jpg 680w, https:\/\/www.martel.ch\/cms\/wp-content\/uploads\/2019\/04\/martel-unterwegs-burgund-domaine-de-larlot-geraldine-godot-490x326.jpg 490w\" sizes=\"auto, (max-width: 728px) 100vw, 728px\" \/><figcaption>Domaine de l&#8217;Arlot G\u00e9raldine Godot<\/figcaption><\/figure>\n\n\n\n<h2 class=\"wp-block-heading\">Domaine Comte Georges de Vog\u00fc\u00e9, Chambolle-Musigny<\/h2>\n\n\n\n<p>Alles in allem k\u00f6nnen wir uns auf einen guten bis sehr guten Jahrgang freuen, \u00abausgeglichen und saftig\u00bb und \u00abLa d\u00e9licate min\u00e9ralit\u00e9 sur la fin de bouche satin\u00e9e, laisse pr\u00e9sager un potentiel de grande garde&nbsp;\u00bb wie <strong>Fran\u00e7ois Millet von der Domaine Comte Georges de Vog\u00fc\u00e9<\/strong> sagt.<\/p>\n\n\n\n<figure class=\"wp-block-image alignnone size-full wp-image-764\"><img loading=\"lazy\" decoding=\"async\" width=\"728\" height=\"485\" src=\"\/cms\/wp-content\/uploads\/2019\/04\/martel-unterwegs-burgund-vogue-francois-millet.jpg\" alt=\"Domaine Comte Georges de Vog\u00fc\u00e9 Fran\u00e7ois Millet\" class=\"wp-image-764\" srcset=\"https:\/\/www.martel.ch\/cms\/wp-content\/uploads\/2019\/04\/martel-unterwegs-burgund-vogue-francois-millet.jpg 728w, https:\/\/www.martel.ch\/cms\/wp-content\/uploads\/2019\/04\/martel-unterwegs-burgund-vogue-francois-millet-300x200.jpg 300w, https:\/\/www.martel.ch\/cms\/wp-content\/uploads\/2019\/04\/martel-unterwegs-burgund-vogue-francois-millet-332x221.jpg 332w, https:\/\/www.martel.ch\/cms\/wp-content\/uploads\/2019\/04\/martel-unterwegs-burgund-vogue-francois-millet-290x193.jpg 290w, https:\/\/www.martel.ch\/cms\/wp-content\/uploads\/2019\/04\/martel-unterwegs-burgund-vogue-francois-millet-446x297.jpg 446w, https:\/\/www.martel.ch\/cms\/wp-content\/uploads\/2019\/04\/martel-unterwegs-burgund-vogue-francois-millet-679x452.jpg 679w, https:\/\/www.martel.ch\/cms\/wp-content\/uploads\/2019\/04\/martel-unterwegs-burgund-vogue-francois-millet-554x369.jpg 554w, https:\/\/www.martel.ch\/cms\/wp-content\/uploads\/2019\/04\/martel-unterwegs-burgund-vogue-francois-millet-330x220.jpg 330w, https:\/\/www.martel.ch\/cms\/wp-content\/uploads\/2019\/04\/martel-unterwegs-burgund-vogue-francois-millet-400x266.jpg 400w, https:\/\/www.martel.ch\/cms\/wp-content\/uploads\/2019\/04\/martel-unterwegs-burgund-vogue-francois-millet-500x333.jpg 500w, https:\/\/www.martel.ch\/cms\/wp-content\/uploads\/2019\/04\/martel-unterwegs-burgund-vogue-francois-millet-359x239.jpg 359w, https:\/\/www.martel.ch\/cms\/wp-content\/uploads\/2019\/04\/martel-unterwegs-burgund-vogue-francois-millet-230x153.jpg 230w, https:\/\/www.martel.ch\/cms\/wp-content\/uploads\/2019\/04\/martel-unterwegs-burgund-vogue-francois-millet-680x453.jpg 680w, https:\/\/www.martel.ch\/cms\/wp-content\/uploads\/2019\/04\/martel-unterwegs-burgund-vogue-francois-millet-490x326.jpg 490w\" sizes=\"auto, (max-width: 728px) 100vw, 728px\" \/><figcaption>Domaine Comte Georges de Vog\u00fc\u00e9 Fran\u00e7ois Millet<\/figcaption><\/figure>\n\n\n\n<h2 class=\"wp-block-heading\">Domaine de la Pousse d&#8217;Or, Volnay<\/h2>\n\n\n\n<p>Das Burgund ist an sich eine Weinregion, in der die Tradition hochgehalten wird. Das heisst aber nicht, dass man nicht Neues ausprobieren w\u00fcrde. So baut <strong>Benoit Landanger <\/strong>auf der <strong>Domaine de la Pousse d\u2019Or in Volnay<\/strong> (er hat das Zepter von seinem Vater Patrick \u00fcbernommen) drei seiner Weine zum einen traditionell in der Pi\u00e8ce aus, zum andern in Amphoren, wie man sie auch in anderen Regionen antrifft. Es sind die Volnay-Weine aus den Premier Cru Lagen Les Caillerets, Clos de la Bousse d\u2019Or und en Caillerets &#171;Clos des 60 Ouvr\u00e9es&#187;.&nbsp; Es wird f\u00fcr uns alle interessant und lehrreich sein zu sehen, wie unterschiedlich der Charakter der Weine sein wird.<\/p>\n\n\n\n<figure class=\"wp-block-image alignnone wp-image-732 size-full\"><img loading=\"lazy\" decoding=\"async\" width=\"728\" height=\"485\" src=\"\/cms\/wp-content\/uploads\/2019\/04\/martel-unterwegs-burgund-pousse-dor-benoit-landanger.jpg\" alt=\"Domaine Pousse d\u2019Or Benoit Landanger \" class=\"wp-image-732\" srcset=\"https:\/\/www.martel.ch\/cms\/wp-content\/uploads\/2019\/04\/martel-unterwegs-burgund-pousse-dor-benoit-landanger.jpg 728w, https:\/\/www.martel.ch\/cms\/wp-content\/uploads\/2019\/04\/martel-unterwegs-burgund-pousse-dor-benoit-landanger-300x200.jpg 300w, https:\/\/www.martel.ch\/cms\/wp-content\/uploads\/2019\/04\/martel-unterwegs-burgund-pousse-dor-benoit-landanger-332x221.jpg 332w, https:\/\/www.martel.ch\/cms\/wp-content\/uploads\/2019\/04\/martel-unterwegs-burgund-pousse-dor-benoit-landanger-290x193.jpg 290w, https:\/\/www.martel.ch\/cms\/wp-content\/uploads\/2019\/04\/martel-unterwegs-burgund-pousse-dor-benoit-landanger-446x297.jpg 446w, https:\/\/www.martel.ch\/cms\/wp-content\/uploads\/2019\/04\/martel-unterwegs-burgund-pousse-dor-benoit-landanger-679x452.jpg 679w, https:\/\/www.martel.ch\/cms\/wp-content\/uploads\/2019\/04\/martel-unterwegs-burgund-pousse-dor-benoit-landanger-554x369.jpg 554w, https:\/\/www.martel.ch\/cms\/wp-content\/uploads\/2019\/04\/martel-unterwegs-burgund-pousse-dor-benoit-landanger-330x220.jpg 330w, https:\/\/www.martel.ch\/cms\/wp-content\/uploads\/2019\/04\/martel-unterwegs-burgund-pousse-dor-benoit-landanger-400x266.jpg 400w, https:\/\/www.martel.ch\/cms\/wp-content\/uploads\/2019\/04\/martel-unterwegs-burgund-pousse-dor-benoit-landanger-500x333.jpg 500w, https:\/\/www.martel.ch\/cms\/wp-content\/uploads\/2019\/04\/martel-unterwegs-burgund-pousse-dor-benoit-landanger-359x239.jpg 359w, https:\/\/www.martel.ch\/cms\/wp-content\/uploads\/2019\/04\/martel-unterwegs-burgund-pousse-dor-benoit-landanger-230x153.jpg 230w, https:\/\/www.martel.ch\/cms\/wp-content\/uploads\/2019\/04\/martel-unterwegs-burgund-pousse-dor-benoit-landanger-680x453.jpg 680w, https:\/\/www.martel.ch\/cms\/wp-content\/uploads\/2019\/04\/martel-unterwegs-burgund-pousse-dor-benoit-landanger-490x326.jpg 490w\" sizes=\"auto, (max-width: 728px) 100vw, 728px\" \/><figcaption>Domaine Pousse d\u2019Or Benoit Landanger<\/figcaption><\/figure>\n\n\n\n<h2 class=\"wp-block-heading\">Fran\u00e7ois Carillon, Puligny-Montrachet<br>Domaine de Villaine, Bouzeron<\/h2>\n\n\n\n<p><strong>Fran\u00e7ois Carillon<\/strong> in Puligny-Montrachet macht Versuche mit F\u00e4ssern in Zigarrenform. <strong>Pierre de Benoist, Domaine de Villaine <\/strong>in Bouzeron, baut seine Weissweine (Aligot\u00e9 und Chardonnay) in grossen Fudern aus und seinen neuen Keller hat er nach den Regeln des \u00abGoldenen Schnitts\u00bb gebaut.<\/p>\n\n\n\n<figure class=\"wp-block-image alignnone size-full wp-image-730\"><img loading=\"lazy\" decoding=\"async\" width=\"728\" height=\"485\" src=\"\/cms\/wp-content\/uploads\/2019\/04\/martel-unterwegs-burgund-francois-carillon.jpg\" alt=\"Fran\u00e7ois Carillon\" class=\"wp-image-730\" srcset=\"https:\/\/www.martel.ch\/cms\/wp-content\/uploads\/2019\/04\/martel-unterwegs-burgund-francois-carillon.jpg 728w, https:\/\/www.martel.ch\/cms\/wp-content\/uploads\/2019\/04\/martel-unterwegs-burgund-francois-carillon-300x200.jpg 300w, https:\/\/www.martel.ch\/cms\/wp-content\/uploads\/2019\/04\/martel-unterwegs-burgund-francois-carillon-332x221.jpg 332w, https:\/\/www.martel.ch\/cms\/wp-content\/uploads\/2019\/04\/martel-unterwegs-burgund-francois-carillon-290x193.jpg 290w, https:\/\/www.martel.ch\/cms\/wp-content\/uploads\/2019\/04\/martel-unterwegs-burgund-francois-carillon-446x297.jpg 446w, https:\/\/www.martel.ch\/cms\/wp-content\/uploads\/2019\/04\/martel-unterwegs-burgund-francois-carillon-679x452.jpg 679w, https:\/\/www.martel.ch\/cms\/wp-content\/uploads\/2019\/04\/martel-unterwegs-burgund-francois-carillon-554x369.jpg 554w, https:\/\/www.martel.ch\/cms\/wp-content\/uploads\/2019\/04\/martel-unterwegs-burgund-francois-carillon-330x220.jpg 330w, https:\/\/www.martel.ch\/cms\/wp-content\/uploads\/2019\/04\/martel-unterwegs-burgund-francois-carillon-400x266.jpg 400w, https:\/\/www.martel.ch\/cms\/wp-content\/uploads\/2019\/04\/martel-unterwegs-burgund-francois-carillon-500x333.jpg 500w, https:\/\/www.martel.ch\/cms\/wp-content\/uploads\/2019\/04\/martel-unterwegs-burgund-francois-carillon-359x239.jpg 359w, https:\/\/www.martel.ch\/cms\/wp-content\/uploads\/2019\/04\/martel-unterwegs-burgund-francois-carillon-230x153.jpg 230w, https:\/\/www.martel.ch\/cms\/wp-content\/uploads\/2019\/04\/martel-unterwegs-burgund-francois-carillon-680x453.jpg 680w, https:\/\/www.martel.ch\/cms\/wp-content\/uploads\/2019\/04\/martel-unterwegs-burgund-francois-carillon-490x326.jpg 490w\" sizes=\"auto, (max-width: 728px) 100vw, 728px\" \/><figcaption>Fran\u00e7ois Carillon<\/figcaption><\/figure>\n\n\n\n<figure class=\"wp-block-image alignnone size-full wp-image-728\"><img loading=\"lazy\" decoding=\"async\" width=\"728\" height=\"485\" src=\"\/cms\/wp-content\/uploads\/2019\/04\/martel-unterwegs-burgund-domaine-de-villaine-pierre-de-benoist.jpg\" alt=\"Domaine de Villaine, Pierre de Benoist\" class=\"wp-image-728\" srcset=\"https:\/\/www.martel.ch\/cms\/wp-content\/uploads\/2019\/04\/martel-unterwegs-burgund-domaine-de-villaine-pierre-de-benoist.jpg 728w, https:\/\/www.martel.ch\/cms\/wp-content\/uploads\/2019\/04\/martel-unterwegs-burgund-domaine-de-villaine-pierre-de-benoist-300x200.jpg 300w, https:\/\/www.martel.ch\/cms\/wp-content\/uploads\/2019\/04\/martel-unterwegs-burgund-domaine-de-villaine-pierre-de-benoist-332x221.jpg 332w, https:\/\/www.martel.ch\/cms\/wp-content\/uploads\/2019\/04\/martel-unterwegs-burgund-domaine-de-villaine-pierre-de-benoist-290x193.jpg 290w, https:\/\/www.martel.ch\/cms\/wp-content\/uploads\/2019\/04\/martel-unterwegs-burgund-domaine-de-villaine-pierre-de-benoist-446x297.jpg 446w, https:\/\/www.martel.ch\/cms\/wp-content\/uploads\/2019\/04\/martel-unterwegs-burgund-domaine-de-villaine-pierre-de-benoist-679x452.jpg 679w, https:\/\/www.martel.ch\/cms\/wp-content\/uploads\/2019\/04\/martel-unterwegs-burgund-domaine-de-villaine-pierre-de-benoist-554x369.jpg 554w, https:\/\/www.martel.ch\/cms\/wp-content\/uploads\/2019\/04\/martel-unterwegs-burgund-domaine-de-villaine-pierre-de-benoist-330x220.jpg 330w, https:\/\/www.martel.ch\/cms\/wp-content\/uploads\/2019\/04\/martel-unterwegs-burgund-domaine-de-villaine-pierre-de-benoist-400x266.jpg 400w, https:\/\/www.martel.ch\/cms\/wp-content\/uploads\/2019\/04\/martel-unterwegs-burgund-domaine-de-villaine-pierre-de-benoist-500x333.jpg 500w, https:\/\/www.martel.ch\/cms\/wp-content\/uploads\/2019\/04\/martel-unterwegs-burgund-domaine-de-villaine-pierre-de-benoist-359x239.jpg 359w, https:\/\/www.martel.ch\/cms\/wp-content\/uploads\/2019\/04\/martel-unterwegs-burgund-domaine-de-villaine-pierre-de-benoist-230x153.jpg 230w, https:\/\/www.martel.ch\/cms\/wp-content\/uploads\/2019\/04\/martel-unterwegs-burgund-domaine-de-villaine-pierre-de-benoist-680x453.jpg 680w, https:\/\/www.martel.ch\/cms\/wp-content\/uploads\/2019\/04\/martel-unterwegs-burgund-domaine-de-villaine-pierre-de-benoist-490x326.jpg 490w\" sizes=\"auto, (max-width: 728px) 100vw, 728px\" \/><figcaption>Domaine de Villaine, Pierre de Benoist<\/figcaption><\/figure>\n\n\n\n<h2 class=\"wp-block-heading\">Laurent Ponsot, Gilly les Citeaux<\/h2>\n\n\n\n<p>Erfolgreiches gibt es auch von <strong>Laurent Ponsot<\/strong> zu berichten. Vor zwei Jahren, im Februar 2017, hatte er die Domaine Ponsot in Morey Saint Denis verlassen und sich zusammen mit seinem 40j\u00e4hrigen Sohn Cl\u00e9ment quasi selbst\u00e4ndig gemacht. Gestartet war er damals mit Weinen aus sechs Appellationen. Heute sind es schon deren 26! Er ist heute Winzer und N\u00e9gociant und nennt sich stolz \u00abN\u00e9gociant haute couture\u00bb. Seine Weine strahlen dieselbe Eleganz und Finesse aus und sie zeigen die unvergleichliche Cremigkeit, wie wir sie von der Domaine Ponsot her kennen. Alles andere als traditionell aber ist sein Etikett, es kommt sozusagen aus der Zukunft!<\/p>\n\n\n\n<figure class=\"wp-block-image alignnone size-full wp-image-731\"><img loading=\"lazy\" decoding=\"async\" width=\"728\" height=\"485\" src=\"\/cms\/wp-content\/uploads\/2019\/04\/martel-unterwegs-burgund-laurent-ponsot.jpg\" alt=\"Laurent Ponsot\" class=\"wp-image-731\" srcset=\"https:\/\/www.martel.ch\/cms\/wp-content\/uploads\/2019\/04\/martel-unterwegs-burgund-laurent-ponsot.jpg 728w, https:\/\/www.martel.ch\/cms\/wp-content\/uploads\/2019\/04\/martel-unterwegs-burgund-laurent-ponsot-300x200.jpg 300w, https:\/\/www.martel.ch\/cms\/wp-content\/uploads\/2019\/04\/martel-unterwegs-burgund-laurent-ponsot-332x221.jpg 332w, https:\/\/www.martel.ch\/cms\/wp-content\/uploads\/2019\/04\/martel-unterwegs-burgund-laurent-ponsot-290x193.jpg 290w, https:\/\/www.martel.ch\/cms\/wp-content\/uploads\/2019\/04\/martel-unterwegs-burgund-laurent-ponsot-446x297.jpg 446w, https:\/\/www.martel.ch\/cms\/wp-content\/uploads\/2019\/04\/martel-unterwegs-burgund-laurent-ponsot-679x452.jpg 679w, https:\/\/www.martel.ch\/cms\/wp-content\/uploads\/2019\/04\/martel-unterwegs-burgund-laurent-ponsot-554x369.jpg 554w, https:\/\/www.martel.ch\/cms\/wp-content\/uploads\/2019\/04\/martel-unterwegs-burgund-laurent-ponsot-330x220.jpg 330w, https:\/\/www.martel.ch\/cms\/wp-content\/uploads\/2019\/04\/martel-unterwegs-burgund-laurent-ponsot-400x266.jpg 400w, https:\/\/www.martel.ch\/cms\/wp-content\/uploads\/2019\/04\/martel-unterwegs-burgund-laurent-ponsot-500x333.jpg 500w, https:\/\/www.martel.ch\/cms\/wp-content\/uploads\/2019\/04\/martel-unterwegs-burgund-laurent-ponsot-359x239.jpg 359w, https:\/\/www.martel.ch\/cms\/wp-content\/uploads\/2019\/04\/martel-unterwegs-burgund-laurent-ponsot-230x153.jpg 230w, https:\/\/www.martel.ch\/cms\/wp-content\/uploads\/2019\/04\/martel-unterwegs-burgund-laurent-ponsot-680x453.jpg 680w, https:\/\/www.martel.ch\/cms\/wp-content\/uploads\/2019\/04\/martel-unterwegs-burgund-laurent-ponsot-490x326.jpg 490w\" sizes=\"auto, (max-width: 728px) 100vw, 728px\" \/><figcaption>Laurent Ponsot<\/figcaption><\/figure>\n\n\n\n<figure class=\"wp-block-image alignnone wp-image-737 size-full\"><img loading=\"lazy\" decoding=\"async\" width=\"728\" height=\"485\" src=\"\/cms\/wp-content\/uploads\/2019\/04\/martel-unterwegs-burgund-laurent-ponsot-etikette.jpg\" alt=\"Laurent Ponsot Etikette \" class=\"wp-image-737\" srcset=\"https:\/\/www.martel.ch\/cms\/wp-content\/uploads\/2019\/04\/martel-unterwegs-burgund-laurent-ponsot-etikette.jpg 728w, https:\/\/www.martel.ch\/cms\/wp-content\/uploads\/2019\/04\/martel-unterwegs-burgund-laurent-ponsot-etikette-300x200.jpg 300w, https:\/\/www.martel.ch\/cms\/wp-content\/uploads\/2019\/04\/martel-unterwegs-burgund-laurent-ponsot-etikette-332x221.jpg 332w, https:\/\/www.martel.ch\/cms\/wp-content\/uploads\/2019\/04\/martel-unterwegs-burgund-laurent-ponsot-etikette-290x193.jpg 290w, https:\/\/www.martel.ch\/cms\/wp-content\/uploads\/2019\/04\/martel-unterwegs-burgund-laurent-ponsot-etikette-446x297.jpg 446w, https:\/\/www.martel.ch\/cms\/wp-content\/uploads\/2019\/04\/martel-unterwegs-burgund-laurent-ponsot-etikette-679x452.jpg 679w, https:\/\/www.martel.ch\/cms\/wp-content\/uploads\/2019\/04\/martel-unterwegs-burgund-laurent-ponsot-etikette-554x369.jpg 554w, https:\/\/www.martel.ch\/cms\/wp-content\/uploads\/2019\/04\/martel-unterwegs-burgund-laurent-ponsot-etikette-330x220.jpg 330w, https:\/\/www.martel.ch\/cms\/wp-content\/uploads\/2019\/04\/martel-unterwegs-burgund-laurent-ponsot-etikette-400x266.jpg 400w, https:\/\/www.martel.ch\/cms\/wp-content\/uploads\/2019\/04\/martel-unterwegs-burgund-laurent-ponsot-etikette-500x333.jpg 500w, https:\/\/www.martel.ch\/cms\/wp-content\/uploads\/2019\/04\/martel-unterwegs-burgund-laurent-ponsot-etikette-359x239.jpg 359w, https:\/\/www.martel.ch\/cms\/wp-content\/uploads\/2019\/04\/martel-unterwegs-burgund-laurent-ponsot-etikette-230x153.jpg 230w, https:\/\/www.martel.ch\/cms\/wp-content\/uploads\/2019\/04\/martel-unterwegs-burgund-laurent-ponsot-etikette-680x453.jpg 680w, https:\/\/www.martel.ch\/cms\/wp-content\/uploads\/2019\/04\/martel-unterwegs-burgund-laurent-ponsot-etikette-490x326.jpg 490w\" sizes=\"auto, (max-width: 728px) 100vw, 728px\" \/><figcaption>Laurent Ponsots futuristische Meursault Charmes Etikette<\/figcaption><\/figure>\n\n\n\n<h2 class=\"wp-block-heading\">Domaine Ponsot, Morey Saint Denis<\/h2>\n\n\n\n<p>Auf der <strong>Domaine Ponsot<\/strong> hat sich nach dem Weggang von Laurent kaum etwas ver\u00e4ndert, auch wenn heute <strong>Alexandre Abel <\/strong>die \u00f6nologische Verantwortung tr\u00e4gt. Wie sollte es auch, meint <strong>Rosemarie Ponsot. \u00ab<\/strong>Wir machen nicht Weine, wir setzen lediglich die Sprache des Weinbergs um.\u00bb<\/p>\n\n\n\n<figure class=\"wp-block-image alignnone size-full wp-image-729\"><img loading=\"lazy\" decoding=\"async\" width=\"728\" height=\"485\" src=\"\/cms\/wp-content\/uploads\/2019\/04\/martel-unterwegs-burgund-domaine-ponsot-alexandre-abel.jpg\" alt=\"Domaine Ponsot Alexandre Abel \" class=\"wp-image-729\" srcset=\"https:\/\/www.martel.ch\/cms\/wp-content\/uploads\/2019\/04\/martel-unterwegs-burgund-domaine-ponsot-alexandre-abel.jpg 728w, https:\/\/www.martel.ch\/cms\/wp-content\/uploads\/2019\/04\/martel-unterwegs-burgund-domaine-ponsot-alexandre-abel-300x200.jpg 300w, https:\/\/www.martel.ch\/cms\/wp-content\/uploads\/2019\/04\/martel-unterwegs-burgund-domaine-ponsot-alexandre-abel-332x221.jpg 332w, https:\/\/www.martel.ch\/cms\/wp-content\/uploads\/2019\/04\/martel-unterwegs-burgund-domaine-ponsot-alexandre-abel-290x193.jpg 290w, https:\/\/www.martel.ch\/cms\/wp-content\/uploads\/2019\/04\/martel-unterwegs-burgund-domaine-ponsot-alexandre-abel-446x297.jpg 446w, https:\/\/www.martel.ch\/cms\/wp-content\/uploads\/2019\/04\/martel-unterwegs-burgund-domaine-ponsot-alexandre-abel-679x452.jpg 679w, https:\/\/www.martel.ch\/cms\/wp-content\/uploads\/2019\/04\/martel-unterwegs-burgund-domaine-ponsot-alexandre-abel-554x369.jpg 554w, https:\/\/www.martel.ch\/cms\/wp-content\/uploads\/2019\/04\/martel-unterwegs-burgund-domaine-ponsot-alexandre-abel-330x220.jpg 330w, https:\/\/www.martel.ch\/cms\/wp-content\/uploads\/2019\/04\/martel-unterwegs-burgund-domaine-ponsot-alexandre-abel-400x266.jpg 400w, https:\/\/www.martel.ch\/cms\/wp-content\/uploads\/2019\/04\/martel-unterwegs-burgund-domaine-ponsot-alexandre-abel-500x333.jpg 500w, https:\/\/www.martel.ch\/cms\/wp-content\/uploads\/2019\/04\/martel-unterwegs-burgund-domaine-ponsot-alexandre-abel-359x239.jpg 359w, https:\/\/www.martel.ch\/cms\/wp-content\/uploads\/2019\/04\/martel-unterwegs-burgund-domaine-ponsot-alexandre-abel-230x153.jpg 230w, https:\/\/www.martel.ch\/cms\/wp-content\/uploads\/2019\/04\/martel-unterwegs-burgund-domaine-ponsot-alexandre-abel-680x453.jpg 680w, https:\/\/www.martel.ch\/cms\/wp-content\/uploads\/2019\/04\/martel-unterwegs-burgund-domaine-ponsot-alexandre-abel-490x326.jpg 490w\" sizes=\"auto, (max-width: 728px) 100vw, 728px\" \/><figcaption>Domaine Ponsot Alexandre Abel<\/figcaption><\/figure>\n\n\n\n<div class=\"wp-block-buttons is-layout-flex wp-block-buttons-is-layout-flex\">\n<div class=\"wp-block-button\"><a class=\"wp-block-button__link\" href=\"https:\/\/www.martel.ch\/wein\/?filter=herkunft,frankreich~burgund,jahrgang,2017\">Weine Burgund 2017<\/a><\/div>\n<\/div>\n","protected":false},"excerpt":{"rendered":"","protected":false},"author":19,"featured_media":733,"comment_status":"closed","ping_status":"closed","sticky":false,"template":"","format":"standard","meta":{"_acf_changed":false,"inline_featured_image":false,"footnotes":""},"categories":[449,431],"tags":[],"coauthors":[],"class_list":["post-725","post","type-post","status-publish","format-standard","has-post-thumbnail","hentry","category-alle","category-rueckblick"],"acf":{"inhaltselemente":null},"yoast_head":"<!-- This site is optimized with the Yoast SEO plugin v27.5 - https:\/\/yoast.com\/product\/yoast-seo-wordpress\/ -->\n<title>Der Jahrgang 2017 im Burgund | Martel Weine St.Gallen und Z\u00fcrich<\/title>\n<meta name=\"description\" content=\"Impressionen unserer Burgundreise. Die Qualit\u00e4t des Jahrgangs 2017 ist \u00fcberzeugend: \u201eToute en finesse et en \u00e9l\u00e9gance\u201c.\" \/>\n<meta name=\"robots\" content=\"index, follow, max-snippet:-1, max-image-preview:large, max-video-preview:-1\" \/>\n<link rel=\"canonical\" href=\"https:\/\/www.martel.ch\/cms\/weinwissen\/weinmagazin\/rueckblick\/der-jahrgang-2017-im-burgund\/\" \/>\n<meta property=\"og:locale\" content=\"de_DE\" \/>\n<meta property=\"og:type\" content=\"article\" \/>\n<meta property=\"og:title\" content=\"Der Jahrgang 2017 im Burgund | Martel Weine St.Gallen und Z\u00fcrich\" \/>\n<meta property=\"og:description\" content=\"Impressionen unserer Burgundreise. Die Qualit\u00e4t des Jahrgangs 2017 ist \u00fcberzeugend: \u201eToute en finesse et en \u00e9l\u00e9gance\u201c.\" \/>\n<meta property=\"og:url\" content=\"https:\/\/www.martel.ch\/cms\/weinwissen\/weinmagazin\/rueckblick\/der-jahrgang-2017-im-burgund\/\" \/>\n<meta property=\"og:site_name\" content=\"Martel\" \/>\n<meta property=\"article:publisher\" content=\"https:\/\/www.facebook.com\/pages\/Martel-AG-St-Gallen\/233396026691876\" \/>\n<meta property=\"article:published_time\" content=\"2019-04-08T11:57:42+00:00\" \/>\n<meta property=\"article:modified_time\" content=\"2022-08-24T12:39:07+00:00\" \/>\n<meta property=\"og:image\" content=\"https:\/\/www.martel.ch\/cms\/wp-content\/uploads\/2019\/04\/martel-unterwegs-burgund-rebberg-pinotnoir.jpg\" \/>\n\t<meta property=\"og:image:width\" content=\"728\" \/>\n\t<meta property=\"og:image:height\" content=\"485\" \/>\n\t<meta property=\"og:image:type\" content=\"image\/jpeg\" \/>\n<meta name=\"author\" content=\"Martin Schwarz\" \/>\n<meta name=\"twitter:card\" content=\"summary_large_image\" \/>\n<meta name=\"twitter:creator\" content=\"@martel_weinwelt\" \/>\n<meta name=\"twitter:site\" content=\"@martel_weinwelt\" \/>\n<meta name=\"twitter:label1\" content=\"Geschrieben von\" \/>\n\t<meta name=\"twitter:data1\" content=\"Martin Schwarz\" \/>\n\t<meta name=\"twitter:label2\" content=\"Gesch\u00e4tzte Lesezeit\" \/>\n\t<meta name=\"twitter:data2\" content=\"3\u00a0Minuten\" \/>\n\t<meta name=\"twitter:label3\" content=\"Written by\" \/>\n\t<meta name=\"twitter:data3\" content=\"Martin Schwarz\" \/>\n<script type=\"application\/ld+json\" class=\"yoast-schema-graph\">{\"@context\":\"https:\\\/\\\/schema.org\",\"@graph\":[{\"@type\":\"Article\",\"@id\":\"https:\\\/\\\/www.martel.ch\\\/cms\\\/weinwissen\\\/weinmagazin\\\/rueckblick\\\/der-jahrgang-2017-im-burgund\\\/#article\",\"isPartOf\":{\"@id\":\"https:\\\/\\\/www.martel.ch\\\/cms\\\/weinwissen\\\/weinmagazin\\\/rueckblick\\\/der-jahrgang-2017-im-burgund\\\/\"},\"author\":{\"name\":\"Martin Schwarz\",\"@id\":\"https:\\\/\\\/www.martel.ch\\\/cms\\\/#\\\/schema\\\/person\\\/242aaac9919dbc0e603f4bb5da15fe1f\"},\"headline\":\"Der Jahrgang 2017 im Burgund\",\"datePublished\":\"2019-04-08T11:57:42+00:00\",\"dateModified\":\"2022-08-24T12:39:07+00:00\",\"mainEntityOfPage\":{\"@id\":\"https:\\\/\\\/www.martel.ch\\\/cms\\\/weinwissen\\\/weinmagazin\\\/rueckblick\\\/der-jahrgang-2017-im-burgund\\\/\"},\"wordCount\":651,\"publisher\":{\"@id\":\"https:\\\/\\\/www.martel.ch\\\/cms\\\/#organization\"},\"image\":{\"@id\":\"https:\\\/\\\/www.martel.ch\\\/cms\\\/weinwissen\\\/weinmagazin\\\/rueckblick\\\/der-jahrgang-2017-im-burgund\\\/#primaryimage\"},\"thumbnailUrl\":\"https:\\\/\\\/www.martel.ch\\\/cms\\\/wp-content\\\/uploads\\\/2019\\\/04\\\/martel-unterwegs-burgund-rebberg-pinotnoir.jpg\",\"articleSection\":[\"Alle\",\"R\u00fcckblick\"],\"inLanguage\":\"de-CH\"},{\"@type\":\"WebPage\",\"@id\":\"https:\\\/\\\/www.martel.ch\\\/cms\\\/weinwissen\\\/weinmagazin\\\/rueckblick\\\/der-jahrgang-2017-im-burgund\\\/\",\"url\":\"https:\\\/\\\/www.martel.ch\\\/cms\\\/weinwissen\\\/weinmagazin\\\/rueckblick\\\/der-jahrgang-2017-im-burgund\\\/\",\"name\":\"Der Jahrgang 2017 im Burgund | Martel Weine St.Gallen und Z\u00fcrich\",\"isPartOf\":{\"@id\":\"https:\\\/\\\/www.martel.ch\\\/cms\\\/#website\"},\"primaryImageOfPage\":{\"@id\":\"https:\\\/\\\/www.martel.ch\\\/cms\\\/weinwissen\\\/weinmagazin\\\/rueckblick\\\/der-jahrgang-2017-im-burgund\\\/#primaryimage\"},\"image\":{\"@id\":\"https:\\\/\\\/www.martel.ch\\\/cms\\\/weinwissen\\\/weinmagazin\\\/rueckblick\\\/der-jahrgang-2017-im-burgund\\\/#primaryimage\"},\"thumbnailUrl\":\"https:\\\/\\\/www.martel.ch\\\/cms\\\/wp-content\\\/uploads\\\/2019\\\/04\\\/martel-unterwegs-burgund-rebberg-pinotnoir.jpg\",\"datePublished\":\"2019-04-08T11:57:42+00:00\",\"dateModified\":\"2022-08-24T12:39:07+00:00\",\"description\":\"Impressionen unserer Burgundreise. Die Qualit\u00e4t des Jahrgangs 2017 ist \u00fcberzeugend: \u201eToute en finesse et en \u00e9l\u00e9gance\u201c.\",\"breadcrumb\":{\"@id\":\"https:\\\/\\\/www.martel.ch\\\/cms\\\/weinwissen\\\/weinmagazin\\\/rueckblick\\\/der-jahrgang-2017-im-burgund\\\/#breadcrumb\"},\"inLanguage\":\"de-CH\",\"potentialAction\":[{\"@type\":\"ReadAction\",\"target\":[\"https:\\\/\\\/www.martel.ch\\\/cms\\\/weinwissen\\\/weinmagazin\\\/rueckblick\\\/der-jahrgang-2017-im-burgund\\\/\"]}]},{\"@type\":\"ImageObject\",\"inLanguage\":\"de-CH\",\"@id\":\"https:\\\/\\\/www.martel.ch\\\/cms\\\/weinwissen\\\/weinmagazin\\\/rueckblick\\\/der-jahrgang-2017-im-burgund\\\/#primaryimage\",\"url\":\"https:\\\/\\\/www.martel.ch\\\/cms\\\/wp-content\\\/uploads\\\/2019\\\/04\\\/martel-unterwegs-burgund-rebberg-pinotnoir.jpg\",\"contentUrl\":\"https:\\\/\\\/www.martel.ch\\\/cms\\\/wp-content\\\/uploads\\\/2019\\\/04\\\/martel-unterwegs-burgund-rebberg-pinotnoir.jpg\",\"width\":728,\"height\":485,\"caption\":\"Rebberg Burgund Pinot Noir\"},{\"@type\":\"BreadcrumbList\",\"@id\":\"https:\\\/\\\/www.martel.ch\\\/cms\\\/weinwissen\\\/weinmagazin\\\/rueckblick\\\/der-jahrgang-2017-im-burgund\\\/#breadcrumb\",\"itemListElement\":[{\"@type\":\"ListItem\",\"position\":1,\"name\":\"Startseite\",\"item\":\"https:\\\/\\\/www.martel.ch\\\/cms\\\/\"},{\"@type\":\"ListItem\",\"position\":2,\"name\":\"Der Jahrgang 2017 im Burgund\"}]},{\"@type\":\"WebSite\",\"@id\":\"https:\\\/\\\/www.martel.ch\\\/cms\\\/#website\",\"url\":\"https:\\\/\\\/www.martel.ch\\\/cms\\\/\",\"name\":\"Martel\",\"description\":\"F\u00fcr Weinbegeisterte und die, die es werden m\u00f6chten.\",\"publisher\":{\"@id\":\"https:\\\/\\\/www.martel.ch\\\/cms\\\/#organization\"},\"potentialAction\":[{\"@type\":\"SearchAction\",\"target\":{\"@type\":\"EntryPoint\",\"urlTemplate\":\"https:\\\/\\\/www.martel.ch\\\/cms\\\/?s={search_term_string}\"},\"query-input\":{\"@type\":\"PropertyValueSpecification\",\"valueRequired\":true,\"valueName\":\"search_term_string\"}}],\"inLanguage\":\"de-CH\"},{\"@type\":\"Organization\",\"@id\":\"https:\\\/\\\/www.martel.ch\\\/cms\\\/#organization\",\"name\":\"Martel AG St.Gallen\",\"url\":\"https:\\\/\\\/www.martel.ch\\\/cms\\\/\",\"logo\":{\"@type\":\"ImageObject\",\"inLanguage\":\"de-CH\",\"@id\":\"https:\\\/\\\/www.martel.ch\\\/cms\\\/#\\\/schema\\\/logo\\\/image\\\/\",\"url\":\"https:\\\/\\\/www.martel.ch\\\/cms\\\/wp-content\\\/uploads\\\/2019\\\/02\\\/martel-logo.png\",\"contentUrl\":\"https:\\\/\\\/www.martel.ch\\\/cms\\\/wp-content\\\/uploads\\\/2019\\\/02\\\/martel-logo.png\",\"width\":600,\"height\":600,\"caption\":\"Martel AG St.Gallen\"},\"image\":{\"@id\":\"https:\\\/\\\/www.martel.ch\\\/cms\\\/#\\\/schema\\\/logo\\\/image\\\/\"},\"sameAs\":[\"https:\\\/\\\/www.facebook.com\\\/pages\\\/Martel-AG-St-Gallen\\\/233396026691876\",\"https:\\\/\\\/x.com\\\/martel_weinwelt\",\"https:\\\/\\\/www.instagram.com\\\/martel_weinwelt\\\/\",\"https:\\\/\\\/www.linkedin.com\\\/company\\\/martel-ag-st-gallen\",\"https:\\\/\\\/www.pinterest.ch\\\/martel_weinwelt\"]},{\"@type\":\"Person\",\"@id\":\"https:\\\/\\\/www.martel.ch\\\/cms\\\/#\\\/schema\\\/person\\\/242aaac9919dbc0e603f4bb5da15fe1f\",\"name\":\"Martin Schwarz\",\"image\":{\"@type\":\"ImageObject\",\"inLanguage\":\"de-CH\",\"@id\":\"https:\\\/\\\/secure.gravatar.com\\\/avatar\\\/b0946d337c5a3e313bb28fb25ac2ec718df289589b16e615e281744f7ccbb787?s=96&d=mm&r=g6e77f0a16ef7d6a3f20a076aefde484c\",\"url\":\"https:\\\/\\\/secure.gravatar.com\\\/avatar\\\/b0946d337c5a3e313bb28fb25ac2ec718df289589b16e615e281744f7ccbb787?s=96&d=mm&r=g\",\"contentUrl\":\"https:\\\/\\\/secure.gravatar.com\\\/avatar\\\/b0946d337c5a3e313bb28fb25ac2ec718df289589b16e615e281744f7ccbb787?s=96&d=mm&r=g\",\"caption\":\"Martin Schwarz\"}}]}<\/script>\n<!-- \/ Yoast SEO plugin. -->","yoast_head_json":{"title":"Der Jahrgang 2017 im Burgund | Martel Weine St.Gallen und Z\u00fcrich","description":"Impressionen unserer Burgundreise. Die Qualit\u00e4t des Jahrgangs 2017 ist \u00fcberzeugend: \u201eToute en finesse et en \u00e9l\u00e9gance\u201c.","robots":{"index":"index","follow":"follow","max-snippet":"max-snippet:-1","max-image-preview":"max-image-preview:large","max-video-preview":"max-video-preview:-1"},"canonical":"https:\/\/www.martel.ch\/cms\/weinwissen\/weinmagazin\/rueckblick\/der-jahrgang-2017-im-burgund\/","og_locale":"de_DE","og_type":"article","og_title":"Der Jahrgang 2017 im Burgund | Martel Weine St.Gallen und Z\u00fcrich","og_description":"Impressionen unserer Burgundreise. Die Qualit\u00e4t des Jahrgangs 2017 ist \u00fcberzeugend: \u201eToute en finesse et en \u00e9l\u00e9gance\u201c.","og_url":"https:\/\/www.martel.ch\/cms\/weinwissen\/weinmagazin\/rueckblick\/der-jahrgang-2017-im-burgund\/","og_site_name":"Martel","article_publisher":"https:\/\/www.facebook.com\/pages\/Martel-AG-St-Gallen\/233396026691876","article_published_time":"2019-04-08T11:57:42+00:00","article_modified_time":"2022-08-24T12:39:07+00:00","og_image":[{"width":728,"height":485,"url":"https:\/\/www.martel.ch\/cms\/wp-content\/uploads\/2019\/04\/martel-unterwegs-burgund-rebberg-pinotnoir.jpg","type":"image\/jpeg"}],"author":"Martin Schwarz","twitter_card":"summary_large_image","twitter_creator":"@martel_weinwelt","twitter_site":"@martel_weinwelt","twitter_misc":{"Geschrieben von":"Martin Schwarz","Gesch\u00e4tzte Lesezeit":"3\u00a0Minuten","Written by":"Martin Schwarz"},"schema":{"@context":"https:\/\/schema.org","@graph":[{"@type":"Article","@id":"https:\/\/www.martel.ch\/cms\/weinwissen\/weinmagazin\/rueckblick\/der-jahrgang-2017-im-burgund\/#article","isPartOf":{"@id":"https:\/\/www.martel.ch\/cms\/weinwissen\/weinmagazin\/rueckblick\/der-jahrgang-2017-im-burgund\/"},"author":{"name":"Martin Schwarz","@id":"https:\/\/www.martel.ch\/cms\/#\/schema\/person\/242aaac9919dbc0e603f4bb5da15fe1f"},"headline":"Der Jahrgang 2017 im Burgund","datePublished":"2019-04-08T11:57:42+00:00","dateModified":"2022-08-24T12:39:07+00:00","mainEntityOfPage":{"@id":"https:\/\/www.martel.ch\/cms\/weinwissen\/weinmagazin\/rueckblick\/der-jahrgang-2017-im-burgund\/"},"wordCount":651,"publisher":{"@id":"https:\/\/www.martel.ch\/cms\/#organization"},"image":{"@id":"https:\/\/www.martel.ch\/cms\/weinwissen\/weinmagazin\/rueckblick\/der-jahrgang-2017-im-burgund\/#primaryimage"},"thumbnailUrl":"https:\/\/www.martel.ch\/cms\/wp-content\/uploads\/2019\/04\/martel-unterwegs-burgund-rebberg-pinotnoir.jpg","articleSection":["Alle","R\u00fcckblick"],"inLanguage":"de-CH"},{"@type":"WebPage","@id":"https:\/\/www.martel.ch\/cms\/weinwissen\/weinmagazin\/rueckblick\/der-jahrgang-2017-im-burgund\/","url":"https:\/\/www.martel.ch\/cms\/weinwissen\/weinmagazin\/rueckblick\/der-jahrgang-2017-im-burgund\/","name":"Der Jahrgang 2017 im Burgund | Martel Weine St.Gallen und Z\u00fcrich","isPartOf":{"@id":"https:\/\/www.martel.ch\/cms\/#website"},"primaryImageOfPage":{"@id":"https:\/\/www.martel.ch\/cms\/weinwissen\/weinmagazin\/rueckblick\/der-jahrgang-2017-im-burgund\/#primaryimage"},"image":{"@id":"https:\/\/www.martel.ch\/cms\/weinwissen\/weinmagazin\/rueckblick\/der-jahrgang-2017-im-burgund\/#primaryimage"},"thumbnailUrl":"https:\/\/www.martel.ch\/cms\/wp-content\/uploads\/2019\/04\/martel-unterwegs-burgund-rebberg-pinotnoir.jpg","datePublished":"2019-04-08T11:57:42+00:00","dateModified":"2022-08-24T12:39:07+00:00","description":"Impressionen unserer Burgundreise. Die Qualit\u00e4t des Jahrgangs 2017 ist \u00fcberzeugend: \u201eToute en finesse et en \u00e9l\u00e9gance\u201c.","breadcrumb":{"@id":"https:\/\/www.martel.ch\/cms\/weinwissen\/weinmagazin\/rueckblick\/der-jahrgang-2017-im-burgund\/#breadcrumb"},"inLanguage":"de-CH","potentialAction":[{"@type":"ReadAction","target":["https:\/\/www.martel.ch\/cms\/weinwissen\/weinmagazin\/rueckblick\/der-jahrgang-2017-im-burgund\/"]}]},{"@type":"ImageObject","inLanguage":"de-CH","@id":"https:\/\/www.martel.ch\/cms\/weinwissen\/weinmagazin\/rueckblick\/der-jahrgang-2017-im-burgund\/#primaryimage","url":"https:\/\/www.martel.ch\/cms\/wp-content\/uploads\/2019\/04\/martel-unterwegs-burgund-rebberg-pinotnoir.jpg","contentUrl":"https:\/\/www.martel.ch\/cms\/wp-content\/uploads\/2019\/04\/martel-unterwegs-burgund-rebberg-pinotnoir.jpg","width":728,"height":485,"caption":"Rebberg Burgund Pinot Noir"},{"@type":"BreadcrumbList","@id":"https:\/\/www.martel.ch\/cms\/weinwissen\/weinmagazin\/rueckblick\/der-jahrgang-2017-im-burgund\/#breadcrumb","itemListElement":[{"@type":"ListItem","position":1,"name":"Startseite","item":"https:\/\/www.martel.ch\/cms\/"},{"@type":"ListItem","position":2,"name":"Der Jahrgang 2017 im Burgund"}]},{"@type":"WebSite","@id":"https:\/\/www.martel.ch\/cms\/#website","url":"https:\/\/www.martel.ch\/cms\/","name":"Martel","description":"F\u00fcr Weinbegeisterte und die, die es werden m\u00f6chten.","publisher":{"@id":"https:\/\/www.martel.ch\/cms\/#organization"},"potentialAction":[{"@type":"SearchAction","target":{"@type":"EntryPoint","urlTemplate":"https:\/\/www.martel.ch\/cms\/?s={search_term_string}"},"query-input":{"@type":"PropertyValueSpecification","valueRequired":true,"valueName":"search_term_string"}}],"inLanguage":"de-CH"},{"@type":"Organization","@id":"https:\/\/www.martel.ch\/cms\/#organization","name":"Martel AG St.Gallen","url":"https:\/\/www.martel.ch\/cms\/","logo":{"@type":"ImageObject","inLanguage":"de-CH","@id":"https:\/\/www.martel.ch\/cms\/#\/schema\/logo\/image\/","url":"https:\/\/www.martel.ch\/cms\/wp-content\/uploads\/2019\/02\/martel-logo.png","contentUrl":"https:\/\/www.martel.ch\/cms\/wp-content\/uploads\/2019\/02\/martel-logo.png","width":600,"height":600,"caption":"Martel AG St.Gallen"},"image":{"@id":"https:\/\/www.martel.ch\/cms\/#\/schema\/logo\/image\/"},"sameAs":["https:\/\/www.facebook.com\/pages\/Martel-AG-St-Gallen\/233396026691876","https:\/\/x.com\/martel_weinwelt","https:\/\/www.instagram.com\/martel_weinwelt\/","https:\/\/www.linkedin.com\/company\/martel-ag-st-gallen","https:\/\/www.pinterest.ch\/martel_weinwelt"]},{"@type":"Person","@id":"https:\/\/www.martel.ch\/cms\/#\/schema\/person\/242aaac9919dbc0e603f4bb5da15fe1f","name":"Martin Schwarz","image":{"@type":"ImageObject","inLanguage":"de-CH","@id":"https:\/\/secure.gravatar.com\/avatar\/b0946d337c5a3e313bb28fb25ac2ec718df289589b16e615e281744f7ccbb787?s=96&d=mm&r=g6e77f0a16ef7d6a3f20a076aefde484c","url":"https:\/\/secure.gravatar.com\/avatar\/b0946d337c5a3e313bb28fb25ac2ec718df289589b16e615e281744f7ccbb787?s=96&d=mm&r=g","contentUrl":"https:\/\/secure.gravatar.com\/avatar\/b0946d337c5a3e313bb28fb25ac2ec718df289589b16e615e281744f7ccbb787?s=96&d=mm&r=g","caption":"Martin Schwarz"}}]}},"_links":{"self":[{"href":"https:\/\/www.martel.ch\/cms\/wp-json\/wp\/v2\/posts\/725","targetHints":{"allow":["GET"]}}],"collection":[{"href":"https:\/\/www.martel.ch\/cms\/wp-json\/wp\/v2\/posts"}],"about":[{"href":"https:\/\/www.martel.ch\/cms\/wp-json\/wp\/v2\/types\/post"}],"author":[{"embeddable":true,"href":"https:\/\/www.martel.ch\/cms\/wp-json\/wp\/v2\/users\/19"}],"replies":[{"embeddable":true,"href":"https:\/\/www.martel.ch\/cms\/wp-json\/wp\/v2\/comments?post=725"}],"version-history":[{"count":3,"href":"https:\/\/www.martel.ch\/cms\/wp-json\/wp\/v2\/posts\/725\/revisions"}],"predecessor-version":[{"id":14959,"href":"https:\/\/www.martel.ch\/cms\/wp-json\/wp\/v2\/posts\/725\/revisions\/14959"}],"wp:featuredmedia":[{"embeddable":true,"href":"https:\/\/www.martel.ch\/cms\/wp-json\/wp\/v2\/media\/733"}],"wp:attachment":[{"href":"https:\/\/www.martel.ch\/cms\/wp-json\/wp\/v2\/media?parent=725"}],"wp:term":[{"taxonomy":"category","embeddable":true,"href":"https:\/\/www.martel.ch\/cms\/wp-json\/wp\/v2\/categories?post=725"},{"taxonomy":"post_tag","embeddable":true,"href":"https:\/\/www.martel.ch\/cms\/wp-json\/wp\/v2\/tags?post=725"},{"taxonomy":"author","embeddable":true,"href":"https:\/\/www.martel.ch\/cms\/wp-json\/wp\/v2\/coauthors?post=725"}],"curies":[{"name":"wp","href":"https:\/\/api.w.org\/{rel}","templated":true}]}}