{"id":767,"date":"2019-04-12T10:42:27","date_gmt":"2019-04-12T08:42:27","guid":{"rendered":"\/cms\/?p=767"},"modified":"2022-08-24T14:37:30","modified_gmt":"2022-08-24T12:37:30","slug":"bordeaux-2018-degustation-der-primeurs-im-fruehjahr-2019","status":"publish","type":"post","link":"https:\/\/www.martel.ch\/cms\/weinwissen\/weinmagazin\/rueckblick\/bordeaux-2018-degustation-der-primeurs-im-fruehjahr-2019\/","title":{"rendered":"Bordeaux 2018: Degustation der Primeurs im Fr\u00fchjahr 2019"},"content":{"rendered":"\n<p>Ob Burgund oder Bordeaux, unglaublich wie sich gegenw\u00e4rtig die gener\u00f6sen Jahre h\u00e4ufen. Innerhalb eines Jahrzehntes z\u00e4hlt man heute <strong>5 Jahrg\u00e4nge mit einem \u00dcberfluss an Sonne und W\u00e4rme<\/strong>. Fr\u00fcher gab es vielleicht einen. Es herrscht eigentlich Einigkeit, dass der Klimawandel gr\u00fcssen l\u00e4sst. Allerdings hat man auch schnell gelernt, auf die neuen Verh\u00e4ltnisse zu reagieren. Innerhalb der M\u00f6glichkeiten wenigstens&#8230;! Wenn man mit dem n\u00f6tigen Fingerspitzengef\u00fchl je nach Rebsorte und Parzelle den <strong>optimalen Erntezeitpunkt<\/strong> fand und w\u00e4hlte, konnte man im 2018 von einem <strong>wunderbaren zweiten Halbjahr<\/strong> profitieren, was zu hervorragenden Konditionen f\u00fcr die gesamte Ernte f\u00fchrte. Und die war lang: vom August (f\u00fcr die Weissen) bis in den Oktober hinein (f\u00fcr die sp\u00e4t reifenden Sorten wie den Cabernet Sauvignon). Davor, vom Winter bis mitten in den Sommer hinein, sah das Bild genau gegenteilig aus.<\/p>\n\n\n\n<p>Es gab zwei grosse Probleme: der Frost betraf nur einige Bereiche, aber dort war man ihm schutz- und machtlos ausgeliefert. Aber alle hatten mit dem Mehltau zu k\u00e4mpfen. Eine besonders fiese und prek\u00e4re Attacke fiel just auf das<strong> <em>2018er Weekend de France<\/em><\/strong> schlechthin am <em>14. und 15. Juli<\/em>, wo sich ausgerechnet der franz\u00f6sische Nationalfeiertag und Fussball-WM-Final mit dem siegreichen Frankreich und Kroatien die Hand gaben.<\/p>\n\n\n\n<figure class=\"wp-block-image\"><img loading=\"lazy\" decoding=\"async\" width=\"728\" height=\"485\" src=\"\/cms\/wp-content\/uploads\/2019\/04\/martel-unterwegs-bordeaux-leonville-barton.jpg\" alt=\"Leonville Barton Bordeaux Degustation\" class=\"wp-image-773\" srcset=\"https:\/\/www.martel.ch\/cms\/wp-content\/uploads\/2019\/04\/martel-unterwegs-bordeaux-leonville-barton.jpg 728w, https:\/\/www.martel.ch\/cms\/wp-content\/uploads\/2019\/04\/martel-unterwegs-bordeaux-leonville-barton-300x200.jpg 300w, https:\/\/www.martel.ch\/cms\/wp-content\/uploads\/2019\/04\/martel-unterwegs-bordeaux-leonville-barton-332x221.jpg 332w, https:\/\/www.martel.ch\/cms\/wp-content\/uploads\/2019\/04\/martel-unterwegs-bordeaux-leonville-barton-290x193.jpg 290w, https:\/\/www.martel.ch\/cms\/wp-content\/uploads\/2019\/04\/martel-unterwegs-bordeaux-leonville-barton-446x297.jpg 446w, https:\/\/www.martel.ch\/cms\/wp-content\/uploads\/2019\/04\/martel-unterwegs-bordeaux-leonville-barton-679x452.jpg 679w, https:\/\/www.martel.ch\/cms\/wp-content\/uploads\/2019\/04\/martel-unterwegs-bordeaux-leonville-barton-554x369.jpg 554w, https:\/\/www.martel.ch\/cms\/wp-content\/uploads\/2019\/04\/martel-unterwegs-bordeaux-leonville-barton-330x220.jpg 330w, https:\/\/www.martel.ch\/cms\/wp-content\/uploads\/2019\/04\/martel-unterwegs-bordeaux-leonville-barton-400x266.jpg 400w, https:\/\/www.martel.ch\/cms\/wp-content\/uploads\/2019\/04\/martel-unterwegs-bordeaux-leonville-barton-500x333.jpg 500w, https:\/\/www.martel.ch\/cms\/wp-content\/uploads\/2019\/04\/martel-unterwegs-bordeaux-leonville-barton-359x239.jpg 359w, https:\/\/www.martel.ch\/cms\/wp-content\/uploads\/2019\/04\/martel-unterwegs-bordeaux-leonville-barton-230x153.jpg 230w, https:\/\/www.martel.ch\/cms\/wp-content\/uploads\/2019\/04\/martel-unterwegs-bordeaux-leonville-barton-680x453.jpg 680w, https:\/\/www.martel.ch\/cms\/wp-content\/uploads\/2019\/04\/martel-unterwegs-bordeaux-leonville-barton-490x326.jpg 490w\" sizes=\"auto, (max-width: 728px) 100vw, 728px\" \/><\/figure>\n\n\n\n<figure class=\"wp-block-image\"><img loading=\"lazy\" decoding=\"async\" width=\"728\" height=\"485\" src=\"\/cms\/wp-content\/uploads\/2019\/04\/martel-unterwegs-bordeaux-domaine-de-chevalier.jpg\" alt=\"Domaine de Chevalier Bordeaux Degustation \" class=\"wp-image-769\" srcset=\"https:\/\/www.martel.ch\/cms\/wp-content\/uploads\/2019\/04\/martel-unterwegs-bordeaux-domaine-de-chevalier.jpg 728w, https:\/\/www.martel.ch\/cms\/wp-content\/uploads\/2019\/04\/martel-unterwegs-bordeaux-domaine-de-chevalier-300x200.jpg 300w, https:\/\/www.martel.ch\/cms\/wp-content\/uploads\/2019\/04\/martel-unterwegs-bordeaux-domaine-de-chevalier-332x221.jpg 332w, https:\/\/www.martel.ch\/cms\/wp-content\/uploads\/2019\/04\/martel-unterwegs-bordeaux-domaine-de-chevalier-290x193.jpg 290w, https:\/\/www.martel.ch\/cms\/wp-content\/uploads\/2019\/04\/martel-unterwegs-bordeaux-domaine-de-chevalier-446x297.jpg 446w, https:\/\/www.martel.ch\/cms\/wp-content\/uploads\/2019\/04\/martel-unterwegs-bordeaux-domaine-de-chevalier-679x452.jpg 679w, https:\/\/www.martel.ch\/cms\/wp-content\/uploads\/2019\/04\/martel-unterwegs-bordeaux-domaine-de-chevalier-554x369.jpg 554w, https:\/\/www.martel.ch\/cms\/wp-content\/uploads\/2019\/04\/martel-unterwegs-bordeaux-domaine-de-chevalier-330x220.jpg 330w, https:\/\/www.martel.ch\/cms\/wp-content\/uploads\/2019\/04\/martel-unterwegs-bordeaux-domaine-de-chevalier-400x266.jpg 400w, https:\/\/www.martel.ch\/cms\/wp-content\/uploads\/2019\/04\/martel-unterwegs-bordeaux-domaine-de-chevalier-500x333.jpg 500w, https:\/\/www.martel.ch\/cms\/wp-content\/uploads\/2019\/04\/martel-unterwegs-bordeaux-domaine-de-chevalier-359x239.jpg 359w, https:\/\/www.martel.ch\/cms\/wp-content\/uploads\/2019\/04\/martel-unterwegs-bordeaux-domaine-de-chevalier-230x153.jpg 230w, https:\/\/www.martel.ch\/cms\/wp-content\/uploads\/2019\/04\/martel-unterwegs-bordeaux-domaine-de-chevalier-680x453.jpg 680w, https:\/\/www.martel.ch\/cms\/wp-content\/uploads\/2019\/04\/martel-unterwegs-bordeaux-domaine-de-chevalier-490x326.jpg 490w\" sizes=\"auto, (max-width: 728px) 100vw, 728px\" \/><\/figure>\n\n\n\n<h2 class=\"wp-block-heading\">Das Wetter<\/h2>\n\n\n\n<p>Jean-Philippe Masclef von den Domaines Clarence Dillon (Haut-Brion etc) fasste 2018 so zusammen: <strong>\u00abDie erste Halbzeit hatten wir <em>les pieds dans l\u2019eau<\/em>, in der zweiten <em>la t\u00eate dans le ciel<\/em>.\u00bb<\/strong> Mit anderen Worten: es begann nass und dauerbew\u00f6lkt, bis sich die Situation ab Mitte Juli schlagartig umkehrte, und es ohne Unterbruch drei Monate lang nur noch strahlende Sonne gab. Wer schadlos durch dieses Jahr der Kontraste kam, konnte jubilieren.<\/p>\n\n\n\n<figure class=\"wp-block-image\"><img loading=\"lazy\" decoding=\"async\" width=\"728\" height=\"485\" src=\"\/cms\/wp-content\/uploads\/2019\/04\/martel-unterwegs-bordeaux-haut-brion.jpg\" alt=\"Haut Brion Bordeaux Degustation\" class=\"wp-image-770\" srcset=\"https:\/\/www.martel.ch\/cms\/wp-content\/uploads\/2019\/04\/martel-unterwegs-bordeaux-haut-brion.jpg 728w, https:\/\/www.martel.ch\/cms\/wp-content\/uploads\/2019\/04\/martel-unterwegs-bordeaux-haut-brion-300x200.jpg 300w, https:\/\/www.martel.ch\/cms\/wp-content\/uploads\/2019\/04\/martel-unterwegs-bordeaux-haut-brion-332x221.jpg 332w, https:\/\/www.martel.ch\/cms\/wp-content\/uploads\/2019\/04\/martel-unterwegs-bordeaux-haut-brion-290x193.jpg 290w, https:\/\/www.martel.ch\/cms\/wp-content\/uploads\/2019\/04\/martel-unterwegs-bordeaux-haut-brion-446x297.jpg 446w, https:\/\/www.martel.ch\/cms\/wp-content\/uploads\/2019\/04\/martel-unterwegs-bordeaux-haut-brion-679x452.jpg 679w, https:\/\/www.martel.ch\/cms\/wp-content\/uploads\/2019\/04\/martel-unterwegs-bordeaux-haut-brion-554x369.jpg 554w, https:\/\/www.martel.ch\/cms\/wp-content\/uploads\/2019\/04\/martel-unterwegs-bordeaux-haut-brion-330x220.jpg 330w, https:\/\/www.martel.ch\/cms\/wp-content\/uploads\/2019\/04\/martel-unterwegs-bordeaux-haut-brion-400x266.jpg 400w, https:\/\/www.martel.ch\/cms\/wp-content\/uploads\/2019\/04\/martel-unterwegs-bordeaux-haut-brion-500x333.jpg 500w, https:\/\/www.martel.ch\/cms\/wp-content\/uploads\/2019\/04\/martel-unterwegs-bordeaux-haut-brion-359x239.jpg 359w, https:\/\/www.martel.ch\/cms\/wp-content\/uploads\/2019\/04\/martel-unterwegs-bordeaux-haut-brion-230x153.jpg 230w, https:\/\/www.martel.ch\/cms\/wp-content\/uploads\/2019\/04\/martel-unterwegs-bordeaux-haut-brion-680x453.jpg 680w, https:\/\/www.martel.ch\/cms\/wp-content\/uploads\/2019\/04\/martel-unterwegs-bordeaux-haut-brion-490x326.jpg 490w\" sizes=\"auto, (max-width: 728px) 100vw, 728px\" \/><\/figure>\n\n\n\n<h2 class=\"wp-block-heading\">Der Jahrgang 2018<\/h2>\n\n\n\n<p>In vieler Hinsicht \u00e4hnelt 2018 dem glorreichen Jahrgang 2016, wenn auch nur in Sachen Jahresverlauf und Stil der Weine. 2018 zeigt sich in der Breite weniger homogen. <strong>Die Rotweine zeigen hohe Konzentration, welche noch verst\u00e4rkt wurde durch den warmen Herbst. <\/strong>Dieser entzog den Beeren Wasser und l\u00f6ste so eine Art Amarone-Effekt aus.<\/p>\n\n\n\n<p>Grosses leisteten die Weing\u00fcter, welche die Lektionen aus den Jahren wie 2003 gelernt haben und so die Frische und Harmonie bewahren konnten und die Gradationen in Grenzen halten.&nbsp;<span lang=\"FR\">Fran\u00e7ois Mitjavile schw\u00e4rmt betreffend seines Terte Roteboeuf (St-Emilion) und Roc de Cambes (C\u00f4tes de Bourg) von der sch\u00f6nen Ausreifung im Herbst, \u00abqui pr\u00e9sente un \u00e9clat, une gr\u00e2ce et l\u00e9g\u00e8ret\u00e9 aromatique. Vivaldi!\u00bb<\/span> <strong>Die konzentriertesten Weine mit viel weichen Tanninen und tiefdunkler Farbe und Frucht im kalifornischen Stil lassen nicht \u00fcberraschenderweise in Superlativen schw\u00e4rmen.<\/strong><\/p>\n\n\n\n<figure class=\"wp-block-image\"><img loading=\"lazy\" decoding=\"async\" width=\"728\" height=\"485\" src=\"\/cms\/wp-content\/uploads\/2019\/04\/martel-unterwegs-bordeaux-calon-segur.jpg\" alt=\"Ch\u00e2teau Calon S\u00e9gur Bordeaux Degustation\" class=\"wp-image-768\" srcset=\"https:\/\/www.martel.ch\/cms\/wp-content\/uploads\/2019\/04\/martel-unterwegs-bordeaux-calon-segur.jpg 728w, https:\/\/www.martel.ch\/cms\/wp-content\/uploads\/2019\/04\/martel-unterwegs-bordeaux-calon-segur-300x200.jpg 300w, https:\/\/www.martel.ch\/cms\/wp-content\/uploads\/2019\/04\/martel-unterwegs-bordeaux-calon-segur-332x221.jpg 332w, https:\/\/www.martel.ch\/cms\/wp-content\/uploads\/2019\/04\/martel-unterwegs-bordeaux-calon-segur-290x193.jpg 290w, https:\/\/www.martel.ch\/cms\/wp-content\/uploads\/2019\/04\/martel-unterwegs-bordeaux-calon-segur-446x297.jpg 446w, https:\/\/www.martel.ch\/cms\/wp-content\/uploads\/2019\/04\/martel-unterwegs-bordeaux-calon-segur-679x452.jpg 679w, https:\/\/www.martel.ch\/cms\/wp-content\/uploads\/2019\/04\/martel-unterwegs-bordeaux-calon-segur-554x369.jpg 554w, https:\/\/www.martel.ch\/cms\/wp-content\/uploads\/2019\/04\/martel-unterwegs-bordeaux-calon-segur-330x220.jpg 330w, https:\/\/www.martel.ch\/cms\/wp-content\/uploads\/2019\/04\/martel-unterwegs-bordeaux-calon-segur-400x266.jpg 400w, https:\/\/www.martel.ch\/cms\/wp-content\/uploads\/2019\/04\/martel-unterwegs-bordeaux-calon-segur-500x333.jpg 500w, https:\/\/www.martel.ch\/cms\/wp-content\/uploads\/2019\/04\/martel-unterwegs-bordeaux-calon-segur-359x239.jpg 359w, https:\/\/www.martel.ch\/cms\/wp-content\/uploads\/2019\/04\/martel-unterwegs-bordeaux-calon-segur-230x153.jpg 230w, https:\/\/www.martel.ch\/cms\/wp-content\/uploads\/2019\/04\/martel-unterwegs-bordeaux-calon-segur-680x453.jpg 680w, https:\/\/www.martel.ch\/cms\/wp-content\/uploads\/2019\/04\/martel-unterwegs-bordeaux-calon-segur-490x326.jpg 490w\" sizes=\"auto, (max-width: 728px) 100vw, 728px\" \/><\/figure>\n\n\n\n<div class=\"wp-block-buttons is-layout-flex wp-block-buttons-is-layout-flex\">\n<div class=\"wp-block-button\"><a class=\"wp-block-button__link\" href=\"https:\/\/www.martel.ch\/wein\/?filter=herkunft,frankreich~bordeaux,jahrgang,2018\">Weine Bordeaux 2018<\/a><\/div>\n<\/div>\n","protected":false},"excerpt":{"rendered":"","protected":false},"author":25,"featured_media":771,"comment_status":"closed","ping_status":"closed","sticky":false,"template":"","format":"standard","meta":{"_acf_changed":false,"inline_featured_image":false,"footnotes":""},"categories":[449,431],"tags":[],"coauthors":[],"class_list":["post-767","post","type-post","status-publish","format-standard","has-post-thumbnail","hentry","category-alle","category-rueckblick"],"acf":{"inhaltselemente":null},"yoast_head":"<!-- This site is optimized with the Yoast SEO plugin v27.5 - https:\/\/yoast.com\/product\/yoast-seo-wordpress\/ -->\n<title>Bordeaux 2018: Degustation der Primeurs im Fr\u00fchjahr 2019<\/title>\n<meta name=\"description\" content=\"Bordeaux 2018: Die konzentrierten Weine mit weichen Tanninen und tiefdunkler Farbe und Frucht d\u00fcrften Superlativ-Schw\u00e4rmer mobilisieren.\" \/>\n<meta name=\"robots\" content=\"index, follow, max-snippet:-1, max-image-preview:large, max-video-preview:-1\" \/>\n<link rel=\"canonical\" href=\"https:\/\/www.martel.ch\/cms\/weinwissen\/weinmagazin\/rueckblick\/bordeaux-2018-degustation-der-primeurs-im-fruehjahr-2019\/\" \/>\n<meta property=\"og:locale\" content=\"de_DE\" \/>\n<meta property=\"og:type\" content=\"article\" \/>\n<meta property=\"og:title\" content=\"Bordeaux 2018: Degustation der Primeurs im Fr\u00fchjahr 2019\" \/>\n<meta property=\"og:description\" content=\"Bordeaux 2018: Die konzentrierten Weine mit weichen Tanninen und tiefdunkler Farbe und Frucht d\u00fcrften Superlativ-Schw\u00e4rmer mobilisieren.\" \/>\n<meta property=\"og:url\" content=\"https:\/\/www.martel.ch\/cms\/weinwissen\/weinmagazin\/rueckblick\/bordeaux-2018-degustation-der-primeurs-im-fruehjahr-2019\/\" \/>\n<meta property=\"og:site_name\" content=\"Martel\" \/>\n<meta property=\"article:publisher\" content=\"https:\/\/www.facebook.com\/pages\/Martel-AG-St-Gallen\/233396026691876\" \/>\n<meta property=\"article:published_time\" content=\"2019-04-12T08:42:27+00:00\" \/>\n<meta property=\"article:modified_time\" content=\"2022-08-24T12:37:30+00:00\" \/>\n<meta property=\"og:image\" content=\"https:\/\/www.martel.ch\/cms\/wp-content\/uploads\/2019\/04\/martel-unterwegs-bordeaux-lafite-spring.jpg\" \/>\n\t<meta property=\"og:image:width\" content=\"728\" \/>\n\t<meta property=\"og:image:height\" content=\"485\" \/>\n\t<meta property=\"og:image:type\" content=\"image\/jpeg\" \/>\n<meta name=\"author\" content=\"Pascal Froidevaux\" \/>\n<meta name=\"twitter:card\" content=\"summary_large_image\" \/>\n<meta name=\"twitter:creator\" content=\"@martel_weinwelt\" \/>\n<meta name=\"twitter:site\" content=\"@martel_weinwelt\" \/>\n<meta name=\"twitter:label1\" content=\"Geschrieben von\" \/>\n\t<meta name=\"twitter:data1\" content=\"Pascal Froidevaux\" \/>\n\t<meta name=\"twitter:label2\" content=\"Gesch\u00e4tzte Lesezeit\" \/>\n\t<meta name=\"twitter:data2\" content=\"2\u00a0Minuten\" \/>\n\t<meta name=\"twitter:label3\" content=\"Written by\" \/>\n\t<meta name=\"twitter:data3\" content=\"Pascal Froidevaux\" \/>\n<script type=\"application\/ld+json\" class=\"yoast-schema-graph\">{\"@context\":\"https:\\\/\\\/schema.org\",\"@graph\":[{\"@type\":\"Article\",\"@id\":\"https:\\\/\\\/www.martel.ch\\\/cms\\\/weinwissen\\\/weinmagazin\\\/rueckblick\\\/bordeaux-2018-degustation-der-primeurs-im-fruehjahr-2019\\\/#article\",\"isPartOf\":{\"@id\":\"https:\\\/\\\/www.martel.ch\\\/cms\\\/weinwissen\\\/weinmagazin\\\/rueckblick\\\/bordeaux-2018-degustation-der-primeurs-im-fruehjahr-2019\\\/\"},\"author\":{\"name\":\"Pascal Froidevaux\",\"@id\":\"https:\\\/\\\/www.martel.ch\\\/cms\\\/#\\\/schema\\\/person\\\/9e395a531b596baa1ed3295fd2e9a1e9\"},\"headline\":\"Bordeaux 2018: Degustation der Primeurs im Fr\u00fchjahr 2019\",\"datePublished\":\"2019-04-12T08:42:27+00:00\",\"dateModified\":\"2022-08-24T12:37:30+00:00\",\"mainEntityOfPage\":{\"@id\":\"https:\\\/\\\/www.martel.ch\\\/cms\\\/weinwissen\\\/weinmagazin\\\/rueckblick\\\/bordeaux-2018-degustation-der-primeurs-im-fruehjahr-2019\\\/\"},\"wordCount\":439,\"publisher\":{\"@id\":\"https:\\\/\\\/www.martel.ch\\\/cms\\\/#organization\"},\"image\":{\"@id\":\"https:\\\/\\\/www.martel.ch\\\/cms\\\/weinwissen\\\/weinmagazin\\\/rueckblick\\\/bordeaux-2018-degustation-der-primeurs-im-fruehjahr-2019\\\/#primaryimage\"},\"thumbnailUrl\":\"https:\\\/\\\/www.martel.ch\\\/cms\\\/wp-content\\\/uploads\\\/2019\\\/04\\\/martel-unterwegs-bordeaux-lafite-spring.jpg\",\"articleSection\":[\"Alle\",\"R\u00fcckblick\"],\"inLanguage\":\"de-CH\"},{\"@type\":\"WebPage\",\"@id\":\"https:\\\/\\\/www.martel.ch\\\/cms\\\/weinwissen\\\/weinmagazin\\\/rueckblick\\\/bordeaux-2018-degustation-der-primeurs-im-fruehjahr-2019\\\/\",\"url\":\"https:\\\/\\\/www.martel.ch\\\/cms\\\/weinwissen\\\/weinmagazin\\\/rueckblick\\\/bordeaux-2018-degustation-der-primeurs-im-fruehjahr-2019\\\/\",\"name\":\"Bordeaux 2018: Degustation der Primeurs im Fr\u00fchjahr 2019\",\"isPartOf\":{\"@id\":\"https:\\\/\\\/www.martel.ch\\\/cms\\\/#website\"},\"primaryImageOfPage\":{\"@id\":\"https:\\\/\\\/www.martel.ch\\\/cms\\\/weinwissen\\\/weinmagazin\\\/rueckblick\\\/bordeaux-2018-degustation-der-primeurs-im-fruehjahr-2019\\\/#primaryimage\"},\"image\":{\"@id\":\"https:\\\/\\\/www.martel.ch\\\/cms\\\/weinwissen\\\/weinmagazin\\\/rueckblick\\\/bordeaux-2018-degustation-der-primeurs-im-fruehjahr-2019\\\/#primaryimage\"},\"thumbnailUrl\":\"https:\\\/\\\/www.martel.ch\\\/cms\\\/wp-content\\\/uploads\\\/2019\\\/04\\\/martel-unterwegs-bordeaux-lafite-spring.jpg\",\"datePublished\":\"2019-04-12T08:42:27+00:00\",\"dateModified\":\"2022-08-24T12:37:30+00:00\",\"description\":\"Bordeaux 2018: Die konzentrierten Weine mit weichen Tanninen und tiefdunkler Farbe und Frucht d\u00fcrften Superlativ-Schw\u00e4rmer mobilisieren.\",\"breadcrumb\":{\"@id\":\"https:\\\/\\\/www.martel.ch\\\/cms\\\/weinwissen\\\/weinmagazin\\\/rueckblick\\\/bordeaux-2018-degustation-der-primeurs-im-fruehjahr-2019\\\/#breadcrumb\"},\"inLanguage\":\"de-CH\",\"potentialAction\":[{\"@type\":\"ReadAction\",\"target\":[\"https:\\\/\\\/www.martel.ch\\\/cms\\\/weinwissen\\\/weinmagazin\\\/rueckblick\\\/bordeaux-2018-degustation-der-primeurs-im-fruehjahr-2019\\\/\"]}]},{\"@type\":\"ImageObject\",\"inLanguage\":\"de-CH\",\"@id\":\"https:\\\/\\\/www.martel.ch\\\/cms\\\/weinwissen\\\/weinmagazin\\\/rueckblick\\\/bordeaux-2018-degustation-der-primeurs-im-fruehjahr-2019\\\/#primaryimage\",\"url\":\"https:\\\/\\\/www.martel.ch\\\/cms\\\/wp-content\\\/uploads\\\/2019\\\/04\\\/martel-unterwegs-bordeaux-lafite-spring.jpg\",\"contentUrl\":\"https:\\\/\\\/www.martel.ch\\\/cms\\\/wp-content\\\/uploads\\\/2019\\\/04\\\/martel-unterwegs-bordeaux-lafite-spring.jpg\",\"width\":728,\"height\":485,\"caption\":\"Ch\u00e2teau Lafite Bordeaux Fr\u00fchling\"},{\"@type\":\"BreadcrumbList\",\"@id\":\"https:\\\/\\\/www.martel.ch\\\/cms\\\/weinwissen\\\/weinmagazin\\\/rueckblick\\\/bordeaux-2018-degustation-der-primeurs-im-fruehjahr-2019\\\/#breadcrumb\",\"itemListElement\":[{\"@type\":\"ListItem\",\"position\":1,\"name\":\"Startseite\",\"item\":\"https:\\\/\\\/www.martel.ch\\\/cms\\\/\"},{\"@type\":\"ListItem\",\"position\":2,\"name\":\"Bordeaux 2018: Degustation der Primeurs im Fr\u00fchjahr 2019\"}]},{\"@type\":\"WebSite\",\"@id\":\"https:\\\/\\\/www.martel.ch\\\/cms\\\/#website\",\"url\":\"https:\\\/\\\/www.martel.ch\\\/cms\\\/\",\"name\":\"Martel\",\"description\":\"F\u00fcr Weinbegeisterte und die, die es werden m\u00f6chten.\",\"publisher\":{\"@id\":\"https:\\\/\\\/www.martel.ch\\\/cms\\\/#organization\"},\"potentialAction\":[{\"@type\":\"SearchAction\",\"target\":{\"@type\":\"EntryPoint\",\"urlTemplate\":\"https:\\\/\\\/www.martel.ch\\\/cms\\\/?s={search_term_string}\"},\"query-input\":{\"@type\":\"PropertyValueSpecification\",\"valueRequired\":true,\"valueName\":\"search_term_string\"}}],\"inLanguage\":\"de-CH\"},{\"@type\":\"Organization\",\"@id\":\"https:\\\/\\\/www.martel.ch\\\/cms\\\/#organization\",\"name\":\"Martel AG St.Gallen\",\"url\":\"https:\\\/\\\/www.martel.ch\\\/cms\\\/\",\"logo\":{\"@type\":\"ImageObject\",\"inLanguage\":\"de-CH\",\"@id\":\"https:\\\/\\\/www.martel.ch\\\/cms\\\/#\\\/schema\\\/logo\\\/image\\\/\",\"url\":\"https:\\\/\\\/www.martel.ch\\\/cms\\\/wp-content\\\/uploads\\\/2019\\\/02\\\/martel-logo.png\",\"contentUrl\":\"https:\\\/\\\/www.martel.ch\\\/cms\\\/wp-content\\\/uploads\\\/2019\\\/02\\\/martel-logo.png\",\"width\":600,\"height\":600,\"caption\":\"Martel AG St.Gallen\"},\"image\":{\"@id\":\"https:\\\/\\\/www.martel.ch\\\/cms\\\/#\\\/schema\\\/logo\\\/image\\\/\"},\"sameAs\":[\"https:\\\/\\\/www.facebook.com\\\/pages\\\/Martel-AG-St-Gallen\\\/233396026691876\",\"https:\\\/\\\/x.com\\\/martel_weinwelt\",\"https:\\\/\\\/www.instagram.com\\\/martel_weinwelt\\\/\",\"https:\\\/\\\/www.linkedin.com\\\/company\\\/martel-ag-st-gallen\",\"https:\\\/\\\/www.pinterest.ch\\\/martel_weinwelt\"]},{\"@type\":\"Person\",\"@id\":\"https:\\\/\\\/www.martel.ch\\\/cms\\\/#\\\/schema\\\/person\\\/9e395a531b596baa1ed3295fd2e9a1e9\",\"name\":\"Pascal Froidevaux\",\"image\":{\"@type\":\"ImageObject\",\"inLanguage\":\"de-CH\",\"@id\":\"https:\\\/\\\/secure.gravatar.com\\\/avatar\\\/be8dfdc3bc65fc51bd1e453709555363fae071ca8ada833be745123f619d4f03?s=96&d=mm&r=gb2d583cb2d431a7000bf65933b088fc8\",\"url\":\"https:\\\/\\\/secure.gravatar.com\\\/avatar\\\/be8dfdc3bc65fc51bd1e453709555363fae071ca8ada833be745123f619d4f03?s=96&d=mm&r=g\",\"contentUrl\":\"https:\\\/\\\/secure.gravatar.com\\\/avatar\\\/be8dfdc3bc65fc51bd1e453709555363fae071ca8ada833be745123f619d4f03?s=96&d=mm&r=g\",\"caption\":\"Pascal Froidevaux\"}}]}<\/script>\n<!-- \/ Yoast SEO plugin. -->","yoast_head_json":{"title":"Bordeaux 2018: Degustation der Primeurs im Fr\u00fchjahr 2019","description":"Bordeaux 2018: Die konzentrierten Weine mit weichen Tanninen und tiefdunkler Farbe und Frucht d\u00fcrften Superlativ-Schw\u00e4rmer mobilisieren.","robots":{"index":"index","follow":"follow","max-snippet":"max-snippet:-1","max-image-preview":"max-image-preview:large","max-video-preview":"max-video-preview:-1"},"canonical":"https:\/\/www.martel.ch\/cms\/weinwissen\/weinmagazin\/rueckblick\/bordeaux-2018-degustation-der-primeurs-im-fruehjahr-2019\/","og_locale":"de_DE","og_type":"article","og_title":"Bordeaux 2018: Degustation der Primeurs im Fr\u00fchjahr 2019","og_description":"Bordeaux 2018: Die konzentrierten Weine mit weichen Tanninen und tiefdunkler Farbe und Frucht d\u00fcrften Superlativ-Schw\u00e4rmer mobilisieren.","og_url":"https:\/\/www.martel.ch\/cms\/weinwissen\/weinmagazin\/rueckblick\/bordeaux-2018-degustation-der-primeurs-im-fruehjahr-2019\/","og_site_name":"Martel","article_publisher":"https:\/\/www.facebook.com\/pages\/Martel-AG-St-Gallen\/233396026691876","article_published_time":"2019-04-12T08:42:27+00:00","article_modified_time":"2022-08-24T12:37:30+00:00","og_image":[{"width":728,"height":485,"url":"https:\/\/www.martel.ch\/cms\/wp-content\/uploads\/2019\/04\/martel-unterwegs-bordeaux-lafite-spring.jpg","type":"image\/jpeg"}],"author":"Pascal Froidevaux","twitter_card":"summary_large_image","twitter_creator":"@martel_weinwelt","twitter_site":"@martel_weinwelt","twitter_misc":{"Geschrieben von":"Pascal Froidevaux","Gesch\u00e4tzte Lesezeit":"2\u00a0Minuten","Written by":"Pascal Froidevaux"},"schema":{"@context":"https:\/\/schema.org","@graph":[{"@type":"Article","@id":"https:\/\/www.martel.ch\/cms\/weinwissen\/weinmagazin\/rueckblick\/bordeaux-2018-degustation-der-primeurs-im-fruehjahr-2019\/#article","isPartOf":{"@id":"https:\/\/www.martel.ch\/cms\/weinwissen\/weinmagazin\/rueckblick\/bordeaux-2018-degustation-der-primeurs-im-fruehjahr-2019\/"},"author":{"name":"Pascal Froidevaux","@id":"https:\/\/www.martel.ch\/cms\/#\/schema\/person\/9e395a531b596baa1ed3295fd2e9a1e9"},"headline":"Bordeaux 2018: Degustation der Primeurs im Fr\u00fchjahr 2019","datePublished":"2019-04-12T08:42:27+00:00","dateModified":"2022-08-24T12:37:30+00:00","mainEntityOfPage":{"@id":"https:\/\/www.martel.ch\/cms\/weinwissen\/weinmagazin\/rueckblick\/bordeaux-2018-degustation-der-primeurs-im-fruehjahr-2019\/"},"wordCount":439,"publisher":{"@id":"https:\/\/www.martel.ch\/cms\/#organization"},"image":{"@id":"https:\/\/www.martel.ch\/cms\/weinwissen\/weinmagazin\/rueckblick\/bordeaux-2018-degustation-der-primeurs-im-fruehjahr-2019\/#primaryimage"},"thumbnailUrl":"https:\/\/www.martel.ch\/cms\/wp-content\/uploads\/2019\/04\/martel-unterwegs-bordeaux-lafite-spring.jpg","articleSection":["Alle","R\u00fcckblick"],"inLanguage":"de-CH"},{"@type":"WebPage","@id":"https:\/\/www.martel.ch\/cms\/weinwissen\/weinmagazin\/rueckblick\/bordeaux-2018-degustation-der-primeurs-im-fruehjahr-2019\/","url":"https:\/\/www.martel.ch\/cms\/weinwissen\/weinmagazin\/rueckblick\/bordeaux-2018-degustation-der-primeurs-im-fruehjahr-2019\/","name":"Bordeaux 2018: Degustation der Primeurs im Fr\u00fchjahr 2019","isPartOf":{"@id":"https:\/\/www.martel.ch\/cms\/#website"},"primaryImageOfPage":{"@id":"https:\/\/www.martel.ch\/cms\/weinwissen\/weinmagazin\/rueckblick\/bordeaux-2018-degustation-der-primeurs-im-fruehjahr-2019\/#primaryimage"},"image":{"@id":"https:\/\/www.martel.ch\/cms\/weinwissen\/weinmagazin\/rueckblick\/bordeaux-2018-degustation-der-primeurs-im-fruehjahr-2019\/#primaryimage"},"thumbnailUrl":"https:\/\/www.martel.ch\/cms\/wp-content\/uploads\/2019\/04\/martel-unterwegs-bordeaux-lafite-spring.jpg","datePublished":"2019-04-12T08:42:27+00:00","dateModified":"2022-08-24T12:37:30+00:00","description":"Bordeaux 2018: Die konzentrierten Weine mit weichen Tanninen und tiefdunkler Farbe und Frucht d\u00fcrften Superlativ-Schw\u00e4rmer mobilisieren.","breadcrumb":{"@id":"https:\/\/www.martel.ch\/cms\/weinwissen\/weinmagazin\/rueckblick\/bordeaux-2018-degustation-der-primeurs-im-fruehjahr-2019\/#breadcrumb"},"inLanguage":"de-CH","potentialAction":[{"@type":"ReadAction","target":["https:\/\/www.martel.ch\/cms\/weinwissen\/weinmagazin\/rueckblick\/bordeaux-2018-degustation-der-primeurs-im-fruehjahr-2019\/"]}]},{"@type":"ImageObject","inLanguage":"de-CH","@id":"https:\/\/www.martel.ch\/cms\/weinwissen\/weinmagazin\/rueckblick\/bordeaux-2018-degustation-der-primeurs-im-fruehjahr-2019\/#primaryimage","url":"https:\/\/www.martel.ch\/cms\/wp-content\/uploads\/2019\/04\/martel-unterwegs-bordeaux-lafite-spring.jpg","contentUrl":"https:\/\/www.martel.ch\/cms\/wp-content\/uploads\/2019\/04\/martel-unterwegs-bordeaux-lafite-spring.jpg","width":728,"height":485,"caption":"Ch\u00e2teau Lafite Bordeaux Fr\u00fchling"},{"@type":"BreadcrumbList","@id":"https:\/\/www.martel.ch\/cms\/weinwissen\/weinmagazin\/rueckblick\/bordeaux-2018-degustation-der-primeurs-im-fruehjahr-2019\/#breadcrumb","itemListElement":[{"@type":"ListItem","position":1,"name":"Startseite","item":"https:\/\/www.martel.ch\/cms\/"},{"@type":"ListItem","position":2,"name":"Bordeaux 2018: Degustation der Primeurs im Fr\u00fchjahr 2019"}]},{"@type":"WebSite","@id":"https:\/\/www.martel.ch\/cms\/#website","url":"https:\/\/www.martel.ch\/cms\/","name":"Martel","description":"F\u00fcr Weinbegeisterte und die, die es werden m\u00f6chten.","publisher":{"@id":"https:\/\/www.martel.ch\/cms\/#organization"},"potentialAction":[{"@type":"SearchAction","target":{"@type":"EntryPoint","urlTemplate":"https:\/\/www.martel.ch\/cms\/?s={search_term_string}"},"query-input":{"@type":"PropertyValueSpecification","valueRequired":true,"valueName":"search_term_string"}}],"inLanguage":"de-CH"},{"@type":"Organization","@id":"https:\/\/www.martel.ch\/cms\/#organization","name":"Martel AG St.Gallen","url":"https:\/\/www.martel.ch\/cms\/","logo":{"@type":"ImageObject","inLanguage":"de-CH","@id":"https:\/\/www.martel.ch\/cms\/#\/schema\/logo\/image\/","url":"https:\/\/www.martel.ch\/cms\/wp-content\/uploads\/2019\/02\/martel-logo.png","contentUrl":"https:\/\/www.martel.ch\/cms\/wp-content\/uploads\/2019\/02\/martel-logo.png","width":600,"height":600,"caption":"Martel AG St.Gallen"},"image":{"@id":"https:\/\/www.martel.ch\/cms\/#\/schema\/logo\/image\/"},"sameAs":["https:\/\/www.facebook.com\/pages\/Martel-AG-St-Gallen\/233396026691876","https:\/\/x.com\/martel_weinwelt","https:\/\/www.instagram.com\/martel_weinwelt\/","https:\/\/www.linkedin.com\/company\/martel-ag-st-gallen","https:\/\/www.pinterest.ch\/martel_weinwelt"]},{"@type":"Person","@id":"https:\/\/www.martel.ch\/cms\/#\/schema\/person\/9e395a531b596baa1ed3295fd2e9a1e9","name":"Pascal Froidevaux","image":{"@type":"ImageObject","inLanguage":"de-CH","@id":"https:\/\/secure.gravatar.com\/avatar\/be8dfdc3bc65fc51bd1e453709555363fae071ca8ada833be745123f619d4f03?s=96&d=mm&r=gb2d583cb2d431a7000bf65933b088fc8","url":"https:\/\/secure.gravatar.com\/avatar\/be8dfdc3bc65fc51bd1e453709555363fae071ca8ada833be745123f619d4f03?s=96&d=mm&r=g","contentUrl":"https:\/\/secure.gravatar.com\/avatar\/be8dfdc3bc65fc51bd1e453709555363fae071ca8ada833be745123f619d4f03?s=96&d=mm&r=g","caption":"Pascal Froidevaux"}}]}},"_links":{"self":[{"href":"https:\/\/www.martel.ch\/cms\/wp-json\/wp\/v2\/posts\/767","targetHints":{"allow":["GET"]}}],"collection":[{"href":"https:\/\/www.martel.ch\/cms\/wp-json\/wp\/v2\/posts"}],"about":[{"href":"https:\/\/www.martel.ch\/cms\/wp-json\/wp\/v2\/types\/post"}],"author":[{"embeddable":true,"href":"https:\/\/www.martel.ch\/cms\/wp-json\/wp\/v2\/users\/25"}],"replies":[{"embeddable":true,"href":"https:\/\/www.martel.ch\/cms\/wp-json\/wp\/v2\/comments?post=767"}],"version-history":[{"count":3,"href":"https:\/\/www.martel.ch\/cms\/wp-json\/wp\/v2\/posts\/767\/revisions"}],"predecessor-version":[{"id":14957,"href":"https:\/\/www.martel.ch\/cms\/wp-json\/wp\/v2\/posts\/767\/revisions\/14957"}],"wp:featuredmedia":[{"embeddable":true,"href":"https:\/\/www.martel.ch\/cms\/wp-json\/wp\/v2\/media\/771"}],"wp:attachment":[{"href":"https:\/\/www.martel.ch\/cms\/wp-json\/wp\/v2\/media?parent=767"}],"wp:term":[{"taxonomy":"category","embeddable":true,"href":"https:\/\/www.martel.ch\/cms\/wp-json\/wp\/v2\/categories?post=767"},{"taxonomy":"post_tag","embeddable":true,"href":"https:\/\/www.martel.ch\/cms\/wp-json\/wp\/v2\/tags?post=767"},{"taxonomy":"author","embeddable":true,"href":"https:\/\/www.martel.ch\/cms\/wp-json\/wp\/v2\/coauthors?post=767"}],"curies":[{"name":"wp","href":"https:\/\/api.w.org\/{rel}","templated":true}]}}