{"id":840,"date":"2019-05-21T12:37:34","date_gmt":"2019-05-21T11:37:34","guid":{"rendered":"\/cms\/?p=840"},"modified":"2022-08-09T11:48:38","modified_gmt":"2022-08-09T09:48:38","slug":"abstecher-zu-olivier-bernstein-ins-burgund","status":"publish","type":"post","link":"https:\/\/www.martel.ch\/cms\/weinwissen\/weinmagazin\/unterwegs-im-rebberg\/abstecher-zu-olivier-bernstein-ins-burgund\/","title":{"rendered":"Abstecher zu Olivier Bernstein ins Burgund"},"content":{"rendered":"\n<p>Fr\u00fchst\u00fcck in St.Gallen, Degustation der 2018er von Olivier Bernstein mit anschliessendem Lunch in Beaune und das Abendessen wieder in der Schweiz. Dies ist m\u00f6glich, dank einer hervorragender TGV-Verbindung. Der Abstecher erm\u00f6glichte mir <strong>einen inspirierenden Gedankenaustausch mit einer der faszinierendsten Winzerpers\u00f6nlichkeiten des Burgunds<\/strong>.<\/p>\n\n\n\n<p>Wir erinnern uns alle noch an das vergangene Jahr. <strong>Es war heiss.<\/strong> Teils sehr heiss. Gerade deshalb war es wichtig, gen\u00fcgend S\u00e4ure in den Pinot Noir Trauben zu halten und vor allem den perfekten Erntezeitpunkt zu bestimmen. <strong>In solchen Jahren f\u00fchlt man sich als Winzer wie ein Spieler im Casino.&nbsp;<\/strong>Olivier Bernstein: \u00abJ\u2019ai envie de dire que c\u2019est un mill\u00e9sime de vigneron mais aussi de vinificateur. Les fermentations avaient envie de trainer et il ne fallait pas les laisser faire.\u00bb<\/p>\n\n\n\n<p>Das Team rund um Bernstein hat einen hervorragenden Job gemacht. <strong>Die Weine zeigen eine wunderbare Frische<\/strong>. Dies trotz hoher Reife der Trauben. Sie sind pur, klar und bereits sehr pr\u00e4zise und gut strukturiert mit intensiver, rotbeeriger Frucht. <strong>Elegant und fast t\u00e4nzerisch<\/strong>, vom Burgunder Village bis zu den Grand Crus. Eine echte \u00dcberraschung bei einem solch herausforderndem Jahrgang. Traumhaft.<\/p>\n\n\n\n<p>Ungeduldig warten wir auf die Lancierung dieses Jahrgangs im Fr\u00fchjahr 2020.<\/p>\n\n\n\n<p><a class=\"link-buttonstyle btn btn-primary\" href=\"https:\/\/www.martel.ch\/wein\/\">Unser Bernstein Sortiment<\/a><\/p>\n\n\n\n<p><\/p>\n\n\n\n<figure class=\"wp-block-image\"><img loading=\"lazy\" decoding=\"async\" width=\"728\" height=\"485\" src=\"\/cms\/wp-content\/uploads\/2019\/05\/martel-unterwegs-burgund-olivier-bernstein-dorf.jpg\" alt=\"Burgund Olivier Bernstein \" class=\"wp-image-841\" srcset=\"https:\/\/www.martel.ch\/cms\/wp-content\/uploads\/2019\/05\/martel-unterwegs-burgund-olivier-bernstein-dorf.jpg 728w, https:\/\/www.martel.ch\/cms\/wp-content\/uploads\/2019\/05\/martel-unterwegs-burgund-olivier-bernstein-dorf-300x200.jpg 300w, https:\/\/www.martel.ch\/cms\/wp-content\/uploads\/2019\/05\/martel-unterwegs-burgund-olivier-bernstein-dorf-332x221.jpg 332w, https:\/\/www.martel.ch\/cms\/wp-content\/uploads\/2019\/05\/martel-unterwegs-burgund-olivier-bernstein-dorf-290x193.jpg 290w, https:\/\/www.martel.ch\/cms\/wp-content\/uploads\/2019\/05\/martel-unterwegs-burgund-olivier-bernstein-dorf-446x297.jpg 446w, https:\/\/www.martel.ch\/cms\/wp-content\/uploads\/2019\/05\/martel-unterwegs-burgund-olivier-bernstein-dorf-679x452.jpg 679w, https:\/\/www.martel.ch\/cms\/wp-content\/uploads\/2019\/05\/martel-unterwegs-burgund-olivier-bernstein-dorf-554x369.jpg 554w, https:\/\/www.martel.ch\/cms\/wp-content\/uploads\/2019\/05\/martel-unterwegs-burgund-olivier-bernstein-dorf-330x220.jpg 330w, https:\/\/www.martel.ch\/cms\/wp-content\/uploads\/2019\/05\/martel-unterwegs-burgund-olivier-bernstein-dorf-400x266.jpg 400w, https:\/\/www.martel.ch\/cms\/wp-content\/uploads\/2019\/05\/martel-unterwegs-burgund-olivier-bernstein-dorf-500x333.jpg 500w, https:\/\/www.martel.ch\/cms\/wp-content\/uploads\/2019\/05\/martel-unterwegs-burgund-olivier-bernstein-dorf-359x239.jpg 359w, https:\/\/www.martel.ch\/cms\/wp-content\/uploads\/2019\/05\/martel-unterwegs-burgund-olivier-bernstein-dorf-230x153.jpg 230w, https:\/\/www.martel.ch\/cms\/wp-content\/uploads\/2019\/05\/martel-unterwegs-burgund-olivier-bernstein-dorf-680x453.jpg 680w, https:\/\/www.martel.ch\/cms\/wp-content\/uploads\/2019\/05\/martel-unterwegs-burgund-olivier-bernstein-dorf-490x326.jpg 490w\" sizes=\"auto, (max-width: 728px) 100vw, 728px\" \/><\/figure>\n\n\n\n<figure class=\"wp-block-image alignnone size-full wp-image-842\"><img loading=\"lazy\" decoding=\"async\" width=\"728\" height=\"485\" src=\"\/cms\/wp-content\/uploads\/2019\/05\/martel-unterwegs-burgund-olivier-bernstein-jan-martel.jpg\" alt=\"Burgund Olivier Bernstein Jan Martel\" class=\"wp-image-842\" srcset=\"https:\/\/www.martel.ch\/cms\/wp-content\/uploads\/2019\/05\/martel-unterwegs-burgund-olivier-bernstein-jan-martel.jpg 728w, https:\/\/www.martel.ch\/cms\/wp-content\/uploads\/2019\/05\/martel-unterwegs-burgund-olivier-bernstein-jan-martel-300x200.jpg 300w, https:\/\/www.martel.ch\/cms\/wp-content\/uploads\/2019\/05\/martel-unterwegs-burgund-olivier-bernstein-jan-martel-332x221.jpg 332w, https:\/\/www.martel.ch\/cms\/wp-content\/uploads\/2019\/05\/martel-unterwegs-burgund-olivier-bernstein-jan-martel-290x193.jpg 290w, https:\/\/www.martel.ch\/cms\/wp-content\/uploads\/2019\/05\/martel-unterwegs-burgund-olivier-bernstein-jan-martel-446x297.jpg 446w, https:\/\/www.martel.ch\/cms\/wp-content\/uploads\/2019\/05\/martel-unterwegs-burgund-olivier-bernstein-jan-martel-679x452.jpg 679w, https:\/\/www.martel.ch\/cms\/wp-content\/uploads\/2019\/05\/martel-unterwegs-burgund-olivier-bernstein-jan-martel-554x369.jpg 554w, https:\/\/www.martel.ch\/cms\/wp-content\/uploads\/2019\/05\/martel-unterwegs-burgund-olivier-bernstein-jan-martel-330x220.jpg 330w, https:\/\/www.martel.ch\/cms\/wp-content\/uploads\/2019\/05\/martel-unterwegs-burgund-olivier-bernstein-jan-martel-400x266.jpg 400w, https:\/\/www.martel.ch\/cms\/wp-content\/uploads\/2019\/05\/martel-unterwegs-burgund-olivier-bernstein-jan-martel-500x333.jpg 500w, https:\/\/www.martel.ch\/cms\/wp-content\/uploads\/2019\/05\/martel-unterwegs-burgund-olivier-bernstein-jan-martel-359x239.jpg 359w, https:\/\/www.martel.ch\/cms\/wp-content\/uploads\/2019\/05\/martel-unterwegs-burgund-olivier-bernstein-jan-martel-230x153.jpg 230w, https:\/\/www.martel.ch\/cms\/wp-content\/uploads\/2019\/05\/martel-unterwegs-burgund-olivier-bernstein-jan-martel-680x453.jpg 680w, https:\/\/www.martel.ch\/cms\/wp-content\/uploads\/2019\/05\/martel-unterwegs-burgund-olivier-bernstein-jan-martel-490x326.jpg 490w\" sizes=\"auto, (max-width: 728px) 100vw, 728px\" \/><figcaption>Jan Martel mit Olivier Bernstein<\/figcaption><\/figure>\n\n\n\n<figure class=\"wp-block-image\"><img loading=\"lazy\" decoding=\"async\" width=\"728\" height=\"485\" src=\"\/cms\/wp-content\/uploads\/2019\/05\/martel-unterwegs-burgund-olivier-bernstein-mauer.jpg\" alt=\"Burgund Olivier Bernstein Rebberg Pinot Noir Jahrgang 2018\" class=\"wp-image-843\" srcset=\"https:\/\/www.martel.ch\/cms\/wp-content\/uploads\/2019\/05\/martel-unterwegs-burgund-olivier-bernstein-mauer.jpg 728w, https:\/\/www.martel.ch\/cms\/wp-content\/uploads\/2019\/05\/martel-unterwegs-burgund-olivier-bernstein-mauer-300x200.jpg 300w, https:\/\/www.martel.ch\/cms\/wp-content\/uploads\/2019\/05\/martel-unterwegs-burgund-olivier-bernstein-mauer-332x221.jpg 332w, https:\/\/www.martel.ch\/cms\/wp-content\/uploads\/2019\/05\/martel-unterwegs-burgund-olivier-bernstein-mauer-290x193.jpg 290w, https:\/\/www.martel.ch\/cms\/wp-content\/uploads\/2019\/05\/martel-unterwegs-burgund-olivier-bernstein-mauer-446x297.jpg 446w, https:\/\/www.martel.ch\/cms\/wp-content\/uploads\/2019\/05\/martel-unterwegs-burgund-olivier-bernstein-mauer-679x452.jpg 679w, https:\/\/www.martel.ch\/cms\/wp-content\/uploads\/2019\/05\/martel-unterwegs-burgund-olivier-bernstein-mauer-554x369.jpg 554w, https:\/\/www.martel.ch\/cms\/wp-content\/uploads\/2019\/05\/martel-unterwegs-burgund-olivier-bernstein-mauer-330x220.jpg 330w, https:\/\/www.martel.ch\/cms\/wp-content\/uploads\/2019\/05\/martel-unterwegs-burgund-olivier-bernstein-mauer-400x266.jpg 400w, https:\/\/www.martel.ch\/cms\/wp-content\/uploads\/2019\/05\/martel-unterwegs-burgund-olivier-bernstein-mauer-500x333.jpg 500w, https:\/\/www.martel.ch\/cms\/wp-content\/uploads\/2019\/05\/martel-unterwegs-burgund-olivier-bernstein-mauer-359x239.jpg 359w, https:\/\/www.martel.ch\/cms\/wp-content\/uploads\/2019\/05\/martel-unterwegs-burgund-olivier-bernstein-mauer-230x153.jpg 230w, https:\/\/www.martel.ch\/cms\/wp-content\/uploads\/2019\/05\/martel-unterwegs-burgund-olivier-bernstein-mauer-680x453.jpg 680w, https:\/\/www.martel.ch\/cms\/wp-content\/uploads\/2019\/05\/martel-unterwegs-burgund-olivier-bernstein-mauer-490x326.jpg 490w\" sizes=\"auto, (max-width: 728px) 100vw, 728px\" \/><\/figure>\n\n\n\n<figure class=\"wp-block-image alignnone wp-image-845 size-full\"><img loading=\"lazy\" decoding=\"async\" width=\"728\" height=\"485\" src=\"\/cms\/wp-content\/uploads\/2019\/05\/martel-unterwegs-burgund-wald.jpg\" alt=\"Burgund Beaune Naturparadies \" class=\"wp-image-845\" srcset=\"https:\/\/www.martel.ch\/cms\/wp-content\/uploads\/2019\/05\/martel-unterwegs-burgund-wald.jpg 728w, https:\/\/www.martel.ch\/cms\/wp-content\/uploads\/2019\/05\/martel-unterwegs-burgund-wald-300x200.jpg 300w, https:\/\/www.martel.ch\/cms\/wp-content\/uploads\/2019\/05\/martel-unterwegs-burgund-wald-332x221.jpg 332w, https:\/\/www.martel.ch\/cms\/wp-content\/uploads\/2019\/05\/martel-unterwegs-burgund-wald-290x193.jpg 290w, https:\/\/www.martel.ch\/cms\/wp-content\/uploads\/2019\/05\/martel-unterwegs-burgund-wald-446x297.jpg 446w, https:\/\/www.martel.ch\/cms\/wp-content\/uploads\/2019\/05\/martel-unterwegs-burgund-wald-679x452.jpg 679w, https:\/\/www.martel.ch\/cms\/wp-content\/uploads\/2019\/05\/martel-unterwegs-burgund-wald-554x369.jpg 554w, https:\/\/www.martel.ch\/cms\/wp-content\/uploads\/2019\/05\/martel-unterwegs-burgund-wald-330x220.jpg 330w, https:\/\/www.martel.ch\/cms\/wp-content\/uploads\/2019\/05\/martel-unterwegs-burgund-wald-400x266.jpg 400w, https:\/\/www.martel.ch\/cms\/wp-content\/uploads\/2019\/05\/martel-unterwegs-burgund-wald-500x333.jpg 500w, https:\/\/www.martel.ch\/cms\/wp-content\/uploads\/2019\/05\/martel-unterwegs-burgund-wald-359x239.jpg 359w, https:\/\/www.martel.ch\/cms\/wp-content\/uploads\/2019\/05\/martel-unterwegs-burgund-wald-230x153.jpg 230w, https:\/\/www.martel.ch\/cms\/wp-content\/uploads\/2019\/05\/martel-unterwegs-burgund-wald-680x453.jpg 680w, https:\/\/www.martel.ch\/cms\/wp-content\/uploads\/2019\/05\/martel-unterwegs-burgund-wald-490x326.jpg 490w\" sizes=\"auto, (max-width: 728px) 100vw, 728px\" \/><figcaption>Ein wildes Naturparadies: nur 3km von der verr\u00fccktesten Weinregion der Welt entfernt.<\/figcaption><\/figure>\n","protected":false},"excerpt":{"rendered":"","protected":false},"author":15,"featured_media":844,"comment_status":"closed","ping_status":"closed","sticky":false,"template":"","format":"standard","meta":{"_acf_changed":false,"inline_featured_image":false,"footnotes":""},"categories":[449,56],"tags":[],"coauthors":[],"class_list":["post-840","post","type-post","status-publish","format-standard","has-post-thumbnail","hentry","category-alle","category-unterwegs-im-rebberg"],"acf":{"inhaltselemente":null},"yoast_head":"<!-- This site is optimized with the Yoast SEO plugin v27.5 - https:\/\/yoast.com\/product\/yoast-seo-wordpress\/ -->\n<title>Abstecher zu Olivier Bernstein ins Burgund | Martel Weine St.Gallen und Z\u00fcrich<\/title>\n<meta name=\"description\" content=\"Degustation der 2018er von Olivier Bernstein: Die Weine zeigen eine wunderbare Frische. Elegant und fast t\u00e4nzerisch.\" \/>\n<meta name=\"robots\" content=\"index, follow, max-snippet:-1, max-image-preview:large, max-video-preview:-1\" \/>\n<link rel=\"canonical\" href=\"https:\/\/www.martel.ch\/cms\/weinwissen\/weinmagazin\/unterwegs-im-rebberg\/abstecher-zu-olivier-bernstein-ins-burgund\/\" \/>\n<meta property=\"og:locale\" content=\"de_DE\" \/>\n<meta property=\"og:type\" content=\"article\" \/>\n<meta property=\"og:title\" content=\"Abstecher zu Olivier Bernstein ins Burgund | Martel Weine St.Gallen und Z\u00fcrich\" \/>\n<meta property=\"og:description\" content=\"Degustation der 2018er von Olivier Bernstein: Die Weine zeigen eine wunderbare Frische. Elegant und fast t\u00e4nzerisch.\" \/>\n<meta property=\"og:url\" content=\"https:\/\/www.martel.ch\/cms\/weinwissen\/weinmagazin\/unterwegs-im-rebberg\/abstecher-zu-olivier-bernstein-ins-burgund\/\" \/>\n<meta property=\"og:site_name\" content=\"Martel\" \/>\n<meta property=\"article:publisher\" content=\"https:\/\/www.facebook.com\/pages\/Martel-AG-St-Gallen\/233396026691876\" \/>\n<meta property=\"article:published_time\" content=\"2019-05-21T11:37:34+00:00\" \/>\n<meta property=\"article:modified_time\" content=\"2022-08-09T09:48:38+00:00\" \/>\n<meta property=\"og:image\" content=\"https:\/\/www.martel.ch\/cms\/wp-content\/uploads\/2019\/05\/martel-unterwegs-burgund-olivier-bernstein-rebberg.jpg\" \/>\n\t<meta property=\"og:image:width\" content=\"728\" \/>\n\t<meta property=\"og:image:height\" content=\"485\" \/>\n\t<meta property=\"og:image:type\" content=\"image\/jpeg\" \/>\n<meta name=\"author\" content=\"Jan Martel\" \/>\n<meta name=\"twitter:card\" content=\"summary_large_image\" \/>\n<meta name=\"twitter:creator\" content=\"@martel_weinwelt\" \/>\n<meta name=\"twitter:site\" content=\"@martel_weinwelt\" \/>\n<meta name=\"twitter:label1\" content=\"Geschrieben von\" \/>\n\t<meta name=\"twitter:data1\" content=\"Jan Martel\" \/>\n\t<meta name=\"twitter:label2\" content=\"Gesch\u00e4tzte Lesezeit\" \/>\n\t<meta name=\"twitter:data2\" content=\"3\u00a0Minuten\" \/>\n\t<meta name=\"twitter:label3\" content=\"Written by\" \/>\n\t<meta name=\"twitter:data3\" content=\"Jan Martel\" \/>\n<script type=\"application\/ld+json\" class=\"yoast-schema-graph\">{\"@context\":\"https:\\\/\\\/schema.org\",\"@graph\":[{\"@type\":\"Article\",\"@id\":\"https:\\\/\\\/www.martel.ch\\\/cms\\\/weinwissen\\\/weinmagazin\\\/unterwegs-im-rebberg\\\/abstecher-zu-olivier-bernstein-ins-burgund\\\/#article\",\"isPartOf\":{\"@id\":\"https:\\\/\\\/www.martel.ch\\\/cms\\\/weinwissen\\\/weinmagazin\\\/unterwegs-im-rebberg\\\/abstecher-zu-olivier-bernstein-ins-burgund\\\/\"},\"author\":{\"name\":\"Jan Martel\",\"@id\":\"https:\\\/\\\/www.martel.ch\\\/cms\\\/#\\\/schema\\\/person\\\/cbc16648d3984d50ff005b14cb054d60\"},\"headline\":\"Abstecher zu Olivier Bernstein ins Burgund\",\"datePublished\":\"2019-05-21T11:37:34+00:00\",\"dateModified\":\"2022-08-09T09:48:38+00:00\",\"mainEntityOfPage\":{\"@id\":\"https:\\\/\\\/www.martel.ch\\\/cms\\\/weinwissen\\\/weinmagazin\\\/unterwegs-im-rebberg\\\/abstecher-zu-olivier-bernstein-ins-burgund\\\/\"},\"wordCount\":233,\"publisher\":{\"@id\":\"https:\\\/\\\/www.martel.ch\\\/cms\\\/#organization\"},\"image\":{\"@id\":\"https:\\\/\\\/www.martel.ch\\\/cms\\\/weinwissen\\\/weinmagazin\\\/unterwegs-im-rebberg\\\/abstecher-zu-olivier-bernstein-ins-burgund\\\/#primaryimage\"},\"thumbnailUrl\":\"https:\\\/\\\/www.martel.ch\\\/cms\\\/wp-content\\\/uploads\\\/2019\\\/05\\\/martel-unterwegs-burgund-olivier-bernstein-rebberg.jpg\",\"articleSection\":[\"Alle\",\"Unterwegs im Rebberg\"],\"inLanguage\":\"de-CH\"},{\"@type\":\"WebPage\",\"@id\":\"https:\\\/\\\/www.martel.ch\\\/cms\\\/weinwissen\\\/weinmagazin\\\/unterwegs-im-rebberg\\\/abstecher-zu-olivier-bernstein-ins-burgund\\\/\",\"url\":\"https:\\\/\\\/www.martel.ch\\\/cms\\\/weinwissen\\\/weinmagazin\\\/unterwegs-im-rebberg\\\/abstecher-zu-olivier-bernstein-ins-burgund\\\/\",\"name\":\"Abstecher zu Olivier Bernstein ins Burgund | Martel Weine St.Gallen und Z\u00fcrich\",\"isPartOf\":{\"@id\":\"https:\\\/\\\/www.martel.ch\\\/cms\\\/#website\"},\"primaryImageOfPage\":{\"@id\":\"https:\\\/\\\/www.martel.ch\\\/cms\\\/weinwissen\\\/weinmagazin\\\/unterwegs-im-rebberg\\\/abstecher-zu-olivier-bernstein-ins-burgund\\\/#primaryimage\"},\"image\":{\"@id\":\"https:\\\/\\\/www.martel.ch\\\/cms\\\/weinwissen\\\/weinmagazin\\\/unterwegs-im-rebberg\\\/abstecher-zu-olivier-bernstein-ins-burgund\\\/#primaryimage\"},\"thumbnailUrl\":\"https:\\\/\\\/www.martel.ch\\\/cms\\\/wp-content\\\/uploads\\\/2019\\\/05\\\/martel-unterwegs-burgund-olivier-bernstein-rebberg.jpg\",\"datePublished\":\"2019-05-21T11:37:34+00:00\",\"dateModified\":\"2022-08-09T09:48:38+00:00\",\"description\":\"Degustation der 2018er von Olivier Bernstein: Die Weine zeigen eine wunderbare Frische. Elegant und fast t\u00e4nzerisch.\",\"breadcrumb\":{\"@id\":\"https:\\\/\\\/www.martel.ch\\\/cms\\\/weinwissen\\\/weinmagazin\\\/unterwegs-im-rebberg\\\/abstecher-zu-olivier-bernstein-ins-burgund\\\/#breadcrumb\"},\"inLanguage\":\"de-CH\",\"potentialAction\":[{\"@type\":\"ReadAction\",\"target\":[\"https:\\\/\\\/www.martel.ch\\\/cms\\\/weinwissen\\\/weinmagazin\\\/unterwegs-im-rebberg\\\/abstecher-zu-olivier-bernstein-ins-burgund\\\/\"]}]},{\"@type\":\"ImageObject\",\"inLanguage\":\"de-CH\",\"@id\":\"https:\\\/\\\/www.martel.ch\\\/cms\\\/weinwissen\\\/weinmagazin\\\/unterwegs-im-rebberg\\\/abstecher-zu-olivier-bernstein-ins-burgund\\\/#primaryimage\",\"url\":\"https:\\\/\\\/www.martel.ch\\\/cms\\\/wp-content\\\/uploads\\\/2019\\\/05\\\/martel-unterwegs-burgund-olivier-bernstein-rebberg.jpg\",\"contentUrl\":\"https:\\\/\\\/www.martel.ch\\\/cms\\\/wp-content\\\/uploads\\\/2019\\\/05\\\/martel-unterwegs-burgund-olivier-bernstein-rebberg.jpg\",\"width\":728,\"height\":485,\"caption\":\"Olivier Bernstein Burgund Bonne MaresRebberg\"},{\"@type\":\"BreadcrumbList\",\"@id\":\"https:\\\/\\\/www.martel.ch\\\/cms\\\/weinwissen\\\/weinmagazin\\\/unterwegs-im-rebberg\\\/abstecher-zu-olivier-bernstein-ins-burgund\\\/#breadcrumb\",\"itemListElement\":[{\"@type\":\"ListItem\",\"position\":1,\"name\":\"Startseite\",\"item\":\"https:\\\/\\\/www.martel.ch\\\/cms\\\/\"},{\"@type\":\"ListItem\",\"position\":2,\"name\":\"Abstecher zu Olivier Bernstein ins Burgund\"}]},{\"@type\":\"WebSite\",\"@id\":\"https:\\\/\\\/www.martel.ch\\\/cms\\\/#website\",\"url\":\"https:\\\/\\\/www.martel.ch\\\/cms\\\/\",\"name\":\"Martel\",\"description\":\"F\u00fcr Weinbegeisterte und die, die es werden m\u00f6chten.\",\"publisher\":{\"@id\":\"https:\\\/\\\/www.martel.ch\\\/cms\\\/#organization\"},\"potentialAction\":[{\"@type\":\"SearchAction\",\"target\":{\"@type\":\"EntryPoint\",\"urlTemplate\":\"https:\\\/\\\/www.martel.ch\\\/cms\\\/?s={search_term_string}\"},\"query-input\":{\"@type\":\"PropertyValueSpecification\",\"valueRequired\":true,\"valueName\":\"search_term_string\"}}],\"inLanguage\":\"de-CH\"},{\"@type\":\"Organization\",\"@id\":\"https:\\\/\\\/www.martel.ch\\\/cms\\\/#organization\",\"name\":\"Martel AG St.Gallen\",\"url\":\"https:\\\/\\\/www.martel.ch\\\/cms\\\/\",\"logo\":{\"@type\":\"ImageObject\",\"inLanguage\":\"de-CH\",\"@id\":\"https:\\\/\\\/www.martel.ch\\\/cms\\\/#\\\/schema\\\/logo\\\/image\\\/\",\"url\":\"https:\\\/\\\/www.martel.ch\\\/cms\\\/wp-content\\\/uploads\\\/2019\\\/02\\\/martel-logo.png\",\"contentUrl\":\"https:\\\/\\\/www.martel.ch\\\/cms\\\/wp-content\\\/uploads\\\/2019\\\/02\\\/martel-logo.png\",\"width\":600,\"height\":600,\"caption\":\"Martel AG St.Gallen\"},\"image\":{\"@id\":\"https:\\\/\\\/www.martel.ch\\\/cms\\\/#\\\/schema\\\/logo\\\/image\\\/\"},\"sameAs\":[\"https:\\\/\\\/www.facebook.com\\\/pages\\\/Martel-AG-St-Gallen\\\/233396026691876\",\"https:\\\/\\\/x.com\\\/martel_weinwelt\",\"https:\\\/\\\/www.instagram.com\\\/martel_weinwelt\\\/\",\"https:\\\/\\\/www.linkedin.com\\\/company\\\/martel-ag-st-gallen\",\"https:\\\/\\\/www.pinterest.ch\\\/martel_weinwelt\"]},{\"@type\":\"Person\",\"@id\":\"https:\\\/\\\/www.martel.ch\\\/cms\\\/#\\\/schema\\\/person\\\/cbc16648d3984d50ff005b14cb054d60\",\"name\":\"Jan Martel\",\"image\":{\"@type\":\"ImageObject\",\"inLanguage\":\"de-CH\",\"@id\":\"https:\\\/\\\/secure.gravatar.com\\\/avatar\\\/e2f99006a9b0efa84a6ef8cebcd2f0c39d821e1290b05ce9d016d9b673ccf7e6?s=96&d=mm&r=g9660bfd36a10ceb04b5ee7394896f0ae\",\"url\":\"https:\\\/\\\/secure.gravatar.com\\\/avatar\\\/e2f99006a9b0efa84a6ef8cebcd2f0c39d821e1290b05ce9d016d9b673ccf7e6?s=96&d=mm&r=g\",\"contentUrl\":\"https:\\\/\\\/secure.gravatar.com\\\/avatar\\\/e2f99006a9b0efa84a6ef8cebcd2f0c39d821e1290b05ce9d016d9b673ccf7e6?s=96&d=mm&r=g\",\"caption\":\"Jan Martel\"}}]}<\/script>\n<!-- \/ Yoast SEO plugin. -->","yoast_head_json":{"title":"Abstecher zu Olivier Bernstein ins Burgund | Martel Weine St.Gallen und Z\u00fcrich","description":"Degustation der 2018er von Olivier Bernstein: Die Weine zeigen eine wunderbare Frische. Elegant und fast t\u00e4nzerisch.","robots":{"index":"index","follow":"follow","max-snippet":"max-snippet:-1","max-image-preview":"max-image-preview:large","max-video-preview":"max-video-preview:-1"},"canonical":"https:\/\/www.martel.ch\/cms\/weinwissen\/weinmagazin\/unterwegs-im-rebberg\/abstecher-zu-olivier-bernstein-ins-burgund\/","og_locale":"de_DE","og_type":"article","og_title":"Abstecher zu Olivier Bernstein ins Burgund | Martel Weine St.Gallen und Z\u00fcrich","og_description":"Degustation der 2018er von Olivier Bernstein: Die Weine zeigen eine wunderbare Frische. Elegant und fast t\u00e4nzerisch.","og_url":"https:\/\/www.martel.ch\/cms\/weinwissen\/weinmagazin\/unterwegs-im-rebberg\/abstecher-zu-olivier-bernstein-ins-burgund\/","og_site_name":"Martel","article_publisher":"https:\/\/www.facebook.com\/pages\/Martel-AG-St-Gallen\/233396026691876","article_published_time":"2019-05-21T11:37:34+00:00","article_modified_time":"2022-08-09T09:48:38+00:00","og_image":[{"width":728,"height":485,"url":"https:\/\/www.martel.ch\/cms\/wp-content\/uploads\/2019\/05\/martel-unterwegs-burgund-olivier-bernstein-rebberg.jpg","type":"image\/jpeg"}],"author":"Jan Martel","twitter_card":"summary_large_image","twitter_creator":"@martel_weinwelt","twitter_site":"@martel_weinwelt","twitter_misc":{"Geschrieben von":"Jan Martel","Gesch\u00e4tzte Lesezeit":"3\u00a0Minuten","Written by":"Jan Martel"},"schema":{"@context":"https:\/\/schema.org","@graph":[{"@type":"Article","@id":"https:\/\/www.martel.ch\/cms\/weinwissen\/weinmagazin\/unterwegs-im-rebberg\/abstecher-zu-olivier-bernstein-ins-burgund\/#article","isPartOf":{"@id":"https:\/\/www.martel.ch\/cms\/weinwissen\/weinmagazin\/unterwegs-im-rebberg\/abstecher-zu-olivier-bernstein-ins-burgund\/"},"author":{"name":"Jan Martel","@id":"https:\/\/www.martel.ch\/cms\/#\/schema\/person\/cbc16648d3984d50ff005b14cb054d60"},"headline":"Abstecher zu Olivier Bernstein ins Burgund","datePublished":"2019-05-21T11:37:34+00:00","dateModified":"2022-08-09T09:48:38+00:00","mainEntityOfPage":{"@id":"https:\/\/www.martel.ch\/cms\/weinwissen\/weinmagazin\/unterwegs-im-rebberg\/abstecher-zu-olivier-bernstein-ins-burgund\/"},"wordCount":233,"publisher":{"@id":"https:\/\/www.martel.ch\/cms\/#organization"},"image":{"@id":"https:\/\/www.martel.ch\/cms\/weinwissen\/weinmagazin\/unterwegs-im-rebberg\/abstecher-zu-olivier-bernstein-ins-burgund\/#primaryimage"},"thumbnailUrl":"https:\/\/www.martel.ch\/cms\/wp-content\/uploads\/2019\/05\/martel-unterwegs-burgund-olivier-bernstein-rebberg.jpg","articleSection":["Alle","Unterwegs im Rebberg"],"inLanguage":"de-CH"},{"@type":"WebPage","@id":"https:\/\/www.martel.ch\/cms\/weinwissen\/weinmagazin\/unterwegs-im-rebberg\/abstecher-zu-olivier-bernstein-ins-burgund\/","url":"https:\/\/www.martel.ch\/cms\/weinwissen\/weinmagazin\/unterwegs-im-rebberg\/abstecher-zu-olivier-bernstein-ins-burgund\/","name":"Abstecher zu Olivier Bernstein ins Burgund | Martel Weine St.Gallen und Z\u00fcrich","isPartOf":{"@id":"https:\/\/www.martel.ch\/cms\/#website"},"primaryImageOfPage":{"@id":"https:\/\/www.martel.ch\/cms\/weinwissen\/weinmagazin\/unterwegs-im-rebberg\/abstecher-zu-olivier-bernstein-ins-burgund\/#primaryimage"},"image":{"@id":"https:\/\/www.martel.ch\/cms\/weinwissen\/weinmagazin\/unterwegs-im-rebberg\/abstecher-zu-olivier-bernstein-ins-burgund\/#primaryimage"},"thumbnailUrl":"https:\/\/www.martel.ch\/cms\/wp-content\/uploads\/2019\/05\/martel-unterwegs-burgund-olivier-bernstein-rebberg.jpg","datePublished":"2019-05-21T11:37:34+00:00","dateModified":"2022-08-09T09:48:38+00:00","description":"Degustation der 2018er von Olivier Bernstein: Die Weine zeigen eine wunderbare Frische. Elegant und fast t\u00e4nzerisch.","breadcrumb":{"@id":"https:\/\/www.martel.ch\/cms\/weinwissen\/weinmagazin\/unterwegs-im-rebberg\/abstecher-zu-olivier-bernstein-ins-burgund\/#breadcrumb"},"inLanguage":"de-CH","potentialAction":[{"@type":"ReadAction","target":["https:\/\/www.martel.ch\/cms\/weinwissen\/weinmagazin\/unterwegs-im-rebberg\/abstecher-zu-olivier-bernstein-ins-burgund\/"]}]},{"@type":"ImageObject","inLanguage":"de-CH","@id":"https:\/\/www.martel.ch\/cms\/weinwissen\/weinmagazin\/unterwegs-im-rebberg\/abstecher-zu-olivier-bernstein-ins-burgund\/#primaryimage","url":"https:\/\/www.martel.ch\/cms\/wp-content\/uploads\/2019\/05\/martel-unterwegs-burgund-olivier-bernstein-rebberg.jpg","contentUrl":"https:\/\/www.martel.ch\/cms\/wp-content\/uploads\/2019\/05\/martel-unterwegs-burgund-olivier-bernstein-rebberg.jpg","width":728,"height":485,"caption":"Olivier Bernstein Burgund Bonne MaresRebberg"},{"@type":"BreadcrumbList","@id":"https:\/\/www.martel.ch\/cms\/weinwissen\/weinmagazin\/unterwegs-im-rebberg\/abstecher-zu-olivier-bernstein-ins-burgund\/#breadcrumb","itemListElement":[{"@type":"ListItem","position":1,"name":"Startseite","item":"https:\/\/www.martel.ch\/cms\/"},{"@type":"ListItem","position":2,"name":"Abstecher zu Olivier Bernstein ins Burgund"}]},{"@type":"WebSite","@id":"https:\/\/www.martel.ch\/cms\/#website","url":"https:\/\/www.martel.ch\/cms\/","name":"Martel","description":"F\u00fcr Weinbegeisterte und die, die es werden m\u00f6chten.","publisher":{"@id":"https:\/\/www.martel.ch\/cms\/#organization"},"potentialAction":[{"@type":"SearchAction","target":{"@type":"EntryPoint","urlTemplate":"https:\/\/www.martel.ch\/cms\/?s={search_term_string}"},"query-input":{"@type":"PropertyValueSpecification","valueRequired":true,"valueName":"search_term_string"}}],"inLanguage":"de-CH"},{"@type":"Organization","@id":"https:\/\/www.martel.ch\/cms\/#organization","name":"Martel AG St.Gallen","url":"https:\/\/www.martel.ch\/cms\/","logo":{"@type":"ImageObject","inLanguage":"de-CH","@id":"https:\/\/www.martel.ch\/cms\/#\/schema\/logo\/image\/","url":"https:\/\/www.martel.ch\/cms\/wp-content\/uploads\/2019\/02\/martel-logo.png","contentUrl":"https:\/\/www.martel.ch\/cms\/wp-content\/uploads\/2019\/02\/martel-logo.png","width":600,"height":600,"caption":"Martel AG St.Gallen"},"image":{"@id":"https:\/\/www.martel.ch\/cms\/#\/schema\/logo\/image\/"},"sameAs":["https:\/\/www.facebook.com\/pages\/Martel-AG-St-Gallen\/233396026691876","https:\/\/x.com\/martel_weinwelt","https:\/\/www.instagram.com\/martel_weinwelt\/","https:\/\/www.linkedin.com\/company\/martel-ag-st-gallen","https:\/\/www.pinterest.ch\/martel_weinwelt"]},{"@type":"Person","@id":"https:\/\/www.martel.ch\/cms\/#\/schema\/person\/cbc16648d3984d50ff005b14cb054d60","name":"Jan Martel","image":{"@type":"ImageObject","inLanguage":"de-CH","@id":"https:\/\/secure.gravatar.com\/avatar\/e2f99006a9b0efa84a6ef8cebcd2f0c39d821e1290b05ce9d016d9b673ccf7e6?s=96&d=mm&r=g9660bfd36a10ceb04b5ee7394896f0ae","url":"https:\/\/secure.gravatar.com\/avatar\/e2f99006a9b0efa84a6ef8cebcd2f0c39d821e1290b05ce9d016d9b673ccf7e6?s=96&d=mm&r=g","contentUrl":"https:\/\/secure.gravatar.com\/avatar\/e2f99006a9b0efa84a6ef8cebcd2f0c39d821e1290b05ce9d016d9b673ccf7e6?s=96&d=mm&r=g","caption":"Jan Martel"}}]}},"_links":{"self":[{"href":"https:\/\/www.martel.ch\/cms\/wp-json\/wp\/v2\/posts\/840","targetHints":{"allow":["GET"]}}],"collection":[{"href":"https:\/\/www.martel.ch\/cms\/wp-json\/wp\/v2\/posts"}],"about":[{"href":"https:\/\/www.martel.ch\/cms\/wp-json\/wp\/v2\/types\/post"}],"author":[{"embeddable":true,"href":"https:\/\/www.martel.ch\/cms\/wp-json\/wp\/v2\/users\/15"}],"replies":[{"embeddable":true,"href":"https:\/\/www.martel.ch\/cms\/wp-json\/wp\/v2\/comments?post=840"}],"version-history":[{"count":4,"href":"https:\/\/www.martel.ch\/cms\/wp-json\/wp\/v2\/posts\/840\/revisions"}],"predecessor-version":[{"id":14589,"href":"https:\/\/www.martel.ch\/cms\/wp-json\/wp\/v2\/posts\/840\/revisions\/14589"}],"wp:featuredmedia":[{"embeddable":true,"href":"https:\/\/www.martel.ch\/cms\/wp-json\/wp\/v2\/media\/844"}],"wp:attachment":[{"href":"https:\/\/www.martel.ch\/cms\/wp-json\/wp\/v2\/media?parent=840"}],"wp:term":[{"taxonomy":"category","embeddable":true,"href":"https:\/\/www.martel.ch\/cms\/wp-json\/wp\/v2\/categories?post=840"},{"taxonomy":"post_tag","embeddable":true,"href":"https:\/\/www.martel.ch\/cms\/wp-json\/wp\/v2\/tags?post=840"},{"taxonomy":"author","embeddable":true,"href":"https:\/\/www.martel.ch\/cms\/wp-json\/wp\/v2\/coauthors?post=840"}],"curies":[{"name":"wp","href":"https:\/\/api.w.org\/{rel}","templated":true}]}}